{"id":20967,"date":"2026-04-28T08:07:08","date_gmt":"2026-04-28T11:07:08","guid":{"rendered":"https:\/\/fmgente.com.ar\/web\/ultimos-dias-asi-podes-cobrar-35-000-por-las-becas-progresar-de-anses-en-2026\/"},"modified":"2026-04-28T08:07:08","modified_gmt":"2026-04-28T11:07:08","slug":"ultimos-dias-asi-podes-cobrar-35-000-por-las-becas-progresar-de-anses-en-2026","status":"publish","type":"post","link":"https:\/\/fmgente.com.ar\/web\/ultimos-dias-asi-podes-cobrar-35-000-por-las-becas-progresar-de-anses-en-2026\/","title":{"rendered":"\u00daltimos d\u00edas: as\u00ed pod\u00e9s cobrar $35.000 por las Becas Progresar de ANSES en 2026"},"content":{"rendered":"<p>La Secretar\u00eda de Educaci\u00f3n ratific\u00f3 que contin\u00faa habilitado el proceso de inscripci\u00f3n para las Becas Progresar Superior 2026 de la Administraci\u00f3n Nacional de la Seguridad Social (ANSES), una de las principales herramientas de apoyo financiero destinada a estudiantes terciarios y universitarios en todo el pa\u00eds.<\/p>\n<p>Los interesados podr\u00e1n anotarse hasta el 30 de abril, por lo que todav\u00eda son muchos los j\u00f3venes que est\u00e1n a tiempo de acceder a este beneficio mensual, pensado para acompa\u00f1ar la continuidad educativa y aliviar los gastos que implica sostener una carrera.<\/p>\n<p>C\u00d3MO COBRAR LAS BECAS PROGRESAR DE ANSES EN 2026<\/p>\n<p>Las Becas Progresar Superior 2026 est\u00e1n destinadas a quienes cursan estudios en universidades nacionales, provinciales o en institutos superiores p\u00fablicos. Para acceder al beneficio, es indispensable que la carrera elegida cuente con validez oficial, ya que ese es uno de los requisitos centrales para ingresar al programa.<\/p>\n<p>Adem\u00e1s de brindar una ayuda econ\u00f3mica mensual, este plan impulsado por la Secretar\u00eda de Educaci\u00f3n establece ciertas exigencias acad\u00e9micas orientadas a favorecer la continuidad educativa y el progreso regular de los estudiantes dentro de sus carreras.<\/p>\n<p>La inscripci\u00f3n se realiza de manera completamente digital mediante la plataforma oficial, utilizando una cuenta de Mi Argentina. Este sistema facilita el tr\u00e1mite, aunque exige que la informaci\u00f3n personal y acad\u00e9mica est\u00e9 correctamente actualizada para evitar inconvenientes durante la solicitud.<\/p>\n<p>Desde la Secretar\u00eda de Educaci\u00f3n recordaron que el plazo para anotarse permanecer\u00e1 vigente hasta el 30 de abril de 2026. Una vez vencida esa fecha, no habr\u00e1 posibilidad de sumarse hasta una nueva convocatoria, por lo que completar el tr\u00e1mite dentro del per\u00edodo establecido resulta fundamental.<\/p>\n<p>Este detalle es especialmente importante porque cada a\u00f1o numerosos estudiantes quedan fuera del programa por no finalizar la inscripci\u00f3n dentro del tiempo previsto.<\/p>\n<p>REQUISITOS PARA ACCEDER A LAS BECAS PROGRESAR<\/p>\n<p>Para obtener las becas, ANSES y el Ministerio de Capital Humano establecen una serie de requisitos obligatorios seg\u00fan la normativa vigente. Entre las condiciones principales se encuentran:<\/p>\n<p> * Ser argentino nativo, naturalizado o extranjero con al menos cinco a\u00f1os de residencia legal en el pa\u00eds<br \/>\n * Tener entre 17 y 25 a\u00f1os al momento de ingresar<br \/>\n * En estudiantes avanzados, el l\u00edmite se ampl\u00eda hasta los 30 a\u00f1os<br \/>\n * Los grupos prioritarios no tienen tope etario<br \/>\n * No superar ingresos familiares equivalentes a tres salarios m\u00ednimos, es decir, $1.073.400<br \/>\n * Haber terminado el nivel secundario sin materias pendientes<br \/>\n * Estar anotado en una carrera universitaria, terciaria, tecnicatura o profesorado<br \/>\n * Mantener regularidad acad\u00e9mica durante la cursada<\/p>\n<p>Estas condiciones funcionan como una primera instancia de evaluaci\u00f3n, pero tambi\u00e9n como criterios necesarios para conservar el beneficio a lo largo del tiempo.<\/p>\n<p>CU\u00c1NTO PAGA LA BECA PROGRESAR SUPERIOR DE ANSES<\/p>\n<p>En cuanto al monto, las Becas Progresar Superior 2026 otorgan una suma mensual de $35.000, con un esquema de pago distribuido en hasta doce cuotas anuales.<\/p>\n<p>Sin embargo, el cobro no siempre se acredita en su totalidad desde el inicio, ya que existe un sistema vinculado al desempe\u00f1o acad\u00e9mico del estudiante.<\/p>\n<p>En el caso de quienes reci\u00e9n ingresan al programa, ANSES retiene el 20% de cada cuota mensual, monto que luego se libera cuando se acredita la regularidad y el avance acad\u00e9mico correspondiente.<\/p>\n<p>Los estudiantes avanzados, en cambio, perciben el 100% del monto desde el comienzo, sin retenciones mensuales.<\/p>\n<p>Adem\u00e1s, de las doce cuotas previstas, cuatro quedan sujetas al cumplimiento de las condiciones acad\u00e9micas exigidas al finalizar el ciclo lectivo.<\/p>\n<p>Esto significa que recibir la totalidad del beneficio no depende \u00fanicamente de completar la inscripci\u00f3n, sino tambi\u00e9n de sostener un buen desempe\u00f1o durante el a\u00f1o acad\u00e9mico.<\/p>\n","protected":false},"excerpt":{"rendered":"<p>La Secretar\u00eda de Educaci\u00f3n ratific\u00f3 que contin\u00faa habilitado el proceso de inscripci\u00f3n para las Becas<\/p>\n","protected":false},"author":0,"featured_media":20968,"comment_status":"","ping_status":"","sticky":false,"template":"","format":"standard","meta":{"footnotes":""},"categories":[11],"tags":[],"class_list":["post-20967","post","type-post","status-publish","format-standard","has-post-thumbnail","hentry","category-destacadas"],"yoast_head":"<!-- This site is optimized with the Yoast SEO plugin v27.4 - https:\/\/yoast.com\/product\/yoast-seo-wordpress\/ -->\n<title>\u00daltimos d\u00edas: as\u00ed pod\u00e9s cobrar $35.000 por las Becas Progresar de ANSES en 2026 - Fm Gente<\/title>\n<meta name=\"robots\" content=\"index, follow, max-snippet:-1, max-image-preview:large, max-video-preview:-1\" \/>\n<link rel=\"canonical\" href=\"https:\/\/fmgente.com.ar\/web\/ultimos-dias-asi-podes-cobrar-35-000-por-las-becas-progresar-de-anses-en-2026\/\" \/>\n<meta property=\"og:locale\" content=\"es_ES\" \/>\n<meta property=\"og:type\" content=\"article\" \/>\n<meta property=\"og:title\" content=\"\u00daltimos d\u00edas: as\u00ed pod\u00e9s cobrar $35.000 por las Becas Progresar de ANSES en 2026 - Fm Gente\" \/>\n<meta property=\"og:description\" content=\"La Secretar\u00eda de Educaci\u00f3n ratific\u00f3 que contin\u00faa habilitado el proceso de inscripci\u00f3n para las Becas\" \/>\n<meta property=\"og:url\" content=\"https:\/\/fmgente.com.ar\/web\/ultimos-dias-asi-podes-cobrar-35-000-por-las-becas-progresar-de-anses-en-2026\/\" \/>\n<meta property=\"og:site_name\" content=\"Fm Gente\" \/>\n<meta property=\"article:published_time\" content=\"2026-04-28T11:07:08+00:00\" \/>\n<meta name=\"twitter:card\" content=\"summary_large_image\" \/>\n<meta name=\"twitter:label1\" content=\"Tiempo de lectura\" \/>\n\t<meta name=\"twitter:data1\" content=\"3 minutos\" \/>\n<script type=\"application\/ld+json\" class=\"yoast-schema-graph\">{\"@context\":\"https:\\\/\\\/schema.org\",\"@graph\":[{\"@type\":\"Article\",\"@id\":\"https:\\\/\\\/fmgente.com.ar\\\/web\\\/ultimos-dias-asi-podes-cobrar-35-000-por-las-becas-progresar-de-anses-en-2026\\\/#article\",\"isPartOf\":{\"@id\":\"https:\\\/\\\/fmgente.com.ar\\\/web\\\/ultimos-dias-asi-podes-cobrar-35-000-por-las-becas-progresar-de-anses-en-2026\\\/\"},\"author\":{\"name\":\"\",\"@id\":\"\"},\"headline\":\"\u00daltimos d\u00edas: as\u00ed pod\u00e9s cobrar $35.000 por las Becas Progresar de ANSES en 2026\",\"datePublished\":\"2026-04-28T11:07:08+00:00\",\"mainEntityOfPage\":{\"@id\":\"https:\\\/\\\/fmgente.com.ar\\\/web\\\/ultimos-dias-asi-podes-cobrar-35-000-por-las-becas-progresar-de-anses-en-2026\\\/\"},\"wordCount\":632,\"publisher\":{\"@id\":\"https:\\\/\\\/fmgente.com.ar\\\/web\\\/#organization\"},\"image\":{\"@id\":\"https:\\\/\\\/fmgente.com.ar\\\/web\\\/ultimos-dias-asi-podes-cobrar-35-000-por-las-becas-progresar-de-anses-en-2026\\\/#primaryimage\"},\"thumbnailUrl\":\"https:\\\/\\\/fmgente.com.ar\\\/web\\\/wp-content\\\/uploads\\\/2026\\\/04\\\/720-1384.jpeg\",\"articleSection\":[\"DESTACADAS\"],\"inLanguage\":\"es\"},{\"@type\":\"WebPage\",\"@id\":\"https:\\\/\\\/fmgente.com.ar\\\/web\\\/ultimos-dias-asi-podes-cobrar-35-000-por-las-becas-progresar-de-anses-en-2026\\\/\",\"url\":\"https:\\\/\\\/fmgente.com.ar\\\/web\\\/ultimos-dias-asi-podes-cobrar-35-000-por-las-becas-progresar-de-anses-en-2026\\\/\",\"name\":\"\u00daltimos d\u00edas: as\u00ed pod\u00e9s cobrar $35.000 por las Becas Progresar de ANSES en 2026 - Fm Gente\",\"isPartOf\":{\"@id\":\"https:\\\/\\\/fmgente.com.ar\\\/web\\\/#website\"},\"primaryImageOfPage\":{\"@id\":\"https:\\\/\\\/fmgente.com.ar\\\/web\\\/ultimos-dias-asi-podes-cobrar-35-000-por-las-becas-progresar-de-anses-en-2026\\\/#primaryimage\"},\"image\":{\"@id\":\"https:\\\/\\\/fmgente.com.ar\\\/web\\\/ultimos-dias-asi-podes-cobrar-35-000-por-las-becas-progresar-de-anses-en-2026\\\/#primaryimage\"},\"thumbnailUrl\":\"https:\\\/\\\/fmgente.com.ar\\\/web\\\/wp-content\\\/uploads\\\/2026\\\/04\\\/720-1384.jpeg\",\"datePublished\":\"2026-04-28T11:07:08+00:00\",\"inLanguage\":\"es\",\"potentialAction\":[{\"@type\":\"ReadAction\",\"target\":[\"https:\\\/\\\/fmgente.com.ar\\\/web\\\/ultimos-dias-asi-podes-cobrar-35-000-por-las-becas-progresar-de-anses-en-2026\\\/\"]}]},{\"@type\":\"ImageObject\",\"inLanguage\":\"es\",\"@id\":\"https:\\\/\\\/fmgente.com.ar\\\/web\\\/ultimos-dias-asi-podes-cobrar-35-000-por-las-becas-progresar-de-anses-en-2026\\\/#primaryimage\",\"url\":\"https:\\\/\\\/fmgente.com.ar\\\/web\\\/wp-content\\\/uploads\\\/2026\\\/04\\\/720-1384.jpeg\",\"contentUrl\":\"https:\\\/\\\/fmgente.com.ar\\\/web\\\/wp-content\\\/uploads\\\/2026\\\/04\\\/720-1384.jpeg\",\"width\":1280,\"height\":717},{\"@type\":\"WebSite\",\"@id\":\"https:\\\/\\\/fmgente.com.ar\\\/web\\\/#website\",\"url\":\"https:\\\/\\\/fmgente.com.ar\\\/web\\\/\",\"name\":\"Fm Gente\",\"description\":\"- Jes\u00fas Mar\u00eda\",\"publisher\":{\"@id\":\"https:\\\/\\\/fmgente.com.ar\\\/web\\\/#organization\"},\"potentialAction\":[{\"@type\":\"SearchAction\",\"target\":{\"@type\":\"EntryPoint\",\"urlTemplate\":\"https:\\\/\\\/fmgente.com.ar\\\/web\\\/?s={search_term_string}\"},\"query-input\":{\"@type\":\"PropertyValueSpecification\",\"valueRequired\":true,\"valueName\":\"search_term_string\"}}],\"inLanguage\":\"es\"},{\"@type\":\"Organization\",\"@id\":\"https:\\\/\\\/fmgente.com.ar\\\/web\\\/#organization\",\"name\":\"Fm Gente\",\"url\":\"https:\\\/\\\/fmgente.com.ar\\\/web\\\/\",\"logo\":{\"@type\":\"ImageObject\",\"inLanguage\":\"es\",\"@id\":\"https:\\\/\\\/fmgente.com.ar\\\/web\\\/#\\\/schema\\\/logo\\\/image\\\/\",\"url\":\"https:\\\/\\\/fmgente.com.ar\\\/web\\\/wp-content\\\/uploads\\\/2023\\\/07\\\/cropped-cropped-logo-sombra2.png\",\"contentUrl\":\"https:\\\/\\\/fmgente.com.ar\\\/web\\\/wp-content\\\/uploads\\\/2023\\\/07\\\/cropped-cropped-logo-sombra2.png\",\"width\":1782,\"height\":1782,\"caption\":\"Fm Gente\"},\"image\":{\"@id\":\"https:\\\/\\\/fmgente.com.ar\\\/web\\\/#\\\/schema\\\/logo\\\/image\\\/\"}}]}<\/script>\n<!-- \/ Yoast SEO plugin. -->","yoast_head_json":{"title":"\u00daltimos d\u00edas: as\u00ed pod\u00e9s cobrar $35.000 por las Becas Progresar de ANSES en 2026 - Fm Gente","robots":{"index":"index","follow":"follow","max-snippet":"max-snippet:-1","max-image-preview":"max-image-preview:large","max-video-preview":"max-video-preview:-1"},"canonical":"https:\/\/fmgente.com.ar\/web\/ultimos-dias-asi-podes-cobrar-35-000-por-las-becas-progresar-de-anses-en-2026\/","og_locale":"es_ES","og_type":"article","og_title":"\u00daltimos d\u00edas: as\u00ed pod\u00e9s cobrar $35.000 por las Becas Progresar de ANSES en 2026 - Fm Gente","og_description":"La Secretar\u00eda de Educaci\u00f3n ratific\u00f3 que contin\u00faa habilitado el proceso de inscripci\u00f3n para las Becas","og_url":"https:\/\/fmgente.com.ar\/web\/ultimos-dias-asi-podes-cobrar-35-000-por-las-becas-progresar-de-anses-en-2026\/","og_site_name":"Fm Gente","article_published_time":"2026-04-28T11:07:08+00:00","twitter_card":"summary_large_image","twitter_misc":{"Tiempo de lectura":"3 minutos"},"schema":{"@context":"https:\/\/schema.org","@graph":[{"@type":"Article","@id":"https:\/\/fmgente.com.ar\/web\/ultimos-dias-asi-podes-cobrar-35-000-por-las-becas-progresar-de-anses-en-2026\/#article","isPartOf":{"@id":"https:\/\/fmgente.com.ar\/web\/ultimos-dias-asi-podes-cobrar-35-000-por-las-becas-progresar-de-anses-en-2026\/"},"author":{"name":"","@id":""},"headline":"\u00daltimos d\u00edas: as\u00ed pod\u00e9s cobrar $35.000 por las Becas Progresar de ANSES en 2026","datePublished":"2026-04-28T11:07:08+00:00","mainEntityOfPage":{"@id":"https:\/\/fmgente.com.ar\/web\/ultimos-dias-asi-podes-cobrar-35-000-por-las-becas-progresar-de-anses-en-2026\/"},"wordCount":632,"publisher":{"@id":"https:\/\/fmgente.com.ar\/web\/#organization"},"image":{"@id":"https:\/\/fmgente.com.ar\/web\/ultimos-dias-asi-podes-cobrar-35-000-por-las-becas-progresar-de-anses-en-2026\/#primaryimage"},"thumbnailUrl":"https:\/\/fmgente.com.ar\/web\/wp-content\/uploads\/2026\/04\/720-1384.jpeg","articleSection":["DESTACADAS"],"inLanguage":"es"},{"@type":"WebPage","@id":"https:\/\/fmgente.com.ar\/web\/ultimos-dias-asi-podes-cobrar-35-000-por-las-becas-progresar-de-anses-en-2026\/","url":"https:\/\/fmgente.com.ar\/web\/ultimos-dias-asi-podes-cobrar-35-000-por-las-becas-progresar-de-anses-en-2026\/","name":"\u00daltimos d\u00edas: as\u00ed pod\u00e9s cobrar $35.000 por las Becas Progresar de ANSES en 2026 - Fm Gente","isPartOf":{"@id":"https:\/\/fmgente.com.ar\/web\/#website"},"primaryImageOfPage":{"@id":"https:\/\/fmgente.com.ar\/web\/ultimos-dias-asi-podes-cobrar-35-000-por-las-becas-progresar-de-anses-en-2026\/#primaryimage"},"image":{"@id":"https:\/\/fmgente.com.ar\/web\/ultimos-dias-asi-podes-cobrar-35-000-por-las-becas-progresar-de-anses-en-2026\/#primaryimage"},"thumbnailUrl":"https:\/\/fmgente.com.ar\/web\/wp-content\/uploads\/2026\/04\/720-1384.jpeg","datePublished":"2026-04-28T11:07:08+00:00","inLanguage":"es","potentialAction":[{"@type":"ReadAction","target":["https:\/\/fmgente.com.ar\/web\/ultimos-dias-asi-podes-cobrar-35-000-por-las-becas-progresar-de-anses-en-2026\/"]}]},{"@type":"ImageObject","inLanguage":"es","@id":"https:\/\/fmgente.com.ar\/web\/ultimos-dias-asi-podes-cobrar-35-000-por-las-becas-progresar-de-anses-en-2026\/#primaryimage","url":"https:\/\/fmgente.com.ar\/web\/wp-content\/uploads\/2026\/04\/720-1384.jpeg","contentUrl":"https:\/\/fmgente.com.ar\/web\/wp-content\/uploads\/2026\/04\/720-1384.jpeg","width":1280,"height":717},{"@type":"WebSite","@id":"https:\/\/fmgente.com.ar\/web\/#website","url":"https:\/\/fmgente.com.ar\/web\/","name":"Fm Gente","description":"- Jes\u00fas Mar\u00eda","publisher":{"@id":"https:\/\/fmgente.com.ar\/web\/#organization"},"potentialAction":[{"@type":"SearchAction","target":{"@type":"EntryPoint","urlTemplate":"https:\/\/fmgente.com.ar\/web\/?s={search_term_string}"},"query-input":{"@type":"PropertyValueSpecification","valueRequired":true,"valueName":"search_term_string"}}],"inLanguage":"es"},{"@type":"Organization","@id":"https:\/\/fmgente.com.ar\/web\/#organization","name":"Fm Gente","url":"https:\/\/fmgente.com.ar\/web\/","logo":{"@type":"ImageObject","inLanguage":"es","@id":"https:\/\/fmgente.com.ar\/web\/#\/schema\/logo\/image\/","url":"https:\/\/fmgente.com.ar\/web\/wp-content\/uploads\/2023\/07\/cropped-cropped-logo-sombra2.png","contentUrl":"https:\/\/fmgente.com.ar\/web\/wp-content\/uploads\/2023\/07\/cropped-cropped-logo-sombra2.png","width":1782,"height":1782,"caption":"Fm Gente"},"image":{"@id":"https:\/\/fmgente.com.ar\/web\/#\/schema\/logo\/image\/"}}]}},"_links":{"self":[{"href":"https:\/\/fmgente.com.ar\/web\/wp-json\/wp\/v2\/posts\/20967","targetHints":{"allow":["GET"]}}],"collection":[{"href":"https:\/\/fmgente.com.ar\/web\/wp-json\/wp\/v2\/posts"}],"about":[{"href":"https:\/\/fmgente.com.ar\/web\/wp-json\/wp\/v2\/types\/post"}],"replies":[{"embeddable":true,"href":"https:\/\/fmgente.com.ar\/web\/wp-json\/wp\/v2\/comments?post=20967"}],"version-history":[{"count":0,"href":"https:\/\/fmgente.com.ar\/web\/wp-json\/wp\/v2\/posts\/20967\/revisions"}],"wp:featuredmedia":[{"embeddable":true,"href":"https:\/\/fmgente.com.ar\/web\/wp-json\/wp\/v2\/media\/20968"}],"wp:attachment":[{"href":"https:\/\/fmgente.com.ar\/web\/wp-json\/wp\/v2\/media?parent=20967"}],"wp:term":[{"taxonomy":"category","embeddable":true,"href":"https:\/\/fmgente.com.ar\/web\/wp-json\/wp\/v2\/categories?post=20967"},{"taxonomy":"post_tag","embeddable":true,"href":"https:\/\/fmgente.com.ar\/web\/wp-json\/wp\/v2\/tags?post=20967"}],"curies":[{"name":"wp","href":"https:\/\/api.w.org\/{rel}","templated":true}]}}