{"id":20965,"date":"2026-04-28T08:07:06","date_gmt":"2026-04-28T11:07:06","guid":{"rendered":"https:\/\/fmgente.com.ar\/web\/un-premio-mas-asi-fue-el-reconocimiento-que-tuvo-carlos-alcaraz-como-mejor-tenista-del-mundo\/"},"modified":"2026-04-28T08:07:06","modified_gmt":"2026-04-28T11:07:06","slug":"un-premio-mas-asi-fue-el-reconocimiento-que-tuvo-carlos-alcaraz-como-mejor-tenista-del-mundo","status":"publish","type":"post","link":"https:\/\/fmgente.com.ar\/web\/un-premio-mas-asi-fue-el-reconocimiento-que-tuvo-carlos-alcaraz-como-mejor-tenista-del-mundo\/","title":{"rendered":"Un premio m\u00e1s: as\u00ed fue el reconocimiento que tuvo Carlos Alcaraz como mejor tenista del mundo"},"content":{"rendered":"<p>El mundo del tenis tuvo en Carlos Alcaraz a una de sus m\u00e1ximas figuras del a\u00f1o, y ese rendimiento fue reconocido este lunes en Madrid, donde fue distinguido como Deportista Masculino del A\u00f1o en los Laureus World Sports Awards.<\/p>\n<p>Con apenas 22 a\u00f1os, el espa\u00f1ol firm\u00f3 una extraordinaria temporada 2025 en el circuito ATP, en la que logr\u00f3 conquistar ocho t\u00edtulos, la cifra m\u00e1s alta del calendario, consolid\u00e1ndose como el jugador m\u00e1s destacado del a\u00f1o.<\/p>\n<p>CARLOS ALCARAZ FUE RECONOCIDO COMO DEPORTISTA DEL A\u00d1O EN LOS PREMIOS LAUREUS<\/p>\n<p>En el universo del tenis, Carlos Alcaraz celebr\u00f3 uno de los reconocimientos m\u00e1s importantes de su carrera al quedarse con el premio a Deportista Masculino del A\u00f1o en los Laureus World Sports Awards. Durante la ceremonia, el espa\u00f1ol record\u00f3 con emoci\u00f3n que tres a\u00f1os atr\u00e1s hab\u00eda recibido el galard\u00f3n a Revelaci\u00f3n del A\u00f1o en Par\u00eds, ocasi\u00f3n en la que conoci\u00f3 a uno de sus m\u00e1ximos referentes: Lionel Messi.<\/p>\n<p>Alcaraz confes\u00f3 que en aquel momento so\u00f1\u00f3 con integrar alg\u00fan d\u00eda la lista de grandes campeones distinguidos con ese premio, una n\u00f3mina que incluye a leyendas como Roger Federer, Novak Djokovic, Usain Bolt y Rafael Nadal. Para el murciano, alcanzar ese objetivo convierte este logro en un momento verdaderamente inolvidable.<\/p>\n<p>Tambi\u00e9n dedic\u00f3 palabras especiales a Jannik Sinner, a quien reconoci\u00f3 como un rival clave en su evoluci\u00f3n deportiva. Destac\u00f3 que la exigencia mutua que ambos se plantearon en cada enfrentamiento fue fundamental para alcanzar el alt\u00edsimo nivel que mostraron durante la temporada.<\/p>\n<p>Entre los candidatos al premio tambi\u00e9n figuraban Ousmane Demb\u00e9l\u00e9, el garrochista Mondo Duplantis, el piloto Marc M\u00e1rquez y el ciclista Tadej Poga\u010dar, lo que resalta a\u00fan m\u00e1s la magnitud del reconocimiento conseguido por el espa\u00f1ol.<\/p>\n<p>Con esta consagraci\u00f3n, Alcaraz pasa a integrar el selecto grupo del llamado \u201cBig Three\u201d, compuesto por Roger Federer, Rafael Nadal y Novak Djokovic, \u00fanicos tenistas que hab\u00edan logrado previamente este premio, reafirmando as\u00ed su lugar entre las grandes figuras del deporte mundial.<\/p>\n<p>No es la primera vez que los Laureus World Sports Awards reconocen a Alcaraz. En 2023 ya hab\u00eda sido distinguido como Revelaci\u00f3n del A\u00f1o tras una temporada hist\u00f3rica en la que, con apenas 19 a\u00f1os, se convirti\u00f3 en el jugador m\u00e1s joven en alcanzar el n\u00famero uno del ranking ATP.<\/p>\n<p>El 2025 del espa\u00f1ol fue sencillamente brillante. Cerr\u00f3 la temporada con un balance de 71 victorias y apenas 9 derrotas, adem\u00e1s de conquistar ocho t\u00edtulos, incluidos los Grand Slams de Roland Garros y el US Open.<\/p>\n<p>A esos t\u00edtulos sum\u00f3 coronas en los Masters 1000 de Masters de Montecarlo, Masters de Roma y Masters de Cincinnati, adem\u00e1s de trofeos ATP 500 en ATP de R\u00f3terdam, ATP de Londres y ATP de Tokio. Adem\u00e1s, en noviembre alcanz\u00f3 por primera vez la final de las Nitto ATP Finals, donde cay\u00f3 justamente ante Jannik Sinner, en otro cap\u00edtulo de la intensa rivalidad que protagonizaron durante toda la temporada.<\/p>\n<p>La gala en Madrid tambi\u00e9n tuvo presencia de otras figuras del circuito ATP. Entre ellas se destac\u00f3 Jo\u00e3o Fonseca, una de las grandes revelaciones de 2025, quien fue nominado al premio a Revelaci\u00f3n del A\u00f1o despu\u00e9s de protagonizar un mete\u00f3rico ascenso hasta ubicarse entre los mejores del ranking mundial.<\/p>\n","protected":false},"excerpt":{"rendered":"<p>El mundo del tenis tuvo en Carlos Alcaraz a una de sus m\u00e1ximas figuras del<\/p>\n","protected":false},"author":0,"featured_media":20966,"comment_status":"","ping_status":"","sticky":false,"template":"","format":"standard","meta":{"footnotes":""},"categories":[11],"tags":[],"class_list":["post-20965","post","type-post","status-publish","format-standard","has-post-thumbnail","hentry","category-destacadas"],"yoast_head":"<!-- This site is optimized with the Yoast SEO plugin v27.4 - https:\/\/yoast.com\/product\/yoast-seo-wordpress\/ -->\n<title>Un premio m\u00e1s: as\u00ed fue el reconocimiento que tuvo Carlos Alcaraz como mejor tenista del mundo - Fm Gente<\/title>\n<meta name=\"robots\" content=\"index, follow, max-snippet:-1, max-image-preview:large, max-video-preview:-1\" \/>\n<link rel=\"canonical\" href=\"https:\/\/fmgente.com.ar\/web\/un-premio-mas-asi-fue-el-reconocimiento-que-tuvo-carlos-alcaraz-como-mejor-tenista-del-mundo\/\" \/>\n<meta property=\"og:locale\" content=\"es_ES\" \/>\n<meta property=\"og:type\" content=\"article\" \/>\n<meta property=\"og:title\" content=\"Un premio m\u00e1s: as\u00ed fue el reconocimiento que tuvo Carlos Alcaraz como mejor tenista del mundo - Fm Gente\" \/>\n<meta property=\"og:description\" content=\"El mundo del tenis tuvo en Carlos Alcaraz a una de sus m\u00e1ximas figuras del\" \/>\n<meta property=\"og:url\" content=\"https:\/\/fmgente.com.ar\/web\/un-premio-mas-asi-fue-el-reconocimiento-que-tuvo-carlos-alcaraz-como-mejor-tenista-del-mundo\/\" \/>\n<meta property=\"og:site_name\" content=\"Fm Gente\" \/>\n<meta property=\"article:published_time\" content=\"2026-04-28T11:07:06+00:00\" \/>\n<meta name=\"twitter:card\" content=\"summary_large_image\" \/>\n<meta name=\"twitter:label1\" content=\"Tiempo de lectura\" \/>\n\t<meta name=\"twitter:data1\" content=\"3 minutos\" \/>\n<script type=\"application\/ld+json\" class=\"yoast-schema-graph\">{\"@context\":\"https:\\\/\\\/schema.org\",\"@graph\":[{\"@type\":\"Article\",\"@id\":\"https:\\\/\\\/fmgente.com.ar\\\/web\\\/un-premio-mas-asi-fue-el-reconocimiento-que-tuvo-carlos-alcaraz-como-mejor-tenista-del-mundo\\\/#article\",\"isPartOf\":{\"@id\":\"https:\\\/\\\/fmgente.com.ar\\\/web\\\/un-premio-mas-asi-fue-el-reconocimiento-que-tuvo-carlos-alcaraz-como-mejor-tenista-del-mundo\\\/\"},\"author\":{\"name\":\"\",\"@id\":\"\"},\"headline\":\"Un premio m\u00e1s: as\u00ed fue el reconocimiento que tuvo Carlos Alcaraz como mejor tenista del mundo\",\"datePublished\":\"2026-04-28T11:07:06+00:00\",\"mainEntityOfPage\":{\"@id\":\"https:\\\/\\\/fmgente.com.ar\\\/web\\\/un-premio-mas-asi-fue-el-reconocimiento-que-tuvo-carlos-alcaraz-como-mejor-tenista-del-mundo\\\/\"},\"wordCount\":595,\"publisher\":{\"@id\":\"https:\\\/\\\/fmgente.com.ar\\\/web\\\/#organization\"},\"image\":{\"@id\":\"https:\\\/\\\/fmgente.com.ar\\\/web\\\/un-premio-mas-asi-fue-el-reconocimiento-que-tuvo-carlos-alcaraz-como-mejor-tenista-del-mundo\\\/#primaryimage\"},\"thumbnailUrl\":\"https:\\\/\\\/fmgente.com.ar\\\/web\\\/wp-content\\\/uploads\\\/2026\\\/04\\\/720-1383.jpeg\",\"articleSection\":[\"DESTACADAS\"],\"inLanguage\":\"es\"},{\"@type\":\"WebPage\",\"@id\":\"https:\\\/\\\/fmgente.com.ar\\\/web\\\/un-premio-mas-asi-fue-el-reconocimiento-que-tuvo-carlos-alcaraz-como-mejor-tenista-del-mundo\\\/\",\"url\":\"https:\\\/\\\/fmgente.com.ar\\\/web\\\/un-premio-mas-asi-fue-el-reconocimiento-que-tuvo-carlos-alcaraz-como-mejor-tenista-del-mundo\\\/\",\"name\":\"Un premio m\u00e1s: as\u00ed fue el reconocimiento que tuvo Carlos Alcaraz como mejor tenista del mundo - Fm Gente\",\"isPartOf\":{\"@id\":\"https:\\\/\\\/fmgente.com.ar\\\/web\\\/#website\"},\"primaryImageOfPage\":{\"@id\":\"https:\\\/\\\/fmgente.com.ar\\\/web\\\/un-premio-mas-asi-fue-el-reconocimiento-que-tuvo-carlos-alcaraz-como-mejor-tenista-del-mundo\\\/#primaryimage\"},\"image\":{\"@id\":\"https:\\\/\\\/fmgente.com.ar\\\/web\\\/un-premio-mas-asi-fue-el-reconocimiento-que-tuvo-carlos-alcaraz-como-mejor-tenista-del-mundo\\\/#primaryimage\"},\"thumbnailUrl\":\"https:\\\/\\\/fmgente.com.ar\\\/web\\\/wp-content\\\/uploads\\\/2026\\\/04\\\/720-1383.jpeg\",\"datePublished\":\"2026-04-28T11:07:06+00:00\",\"inLanguage\":\"es\",\"potentialAction\":[{\"@type\":\"ReadAction\",\"target\":[\"https:\\\/\\\/fmgente.com.ar\\\/web\\\/un-premio-mas-asi-fue-el-reconocimiento-que-tuvo-carlos-alcaraz-como-mejor-tenista-del-mundo\\\/\"]}]},{\"@type\":\"ImageObject\",\"inLanguage\":\"es\",\"@id\":\"https:\\\/\\\/fmgente.com.ar\\\/web\\\/un-premio-mas-asi-fue-el-reconocimiento-que-tuvo-carlos-alcaraz-como-mejor-tenista-del-mundo\\\/#primaryimage\",\"url\":\"https:\\\/\\\/fmgente.com.ar\\\/web\\\/wp-content\\\/uploads\\\/2026\\\/04\\\/720-1383.jpeg\",\"contentUrl\":\"https:\\\/\\\/fmgente.com.ar\\\/web\\\/wp-content\\\/uploads\\\/2026\\\/04\\\/720-1383.jpeg\",\"width\":1280,\"height\":717},{\"@type\":\"WebSite\",\"@id\":\"https:\\\/\\\/fmgente.com.ar\\\/web\\\/#website\",\"url\":\"https:\\\/\\\/fmgente.com.ar\\\/web\\\/\",\"name\":\"Fm Gente\",\"description\":\"- Jes\u00fas Mar\u00eda\",\"publisher\":{\"@id\":\"https:\\\/\\\/fmgente.com.ar\\\/web\\\/#organization\"},\"potentialAction\":[{\"@type\":\"SearchAction\",\"target\":{\"@type\":\"EntryPoint\",\"urlTemplate\":\"https:\\\/\\\/fmgente.com.ar\\\/web\\\/?s={search_term_string}\"},\"query-input\":{\"@type\":\"PropertyValueSpecification\",\"valueRequired\":true,\"valueName\":\"search_term_string\"}}],\"inLanguage\":\"es\"},{\"@type\":\"Organization\",\"@id\":\"https:\\\/\\\/fmgente.com.ar\\\/web\\\/#organization\",\"name\":\"Fm Gente\",\"url\":\"https:\\\/\\\/fmgente.com.ar\\\/web\\\/\",\"logo\":{\"@type\":\"ImageObject\",\"inLanguage\":\"es\",\"@id\":\"https:\\\/\\\/fmgente.com.ar\\\/web\\\/#\\\/schema\\\/logo\\\/image\\\/\",\"url\":\"https:\\\/\\\/fmgente.com.ar\\\/web\\\/wp-content\\\/uploads\\\/2023\\\/07\\\/cropped-cropped-logo-sombra2.png\",\"contentUrl\":\"https:\\\/\\\/fmgente.com.ar\\\/web\\\/wp-content\\\/uploads\\\/2023\\\/07\\\/cropped-cropped-logo-sombra2.png\",\"width\":1782,\"height\":1782,\"caption\":\"Fm Gente\"},\"image\":{\"@id\":\"https:\\\/\\\/fmgente.com.ar\\\/web\\\/#\\\/schema\\\/logo\\\/image\\\/\"}}]}<\/script>\n<!-- \/ Yoast SEO plugin. -->","yoast_head_json":{"title":"Un premio m\u00e1s: as\u00ed fue el reconocimiento que tuvo Carlos Alcaraz como mejor tenista del mundo - Fm Gente","robots":{"index":"index","follow":"follow","max-snippet":"max-snippet:-1","max-image-preview":"max-image-preview:large","max-video-preview":"max-video-preview:-1"},"canonical":"https:\/\/fmgente.com.ar\/web\/un-premio-mas-asi-fue-el-reconocimiento-que-tuvo-carlos-alcaraz-como-mejor-tenista-del-mundo\/","og_locale":"es_ES","og_type":"article","og_title":"Un premio m\u00e1s: as\u00ed fue el reconocimiento que tuvo Carlos Alcaraz como mejor tenista del mundo - Fm Gente","og_description":"El mundo del tenis tuvo en Carlos Alcaraz a una de sus m\u00e1ximas figuras del","og_url":"https:\/\/fmgente.com.ar\/web\/un-premio-mas-asi-fue-el-reconocimiento-que-tuvo-carlos-alcaraz-como-mejor-tenista-del-mundo\/","og_site_name":"Fm Gente","article_published_time":"2026-04-28T11:07:06+00:00","twitter_card":"summary_large_image","twitter_misc":{"Tiempo de lectura":"3 minutos"},"schema":{"@context":"https:\/\/schema.org","@graph":[{"@type":"Article","@id":"https:\/\/fmgente.com.ar\/web\/un-premio-mas-asi-fue-el-reconocimiento-que-tuvo-carlos-alcaraz-como-mejor-tenista-del-mundo\/#article","isPartOf":{"@id":"https:\/\/fmgente.com.ar\/web\/un-premio-mas-asi-fue-el-reconocimiento-que-tuvo-carlos-alcaraz-como-mejor-tenista-del-mundo\/"},"author":{"name":"","@id":""},"headline":"Un premio m\u00e1s: as\u00ed fue el reconocimiento que tuvo Carlos Alcaraz como mejor tenista del mundo","datePublished":"2026-04-28T11:07:06+00:00","mainEntityOfPage":{"@id":"https:\/\/fmgente.com.ar\/web\/un-premio-mas-asi-fue-el-reconocimiento-que-tuvo-carlos-alcaraz-como-mejor-tenista-del-mundo\/"},"wordCount":595,"publisher":{"@id":"https:\/\/fmgente.com.ar\/web\/#organization"},"image":{"@id":"https:\/\/fmgente.com.ar\/web\/un-premio-mas-asi-fue-el-reconocimiento-que-tuvo-carlos-alcaraz-como-mejor-tenista-del-mundo\/#primaryimage"},"thumbnailUrl":"https:\/\/fmgente.com.ar\/web\/wp-content\/uploads\/2026\/04\/720-1383.jpeg","articleSection":["DESTACADAS"],"inLanguage":"es"},{"@type":"WebPage","@id":"https:\/\/fmgente.com.ar\/web\/un-premio-mas-asi-fue-el-reconocimiento-que-tuvo-carlos-alcaraz-como-mejor-tenista-del-mundo\/","url":"https:\/\/fmgente.com.ar\/web\/un-premio-mas-asi-fue-el-reconocimiento-que-tuvo-carlos-alcaraz-como-mejor-tenista-del-mundo\/","name":"Un premio m\u00e1s: as\u00ed fue el reconocimiento que tuvo Carlos Alcaraz como mejor tenista del mundo - Fm Gente","isPartOf":{"@id":"https:\/\/fmgente.com.ar\/web\/#website"},"primaryImageOfPage":{"@id":"https:\/\/fmgente.com.ar\/web\/un-premio-mas-asi-fue-el-reconocimiento-que-tuvo-carlos-alcaraz-como-mejor-tenista-del-mundo\/#primaryimage"},"image":{"@id":"https:\/\/fmgente.com.ar\/web\/un-premio-mas-asi-fue-el-reconocimiento-que-tuvo-carlos-alcaraz-como-mejor-tenista-del-mundo\/#primaryimage"},"thumbnailUrl":"https:\/\/fmgente.com.ar\/web\/wp-content\/uploads\/2026\/04\/720-1383.jpeg","datePublished":"2026-04-28T11:07:06+00:00","inLanguage":"es","potentialAction":[{"@type":"ReadAction","target":["https:\/\/fmgente.com.ar\/web\/un-premio-mas-asi-fue-el-reconocimiento-que-tuvo-carlos-alcaraz-como-mejor-tenista-del-mundo\/"]}]},{"@type":"ImageObject","inLanguage":"es","@id":"https:\/\/fmgente.com.ar\/web\/un-premio-mas-asi-fue-el-reconocimiento-que-tuvo-carlos-alcaraz-como-mejor-tenista-del-mundo\/#primaryimage","url":"https:\/\/fmgente.com.ar\/web\/wp-content\/uploads\/2026\/04\/720-1383.jpeg","contentUrl":"https:\/\/fmgente.com.ar\/web\/wp-content\/uploads\/2026\/04\/720-1383.jpeg","width":1280,"height":717},{"@type":"WebSite","@id":"https:\/\/fmgente.com.ar\/web\/#website","url":"https:\/\/fmgente.com.ar\/web\/","name":"Fm Gente","description":"- Jes\u00fas Mar\u00eda","publisher":{"@id":"https:\/\/fmgente.com.ar\/web\/#organization"},"potentialAction":[{"@type":"SearchAction","target":{"@type":"EntryPoint","urlTemplate":"https:\/\/fmgente.com.ar\/web\/?s={search_term_string}"},"query-input":{"@type":"PropertyValueSpecification","valueRequired":true,"valueName":"search_term_string"}}],"inLanguage":"es"},{"@type":"Organization","@id":"https:\/\/fmgente.com.ar\/web\/#organization","name":"Fm Gente","url":"https:\/\/fmgente.com.ar\/web\/","logo":{"@type":"ImageObject","inLanguage":"es","@id":"https:\/\/fmgente.com.ar\/web\/#\/schema\/logo\/image\/","url":"https:\/\/fmgente.com.ar\/web\/wp-content\/uploads\/2023\/07\/cropped-cropped-logo-sombra2.png","contentUrl":"https:\/\/fmgente.com.ar\/web\/wp-content\/uploads\/2023\/07\/cropped-cropped-logo-sombra2.png","width":1782,"height":1782,"caption":"Fm Gente"},"image":{"@id":"https:\/\/fmgente.com.ar\/web\/#\/schema\/logo\/image\/"}}]}},"_links":{"self":[{"href":"https:\/\/fmgente.com.ar\/web\/wp-json\/wp\/v2\/posts\/20965","targetHints":{"allow":["GET"]}}],"collection":[{"href":"https:\/\/fmgente.com.ar\/web\/wp-json\/wp\/v2\/posts"}],"about":[{"href":"https:\/\/fmgente.com.ar\/web\/wp-json\/wp\/v2\/types\/post"}],"replies":[{"embeddable":true,"href":"https:\/\/fmgente.com.ar\/web\/wp-json\/wp\/v2\/comments?post=20965"}],"version-history":[{"count":0,"href":"https:\/\/fmgente.com.ar\/web\/wp-json\/wp\/v2\/posts\/20965\/revisions"}],"wp:featuredmedia":[{"embeddable":true,"href":"https:\/\/fmgente.com.ar\/web\/wp-json\/wp\/v2\/media\/20966"}],"wp:attachment":[{"href":"https:\/\/fmgente.com.ar\/web\/wp-json\/wp\/v2\/media?parent=20965"}],"wp:term":[{"taxonomy":"category","embeddable":true,"href":"https:\/\/fmgente.com.ar\/web\/wp-json\/wp\/v2\/categories?post=20965"},{"taxonomy":"post_tag","embeddable":true,"href":"https:\/\/fmgente.com.ar\/web\/wp-json\/wp\/v2\/tags?post=20965"}],"curies":[{"name":"wp","href":"https:\/\/api.w.org\/{rel}","templated":true}]}}