{"id":20963,"date":"2026-04-28T08:07:04","date_gmt":"2026-04-28T11:07:04","guid":{"rendered":"https:\/\/fmgente.com.ar\/web\/confirmado-estos-son-los-operativos-anses-para-el-final-de-abril-2026\/"},"modified":"2026-04-28T08:07:04","modified_gmt":"2026-04-28T11:07:04","slug":"confirmado-estos-son-los-operativos-anses-para-el-final-de-abril-2026","status":"publish","type":"post","link":"https:\/\/fmgente.com.ar\/web\/confirmado-estos-son-los-operativos-anses-para-el-final-de-abril-2026\/","title":{"rendered":"Confirmado: estos son los operativos ANSES para el final de abril 2026"},"content":{"rendered":"<p>Esta semana, las oficinas m\u00f3viles de la Administraci\u00f3n Nacional de la Seguridad Social (ANSES) recorrer\u00e1n diferentes localidades del conurbano bonaerense para brindar atenci\u00f3n sin necesidad de sacar turno previamente.<\/p>\n<p>En estos operativos, los vecinos podr\u00e1n acceder a diversos tr\u00e1mites y recibir asesoramiento sobre prestaciones y beneficios, como la presentaci\u00f3n de la Libreta de la Asignaci\u00f3n Universal por Hijo (AUH), asignaciones familiares, Prestaci\u00f3n por Desempleo, Tarifa Social, modificaci\u00f3n del lugar de cobro, consultas sobre jubilaciones y pensiones, actualizaci\u00f3n de informaci\u00f3n personal, adem\u00e1s de la impresi\u00f3n y gesti\u00f3n de reclamos vinculados al certificado de RENABAP, entre otros servicios disponibles.<\/p>\n<p>C\u00d3MO POD\u00c9S APROVECHAR LOS OPERATIVOS ANSES EN EL FINAL DE ABRIL 2026<\/p>\n<p>A trav\u00e9s de estos operativos en territorio, ANSES acerca sus servicios a la comunidad, brindando la posibilidad de efectuar consultas y realizar tr\u00e1mites sin tener que trasladarse hasta una oficina fija.<\/p>\n<p>Durante estas jornadas, los ciudadanos pueden acceder a gestiones relacionadas con la Asignaci\u00f3n Universal por Hijo (AUH) y por Embarazo, asignaciones familiares y pagos \u00fanicos por nacimiento, matrimonio o adopci\u00f3n. Adem\u00e1s, se pueden presentar certificados escolares, tramitar la Prestaci\u00f3n por Desempleo, cambiar el medio de cobro, registrar apoderados y obtener la Clave de la Seguridad Social.<\/p>\n<p>Asimismo, estas unidades m\u00f3viles permiten actualizar la informaci\u00f3n personal, solicitar comprobantes de afiliaci\u00f3n a obras sociales y acceder a otros tr\u00e1mites disponibles seg\u00fan cada operativo.<\/p>\n<p>Desde ANSES recuerdan la importancia de asistir con el Documento Nacional de Identidad (DNI) y presentar la documentaci\u00f3n correspondiente seg\u00fan la gesti\u00f3n que se vaya a realizar.<\/p>\n<p>ZONA NORTE<\/p>\n<p> * Don Torcuato (Tigre): Av. del Trabajo y Almirante Brown, Tigre \u2013 Del 27 al 30 de abril, de 8.30 a 14 horas.<br \/>\n * Tigre: Carlos Mar\u00eda de Alvear 1666 \u2013 Del 27 al 30 de abril, de 8 a 14 horas.<br \/>\n * Maquinista Savio (Escobar): Boulevard 5 de Junio y San Juan, Centro de Jubilados \u2013 Del 27 al 30 de abril, de 8 a 14 horas.<br \/>\n * San Mart\u00edn: Av. Constituyentes 3470 \u2013 Del 27 al 30 de abril, de 8.30 a 14.30 horas.<br \/>\n * Vicente L\u00f3pez: Av. Maip\u00fa 130 \u2013 Del 27 al 30 de abril, de 8.30 a 14.30 horas.<br \/>\n * Florida (Vicente L\u00f3pez): Italia 1750 \u2013 Del 27 al 30 de abril, de 8 a 14 horas.<\/p>\n<p>ZONA OESTE<\/p>\n<p> * Jos\u00e9 C. Paz: Av. Jos\u00e9 Altube 1902, entre Roque S\u00e1enz Pe\u00f1a y Gelly y Obes \u2013 Del 27 al 30 de abril, de 8 a 14 horas.<br \/>\n * Villa Tesei (Hurlingham): Malarredo 345, Hurlingham \u2013 Del 27 al 30 de abril, de 8.30 a 14 horas.<br \/>\n * El Palomar (Mor\u00f3n): Av. Pte. Arturo U. Illia, entre Marconi y Mor\u00f3n \u2013 Del 27 al 30 de abril, de 8 a 14 horas.<br \/>\n * Castelar (Mor\u00f3n): Av. Figueroa Alcorta 1174 \u2013 Del 27 al 30 de abril, de 8.30 a 14.30 horas.<br \/>\n * Mariano Acosta (Merlo): Cris\u00e1lide 485, Club \u2013 El 30 de abril, de 9 a 15 horas.<\/p>\n","protected":false},"excerpt":{"rendered":"<p>Esta semana, las oficinas m\u00f3viles de la Administraci\u00f3n Nacional de la Seguridad Social (ANSES) recorrer\u00e1n<\/p>\n","protected":false},"author":0,"featured_media":20964,"comment_status":"","ping_status":"","sticky":false,"template":"","format":"standard","meta":{"footnotes":""},"categories":[11],"tags":[],"class_list":["post-20963","post","type-post","status-publish","format-standard","has-post-thumbnail","hentry","category-destacadas"],"yoast_head":"<!-- This site is optimized with the Yoast SEO plugin v27.4 - https:\/\/yoast.com\/product\/yoast-seo-wordpress\/ -->\n<title>Confirmado: estos son los operativos ANSES para el final de abril 2026 - Fm Gente<\/title>\n<meta name=\"robots\" content=\"index, follow, max-snippet:-1, max-image-preview:large, max-video-preview:-1\" \/>\n<link rel=\"canonical\" href=\"https:\/\/fmgente.com.ar\/web\/confirmado-estos-son-los-operativos-anses-para-el-final-de-abril-2026\/\" \/>\n<meta property=\"og:locale\" content=\"es_ES\" \/>\n<meta property=\"og:type\" content=\"article\" \/>\n<meta property=\"og:title\" content=\"Confirmado: estos son los operativos ANSES para el final de abril 2026 - Fm Gente\" \/>\n<meta property=\"og:description\" content=\"Esta semana, las oficinas m\u00f3viles de la Administraci\u00f3n Nacional de la Seguridad Social (ANSES) recorrer\u00e1n\" \/>\n<meta property=\"og:url\" content=\"https:\/\/fmgente.com.ar\/web\/confirmado-estos-son-los-operativos-anses-para-el-final-de-abril-2026\/\" \/>\n<meta property=\"og:site_name\" content=\"Fm Gente\" \/>\n<meta property=\"article:published_time\" content=\"2026-04-28T11:07:04+00:00\" \/>\n<meta name=\"twitter:card\" content=\"summary_large_image\" \/>\n<meta name=\"twitter:label1\" content=\"Tiempo de lectura\" \/>\n\t<meta name=\"twitter:data1\" content=\"2 minutos\" \/>\n<script type=\"application\/ld+json\" class=\"yoast-schema-graph\">{\"@context\":\"https:\\\/\\\/schema.org\",\"@graph\":[{\"@type\":\"Article\",\"@id\":\"https:\\\/\\\/fmgente.com.ar\\\/web\\\/confirmado-estos-son-los-operativos-anses-para-el-final-de-abril-2026\\\/#article\",\"isPartOf\":{\"@id\":\"https:\\\/\\\/fmgente.com.ar\\\/web\\\/confirmado-estos-son-los-operativos-anses-para-el-final-de-abril-2026\\\/\"},\"author\":{\"name\":\"\",\"@id\":\"\"},\"headline\":\"Confirmado: estos son los operativos ANSES para el final de abril 2026\",\"datePublished\":\"2026-04-28T11:07:04+00:00\",\"mainEntityOfPage\":{\"@id\":\"https:\\\/\\\/fmgente.com.ar\\\/web\\\/confirmado-estos-son-los-operativos-anses-para-el-final-de-abril-2026\\\/\"},\"wordCount\":459,\"publisher\":{\"@id\":\"https:\\\/\\\/fmgente.com.ar\\\/web\\\/#organization\"},\"image\":{\"@id\":\"https:\\\/\\\/fmgente.com.ar\\\/web\\\/confirmado-estos-son-los-operativos-anses-para-el-final-de-abril-2026\\\/#primaryimage\"},\"thumbnailUrl\":\"https:\\\/\\\/fmgente.com.ar\\\/web\\\/wp-content\\\/uploads\\\/2026\\\/04\\\/720-1382.jpeg\",\"articleSection\":[\"DESTACADAS\"],\"inLanguage\":\"es\"},{\"@type\":\"WebPage\",\"@id\":\"https:\\\/\\\/fmgente.com.ar\\\/web\\\/confirmado-estos-son-los-operativos-anses-para-el-final-de-abril-2026\\\/\",\"url\":\"https:\\\/\\\/fmgente.com.ar\\\/web\\\/confirmado-estos-son-los-operativos-anses-para-el-final-de-abril-2026\\\/\",\"name\":\"Confirmado: estos son los operativos ANSES para el final de abril 2026 - Fm Gente\",\"isPartOf\":{\"@id\":\"https:\\\/\\\/fmgente.com.ar\\\/web\\\/#website\"},\"primaryImageOfPage\":{\"@id\":\"https:\\\/\\\/fmgente.com.ar\\\/web\\\/confirmado-estos-son-los-operativos-anses-para-el-final-de-abril-2026\\\/#primaryimage\"},\"image\":{\"@id\":\"https:\\\/\\\/fmgente.com.ar\\\/web\\\/confirmado-estos-son-los-operativos-anses-para-el-final-de-abril-2026\\\/#primaryimage\"},\"thumbnailUrl\":\"https:\\\/\\\/fmgente.com.ar\\\/web\\\/wp-content\\\/uploads\\\/2026\\\/04\\\/720-1382.jpeg\",\"datePublished\":\"2026-04-28T11:07:04+00:00\",\"inLanguage\":\"es\",\"potentialAction\":[{\"@type\":\"ReadAction\",\"target\":[\"https:\\\/\\\/fmgente.com.ar\\\/web\\\/confirmado-estos-son-los-operativos-anses-para-el-final-de-abril-2026\\\/\"]}]},{\"@type\":\"ImageObject\",\"inLanguage\":\"es\",\"@id\":\"https:\\\/\\\/fmgente.com.ar\\\/web\\\/confirmado-estos-son-los-operativos-anses-para-el-final-de-abril-2026\\\/#primaryimage\",\"url\":\"https:\\\/\\\/fmgente.com.ar\\\/web\\\/wp-content\\\/uploads\\\/2026\\\/04\\\/720-1382.jpeg\",\"contentUrl\":\"https:\\\/\\\/fmgente.com.ar\\\/web\\\/wp-content\\\/uploads\\\/2026\\\/04\\\/720-1382.jpeg\",\"width\":1280,\"height\":717},{\"@type\":\"WebSite\",\"@id\":\"https:\\\/\\\/fmgente.com.ar\\\/web\\\/#website\",\"url\":\"https:\\\/\\\/fmgente.com.ar\\\/web\\\/\",\"name\":\"Fm Gente\",\"description\":\"- Jes\u00fas Mar\u00eda\",\"publisher\":{\"@id\":\"https:\\\/\\\/fmgente.com.ar\\\/web\\\/#organization\"},\"potentialAction\":[{\"@type\":\"SearchAction\",\"target\":{\"@type\":\"EntryPoint\",\"urlTemplate\":\"https:\\\/\\\/fmgente.com.ar\\\/web\\\/?s={search_term_string}\"},\"query-input\":{\"@type\":\"PropertyValueSpecification\",\"valueRequired\":true,\"valueName\":\"search_term_string\"}}],\"inLanguage\":\"es\"},{\"@type\":\"Organization\",\"@id\":\"https:\\\/\\\/fmgente.com.ar\\\/web\\\/#organization\",\"name\":\"Fm Gente\",\"url\":\"https:\\\/\\\/fmgente.com.ar\\\/web\\\/\",\"logo\":{\"@type\":\"ImageObject\",\"inLanguage\":\"es\",\"@id\":\"https:\\\/\\\/fmgente.com.ar\\\/web\\\/#\\\/schema\\\/logo\\\/image\\\/\",\"url\":\"https:\\\/\\\/fmgente.com.ar\\\/web\\\/wp-content\\\/uploads\\\/2023\\\/07\\\/cropped-cropped-logo-sombra2.png\",\"contentUrl\":\"https:\\\/\\\/fmgente.com.ar\\\/web\\\/wp-content\\\/uploads\\\/2023\\\/07\\\/cropped-cropped-logo-sombra2.png\",\"width\":1782,\"height\":1782,\"caption\":\"Fm Gente\"},\"image\":{\"@id\":\"https:\\\/\\\/fmgente.com.ar\\\/web\\\/#\\\/schema\\\/logo\\\/image\\\/\"}}]}<\/script>\n<!-- \/ Yoast SEO plugin. -->","yoast_head_json":{"title":"Confirmado: estos son los operativos ANSES para el final de abril 2026 - Fm Gente","robots":{"index":"index","follow":"follow","max-snippet":"max-snippet:-1","max-image-preview":"max-image-preview:large","max-video-preview":"max-video-preview:-1"},"canonical":"https:\/\/fmgente.com.ar\/web\/confirmado-estos-son-los-operativos-anses-para-el-final-de-abril-2026\/","og_locale":"es_ES","og_type":"article","og_title":"Confirmado: estos son los operativos ANSES para el final de abril 2026 - Fm Gente","og_description":"Esta semana, las oficinas m\u00f3viles de la Administraci\u00f3n Nacional de la Seguridad Social (ANSES) recorrer\u00e1n","og_url":"https:\/\/fmgente.com.ar\/web\/confirmado-estos-son-los-operativos-anses-para-el-final-de-abril-2026\/","og_site_name":"Fm Gente","article_published_time":"2026-04-28T11:07:04+00:00","twitter_card":"summary_large_image","twitter_misc":{"Tiempo de lectura":"2 minutos"},"schema":{"@context":"https:\/\/schema.org","@graph":[{"@type":"Article","@id":"https:\/\/fmgente.com.ar\/web\/confirmado-estos-son-los-operativos-anses-para-el-final-de-abril-2026\/#article","isPartOf":{"@id":"https:\/\/fmgente.com.ar\/web\/confirmado-estos-son-los-operativos-anses-para-el-final-de-abril-2026\/"},"author":{"name":"","@id":""},"headline":"Confirmado: estos son los operativos ANSES para el final de abril 2026","datePublished":"2026-04-28T11:07:04+00:00","mainEntityOfPage":{"@id":"https:\/\/fmgente.com.ar\/web\/confirmado-estos-son-los-operativos-anses-para-el-final-de-abril-2026\/"},"wordCount":459,"publisher":{"@id":"https:\/\/fmgente.com.ar\/web\/#organization"},"image":{"@id":"https:\/\/fmgente.com.ar\/web\/confirmado-estos-son-los-operativos-anses-para-el-final-de-abril-2026\/#primaryimage"},"thumbnailUrl":"https:\/\/fmgente.com.ar\/web\/wp-content\/uploads\/2026\/04\/720-1382.jpeg","articleSection":["DESTACADAS"],"inLanguage":"es"},{"@type":"WebPage","@id":"https:\/\/fmgente.com.ar\/web\/confirmado-estos-son-los-operativos-anses-para-el-final-de-abril-2026\/","url":"https:\/\/fmgente.com.ar\/web\/confirmado-estos-son-los-operativos-anses-para-el-final-de-abril-2026\/","name":"Confirmado: estos son los operativos ANSES para el final de abril 2026 - Fm Gente","isPartOf":{"@id":"https:\/\/fmgente.com.ar\/web\/#website"},"primaryImageOfPage":{"@id":"https:\/\/fmgente.com.ar\/web\/confirmado-estos-son-los-operativos-anses-para-el-final-de-abril-2026\/#primaryimage"},"image":{"@id":"https:\/\/fmgente.com.ar\/web\/confirmado-estos-son-los-operativos-anses-para-el-final-de-abril-2026\/#primaryimage"},"thumbnailUrl":"https:\/\/fmgente.com.ar\/web\/wp-content\/uploads\/2026\/04\/720-1382.jpeg","datePublished":"2026-04-28T11:07:04+00:00","inLanguage":"es","potentialAction":[{"@type":"ReadAction","target":["https:\/\/fmgente.com.ar\/web\/confirmado-estos-son-los-operativos-anses-para-el-final-de-abril-2026\/"]}]},{"@type":"ImageObject","inLanguage":"es","@id":"https:\/\/fmgente.com.ar\/web\/confirmado-estos-son-los-operativos-anses-para-el-final-de-abril-2026\/#primaryimage","url":"https:\/\/fmgente.com.ar\/web\/wp-content\/uploads\/2026\/04\/720-1382.jpeg","contentUrl":"https:\/\/fmgente.com.ar\/web\/wp-content\/uploads\/2026\/04\/720-1382.jpeg","width":1280,"height":717},{"@type":"WebSite","@id":"https:\/\/fmgente.com.ar\/web\/#website","url":"https:\/\/fmgente.com.ar\/web\/","name":"Fm Gente","description":"- Jes\u00fas Mar\u00eda","publisher":{"@id":"https:\/\/fmgente.com.ar\/web\/#organization"},"potentialAction":[{"@type":"SearchAction","target":{"@type":"EntryPoint","urlTemplate":"https:\/\/fmgente.com.ar\/web\/?s={search_term_string}"},"query-input":{"@type":"PropertyValueSpecification","valueRequired":true,"valueName":"search_term_string"}}],"inLanguage":"es"},{"@type":"Organization","@id":"https:\/\/fmgente.com.ar\/web\/#organization","name":"Fm Gente","url":"https:\/\/fmgente.com.ar\/web\/","logo":{"@type":"ImageObject","inLanguage":"es","@id":"https:\/\/fmgente.com.ar\/web\/#\/schema\/logo\/image\/","url":"https:\/\/fmgente.com.ar\/web\/wp-content\/uploads\/2023\/07\/cropped-cropped-logo-sombra2.png","contentUrl":"https:\/\/fmgente.com.ar\/web\/wp-content\/uploads\/2023\/07\/cropped-cropped-logo-sombra2.png","width":1782,"height":1782,"caption":"Fm Gente"},"image":{"@id":"https:\/\/fmgente.com.ar\/web\/#\/schema\/logo\/image\/"}}]}},"_links":{"self":[{"href":"https:\/\/fmgente.com.ar\/web\/wp-json\/wp\/v2\/posts\/20963","targetHints":{"allow":["GET"]}}],"collection":[{"href":"https:\/\/fmgente.com.ar\/web\/wp-json\/wp\/v2\/posts"}],"about":[{"href":"https:\/\/fmgente.com.ar\/web\/wp-json\/wp\/v2\/types\/post"}],"replies":[{"embeddable":true,"href":"https:\/\/fmgente.com.ar\/web\/wp-json\/wp\/v2\/comments?post=20963"}],"version-history":[{"count":0,"href":"https:\/\/fmgente.com.ar\/web\/wp-json\/wp\/v2\/posts\/20963\/revisions"}],"wp:featuredmedia":[{"embeddable":true,"href":"https:\/\/fmgente.com.ar\/web\/wp-json\/wp\/v2\/media\/20964"}],"wp:attachment":[{"href":"https:\/\/fmgente.com.ar\/web\/wp-json\/wp\/v2\/media?parent=20963"}],"wp:term":[{"taxonomy":"category","embeddable":true,"href":"https:\/\/fmgente.com.ar\/web\/wp-json\/wp\/v2\/categories?post=20963"},{"taxonomy":"post_tag","embeddable":true,"href":"https:\/\/fmgente.com.ar\/web\/wp-json\/wp\/v2\/tags?post=20963"}],"curies":[{"name":"wp","href":"https:\/\/api.w.org\/{rel}","templated":true}]}}