{"id":20957,"date":"2026-04-28T04:04:59","date_gmt":"2026-04-28T07:04:59","guid":{"rendered":"https:\/\/fmgente.com.ar\/web\/tras-el-pedido-de-la-fiscalia-confirmaron-la-indagatoria-a-spagnuolo-y-otros-implicados-en-la-causa-andis\/"},"modified":"2026-04-28T04:04:59","modified_gmt":"2026-04-28T07:04:59","slug":"tras-el-pedido-de-la-fiscalia-confirmaron-la-indagatoria-a-spagnuolo-y-otros-implicados-en-la-causa-andis","status":"publish","type":"post","link":"https:\/\/fmgente.com.ar\/web\/tras-el-pedido-de-la-fiscalia-confirmaron-la-indagatoria-a-spagnuolo-y-otros-implicados-en-la-causa-andis\/","title":{"rendered":"Tras el pedido de la fiscal\u00eda, confirmaron la indagatoria a Spagnuolo y otros implicados en la causa ANDIS"},"content":{"rendered":"<p>Buenos Aires, 27 abril (NA) \u2013 En l\u00ednea con lo solicitado por los fiscales Franco Picardi y Sergio Rodr\u00edguez, el Juzgado Criminal y Correccional Federal N\u00b011 llam\u00f3 a indagatoria a 29 personas investigadas en la causa sobre las presuntas maniobras de corrupci\u00f3n dentro de la Agencia Nacional de Discapacidad (ANDIS), entre ellas su ex titular, ya procesado, Diego Spagnuolo.<\/p>\n<p>Las indagatorias se llevar\u00e1n adelante entre el 28 de abril y el 26 de mayo, confirm\u00f3 la Agencia Noticias Argentinas.<\/p>\n<p>La lista incluye la ampliaci\u00f3n de las declaraciones de cinco personas procesadas en la causa, como Spagnuolo; el exdirector nacional de Acceso a los Servicios de Salud Daniel Mar\u00eda Garbellini y Miguel \u00c1ngel Calvete, presunto lobbista de los directivos de laboratorios y droguer\u00edas.<\/p>\n<p>\u201cLa organizaci\u00f3n habr\u00eda estado abocada a generar millonarias sumas de dinero para sus integrantes de manera ilegal, en detrimento del erario p\u00fablico\u201d, sostuvo el juez Ariel Lijo, en l\u00ednea con lo que plante\u00f3 el Ministerio P\u00fablico Fiscal.<\/p>\n<p>Adem\u00e1s, el Juzgado decret\u00f3 la inhibici\u00f3n general de bienes para las personas y empresas involucradas: \u201cLas hip\u00f3tesis delictivas investigadas en autos asoman la posibilidad de que acontezcan maniobras tendientes al desprendimiento de activos que pudieron haber sido instrumentos, productos, objetos o provecho de posibles delitos \u2014y por ende, susceptibles de ser recuperados por el Estado\u2014\u201c, sostuvo el magistrado.<\/p>\n<p>La causa busca esclarecer el entramado de corrupci\u00f3n que involucra a m\u00e1s de 20 empresarios que habr\u00edan formado parte de esa estructura.<\/p>\n<p>Spagnuolo ya fue indagado y procesado en la causa por los delitos de cohecho activo, fraude al Estado y negociaciones incompatibles con su cargo de funcionario p\u00fablico.<\/p>\n<p>Las maniobras implicaron salidas de dinero por m\u00e1s de $75.000 millones provenientes del erario p\u00fablico que tuvieron como destino los bolsillos de un reducido grupo empresarial. #AgenciaNA<\/p>\n","protected":false},"excerpt":{"rendered":"<p>Buenos Aires, 27 abril (NA) \u2013 En l\u00ednea con lo solicitado por los fiscales Franco<\/p>\n","protected":false},"author":0,"featured_media":20958,"comment_status":"","ping_status":"","sticky":false,"template":"","format":"standard","meta":{"footnotes":""},"categories":[1],"tags":[],"class_list":["post-20957","post","type-post","status-publish","format-standard","has-post-thumbnail","hentry","category-regionales"],"yoast_head":"<!-- This site is optimized with the Yoast SEO plugin v27.4 - https:\/\/yoast.com\/product\/yoast-seo-wordpress\/ -->\n<title>Tras el pedido de la fiscal\u00eda, confirmaron la indagatoria a Spagnuolo y otros implicados en la causa ANDIS - Fm Gente<\/title>\n<meta name=\"robots\" content=\"index, follow, max-snippet:-1, max-image-preview:large, max-video-preview:-1\" \/>\n<link rel=\"canonical\" href=\"https:\/\/fmgente.com.ar\/web\/tras-el-pedido-de-la-fiscalia-confirmaron-la-indagatoria-a-spagnuolo-y-otros-implicados-en-la-causa-andis\/\" \/>\n<meta property=\"og:locale\" content=\"es_ES\" \/>\n<meta property=\"og:type\" content=\"article\" \/>\n<meta property=\"og:title\" content=\"Tras el pedido de la fiscal\u00eda, confirmaron la indagatoria a Spagnuolo y otros implicados en la causa ANDIS - Fm Gente\" \/>\n<meta property=\"og:description\" content=\"Buenos Aires, 27 abril (NA) \u2013 En l\u00ednea con lo solicitado por los fiscales Franco\" \/>\n<meta property=\"og:url\" content=\"https:\/\/fmgente.com.ar\/web\/tras-el-pedido-de-la-fiscalia-confirmaron-la-indagatoria-a-spagnuolo-y-otros-implicados-en-la-causa-andis\/\" \/>\n<meta property=\"og:site_name\" content=\"Fm Gente\" \/>\n<meta property=\"article:published_time\" content=\"2026-04-28T07:04:59+00:00\" \/>\n<meta name=\"twitter:card\" content=\"summary_large_image\" \/>\n<meta name=\"twitter:label1\" content=\"Tiempo de lectura\" \/>\n\t<meta name=\"twitter:data1\" content=\"2 minutos\" \/>\n<script type=\"application\/ld+json\" class=\"yoast-schema-graph\">{\"@context\":\"https:\\\/\\\/schema.org\",\"@graph\":[{\"@type\":\"Article\",\"@id\":\"https:\\\/\\\/fmgente.com.ar\\\/web\\\/tras-el-pedido-de-la-fiscalia-confirmaron-la-indagatoria-a-spagnuolo-y-otros-implicados-en-la-causa-andis\\\/#article\",\"isPartOf\":{\"@id\":\"https:\\\/\\\/fmgente.com.ar\\\/web\\\/tras-el-pedido-de-la-fiscalia-confirmaron-la-indagatoria-a-spagnuolo-y-otros-implicados-en-la-causa-andis\\\/\"},\"author\":{\"name\":\"\",\"@id\":\"\"},\"headline\":\"Tras el pedido de la fiscal\u00eda, confirmaron la indagatoria a Spagnuolo y otros implicados en la causa ANDIS\",\"datePublished\":\"2026-04-28T07:04:59+00:00\",\"mainEntityOfPage\":{\"@id\":\"https:\\\/\\\/fmgente.com.ar\\\/web\\\/tras-el-pedido-de-la-fiscalia-confirmaron-la-indagatoria-a-spagnuolo-y-otros-implicados-en-la-causa-andis\\\/\"},\"wordCount\":326,\"publisher\":{\"@id\":\"https:\\\/\\\/fmgente.com.ar\\\/web\\\/#organization\"},\"image\":{\"@id\":\"https:\\\/\\\/fmgente.com.ar\\\/web\\\/tras-el-pedido-de-la-fiscalia-confirmaron-la-indagatoria-a-spagnuolo-y-otros-implicados-en-la-causa-andis\\\/#primaryimage\"},\"thumbnailUrl\":\"https:\\\/\\\/fmgente.com.ar\\\/web\\\/wp-content\\\/uploads\\\/2026\\\/04\\\/720-1379.jpeg\",\"articleSection\":[\"REGIONALES\"],\"inLanguage\":\"es\"},{\"@type\":\"WebPage\",\"@id\":\"https:\\\/\\\/fmgente.com.ar\\\/web\\\/tras-el-pedido-de-la-fiscalia-confirmaron-la-indagatoria-a-spagnuolo-y-otros-implicados-en-la-causa-andis\\\/\",\"url\":\"https:\\\/\\\/fmgente.com.ar\\\/web\\\/tras-el-pedido-de-la-fiscalia-confirmaron-la-indagatoria-a-spagnuolo-y-otros-implicados-en-la-causa-andis\\\/\",\"name\":\"Tras el pedido de la fiscal\u00eda, confirmaron la indagatoria a Spagnuolo y otros implicados en la causa ANDIS - Fm Gente\",\"isPartOf\":{\"@id\":\"https:\\\/\\\/fmgente.com.ar\\\/web\\\/#website\"},\"primaryImageOfPage\":{\"@id\":\"https:\\\/\\\/fmgente.com.ar\\\/web\\\/tras-el-pedido-de-la-fiscalia-confirmaron-la-indagatoria-a-spagnuolo-y-otros-implicados-en-la-causa-andis\\\/#primaryimage\"},\"image\":{\"@id\":\"https:\\\/\\\/fmgente.com.ar\\\/web\\\/tras-el-pedido-de-la-fiscalia-confirmaron-la-indagatoria-a-spagnuolo-y-otros-implicados-en-la-causa-andis\\\/#primaryimage\"},\"thumbnailUrl\":\"https:\\\/\\\/fmgente.com.ar\\\/web\\\/wp-content\\\/uploads\\\/2026\\\/04\\\/720-1379.jpeg\",\"datePublished\":\"2026-04-28T07:04:59+00:00\",\"inLanguage\":\"es\",\"potentialAction\":[{\"@type\":\"ReadAction\",\"target\":[\"https:\\\/\\\/fmgente.com.ar\\\/web\\\/tras-el-pedido-de-la-fiscalia-confirmaron-la-indagatoria-a-spagnuolo-y-otros-implicados-en-la-causa-andis\\\/\"]}]},{\"@type\":\"ImageObject\",\"inLanguage\":\"es\",\"@id\":\"https:\\\/\\\/fmgente.com.ar\\\/web\\\/tras-el-pedido-de-la-fiscalia-confirmaron-la-indagatoria-a-spagnuolo-y-otros-implicados-en-la-causa-andis\\\/#primaryimage\",\"url\":\"https:\\\/\\\/fmgente.com.ar\\\/web\\\/wp-content\\\/uploads\\\/2026\\\/04\\\/720-1379.jpeg\",\"contentUrl\":\"https:\\\/\\\/fmgente.com.ar\\\/web\\\/wp-content\\\/uploads\\\/2026\\\/04\\\/720-1379.jpeg\",\"width\":1120,\"height\":720},{\"@type\":\"WebSite\",\"@id\":\"https:\\\/\\\/fmgente.com.ar\\\/web\\\/#website\",\"url\":\"https:\\\/\\\/fmgente.com.ar\\\/web\\\/\",\"name\":\"Fm Gente\",\"description\":\"- Jes\u00fas Mar\u00eda\",\"publisher\":{\"@id\":\"https:\\\/\\\/fmgente.com.ar\\\/web\\\/#organization\"},\"potentialAction\":[{\"@type\":\"SearchAction\",\"target\":{\"@type\":\"EntryPoint\",\"urlTemplate\":\"https:\\\/\\\/fmgente.com.ar\\\/web\\\/?s={search_term_string}\"},\"query-input\":{\"@type\":\"PropertyValueSpecification\",\"valueRequired\":true,\"valueName\":\"search_term_string\"}}],\"inLanguage\":\"es\"},{\"@type\":\"Organization\",\"@id\":\"https:\\\/\\\/fmgente.com.ar\\\/web\\\/#organization\",\"name\":\"Fm Gente\",\"url\":\"https:\\\/\\\/fmgente.com.ar\\\/web\\\/\",\"logo\":{\"@type\":\"ImageObject\",\"inLanguage\":\"es\",\"@id\":\"https:\\\/\\\/fmgente.com.ar\\\/web\\\/#\\\/schema\\\/logo\\\/image\\\/\",\"url\":\"https:\\\/\\\/fmgente.com.ar\\\/web\\\/wp-content\\\/uploads\\\/2023\\\/07\\\/cropped-cropped-logo-sombra2.png\",\"contentUrl\":\"https:\\\/\\\/fmgente.com.ar\\\/web\\\/wp-content\\\/uploads\\\/2023\\\/07\\\/cropped-cropped-logo-sombra2.png\",\"width\":1782,\"height\":1782,\"caption\":\"Fm Gente\"},\"image\":{\"@id\":\"https:\\\/\\\/fmgente.com.ar\\\/web\\\/#\\\/schema\\\/logo\\\/image\\\/\"}}]}<\/script>\n<!-- \/ Yoast SEO plugin. -->","yoast_head_json":{"title":"Tras el pedido de la fiscal\u00eda, confirmaron la indagatoria a Spagnuolo y otros implicados en la causa ANDIS - Fm Gente","robots":{"index":"index","follow":"follow","max-snippet":"max-snippet:-1","max-image-preview":"max-image-preview:large","max-video-preview":"max-video-preview:-1"},"canonical":"https:\/\/fmgente.com.ar\/web\/tras-el-pedido-de-la-fiscalia-confirmaron-la-indagatoria-a-spagnuolo-y-otros-implicados-en-la-causa-andis\/","og_locale":"es_ES","og_type":"article","og_title":"Tras el pedido de la fiscal\u00eda, confirmaron la indagatoria a Spagnuolo y otros implicados en la causa ANDIS - Fm Gente","og_description":"Buenos Aires, 27 abril (NA) \u2013 En l\u00ednea con lo solicitado por los fiscales Franco","og_url":"https:\/\/fmgente.com.ar\/web\/tras-el-pedido-de-la-fiscalia-confirmaron-la-indagatoria-a-spagnuolo-y-otros-implicados-en-la-causa-andis\/","og_site_name":"Fm Gente","article_published_time":"2026-04-28T07:04:59+00:00","twitter_card":"summary_large_image","twitter_misc":{"Tiempo de lectura":"2 minutos"},"schema":{"@context":"https:\/\/schema.org","@graph":[{"@type":"Article","@id":"https:\/\/fmgente.com.ar\/web\/tras-el-pedido-de-la-fiscalia-confirmaron-la-indagatoria-a-spagnuolo-y-otros-implicados-en-la-causa-andis\/#article","isPartOf":{"@id":"https:\/\/fmgente.com.ar\/web\/tras-el-pedido-de-la-fiscalia-confirmaron-la-indagatoria-a-spagnuolo-y-otros-implicados-en-la-causa-andis\/"},"author":{"name":"","@id":""},"headline":"Tras el pedido de la fiscal\u00eda, confirmaron la indagatoria a Spagnuolo y otros implicados en la causa ANDIS","datePublished":"2026-04-28T07:04:59+00:00","mainEntityOfPage":{"@id":"https:\/\/fmgente.com.ar\/web\/tras-el-pedido-de-la-fiscalia-confirmaron-la-indagatoria-a-spagnuolo-y-otros-implicados-en-la-causa-andis\/"},"wordCount":326,"publisher":{"@id":"https:\/\/fmgente.com.ar\/web\/#organization"},"image":{"@id":"https:\/\/fmgente.com.ar\/web\/tras-el-pedido-de-la-fiscalia-confirmaron-la-indagatoria-a-spagnuolo-y-otros-implicados-en-la-causa-andis\/#primaryimage"},"thumbnailUrl":"https:\/\/fmgente.com.ar\/web\/wp-content\/uploads\/2026\/04\/720-1379.jpeg","articleSection":["REGIONALES"],"inLanguage":"es"},{"@type":"WebPage","@id":"https:\/\/fmgente.com.ar\/web\/tras-el-pedido-de-la-fiscalia-confirmaron-la-indagatoria-a-spagnuolo-y-otros-implicados-en-la-causa-andis\/","url":"https:\/\/fmgente.com.ar\/web\/tras-el-pedido-de-la-fiscalia-confirmaron-la-indagatoria-a-spagnuolo-y-otros-implicados-en-la-causa-andis\/","name":"Tras el pedido de la fiscal\u00eda, confirmaron la indagatoria a Spagnuolo y otros implicados en la causa ANDIS - Fm Gente","isPartOf":{"@id":"https:\/\/fmgente.com.ar\/web\/#website"},"primaryImageOfPage":{"@id":"https:\/\/fmgente.com.ar\/web\/tras-el-pedido-de-la-fiscalia-confirmaron-la-indagatoria-a-spagnuolo-y-otros-implicados-en-la-causa-andis\/#primaryimage"},"image":{"@id":"https:\/\/fmgente.com.ar\/web\/tras-el-pedido-de-la-fiscalia-confirmaron-la-indagatoria-a-spagnuolo-y-otros-implicados-en-la-causa-andis\/#primaryimage"},"thumbnailUrl":"https:\/\/fmgente.com.ar\/web\/wp-content\/uploads\/2026\/04\/720-1379.jpeg","datePublished":"2026-04-28T07:04:59+00:00","inLanguage":"es","potentialAction":[{"@type":"ReadAction","target":["https:\/\/fmgente.com.ar\/web\/tras-el-pedido-de-la-fiscalia-confirmaron-la-indagatoria-a-spagnuolo-y-otros-implicados-en-la-causa-andis\/"]}]},{"@type":"ImageObject","inLanguage":"es","@id":"https:\/\/fmgente.com.ar\/web\/tras-el-pedido-de-la-fiscalia-confirmaron-la-indagatoria-a-spagnuolo-y-otros-implicados-en-la-causa-andis\/#primaryimage","url":"https:\/\/fmgente.com.ar\/web\/wp-content\/uploads\/2026\/04\/720-1379.jpeg","contentUrl":"https:\/\/fmgente.com.ar\/web\/wp-content\/uploads\/2026\/04\/720-1379.jpeg","width":1120,"height":720},{"@type":"WebSite","@id":"https:\/\/fmgente.com.ar\/web\/#website","url":"https:\/\/fmgente.com.ar\/web\/","name":"Fm Gente","description":"- Jes\u00fas Mar\u00eda","publisher":{"@id":"https:\/\/fmgente.com.ar\/web\/#organization"},"potentialAction":[{"@type":"SearchAction","target":{"@type":"EntryPoint","urlTemplate":"https:\/\/fmgente.com.ar\/web\/?s={search_term_string}"},"query-input":{"@type":"PropertyValueSpecification","valueRequired":true,"valueName":"search_term_string"}}],"inLanguage":"es"},{"@type":"Organization","@id":"https:\/\/fmgente.com.ar\/web\/#organization","name":"Fm Gente","url":"https:\/\/fmgente.com.ar\/web\/","logo":{"@type":"ImageObject","inLanguage":"es","@id":"https:\/\/fmgente.com.ar\/web\/#\/schema\/logo\/image\/","url":"https:\/\/fmgente.com.ar\/web\/wp-content\/uploads\/2023\/07\/cropped-cropped-logo-sombra2.png","contentUrl":"https:\/\/fmgente.com.ar\/web\/wp-content\/uploads\/2023\/07\/cropped-cropped-logo-sombra2.png","width":1782,"height":1782,"caption":"Fm Gente"},"image":{"@id":"https:\/\/fmgente.com.ar\/web\/#\/schema\/logo\/image\/"}}]}},"_links":{"self":[{"href":"https:\/\/fmgente.com.ar\/web\/wp-json\/wp\/v2\/posts\/20957","targetHints":{"allow":["GET"]}}],"collection":[{"href":"https:\/\/fmgente.com.ar\/web\/wp-json\/wp\/v2\/posts"}],"about":[{"href":"https:\/\/fmgente.com.ar\/web\/wp-json\/wp\/v2\/types\/post"}],"replies":[{"embeddable":true,"href":"https:\/\/fmgente.com.ar\/web\/wp-json\/wp\/v2\/comments?post=20957"}],"version-history":[{"count":0,"href":"https:\/\/fmgente.com.ar\/web\/wp-json\/wp\/v2\/posts\/20957\/revisions"}],"wp:featuredmedia":[{"embeddable":true,"href":"https:\/\/fmgente.com.ar\/web\/wp-json\/wp\/v2\/media\/20958"}],"wp:attachment":[{"href":"https:\/\/fmgente.com.ar\/web\/wp-json\/wp\/v2\/media?parent=20957"}],"wp:term":[{"taxonomy":"category","embeddable":true,"href":"https:\/\/fmgente.com.ar\/web\/wp-json\/wp\/v2\/categories?post=20957"},{"taxonomy":"post_tag","embeddable":true,"href":"https:\/\/fmgente.com.ar\/web\/wp-json\/wp\/v2\/tags?post=20957"}],"curies":[{"name":"wp","href":"https:\/\/api.w.org\/{rel}","templated":true}]}}