{"id":20955,"date":"2026-04-28T04:04:58","date_gmt":"2026-04-28T07:04:58","guid":{"rendered":"https:\/\/fmgente.com.ar\/web\/brian-sarmiento-quedo-eliminado-de-gran-hermano-generacion-dorada\/"},"modified":"2026-04-28T04:04:58","modified_gmt":"2026-04-28T07:04:58","slug":"brian-sarmiento-quedo-eliminado-de-gran-hermano-generacion-dorada","status":"publish","type":"post","link":"https:\/\/fmgente.com.ar\/web\/brian-sarmiento-quedo-eliminado-de-gran-hermano-generacion-dorada\/","title":{"rendered":"Brian Sarmiento qued\u00f3 eliminado de Gran Hermano Generaci\u00f3n Dorada"},"content":{"rendered":"<p>Buenos Aires, 27 abril (NA) \u2013 En una de las galas m\u00e1s intensas desde el inicio del reality, Brian Sarmiento qued\u00f3 eliminado de Gran Hermano Generaci\u00f3n Dorada luego de enfrentarse en un mano a mano electrizante con Yipio, en una definici\u00f3n que mantuvo en vilo a la audiencia hasta el \u00faltimo segundo.<\/p>\n<p>La votaci\u00f3n fue presentada como la m\u00e1s re\u00f1ida de la temporada, con dos participantes fuertes dentro de la casa y un clima de m\u00e1xima tensi\u00f3n que se sinti\u00f3 tanto entre los jugadores como en el estudio. <\/p>\n<p>Finalmente, la decisi\u00f3n del p\u00fablico dej\u00f3 afuera a Sarmiento, quien debi\u00f3 despedirse del juego en medio de un momento cargado de emoci\u00f3n.<\/p>\n<p>Del otro lado, Yipio celebr\u00f3 con euforia su permanencia. Apenas se confirm\u00f3 el resultado, el participante reaccion\u00f3 con un festejo enfervorizado que dej\u00f3 en claro lo importante que era para \u00e9l seguir en competencia, en una instancia que muchos ya catalogan como la m\u00e1s dura del ciclo hasta el momento.<\/p>\n<p>La salida de Sarmiento reconfigura el tablero dentro de la casa, donde las alianzas y estrategias deber\u00e1n adaptarse r\u00e1pidamente de cara a una nueva etapa del juego, cada vez m\u00e1s cerca de la definici\u00f3n.<\/p>\n<p>#AgenciaNA<\/p>\n","protected":false},"excerpt":{"rendered":"<p>Buenos Aires, 27 abril (NA) \u2013 En una de las galas m\u00e1s intensas desde el<\/p>\n","protected":false},"author":0,"featured_media":20956,"comment_status":"","ping_status":"","sticky":false,"template":"","format":"standard","meta":{"footnotes":""},"categories":[1],"tags":[],"class_list":["post-20955","post","type-post","status-publish","format-standard","has-post-thumbnail","hentry","category-regionales"],"yoast_head":"<!-- This site is optimized with the Yoast SEO plugin v27.4 - https:\/\/yoast.com\/product\/yoast-seo-wordpress\/ -->\n<title>Brian Sarmiento qued\u00f3 eliminado de Gran Hermano Generaci\u00f3n Dorada - Fm Gente<\/title>\n<meta name=\"robots\" content=\"index, follow, max-snippet:-1, max-image-preview:large, max-video-preview:-1\" \/>\n<link rel=\"canonical\" href=\"https:\/\/fmgente.com.ar\/web\/brian-sarmiento-quedo-eliminado-de-gran-hermano-generacion-dorada\/\" \/>\n<meta property=\"og:locale\" content=\"es_ES\" \/>\n<meta property=\"og:type\" content=\"article\" \/>\n<meta property=\"og:title\" content=\"Brian Sarmiento qued\u00f3 eliminado de Gran Hermano Generaci\u00f3n Dorada - Fm Gente\" \/>\n<meta property=\"og:description\" content=\"Buenos Aires, 27 abril (NA) \u2013 En una de las galas m\u00e1s intensas desde el\" \/>\n<meta property=\"og:url\" content=\"https:\/\/fmgente.com.ar\/web\/brian-sarmiento-quedo-eliminado-de-gran-hermano-generacion-dorada\/\" \/>\n<meta property=\"og:site_name\" content=\"Fm Gente\" \/>\n<meta property=\"article:published_time\" content=\"2026-04-28T07:04:58+00:00\" \/>\n<meta name=\"twitter:card\" content=\"summary_large_image\" \/>\n<meta name=\"twitter:label1\" content=\"Tiempo de lectura\" \/>\n\t<meta name=\"twitter:data1\" content=\"1 minuto\" \/>\n<script type=\"application\/ld+json\" class=\"yoast-schema-graph\">{\"@context\":\"https:\\\/\\\/schema.org\",\"@graph\":[{\"@type\":\"Article\",\"@id\":\"https:\\\/\\\/fmgente.com.ar\\\/web\\\/brian-sarmiento-quedo-eliminado-de-gran-hermano-generacion-dorada\\\/#article\",\"isPartOf\":{\"@id\":\"https:\\\/\\\/fmgente.com.ar\\\/web\\\/brian-sarmiento-quedo-eliminado-de-gran-hermano-generacion-dorada\\\/\"},\"author\":{\"name\":\"\",\"@id\":\"\"},\"headline\":\"Brian Sarmiento qued\u00f3 eliminado de Gran Hermano Generaci\u00f3n Dorada\",\"datePublished\":\"2026-04-28T07:04:58+00:00\",\"mainEntityOfPage\":{\"@id\":\"https:\\\/\\\/fmgente.com.ar\\\/web\\\/brian-sarmiento-quedo-eliminado-de-gran-hermano-generacion-dorada\\\/\"},\"wordCount\":219,\"publisher\":{\"@id\":\"https:\\\/\\\/fmgente.com.ar\\\/web\\\/#organization\"},\"image\":{\"@id\":\"https:\\\/\\\/fmgente.com.ar\\\/web\\\/brian-sarmiento-quedo-eliminado-de-gran-hermano-generacion-dorada\\\/#primaryimage\"},\"thumbnailUrl\":\"https:\\\/\\\/fmgente.com.ar\\\/web\\\/wp-content\\\/uploads\\\/2026\\\/04\\\/720-1378.jpeg\",\"articleSection\":[\"REGIONALES\"],\"inLanguage\":\"es\"},{\"@type\":\"WebPage\",\"@id\":\"https:\\\/\\\/fmgente.com.ar\\\/web\\\/brian-sarmiento-quedo-eliminado-de-gran-hermano-generacion-dorada\\\/\",\"url\":\"https:\\\/\\\/fmgente.com.ar\\\/web\\\/brian-sarmiento-quedo-eliminado-de-gran-hermano-generacion-dorada\\\/\",\"name\":\"Brian Sarmiento qued\u00f3 eliminado de Gran Hermano Generaci\u00f3n Dorada - Fm Gente\",\"isPartOf\":{\"@id\":\"https:\\\/\\\/fmgente.com.ar\\\/web\\\/#website\"},\"primaryImageOfPage\":{\"@id\":\"https:\\\/\\\/fmgente.com.ar\\\/web\\\/brian-sarmiento-quedo-eliminado-de-gran-hermano-generacion-dorada\\\/#primaryimage\"},\"image\":{\"@id\":\"https:\\\/\\\/fmgente.com.ar\\\/web\\\/brian-sarmiento-quedo-eliminado-de-gran-hermano-generacion-dorada\\\/#primaryimage\"},\"thumbnailUrl\":\"https:\\\/\\\/fmgente.com.ar\\\/web\\\/wp-content\\\/uploads\\\/2026\\\/04\\\/720-1378.jpeg\",\"datePublished\":\"2026-04-28T07:04:58+00:00\",\"inLanguage\":\"es\",\"potentialAction\":[{\"@type\":\"ReadAction\",\"target\":[\"https:\\\/\\\/fmgente.com.ar\\\/web\\\/brian-sarmiento-quedo-eliminado-de-gran-hermano-generacion-dorada\\\/\"]}]},{\"@type\":\"ImageObject\",\"inLanguage\":\"es\",\"@id\":\"https:\\\/\\\/fmgente.com.ar\\\/web\\\/brian-sarmiento-quedo-eliminado-de-gran-hermano-generacion-dorada\\\/#primaryimage\",\"url\":\"https:\\\/\\\/fmgente.com.ar\\\/web\\\/wp-content\\\/uploads\\\/2026\\\/04\\\/720-1378.jpeg\",\"contentUrl\":\"https:\\\/\\\/fmgente.com.ar\\\/web\\\/wp-content\\\/uploads\\\/2026\\\/04\\\/720-1378.jpeg\",\"width\":1280,\"height\":699},{\"@type\":\"WebSite\",\"@id\":\"https:\\\/\\\/fmgente.com.ar\\\/web\\\/#website\",\"url\":\"https:\\\/\\\/fmgente.com.ar\\\/web\\\/\",\"name\":\"Fm Gente\",\"description\":\"- Jes\u00fas Mar\u00eda\",\"publisher\":{\"@id\":\"https:\\\/\\\/fmgente.com.ar\\\/web\\\/#organization\"},\"potentialAction\":[{\"@type\":\"SearchAction\",\"target\":{\"@type\":\"EntryPoint\",\"urlTemplate\":\"https:\\\/\\\/fmgente.com.ar\\\/web\\\/?s={search_term_string}\"},\"query-input\":{\"@type\":\"PropertyValueSpecification\",\"valueRequired\":true,\"valueName\":\"search_term_string\"}}],\"inLanguage\":\"es\"},{\"@type\":\"Organization\",\"@id\":\"https:\\\/\\\/fmgente.com.ar\\\/web\\\/#organization\",\"name\":\"Fm Gente\",\"url\":\"https:\\\/\\\/fmgente.com.ar\\\/web\\\/\",\"logo\":{\"@type\":\"ImageObject\",\"inLanguage\":\"es\",\"@id\":\"https:\\\/\\\/fmgente.com.ar\\\/web\\\/#\\\/schema\\\/logo\\\/image\\\/\",\"url\":\"https:\\\/\\\/fmgente.com.ar\\\/web\\\/wp-content\\\/uploads\\\/2023\\\/07\\\/cropped-cropped-logo-sombra2.png\",\"contentUrl\":\"https:\\\/\\\/fmgente.com.ar\\\/web\\\/wp-content\\\/uploads\\\/2023\\\/07\\\/cropped-cropped-logo-sombra2.png\",\"width\":1782,\"height\":1782,\"caption\":\"Fm Gente\"},\"image\":{\"@id\":\"https:\\\/\\\/fmgente.com.ar\\\/web\\\/#\\\/schema\\\/logo\\\/image\\\/\"}}]}<\/script>\n<!-- \/ Yoast SEO plugin. -->","yoast_head_json":{"title":"Brian Sarmiento qued\u00f3 eliminado de Gran Hermano Generaci\u00f3n Dorada - Fm Gente","robots":{"index":"index","follow":"follow","max-snippet":"max-snippet:-1","max-image-preview":"max-image-preview:large","max-video-preview":"max-video-preview:-1"},"canonical":"https:\/\/fmgente.com.ar\/web\/brian-sarmiento-quedo-eliminado-de-gran-hermano-generacion-dorada\/","og_locale":"es_ES","og_type":"article","og_title":"Brian Sarmiento qued\u00f3 eliminado de Gran Hermano Generaci\u00f3n Dorada - Fm Gente","og_description":"Buenos Aires, 27 abril (NA) \u2013 En una de las galas m\u00e1s intensas desde el","og_url":"https:\/\/fmgente.com.ar\/web\/brian-sarmiento-quedo-eliminado-de-gran-hermano-generacion-dorada\/","og_site_name":"Fm Gente","article_published_time":"2026-04-28T07:04:58+00:00","twitter_card":"summary_large_image","twitter_misc":{"Tiempo de lectura":"1 minuto"},"schema":{"@context":"https:\/\/schema.org","@graph":[{"@type":"Article","@id":"https:\/\/fmgente.com.ar\/web\/brian-sarmiento-quedo-eliminado-de-gran-hermano-generacion-dorada\/#article","isPartOf":{"@id":"https:\/\/fmgente.com.ar\/web\/brian-sarmiento-quedo-eliminado-de-gran-hermano-generacion-dorada\/"},"author":{"name":"","@id":""},"headline":"Brian Sarmiento qued\u00f3 eliminado de Gran Hermano Generaci\u00f3n Dorada","datePublished":"2026-04-28T07:04:58+00:00","mainEntityOfPage":{"@id":"https:\/\/fmgente.com.ar\/web\/brian-sarmiento-quedo-eliminado-de-gran-hermano-generacion-dorada\/"},"wordCount":219,"publisher":{"@id":"https:\/\/fmgente.com.ar\/web\/#organization"},"image":{"@id":"https:\/\/fmgente.com.ar\/web\/brian-sarmiento-quedo-eliminado-de-gran-hermano-generacion-dorada\/#primaryimage"},"thumbnailUrl":"https:\/\/fmgente.com.ar\/web\/wp-content\/uploads\/2026\/04\/720-1378.jpeg","articleSection":["REGIONALES"],"inLanguage":"es"},{"@type":"WebPage","@id":"https:\/\/fmgente.com.ar\/web\/brian-sarmiento-quedo-eliminado-de-gran-hermano-generacion-dorada\/","url":"https:\/\/fmgente.com.ar\/web\/brian-sarmiento-quedo-eliminado-de-gran-hermano-generacion-dorada\/","name":"Brian Sarmiento qued\u00f3 eliminado de Gran Hermano Generaci\u00f3n Dorada - Fm Gente","isPartOf":{"@id":"https:\/\/fmgente.com.ar\/web\/#website"},"primaryImageOfPage":{"@id":"https:\/\/fmgente.com.ar\/web\/brian-sarmiento-quedo-eliminado-de-gran-hermano-generacion-dorada\/#primaryimage"},"image":{"@id":"https:\/\/fmgente.com.ar\/web\/brian-sarmiento-quedo-eliminado-de-gran-hermano-generacion-dorada\/#primaryimage"},"thumbnailUrl":"https:\/\/fmgente.com.ar\/web\/wp-content\/uploads\/2026\/04\/720-1378.jpeg","datePublished":"2026-04-28T07:04:58+00:00","inLanguage":"es","potentialAction":[{"@type":"ReadAction","target":["https:\/\/fmgente.com.ar\/web\/brian-sarmiento-quedo-eliminado-de-gran-hermano-generacion-dorada\/"]}]},{"@type":"ImageObject","inLanguage":"es","@id":"https:\/\/fmgente.com.ar\/web\/brian-sarmiento-quedo-eliminado-de-gran-hermano-generacion-dorada\/#primaryimage","url":"https:\/\/fmgente.com.ar\/web\/wp-content\/uploads\/2026\/04\/720-1378.jpeg","contentUrl":"https:\/\/fmgente.com.ar\/web\/wp-content\/uploads\/2026\/04\/720-1378.jpeg","width":1280,"height":699},{"@type":"WebSite","@id":"https:\/\/fmgente.com.ar\/web\/#website","url":"https:\/\/fmgente.com.ar\/web\/","name":"Fm Gente","description":"- Jes\u00fas Mar\u00eda","publisher":{"@id":"https:\/\/fmgente.com.ar\/web\/#organization"},"potentialAction":[{"@type":"SearchAction","target":{"@type":"EntryPoint","urlTemplate":"https:\/\/fmgente.com.ar\/web\/?s={search_term_string}"},"query-input":{"@type":"PropertyValueSpecification","valueRequired":true,"valueName":"search_term_string"}}],"inLanguage":"es"},{"@type":"Organization","@id":"https:\/\/fmgente.com.ar\/web\/#organization","name":"Fm Gente","url":"https:\/\/fmgente.com.ar\/web\/","logo":{"@type":"ImageObject","inLanguage":"es","@id":"https:\/\/fmgente.com.ar\/web\/#\/schema\/logo\/image\/","url":"https:\/\/fmgente.com.ar\/web\/wp-content\/uploads\/2023\/07\/cropped-cropped-logo-sombra2.png","contentUrl":"https:\/\/fmgente.com.ar\/web\/wp-content\/uploads\/2023\/07\/cropped-cropped-logo-sombra2.png","width":1782,"height":1782,"caption":"Fm Gente"},"image":{"@id":"https:\/\/fmgente.com.ar\/web\/#\/schema\/logo\/image\/"}}]}},"_links":{"self":[{"href":"https:\/\/fmgente.com.ar\/web\/wp-json\/wp\/v2\/posts\/20955","targetHints":{"allow":["GET"]}}],"collection":[{"href":"https:\/\/fmgente.com.ar\/web\/wp-json\/wp\/v2\/posts"}],"about":[{"href":"https:\/\/fmgente.com.ar\/web\/wp-json\/wp\/v2\/types\/post"}],"replies":[{"embeddable":true,"href":"https:\/\/fmgente.com.ar\/web\/wp-json\/wp\/v2\/comments?post=20955"}],"version-history":[{"count":0,"href":"https:\/\/fmgente.com.ar\/web\/wp-json\/wp\/v2\/posts\/20955\/revisions"}],"wp:featuredmedia":[{"embeddable":true,"href":"https:\/\/fmgente.com.ar\/web\/wp-json\/wp\/v2\/media\/20956"}],"wp:attachment":[{"href":"https:\/\/fmgente.com.ar\/web\/wp-json\/wp\/v2\/media?parent=20955"}],"wp:term":[{"taxonomy":"category","embeddable":true,"href":"https:\/\/fmgente.com.ar\/web\/wp-json\/wp\/v2\/categories?post=20955"},{"taxonomy":"post_tag","embeddable":true,"href":"https:\/\/fmgente.com.ar\/web\/wp-json\/wp\/v2\/tags?post=20955"}],"curies":[{"name":"wp","href":"https:\/\/api.w.org\/{rel}","templated":true}]}}