{"id":20927,"date":"2026-04-27T18:06:08","date_gmt":"2026-04-27T21:06:08","guid":{"rendered":"https:\/\/fmgente.com.ar\/web\/marcos-juarez-quiso-huir-en-una-motocicleta-agredio-a-los-oficiales-y-termino-detenido\/"},"modified":"2026-04-27T18:06:08","modified_gmt":"2026-04-27T21:06:08","slug":"marcos-juarez-quiso-huir-en-una-motocicleta-agredio-a-los-oficiales-y-termino-detenido","status":"publish","type":"post","link":"https:\/\/fmgente.com.ar\/web\/marcos-juarez-quiso-huir-en-una-motocicleta-agredio-a-los-oficiales-y-termino-detenido\/","title":{"rendered":"MARCOS JU\u00c1REZ: QUISO HUIR EN UNA MOTOCICLETA, AGREDI\u00d3 A LOS OFICIALES Y TERMIN\u00d3 DETENIDO"},"content":{"rendered":"<p>En el marco de patrullajes inteligentes desarrollados en el interior provincial, personal de la Fuerza Policial Antinarcotr\u00e1fico realiz\u00f3 un procedimiento positivo en la ciudad de Marcos Ju\u00e1rez, que culmin\u00f3 con la aprehensi\u00f3n de un hombre por resistencia a la autoridad.<\/p>\n<p>El hecho ocurri\u00f3 sobre calle Intendente Monetto s\/n de la mencionada ciudad, cuando oficiales de la Compa\u00f1\u00eda de Intervenciones Especiales de la FPA observaron a un motociclista que colision\u00f3 con un veh\u00edculo tras realizar una maniobra peligrosa.<\/p>\n<p>Al descender del m\u00f3vil para entrevistarlo y constatar su estado de salud, el sujeto abandon\u00f3 la motocicleta y emprendi\u00f3 la fuga, siendo alcanzado a pocos metros del lugar. Al momento de ser interceptado reaccion\u00f3 de manera violenta, lanzando golpes de pu\u00f1o y patadas al personal actuante, por lo que debi\u00f3 ser reducido. Luego, se procedi\u00f3 al control preventivo, identificando al involucrado como un hombre de 30 a\u00f1os, quien manifest\u00f3 no poseer documentaci\u00f3n del rodado.<\/p>\n<p>Tras las actuaciones de rigor, el detenido y el veh\u00edculo fueron trasladados a sede policial, donde se labraron actuaciones por supuesta infracci\u00f3n al art\u00edculo 239 del C\u00f3digo Penal (resistencia a la autoridad).<\/p>\n<p>Para finalizar, equipos operativos de la FPA desarrollaron controles preventivos en espacios verdes, terminales de colectivos, v\u00edas y accesos principales, adem\u00e1s de zonas comerciales de las localidades y ciudades de Morrison, Ballesteros, Monte Le\u00f1a, Villa Nueva, San Francisco, De\u00e1n Funes, Miramar, Balnearia, Marull, Achiras, Bulnes, Coronel Moldes y Santa Catalina.<\/p>\n<p>&nbsp;<\/p>\n<p><img loading=\"lazy\" decoding=\"async\" class=\"alignnone  wp-image-56924\" src=\"https:\/\/www.mpfcordoba.gob.ar\/wp-content\/uploads\/2026\/04\/WhatsApp-Image-2026-04-25-at-10.30.00-PM-940x776.jpeg\" alt=\"\" width=\"767\" height=\"633\" \/><\/p>\n<p><img loading=\"lazy\" decoding=\"async\" class=\"alignnone  wp-image-56925\" src=\"https:\/\/www.mpfcordoba.gob.ar\/wp-content\/uploads\/2026\/04\/WhatsApp-Image-2026-04-25-at-10.30.16-PM-919x940.jpeg\" alt=\"\" width=\"771\" height=\"789\" \/><\/p>\n<p><img decoding=\"async\" loading=\"lazy\" class=\"alignnone  wp-image-56926\" src=\"https:\/\/www.mpfcordoba.gob.ar\/wp-content\/uploads\/2026\/04\/WhatsApp-Image-2026-04-25-at-10.52.24-PM-940x801.jpeg\" alt=\"\" width=\"761\" height=\"648\" \/><\/p>\n<p><img decoding=\"async\" loading=\"lazy\" class=\"alignnone  wp-image-56927\" src=\"https:\/\/www.mpfcordoba.gob.ar\/wp-content\/uploads\/2026\/04\/WhatsApp-Image-2026-04-25-at-10.52.25-PM-940x784.jpeg\" alt=\"\" width=\"755\" height=\"630\" \/><\/p>\n<p><img decoding=\"async\" loading=\"lazy\" class=\"alignnone  wp-image-56928\" src=\"https:\/\/www.mpfcordoba.gob.ar\/wp-content\/uploads\/2026\/04\/WhatsApp-Image-2026-04-25-at-10.52.25-PM-1-940x881.jpeg\" alt=\"\" width=\"761\" height=\"713\" \/><\/p>\n<p>&nbsp;<\/p>\n<p>&nbsp;<\/p>\n","protected":false},"excerpt":{"rendered":"<p>En el marco de patrullajes inteligentes desarrollados en el interior provincial, personal de la Fuerza<\/p>\n","protected":false},"author":0,"featured_media":20928,"comment_status":"","ping_status":"","sticky":false,"template":"","format":"standard","meta":{"footnotes":""},"categories":[1794],"tags":[],"class_list":["post-20927","post","type-post","status-publish","format-standard","has-post-thumbnail","hentry","category-policiales"],"yoast_head":"<!-- This site is optimized with the Yoast SEO plugin v27.4 - https:\/\/yoast.com\/product\/yoast-seo-wordpress\/ -->\n<title>MARCOS JU\u00c1REZ: QUISO HUIR EN UNA MOTOCICLETA, AGREDI\u00d3 A LOS OFICIALES Y TERMIN\u00d3 DETENIDO - Fm Gente<\/title>\n<meta name=\"robots\" content=\"index, follow, max-snippet:-1, max-image-preview:large, max-video-preview:-1\" \/>\n<link rel=\"canonical\" href=\"https:\/\/fmgente.com.ar\/web\/marcos-juarez-quiso-huir-en-una-motocicleta-agredio-a-los-oficiales-y-termino-detenido\/\" \/>\n<meta property=\"og:locale\" content=\"es_ES\" \/>\n<meta property=\"og:type\" content=\"article\" \/>\n<meta property=\"og:title\" content=\"MARCOS JU\u00c1REZ: QUISO HUIR EN UNA MOTOCICLETA, AGREDI\u00d3 A LOS OFICIALES Y TERMIN\u00d3 DETENIDO - Fm Gente\" \/>\n<meta property=\"og:description\" content=\"En el marco de patrullajes inteligentes desarrollados en el interior provincial, personal de la Fuerza\" \/>\n<meta property=\"og:url\" content=\"https:\/\/fmgente.com.ar\/web\/marcos-juarez-quiso-huir-en-una-motocicleta-agredio-a-los-oficiales-y-termino-detenido\/\" \/>\n<meta property=\"og:site_name\" content=\"Fm Gente\" \/>\n<meta property=\"article:published_time\" content=\"2026-04-27T21:06:08+00:00\" \/>\n<meta name=\"twitter:card\" content=\"summary_large_image\" \/>\n<meta name=\"twitter:label1\" content=\"Tiempo de lectura\" \/>\n\t<meta name=\"twitter:data1\" content=\"1 minuto\" \/>\n<script type=\"application\/ld+json\" class=\"yoast-schema-graph\">{\"@context\":\"https:\\\/\\\/schema.org\",\"@graph\":[{\"@type\":\"Article\",\"@id\":\"https:\\\/\\\/fmgente.com.ar\\\/web\\\/marcos-juarez-quiso-huir-en-una-motocicleta-agredio-a-los-oficiales-y-termino-detenido\\\/#article\",\"isPartOf\":{\"@id\":\"https:\\\/\\\/fmgente.com.ar\\\/web\\\/marcos-juarez-quiso-huir-en-una-motocicleta-agredio-a-los-oficiales-y-termino-detenido\\\/\"},\"author\":{\"name\":\"\",\"@id\":\"\"},\"headline\":\"MARCOS JU\u00c1REZ: QUISO HUIR EN UNA MOTOCICLETA, AGREDI\u00d3 A LOS OFICIALES Y TERMIN\u00d3 DETENIDO\",\"datePublished\":\"2026-04-27T21:06:08+00:00\",\"mainEntityOfPage\":{\"@id\":\"https:\\\/\\\/fmgente.com.ar\\\/web\\\/marcos-juarez-quiso-huir-en-una-motocicleta-agredio-a-los-oficiales-y-termino-detenido\\\/\"},\"wordCount\":267,\"publisher\":{\"@id\":\"https:\\\/\\\/fmgente.com.ar\\\/web\\\/#organization\"},\"image\":{\"@id\":\"https:\\\/\\\/fmgente.com.ar\\\/web\\\/marcos-juarez-quiso-huir-en-una-motocicleta-agredio-a-los-oficiales-y-termino-detenido\\\/#primaryimage\"},\"thumbnailUrl\":\"https:\\\/\\\/fmgente.com.ar\\\/web\\\/wp-content\\\/uploads\\\/2026\\\/04\\\/WhatsApp-Image-2026-04-25-at-10.30.00-PM-940x776-1.jpeg\",\"articleSection\":[\"POLICIALES\"],\"inLanguage\":\"es\"},{\"@type\":\"WebPage\",\"@id\":\"https:\\\/\\\/fmgente.com.ar\\\/web\\\/marcos-juarez-quiso-huir-en-una-motocicleta-agredio-a-los-oficiales-y-termino-detenido\\\/\",\"url\":\"https:\\\/\\\/fmgente.com.ar\\\/web\\\/marcos-juarez-quiso-huir-en-una-motocicleta-agredio-a-los-oficiales-y-termino-detenido\\\/\",\"name\":\"MARCOS JU\u00c1REZ: QUISO HUIR EN UNA MOTOCICLETA, AGREDI\u00d3 A LOS OFICIALES Y TERMIN\u00d3 DETENIDO - Fm Gente\",\"isPartOf\":{\"@id\":\"https:\\\/\\\/fmgente.com.ar\\\/web\\\/#website\"},\"primaryImageOfPage\":{\"@id\":\"https:\\\/\\\/fmgente.com.ar\\\/web\\\/marcos-juarez-quiso-huir-en-una-motocicleta-agredio-a-los-oficiales-y-termino-detenido\\\/#primaryimage\"},\"image\":{\"@id\":\"https:\\\/\\\/fmgente.com.ar\\\/web\\\/marcos-juarez-quiso-huir-en-una-motocicleta-agredio-a-los-oficiales-y-termino-detenido\\\/#primaryimage\"},\"thumbnailUrl\":\"https:\\\/\\\/fmgente.com.ar\\\/web\\\/wp-content\\\/uploads\\\/2026\\\/04\\\/WhatsApp-Image-2026-04-25-at-10.30.00-PM-940x776-1.jpeg\",\"datePublished\":\"2026-04-27T21:06:08+00:00\",\"inLanguage\":\"es\",\"potentialAction\":[{\"@type\":\"ReadAction\",\"target\":[\"https:\\\/\\\/fmgente.com.ar\\\/web\\\/marcos-juarez-quiso-huir-en-una-motocicleta-agredio-a-los-oficiales-y-termino-detenido\\\/\"]}]},{\"@type\":\"ImageObject\",\"inLanguage\":\"es\",\"@id\":\"https:\\\/\\\/fmgente.com.ar\\\/web\\\/marcos-juarez-quiso-huir-en-una-motocicleta-agredio-a-los-oficiales-y-termino-detenido\\\/#primaryimage\",\"url\":\"https:\\\/\\\/fmgente.com.ar\\\/web\\\/wp-content\\\/uploads\\\/2026\\\/04\\\/WhatsApp-Image-2026-04-25-at-10.30.00-PM-940x776-1.jpeg\",\"contentUrl\":\"https:\\\/\\\/fmgente.com.ar\\\/web\\\/wp-content\\\/uploads\\\/2026\\\/04\\\/WhatsApp-Image-2026-04-25-at-10.30.00-PM-940x776-1.jpeg\",\"width\":940,\"height\":776},{\"@type\":\"WebSite\",\"@id\":\"https:\\\/\\\/fmgente.com.ar\\\/web\\\/#website\",\"url\":\"https:\\\/\\\/fmgente.com.ar\\\/web\\\/\",\"name\":\"Fm Gente\",\"description\":\"- Jes\u00fas Mar\u00eda\",\"publisher\":{\"@id\":\"https:\\\/\\\/fmgente.com.ar\\\/web\\\/#organization\"},\"potentialAction\":[{\"@type\":\"SearchAction\",\"target\":{\"@type\":\"EntryPoint\",\"urlTemplate\":\"https:\\\/\\\/fmgente.com.ar\\\/web\\\/?s={search_term_string}\"},\"query-input\":{\"@type\":\"PropertyValueSpecification\",\"valueRequired\":true,\"valueName\":\"search_term_string\"}}],\"inLanguage\":\"es\"},{\"@type\":\"Organization\",\"@id\":\"https:\\\/\\\/fmgente.com.ar\\\/web\\\/#organization\",\"name\":\"Fm Gente\",\"url\":\"https:\\\/\\\/fmgente.com.ar\\\/web\\\/\",\"logo\":{\"@type\":\"ImageObject\",\"inLanguage\":\"es\",\"@id\":\"https:\\\/\\\/fmgente.com.ar\\\/web\\\/#\\\/schema\\\/logo\\\/image\\\/\",\"url\":\"https:\\\/\\\/fmgente.com.ar\\\/web\\\/wp-content\\\/uploads\\\/2023\\\/07\\\/cropped-cropped-logo-sombra2.png\",\"contentUrl\":\"https:\\\/\\\/fmgente.com.ar\\\/web\\\/wp-content\\\/uploads\\\/2023\\\/07\\\/cropped-cropped-logo-sombra2.png\",\"width\":1782,\"height\":1782,\"caption\":\"Fm Gente\"},\"image\":{\"@id\":\"https:\\\/\\\/fmgente.com.ar\\\/web\\\/#\\\/schema\\\/logo\\\/image\\\/\"}}]}<\/script>\n<!-- \/ Yoast SEO plugin. -->","yoast_head_json":{"title":"MARCOS JU\u00c1REZ: QUISO HUIR EN UNA MOTOCICLETA, AGREDI\u00d3 A LOS OFICIALES Y TERMIN\u00d3 DETENIDO - Fm Gente","robots":{"index":"index","follow":"follow","max-snippet":"max-snippet:-1","max-image-preview":"max-image-preview:large","max-video-preview":"max-video-preview:-1"},"canonical":"https:\/\/fmgente.com.ar\/web\/marcos-juarez-quiso-huir-en-una-motocicleta-agredio-a-los-oficiales-y-termino-detenido\/","og_locale":"es_ES","og_type":"article","og_title":"MARCOS JU\u00c1REZ: QUISO HUIR EN UNA MOTOCICLETA, AGREDI\u00d3 A LOS OFICIALES Y TERMIN\u00d3 DETENIDO - Fm Gente","og_description":"En el marco de patrullajes inteligentes desarrollados en el interior provincial, personal de la Fuerza","og_url":"https:\/\/fmgente.com.ar\/web\/marcos-juarez-quiso-huir-en-una-motocicleta-agredio-a-los-oficiales-y-termino-detenido\/","og_site_name":"Fm Gente","article_published_time":"2026-04-27T21:06:08+00:00","twitter_card":"summary_large_image","twitter_misc":{"Tiempo de lectura":"1 minuto"},"schema":{"@context":"https:\/\/schema.org","@graph":[{"@type":"Article","@id":"https:\/\/fmgente.com.ar\/web\/marcos-juarez-quiso-huir-en-una-motocicleta-agredio-a-los-oficiales-y-termino-detenido\/#article","isPartOf":{"@id":"https:\/\/fmgente.com.ar\/web\/marcos-juarez-quiso-huir-en-una-motocicleta-agredio-a-los-oficiales-y-termino-detenido\/"},"author":{"name":"","@id":""},"headline":"MARCOS JU\u00c1REZ: QUISO HUIR EN UNA MOTOCICLETA, AGREDI\u00d3 A LOS OFICIALES Y TERMIN\u00d3 DETENIDO","datePublished":"2026-04-27T21:06:08+00:00","mainEntityOfPage":{"@id":"https:\/\/fmgente.com.ar\/web\/marcos-juarez-quiso-huir-en-una-motocicleta-agredio-a-los-oficiales-y-termino-detenido\/"},"wordCount":267,"publisher":{"@id":"https:\/\/fmgente.com.ar\/web\/#organization"},"image":{"@id":"https:\/\/fmgente.com.ar\/web\/marcos-juarez-quiso-huir-en-una-motocicleta-agredio-a-los-oficiales-y-termino-detenido\/#primaryimage"},"thumbnailUrl":"https:\/\/fmgente.com.ar\/web\/wp-content\/uploads\/2026\/04\/WhatsApp-Image-2026-04-25-at-10.30.00-PM-940x776-1.jpeg","articleSection":["POLICIALES"],"inLanguage":"es"},{"@type":"WebPage","@id":"https:\/\/fmgente.com.ar\/web\/marcos-juarez-quiso-huir-en-una-motocicleta-agredio-a-los-oficiales-y-termino-detenido\/","url":"https:\/\/fmgente.com.ar\/web\/marcos-juarez-quiso-huir-en-una-motocicleta-agredio-a-los-oficiales-y-termino-detenido\/","name":"MARCOS JU\u00c1REZ: QUISO HUIR EN UNA MOTOCICLETA, AGREDI\u00d3 A LOS OFICIALES Y TERMIN\u00d3 DETENIDO - Fm Gente","isPartOf":{"@id":"https:\/\/fmgente.com.ar\/web\/#website"},"primaryImageOfPage":{"@id":"https:\/\/fmgente.com.ar\/web\/marcos-juarez-quiso-huir-en-una-motocicleta-agredio-a-los-oficiales-y-termino-detenido\/#primaryimage"},"image":{"@id":"https:\/\/fmgente.com.ar\/web\/marcos-juarez-quiso-huir-en-una-motocicleta-agredio-a-los-oficiales-y-termino-detenido\/#primaryimage"},"thumbnailUrl":"https:\/\/fmgente.com.ar\/web\/wp-content\/uploads\/2026\/04\/WhatsApp-Image-2026-04-25-at-10.30.00-PM-940x776-1.jpeg","datePublished":"2026-04-27T21:06:08+00:00","inLanguage":"es","potentialAction":[{"@type":"ReadAction","target":["https:\/\/fmgente.com.ar\/web\/marcos-juarez-quiso-huir-en-una-motocicleta-agredio-a-los-oficiales-y-termino-detenido\/"]}]},{"@type":"ImageObject","inLanguage":"es","@id":"https:\/\/fmgente.com.ar\/web\/marcos-juarez-quiso-huir-en-una-motocicleta-agredio-a-los-oficiales-y-termino-detenido\/#primaryimage","url":"https:\/\/fmgente.com.ar\/web\/wp-content\/uploads\/2026\/04\/WhatsApp-Image-2026-04-25-at-10.30.00-PM-940x776-1.jpeg","contentUrl":"https:\/\/fmgente.com.ar\/web\/wp-content\/uploads\/2026\/04\/WhatsApp-Image-2026-04-25-at-10.30.00-PM-940x776-1.jpeg","width":940,"height":776},{"@type":"WebSite","@id":"https:\/\/fmgente.com.ar\/web\/#website","url":"https:\/\/fmgente.com.ar\/web\/","name":"Fm Gente","description":"- Jes\u00fas Mar\u00eda","publisher":{"@id":"https:\/\/fmgente.com.ar\/web\/#organization"},"potentialAction":[{"@type":"SearchAction","target":{"@type":"EntryPoint","urlTemplate":"https:\/\/fmgente.com.ar\/web\/?s={search_term_string}"},"query-input":{"@type":"PropertyValueSpecification","valueRequired":true,"valueName":"search_term_string"}}],"inLanguage":"es"},{"@type":"Organization","@id":"https:\/\/fmgente.com.ar\/web\/#organization","name":"Fm Gente","url":"https:\/\/fmgente.com.ar\/web\/","logo":{"@type":"ImageObject","inLanguage":"es","@id":"https:\/\/fmgente.com.ar\/web\/#\/schema\/logo\/image\/","url":"https:\/\/fmgente.com.ar\/web\/wp-content\/uploads\/2023\/07\/cropped-cropped-logo-sombra2.png","contentUrl":"https:\/\/fmgente.com.ar\/web\/wp-content\/uploads\/2023\/07\/cropped-cropped-logo-sombra2.png","width":1782,"height":1782,"caption":"Fm Gente"},"image":{"@id":"https:\/\/fmgente.com.ar\/web\/#\/schema\/logo\/image\/"}}]}},"_links":{"self":[{"href":"https:\/\/fmgente.com.ar\/web\/wp-json\/wp\/v2\/posts\/20927","targetHints":{"allow":["GET"]}}],"collection":[{"href":"https:\/\/fmgente.com.ar\/web\/wp-json\/wp\/v2\/posts"}],"about":[{"href":"https:\/\/fmgente.com.ar\/web\/wp-json\/wp\/v2\/types\/post"}],"replies":[{"embeddable":true,"href":"https:\/\/fmgente.com.ar\/web\/wp-json\/wp\/v2\/comments?post=20927"}],"version-history":[{"count":0,"href":"https:\/\/fmgente.com.ar\/web\/wp-json\/wp\/v2\/posts\/20927\/revisions"}],"wp:featuredmedia":[{"embeddable":true,"href":"https:\/\/fmgente.com.ar\/web\/wp-json\/wp\/v2\/media\/20928"}],"wp:attachment":[{"href":"https:\/\/fmgente.com.ar\/web\/wp-json\/wp\/v2\/media?parent=20927"}],"wp:term":[{"taxonomy":"category","embeddable":true,"href":"https:\/\/fmgente.com.ar\/web\/wp-json\/wp\/v2\/categories?post=20927"},{"taxonomy":"post_tag","embeddable":true,"href":"https:\/\/fmgente.com.ar\/web\/wp-json\/wp\/v2\/tags?post=20927"}],"curies":[{"name":"wp","href":"https:\/\/api.w.org\/{rel}","templated":true}]}}