{"id":20923,"date":"2026-04-27T17:05:52","date_gmt":"2026-04-27T20:05:52","guid":{"rendered":"https:\/\/fmgente.com.ar\/web\/san-lorenzo-recibe-al-santos-de-neymar-por-copa-sudamericana\/"},"modified":"2026-04-27T17:05:52","modified_gmt":"2026-04-27T20:05:52","slug":"san-lorenzo-recibe-al-santos-de-neymar-por-copa-sudamericana","status":"publish","type":"post","link":"https:\/\/fmgente.com.ar\/web\/san-lorenzo-recibe-al-santos-de-neymar-por-copa-sudamericana\/","title":{"rendered":"San Lorenzo recibe al Santos de Neymar por Copa Sudamericana"},"content":{"rendered":"<p>Buenos Aires, 27 abril (NA) \u2013 San Lorenzo recibir\u00e1 este martes al Santos de Brasil, con el astro brasile\u00f1o Neymar entre sus convocados, en el marco de la tercera fecha del Grupo D de la Copa Sudamericana.<\/p>\n<p>El partido tendr\u00e1 lugar en el estadio Pedro Bidegain desde las 19 horas y contar\u00e1 con el arbitraje del colombiano Jhon Ospina mientras que su compatriota David Rodr\u00edguez estar\u00e1 en el VAR. La transmisi\u00f3n del encuentro estar\u00e1 a cargo de DSports.<\/p>\n<p>El equipo de Gustavo \u00c1lvarez llega a este partido tras lo que fue la victoria 1-0 sobre Platense, el pasado viernes en condici\u00f3n de visitante, en el marco de la d\u00e9cimosexta fecha de la Zona A del Torneo Apertura de la Liga Profesional, certamen que lo tiene sexto con 22 puntos y en zona de playoffs, seg\u00fan se inform\u00f3 la Agencia Noticias Argentinas.<\/p>\n<p>Para este encuentro ante el tres veces campe\u00f3n de Am\u00e9rica, el entrenador ex Universidad de Chile no realizar\u00e1 modificaciones con respecto al triunfo ante el \u201cCalamar\u201d y repetir\u00e1 el equipo por tercer partido consecutivo.<\/p>\n<p>Por su parte, el equipo del experimentado entrenador Cuca llega a este encuentro tras lo que fue el empate 2-2 ante Bah\u00eda, el pasado s\u00e1bado en el Arena Fonte Nova, por la decimotercera fecha del Brasileir\u00e3o que lo tiene en el puesto 17, en zona de descenso, con 14 unidades.<\/p>\n<p>Para este partido ante San Lorenzo, el ex director t\u00e9cnico del Atl\u00e9tico Mineiro de Brasil modificar\u00e1 9 de los 11 jugadores que empataron ante Bah\u00eda y solo mantendr\u00e1 en el equipo titular al defensor argentino Gonzalo Escobar y al mediocampista Gabriel Bontempo.<\/p>\n<p>Adem\u00e1s, dentro de estas modificaciones estar\u00e1 el regreso del astro brasile\u00f1o Neymar al equipo titular, lo que genera una gran expectativa para los hinchas de San Lorenzo que desean ver al ex Barcelona de Espa\u00f1a en el campo de juego del recinto ubicado en el barrio porte\u00f1o del Bajo Flores.<\/p>\n<p>ESTAS SON LAS PROBABLES FORMACIONES Y OTROS DETALLES DEL PARTIDO<\/p>\n<p> * Copa Sudamericana &#8211; Grupo D &#8211; Fecha 3<br \/>\n * San Lorenzo de Almagro vs Santos (Brasil)<br \/>\n * Estadio: Pedro Bidegain, Ciudad Aut\u00f3noma de Buenos Aires<br \/>\n * \u00c1rbitro: Jhon Ospina (Colombia)<br \/>\n * VAR: David Rodr\u00edguez (Colombia).<\/p>\n<p>San Lorenzo: Orlando Gill; Ezequiel Herrera, Jhohan Roma\u00f1a, Lautaro Montenegro; Nicol\u00e1s Tripichio, Facundo Gulli, Manuel Insaurralde, Math\u00edas De Ritis; Mat\u00edas Reali; Alexis Cuello y Rodrigo Auzmendi. DT: Gustavo \u00c1lvarez.<\/p>\n<p>Santos (Brasil): Gabriel Brazao; Igor, Adonis Fr\u00edas, Luan Peres, Gonzalo Escobar; Gustavo Henrique, Willian Arao; Gabriel Bontempo, Neymar, Moises; Gabriel Barbosa. DT: Cuca.<\/p>\n<p>#AgenciaNA<\/p>\n","protected":false},"excerpt":{"rendered":"<p>Buenos Aires, 27 abril (NA) \u2013 San Lorenzo recibir\u00e1 este martes al Santos de Brasil,<\/p>\n","protected":false},"author":0,"featured_media":20924,"comment_status":"","ping_status":"","sticky":false,"template":"","format":"standard","meta":{"footnotes":""},"categories":[1],"tags":[],"class_list":["post-20923","post","type-post","status-publish","format-standard","has-post-thumbnail","hentry","category-regionales"],"yoast_head":"<!-- This site is optimized with the Yoast SEO plugin v27.4 - https:\/\/yoast.com\/product\/yoast-seo-wordpress\/ -->\n<title>San Lorenzo recibe al Santos de Neymar por Copa Sudamericana - Fm Gente<\/title>\n<meta name=\"robots\" content=\"index, follow, max-snippet:-1, max-image-preview:large, max-video-preview:-1\" \/>\n<link rel=\"canonical\" href=\"https:\/\/fmgente.com.ar\/web\/san-lorenzo-recibe-al-santos-de-neymar-por-copa-sudamericana\/\" \/>\n<meta property=\"og:locale\" content=\"es_ES\" \/>\n<meta property=\"og:type\" content=\"article\" \/>\n<meta property=\"og:title\" content=\"San Lorenzo recibe al Santos de Neymar por Copa Sudamericana - Fm Gente\" \/>\n<meta property=\"og:description\" content=\"Buenos Aires, 27 abril (NA) \u2013 San Lorenzo recibir\u00e1 este martes al Santos de Brasil,\" \/>\n<meta property=\"og:url\" content=\"https:\/\/fmgente.com.ar\/web\/san-lorenzo-recibe-al-santos-de-neymar-por-copa-sudamericana\/\" \/>\n<meta property=\"og:site_name\" content=\"Fm Gente\" \/>\n<meta property=\"article:published_time\" content=\"2026-04-27T20:05:52+00:00\" \/>\n<meta name=\"twitter:card\" content=\"summary_large_image\" \/>\n<meta name=\"twitter:label1\" content=\"Tiempo de lectura\" \/>\n\t<meta name=\"twitter:data1\" content=\"2 minutos\" \/>\n<script type=\"application\/ld+json\" class=\"yoast-schema-graph\">{\"@context\":\"https:\\\/\\\/schema.org\",\"@graph\":[{\"@type\":\"Article\",\"@id\":\"https:\\\/\\\/fmgente.com.ar\\\/web\\\/san-lorenzo-recibe-al-santos-de-neymar-por-copa-sudamericana\\\/#article\",\"isPartOf\":{\"@id\":\"https:\\\/\\\/fmgente.com.ar\\\/web\\\/san-lorenzo-recibe-al-santos-de-neymar-por-copa-sudamericana\\\/\"},\"author\":{\"name\":\"\",\"@id\":\"\"},\"headline\":\"San Lorenzo recibe al Santos de Neymar por Copa Sudamericana\",\"datePublished\":\"2026-04-27T20:05:52+00:00\",\"mainEntityOfPage\":{\"@id\":\"https:\\\/\\\/fmgente.com.ar\\\/web\\\/san-lorenzo-recibe-al-santos-de-neymar-por-copa-sudamericana\\\/\"},\"wordCount\":437,\"publisher\":{\"@id\":\"https:\\\/\\\/fmgente.com.ar\\\/web\\\/#organization\"},\"image\":{\"@id\":\"https:\\\/\\\/fmgente.com.ar\\\/web\\\/san-lorenzo-recibe-al-santos-de-neymar-por-copa-sudamericana\\\/#primaryimage\"},\"thumbnailUrl\":\"https:\\\/\\\/fmgente.com.ar\\\/web\\\/wp-content\\\/uploads\\\/2026\\\/04\\\/720-1365.jpeg\",\"articleSection\":[\"REGIONALES\"],\"inLanguage\":\"es\"},{\"@type\":\"WebPage\",\"@id\":\"https:\\\/\\\/fmgente.com.ar\\\/web\\\/san-lorenzo-recibe-al-santos-de-neymar-por-copa-sudamericana\\\/\",\"url\":\"https:\\\/\\\/fmgente.com.ar\\\/web\\\/san-lorenzo-recibe-al-santos-de-neymar-por-copa-sudamericana\\\/\",\"name\":\"San Lorenzo recibe al Santos de Neymar por Copa Sudamericana - Fm Gente\",\"isPartOf\":{\"@id\":\"https:\\\/\\\/fmgente.com.ar\\\/web\\\/#website\"},\"primaryImageOfPage\":{\"@id\":\"https:\\\/\\\/fmgente.com.ar\\\/web\\\/san-lorenzo-recibe-al-santos-de-neymar-por-copa-sudamericana\\\/#primaryimage\"},\"image\":{\"@id\":\"https:\\\/\\\/fmgente.com.ar\\\/web\\\/san-lorenzo-recibe-al-santos-de-neymar-por-copa-sudamericana\\\/#primaryimage\"},\"thumbnailUrl\":\"https:\\\/\\\/fmgente.com.ar\\\/web\\\/wp-content\\\/uploads\\\/2026\\\/04\\\/720-1365.jpeg\",\"datePublished\":\"2026-04-27T20:05:52+00:00\",\"inLanguage\":\"es\",\"potentialAction\":[{\"@type\":\"ReadAction\",\"target\":[\"https:\\\/\\\/fmgente.com.ar\\\/web\\\/san-lorenzo-recibe-al-santos-de-neymar-por-copa-sudamericana\\\/\"]}]},{\"@type\":\"ImageObject\",\"inLanguage\":\"es\",\"@id\":\"https:\\\/\\\/fmgente.com.ar\\\/web\\\/san-lorenzo-recibe-al-santos-de-neymar-por-copa-sudamericana\\\/#primaryimage\",\"url\":\"https:\\\/\\\/fmgente.com.ar\\\/web\\\/wp-content\\\/uploads\\\/2026\\\/04\\\/720-1365.jpeg\",\"contentUrl\":\"https:\\\/\\\/fmgente.com.ar\\\/web\\\/wp-content\\\/uploads\\\/2026\\\/04\\\/720-1365.jpeg\",\"width\":874,\"height\":720},{\"@type\":\"WebSite\",\"@id\":\"https:\\\/\\\/fmgente.com.ar\\\/web\\\/#website\",\"url\":\"https:\\\/\\\/fmgente.com.ar\\\/web\\\/\",\"name\":\"Fm Gente\",\"description\":\"- Jes\u00fas Mar\u00eda\",\"publisher\":{\"@id\":\"https:\\\/\\\/fmgente.com.ar\\\/web\\\/#organization\"},\"potentialAction\":[{\"@type\":\"SearchAction\",\"target\":{\"@type\":\"EntryPoint\",\"urlTemplate\":\"https:\\\/\\\/fmgente.com.ar\\\/web\\\/?s={search_term_string}\"},\"query-input\":{\"@type\":\"PropertyValueSpecification\",\"valueRequired\":true,\"valueName\":\"search_term_string\"}}],\"inLanguage\":\"es\"},{\"@type\":\"Organization\",\"@id\":\"https:\\\/\\\/fmgente.com.ar\\\/web\\\/#organization\",\"name\":\"Fm Gente\",\"url\":\"https:\\\/\\\/fmgente.com.ar\\\/web\\\/\",\"logo\":{\"@type\":\"ImageObject\",\"inLanguage\":\"es\",\"@id\":\"https:\\\/\\\/fmgente.com.ar\\\/web\\\/#\\\/schema\\\/logo\\\/image\\\/\",\"url\":\"https:\\\/\\\/fmgente.com.ar\\\/web\\\/wp-content\\\/uploads\\\/2023\\\/07\\\/cropped-cropped-logo-sombra2.png\",\"contentUrl\":\"https:\\\/\\\/fmgente.com.ar\\\/web\\\/wp-content\\\/uploads\\\/2023\\\/07\\\/cropped-cropped-logo-sombra2.png\",\"width\":1782,\"height\":1782,\"caption\":\"Fm Gente\"},\"image\":{\"@id\":\"https:\\\/\\\/fmgente.com.ar\\\/web\\\/#\\\/schema\\\/logo\\\/image\\\/\"}}]}<\/script>\n<!-- \/ Yoast SEO plugin. -->","yoast_head_json":{"title":"San Lorenzo recibe al Santos de Neymar por Copa Sudamericana - Fm Gente","robots":{"index":"index","follow":"follow","max-snippet":"max-snippet:-1","max-image-preview":"max-image-preview:large","max-video-preview":"max-video-preview:-1"},"canonical":"https:\/\/fmgente.com.ar\/web\/san-lorenzo-recibe-al-santos-de-neymar-por-copa-sudamericana\/","og_locale":"es_ES","og_type":"article","og_title":"San Lorenzo recibe al Santos de Neymar por Copa Sudamericana - Fm Gente","og_description":"Buenos Aires, 27 abril (NA) \u2013 San Lorenzo recibir\u00e1 este martes al Santos de Brasil,","og_url":"https:\/\/fmgente.com.ar\/web\/san-lorenzo-recibe-al-santos-de-neymar-por-copa-sudamericana\/","og_site_name":"Fm Gente","article_published_time":"2026-04-27T20:05:52+00:00","twitter_card":"summary_large_image","twitter_misc":{"Tiempo de lectura":"2 minutos"},"schema":{"@context":"https:\/\/schema.org","@graph":[{"@type":"Article","@id":"https:\/\/fmgente.com.ar\/web\/san-lorenzo-recibe-al-santos-de-neymar-por-copa-sudamericana\/#article","isPartOf":{"@id":"https:\/\/fmgente.com.ar\/web\/san-lorenzo-recibe-al-santos-de-neymar-por-copa-sudamericana\/"},"author":{"name":"","@id":""},"headline":"San Lorenzo recibe al Santos de Neymar por Copa Sudamericana","datePublished":"2026-04-27T20:05:52+00:00","mainEntityOfPage":{"@id":"https:\/\/fmgente.com.ar\/web\/san-lorenzo-recibe-al-santos-de-neymar-por-copa-sudamericana\/"},"wordCount":437,"publisher":{"@id":"https:\/\/fmgente.com.ar\/web\/#organization"},"image":{"@id":"https:\/\/fmgente.com.ar\/web\/san-lorenzo-recibe-al-santos-de-neymar-por-copa-sudamericana\/#primaryimage"},"thumbnailUrl":"https:\/\/fmgente.com.ar\/web\/wp-content\/uploads\/2026\/04\/720-1365.jpeg","articleSection":["REGIONALES"],"inLanguage":"es"},{"@type":"WebPage","@id":"https:\/\/fmgente.com.ar\/web\/san-lorenzo-recibe-al-santos-de-neymar-por-copa-sudamericana\/","url":"https:\/\/fmgente.com.ar\/web\/san-lorenzo-recibe-al-santos-de-neymar-por-copa-sudamericana\/","name":"San Lorenzo recibe al Santos de Neymar por Copa Sudamericana - Fm Gente","isPartOf":{"@id":"https:\/\/fmgente.com.ar\/web\/#website"},"primaryImageOfPage":{"@id":"https:\/\/fmgente.com.ar\/web\/san-lorenzo-recibe-al-santos-de-neymar-por-copa-sudamericana\/#primaryimage"},"image":{"@id":"https:\/\/fmgente.com.ar\/web\/san-lorenzo-recibe-al-santos-de-neymar-por-copa-sudamericana\/#primaryimage"},"thumbnailUrl":"https:\/\/fmgente.com.ar\/web\/wp-content\/uploads\/2026\/04\/720-1365.jpeg","datePublished":"2026-04-27T20:05:52+00:00","inLanguage":"es","potentialAction":[{"@type":"ReadAction","target":["https:\/\/fmgente.com.ar\/web\/san-lorenzo-recibe-al-santos-de-neymar-por-copa-sudamericana\/"]}]},{"@type":"ImageObject","inLanguage":"es","@id":"https:\/\/fmgente.com.ar\/web\/san-lorenzo-recibe-al-santos-de-neymar-por-copa-sudamericana\/#primaryimage","url":"https:\/\/fmgente.com.ar\/web\/wp-content\/uploads\/2026\/04\/720-1365.jpeg","contentUrl":"https:\/\/fmgente.com.ar\/web\/wp-content\/uploads\/2026\/04\/720-1365.jpeg","width":874,"height":720},{"@type":"WebSite","@id":"https:\/\/fmgente.com.ar\/web\/#website","url":"https:\/\/fmgente.com.ar\/web\/","name":"Fm Gente","description":"- Jes\u00fas Mar\u00eda","publisher":{"@id":"https:\/\/fmgente.com.ar\/web\/#organization"},"potentialAction":[{"@type":"SearchAction","target":{"@type":"EntryPoint","urlTemplate":"https:\/\/fmgente.com.ar\/web\/?s={search_term_string}"},"query-input":{"@type":"PropertyValueSpecification","valueRequired":true,"valueName":"search_term_string"}}],"inLanguage":"es"},{"@type":"Organization","@id":"https:\/\/fmgente.com.ar\/web\/#organization","name":"Fm Gente","url":"https:\/\/fmgente.com.ar\/web\/","logo":{"@type":"ImageObject","inLanguage":"es","@id":"https:\/\/fmgente.com.ar\/web\/#\/schema\/logo\/image\/","url":"https:\/\/fmgente.com.ar\/web\/wp-content\/uploads\/2023\/07\/cropped-cropped-logo-sombra2.png","contentUrl":"https:\/\/fmgente.com.ar\/web\/wp-content\/uploads\/2023\/07\/cropped-cropped-logo-sombra2.png","width":1782,"height":1782,"caption":"Fm Gente"},"image":{"@id":"https:\/\/fmgente.com.ar\/web\/#\/schema\/logo\/image\/"}}]}},"_links":{"self":[{"href":"https:\/\/fmgente.com.ar\/web\/wp-json\/wp\/v2\/posts\/20923","targetHints":{"allow":["GET"]}}],"collection":[{"href":"https:\/\/fmgente.com.ar\/web\/wp-json\/wp\/v2\/posts"}],"about":[{"href":"https:\/\/fmgente.com.ar\/web\/wp-json\/wp\/v2\/types\/post"}],"replies":[{"embeddable":true,"href":"https:\/\/fmgente.com.ar\/web\/wp-json\/wp\/v2\/comments?post=20923"}],"version-history":[{"count":0,"href":"https:\/\/fmgente.com.ar\/web\/wp-json\/wp\/v2\/posts\/20923\/revisions"}],"wp:featuredmedia":[{"embeddable":true,"href":"https:\/\/fmgente.com.ar\/web\/wp-json\/wp\/v2\/media\/20924"}],"wp:attachment":[{"href":"https:\/\/fmgente.com.ar\/web\/wp-json\/wp\/v2\/media?parent=20923"}],"wp:term":[{"taxonomy":"category","embeddable":true,"href":"https:\/\/fmgente.com.ar\/web\/wp-json\/wp\/v2\/categories?post=20923"},{"taxonomy":"post_tag","embeddable":true,"href":"https:\/\/fmgente.com.ar\/web\/wp-json\/wp\/v2\/tags?post=20923"}],"curies":[{"name":"wp","href":"https:\/\/api.w.org\/{rel}","templated":true}]}}