{"id":20921,"date":"2026-04-27T17:05:51","date_gmt":"2026-04-27T20:05:51","guid":{"rendered":"https:\/\/fmgente.com.ar\/web\/alpha-media-despliega-toda-su-potencia-informativa-y-musical-en-la-feria-del-libro-2026\/"},"modified":"2026-04-27T17:05:51","modified_gmt":"2026-04-27T20:05:51","slug":"alpha-media-despliega-toda-su-potencia-informativa-y-musical-en-la-feria-del-libro-2026","status":"publish","type":"post","link":"https:\/\/fmgente.com.ar\/web\/alpha-media-despliega-toda-su-potencia-informativa-y-musical-en-la-feria-del-libro-2026\/","title":{"rendered":"Alpha Media despliega toda su potencia informativa y musical en la Feria del Libro 2026"},"content":{"rendered":"<p>Buenos Aires, 27 abril (NA) \u2013 El grupo Alpha Media vuelve a estar presente en la edici\u00f3n 2026 de la Feria del Libro de Buenos Aires con sus radios Rivadavia, Rock and Pop, Splendid y Metro Power Hits, la agencias Noticias Argentinas y la revista Newsweek.<\/p>\n<p>Las cuatro radios tienen transmisiones en vivo de sus programas desde el cami\u00f3n montado en la feria sobre el ingreso de avenida Sarmiento, donde los conductores tienen contacto con los oyentes que asisten al evento.<\/p>\n<p>De lunes a jueves de 14 a 19 radio Splendid emite sus programas desde la Feria del Libro, en tanto que los viernes son exclusivos de Rock and Pop, que lleva al ciclo \u201cTardes bestiales\u201d, con la conducci\u00f3n de Gonzalito Rodr\u00edguez.<\/p>\n<p>Est\u00e1 previsto que el feriado del 1 de mayo Rock and Pop tendr\u00e1 en show sorpresa en el escenario principal de la Feria del Libro. La radio arranc\u00f3 la tanda de espect\u00e1culos musicales la semana pasada con la banda Los P\u00e9rez Garc\u00eda.<\/p>\n<p>Los s\u00e1bados son para radio Rivadavia, que lleva su programa \u201cEl sill\u00f3n de Rivadavia\u201d, de 13 a 17, con la conducci\u00f3n de Ricardo Guazzardi.<\/p>\n<p>Metro Power Hits toma el control de los domingos, con acciones, m\u00fasica y actividades con los oyentes.<\/p>\n<p>La agencia Noticias Argentinas, en tanto, volver\u00e1 a participar de la Feria por segundo a\u00f1o consecutivo y, en esta oportunidad, encabezar\u00e1 una actividad bajo el t\u00edtulo \u201c50 a\u00f1os del golpe: el rol de las agencias de noticias y el desaf\u00edo de informar\u201d.<\/p>\n<p>En la charla participar\u00e1n periodistas y fot\u00f3grafos de la agencia de distintas \u00e9pocas. El evento se desarrollar\u00e1 el 5 de mayo a las 14.30 en la Sala Alejandra Pizarnik. #AgenciaNA<\/p>\n","protected":false},"excerpt":{"rendered":"<p>Buenos Aires, 27 abril (NA) \u2013 El grupo Alpha Media vuelve a estar presente en<\/p>\n","protected":false},"author":0,"featured_media":20922,"comment_status":"","ping_status":"","sticky":false,"template":"","format":"standard","meta":{"footnotes":""},"categories":[1],"tags":[],"class_list":["post-20921","post","type-post","status-publish","format-standard","has-post-thumbnail","hentry","category-regionales"],"yoast_head":"<!-- This site is optimized with the Yoast SEO plugin v27.4 - https:\/\/yoast.com\/product\/yoast-seo-wordpress\/ -->\n<title>Alpha Media despliega toda su potencia informativa y musical en la Feria del Libro 2026 - Fm Gente<\/title>\n<meta name=\"robots\" content=\"index, follow, max-snippet:-1, max-image-preview:large, max-video-preview:-1\" \/>\n<link rel=\"canonical\" href=\"https:\/\/fmgente.com.ar\/web\/alpha-media-despliega-toda-su-potencia-informativa-y-musical-en-la-feria-del-libro-2026\/\" \/>\n<meta property=\"og:locale\" content=\"es_ES\" \/>\n<meta property=\"og:type\" content=\"article\" \/>\n<meta property=\"og:title\" content=\"Alpha Media despliega toda su potencia informativa y musical en la Feria del Libro 2026 - Fm Gente\" \/>\n<meta property=\"og:description\" content=\"Buenos Aires, 27 abril (NA) \u2013 El grupo Alpha Media vuelve a estar presente en\" \/>\n<meta property=\"og:url\" content=\"https:\/\/fmgente.com.ar\/web\/alpha-media-despliega-toda-su-potencia-informativa-y-musical-en-la-feria-del-libro-2026\/\" \/>\n<meta property=\"og:site_name\" content=\"Fm Gente\" \/>\n<meta property=\"article:published_time\" content=\"2026-04-27T20:05:51+00:00\" \/>\n<meta name=\"twitter:card\" content=\"summary_large_image\" \/>\n<meta name=\"twitter:label1\" content=\"Tiempo de lectura\" \/>\n\t<meta name=\"twitter:data1\" content=\"1 minuto\" \/>\n<script type=\"application\/ld+json\" class=\"yoast-schema-graph\">{\"@context\":\"https:\\\/\\\/schema.org\",\"@graph\":[{\"@type\":\"Article\",\"@id\":\"https:\\\/\\\/fmgente.com.ar\\\/web\\\/alpha-media-despliega-toda-su-potencia-informativa-y-musical-en-la-feria-del-libro-2026\\\/#article\",\"isPartOf\":{\"@id\":\"https:\\\/\\\/fmgente.com.ar\\\/web\\\/alpha-media-despliega-toda-su-potencia-informativa-y-musical-en-la-feria-del-libro-2026\\\/\"},\"author\":{\"name\":\"\",\"@id\":\"\"},\"headline\":\"Alpha Media despliega toda su potencia informativa y musical en la Feria del Libro 2026\",\"datePublished\":\"2026-04-27T20:05:51+00:00\",\"mainEntityOfPage\":{\"@id\":\"https:\\\/\\\/fmgente.com.ar\\\/web\\\/alpha-media-despliega-toda-su-potencia-informativa-y-musical-en-la-feria-del-libro-2026\\\/\"},\"wordCount\":297,\"publisher\":{\"@id\":\"https:\\\/\\\/fmgente.com.ar\\\/web\\\/#organization\"},\"image\":{\"@id\":\"https:\\\/\\\/fmgente.com.ar\\\/web\\\/alpha-media-despliega-toda-su-potencia-informativa-y-musical-en-la-feria-del-libro-2026\\\/#primaryimage\"},\"thumbnailUrl\":\"https:\\\/\\\/fmgente.com.ar\\\/web\\\/wp-content\\\/uploads\\\/2026\\\/04\\\/720-1364.jpeg\",\"articleSection\":[\"REGIONALES\"],\"inLanguage\":\"es\"},{\"@type\":\"WebPage\",\"@id\":\"https:\\\/\\\/fmgente.com.ar\\\/web\\\/alpha-media-despliega-toda-su-potencia-informativa-y-musical-en-la-feria-del-libro-2026\\\/\",\"url\":\"https:\\\/\\\/fmgente.com.ar\\\/web\\\/alpha-media-despliega-toda-su-potencia-informativa-y-musical-en-la-feria-del-libro-2026\\\/\",\"name\":\"Alpha Media despliega toda su potencia informativa y musical en la Feria del Libro 2026 - Fm Gente\",\"isPartOf\":{\"@id\":\"https:\\\/\\\/fmgente.com.ar\\\/web\\\/#website\"},\"primaryImageOfPage\":{\"@id\":\"https:\\\/\\\/fmgente.com.ar\\\/web\\\/alpha-media-despliega-toda-su-potencia-informativa-y-musical-en-la-feria-del-libro-2026\\\/#primaryimage\"},\"image\":{\"@id\":\"https:\\\/\\\/fmgente.com.ar\\\/web\\\/alpha-media-despliega-toda-su-potencia-informativa-y-musical-en-la-feria-del-libro-2026\\\/#primaryimage\"},\"thumbnailUrl\":\"https:\\\/\\\/fmgente.com.ar\\\/web\\\/wp-content\\\/uploads\\\/2026\\\/04\\\/720-1364.jpeg\",\"datePublished\":\"2026-04-27T20:05:51+00:00\",\"inLanguage\":\"es\",\"potentialAction\":[{\"@type\":\"ReadAction\",\"target\":[\"https:\\\/\\\/fmgente.com.ar\\\/web\\\/alpha-media-despliega-toda-su-potencia-informativa-y-musical-en-la-feria-del-libro-2026\\\/\"]}]},{\"@type\":\"ImageObject\",\"inLanguage\":\"es\",\"@id\":\"https:\\\/\\\/fmgente.com.ar\\\/web\\\/alpha-media-despliega-toda-su-potencia-informativa-y-musical-en-la-feria-del-libro-2026\\\/#primaryimage\",\"url\":\"https:\\\/\\\/fmgente.com.ar\\\/web\\\/wp-content\\\/uploads\\\/2026\\\/04\\\/720-1364.jpeg\",\"contentUrl\":\"https:\\\/\\\/fmgente.com.ar\\\/web\\\/wp-content\\\/uploads\\\/2026\\\/04\\\/720-1364.jpeg\",\"width\":1080,\"height\":720},{\"@type\":\"WebSite\",\"@id\":\"https:\\\/\\\/fmgente.com.ar\\\/web\\\/#website\",\"url\":\"https:\\\/\\\/fmgente.com.ar\\\/web\\\/\",\"name\":\"Fm Gente\",\"description\":\"- Jes\u00fas Mar\u00eda\",\"publisher\":{\"@id\":\"https:\\\/\\\/fmgente.com.ar\\\/web\\\/#organization\"},\"potentialAction\":[{\"@type\":\"SearchAction\",\"target\":{\"@type\":\"EntryPoint\",\"urlTemplate\":\"https:\\\/\\\/fmgente.com.ar\\\/web\\\/?s={search_term_string}\"},\"query-input\":{\"@type\":\"PropertyValueSpecification\",\"valueRequired\":true,\"valueName\":\"search_term_string\"}}],\"inLanguage\":\"es\"},{\"@type\":\"Organization\",\"@id\":\"https:\\\/\\\/fmgente.com.ar\\\/web\\\/#organization\",\"name\":\"Fm Gente\",\"url\":\"https:\\\/\\\/fmgente.com.ar\\\/web\\\/\",\"logo\":{\"@type\":\"ImageObject\",\"inLanguage\":\"es\",\"@id\":\"https:\\\/\\\/fmgente.com.ar\\\/web\\\/#\\\/schema\\\/logo\\\/image\\\/\",\"url\":\"https:\\\/\\\/fmgente.com.ar\\\/web\\\/wp-content\\\/uploads\\\/2023\\\/07\\\/cropped-cropped-logo-sombra2.png\",\"contentUrl\":\"https:\\\/\\\/fmgente.com.ar\\\/web\\\/wp-content\\\/uploads\\\/2023\\\/07\\\/cropped-cropped-logo-sombra2.png\",\"width\":1782,\"height\":1782,\"caption\":\"Fm Gente\"},\"image\":{\"@id\":\"https:\\\/\\\/fmgente.com.ar\\\/web\\\/#\\\/schema\\\/logo\\\/image\\\/\"}}]}<\/script>\n<!-- \/ Yoast SEO plugin. -->","yoast_head_json":{"title":"Alpha Media despliega toda su potencia informativa y musical en la Feria del Libro 2026 - Fm Gente","robots":{"index":"index","follow":"follow","max-snippet":"max-snippet:-1","max-image-preview":"max-image-preview:large","max-video-preview":"max-video-preview:-1"},"canonical":"https:\/\/fmgente.com.ar\/web\/alpha-media-despliega-toda-su-potencia-informativa-y-musical-en-la-feria-del-libro-2026\/","og_locale":"es_ES","og_type":"article","og_title":"Alpha Media despliega toda su potencia informativa y musical en la Feria del Libro 2026 - Fm Gente","og_description":"Buenos Aires, 27 abril (NA) \u2013 El grupo Alpha Media vuelve a estar presente en","og_url":"https:\/\/fmgente.com.ar\/web\/alpha-media-despliega-toda-su-potencia-informativa-y-musical-en-la-feria-del-libro-2026\/","og_site_name":"Fm Gente","article_published_time":"2026-04-27T20:05:51+00:00","twitter_card":"summary_large_image","twitter_misc":{"Tiempo de lectura":"1 minuto"},"schema":{"@context":"https:\/\/schema.org","@graph":[{"@type":"Article","@id":"https:\/\/fmgente.com.ar\/web\/alpha-media-despliega-toda-su-potencia-informativa-y-musical-en-la-feria-del-libro-2026\/#article","isPartOf":{"@id":"https:\/\/fmgente.com.ar\/web\/alpha-media-despliega-toda-su-potencia-informativa-y-musical-en-la-feria-del-libro-2026\/"},"author":{"name":"","@id":""},"headline":"Alpha Media despliega toda su potencia informativa y musical en la Feria del Libro 2026","datePublished":"2026-04-27T20:05:51+00:00","mainEntityOfPage":{"@id":"https:\/\/fmgente.com.ar\/web\/alpha-media-despliega-toda-su-potencia-informativa-y-musical-en-la-feria-del-libro-2026\/"},"wordCount":297,"publisher":{"@id":"https:\/\/fmgente.com.ar\/web\/#organization"},"image":{"@id":"https:\/\/fmgente.com.ar\/web\/alpha-media-despliega-toda-su-potencia-informativa-y-musical-en-la-feria-del-libro-2026\/#primaryimage"},"thumbnailUrl":"https:\/\/fmgente.com.ar\/web\/wp-content\/uploads\/2026\/04\/720-1364.jpeg","articleSection":["REGIONALES"],"inLanguage":"es"},{"@type":"WebPage","@id":"https:\/\/fmgente.com.ar\/web\/alpha-media-despliega-toda-su-potencia-informativa-y-musical-en-la-feria-del-libro-2026\/","url":"https:\/\/fmgente.com.ar\/web\/alpha-media-despliega-toda-su-potencia-informativa-y-musical-en-la-feria-del-libro-2026\/","name":"Alpha Media despliega toda su potencia informativa y musical en la Feria del Libro 2026 - Fm Gente","isPartOf":{"@id":"https:\/\/fmgente.com.ar\/web\/#website"},"primaryImageOfPage":{"@id":"https:\/\/fmgente.com.ar\/web\/alpha-media-despliega-toda-su-potencia-informativa-y-musical-en-la-feria-del-libro-2026\/#primaryimage"},"image":{"@id":"https:\/\/fmgente.com.ar\/web\/alpha-media-despliega-toda-su-potencia-informativa-y-musical-en-la-feria-del-libro-2026\/#primaryimage"},"thumbnailUrl":"https:\/\/fmgente.com.ar\/web\/wp-content\/uploads\/2026\/04\/720-1364.jpeg","datePublished":"2026-04-27T20:05:51+00:00","inLanguage":"es","potentialAction":[{"@type":"ReadAction","target":["https:\/\/fmgente.com.ar\/web\/alpha-media-despliega-toda-su-potencia-informativa-y-musical-en-la-feria-del-libro-2026\/"]}]},{"@type":"ImageObject","inLanguage":"es","@id":"https:\/\/fmgente.com.ar\/web\/alpha-media-despliega-toda-su-potencia-informativa-y-musical-en-la-feria-del-libro-2026\/#primaryimage","url":"https:\/\/fmgente.com.ar\/web\/wp-content\/uploads\/2026\/04\/720-1364.jpeg","contentUrl":"https:\/\/fmgente.com.ar\/web\/wp-content\/uploads\/2026\/04\/720-1364.jpeg","width":1080,"height":720},{"@type":"WebSite","@id":"https:\/\/fmgente.com.ar\/web\/#website","url":"https:\/\/fmgente.com.ar\/web\/","name":"Fm Gente","description":"- Jes\u00fas Mar\u00eda","publisher":{"@id":"https:\/\/fmgente.com.ar\/web\/#organization"},"potentialAction":[{"@type":"SearchAction","target":{"@type":"EntryPoint","urlTemplate":"https:\/\/fmgente.com.ar\/web\/?s={search_term_string}"},"query-input":{"@type":"PropertyValueSpecification","valueRequired":true,"valueName":"search_term_string"}}],"inLanguage":"es"},{"@type":"Organization","@id":"https:\/\/fmgente.com.ar\/web\/#organization","name":"Fm Gente","url":"https:\/\/fmgente.com.ar\/web\/","logo":{"@type":"ImageObject","inLanguage":"es","@id":"https:\/\/fmgente.com.ar\/web\/#\/schema\/logo\/image\/","url":"https:\/\/fmgente.com.ar\/web\/wp-content\/uploads\/2023\/07\/cropped-cropped-logo-sombra2.png","contentUrl":"https:\/\/fmgente.com.ar\/web\/wp-content\/uploads\/2023\/07\/cropped-cropped-logo-sombra2.png","width":1782,"height":1782,"caption":"Fm Gente"},"image":{"@id":"https:\/\/fmgente.com.ar\/web\/#\/schema\/logo\/image\/"}}]}},"_links":{"self":[{"href":"https:\/\/fmgente.com.ar\/web\/wp-json\/wp\/v2\/posts\/20921","targetHints":{"allow":["GET"]}}],"collection":[{"href":"https:\/\/fmgente.com.ar\/web\/wp-json\/wp\/v2\/posts"}],"about":[{"href":"https:\/\/fmgente.com.ar\/web\/wp-json\/wp\/v2\/types\/post"}],"replies":[{"embeddable":true,"href":"https:\/\/fmgente.com.ar\/web\/wp-json\/wp\/v2\/comments?post=20921"}],"version-history":[{"count":0,"href":"https:\/\/fmgente.com.ar\/web\/wp-json\/wp\/v2\/posts\/20921\/revisions"}],"wp:featuredmedia":[{"embeddable":true,"href":"https:\/\/fmgente.com.ar\/web\/wp-json\/wp\/v2\/media\/20922"}],"wp:attachment":[{"href":"https:\/\/fmgente.com.ar\/web\/wp-json\/wp\/v2\/media?parent=20921"}],"wp:term":[{"taxonomy":"category","embeddable":true,"href":"https:\/\/fmgente.com.ar\/web\/wp-json\/wp\/v2\/categories?post=20921"},{"taxonomy":"post_tag","embeddable":true,"href":"https:\/\/fmgente.com.ar\/web\/wp-json\/wp\/v2\/tags?post=20921"}],"curies":[{"name":"wp","href":"https:\/\/api.w.org\/{rel}","templated":true}]}}