{"id":20919,"date":"2026-04-27T17:05:49","date_gmt":"2026-04-27T20:05:49","guid":{"rendered":"https:\/\/fmgente.com.ar\/web\/la-nueva-salida-de-franco-colapinto-y-maia-reficco-en-canitas\/"},"modified":"2026-04-27T17:05:49","modified_gmt":"2026-04-27T20:05:49","slug":"la-nueva-salida-de-franco-colapinto-y-maia-reficco-en-canitas","status":"publish","type":"post","link":"https:\/\/fmgente.com.ar\/web\/la-nueva-salida-de-franco-colapinto-y-maia-reficco-en-canitas\/","title":{"rendered":"La nueva salida de Franco Colapinto y Maia Reficco en Ca\u00f1itas"},"content":{"rendered":"<p>Buenos Aires, 27 abril (NA) \u2014 El piloto de F\u00f3rmula 1, Franco Colapinto, y la actriz Maia Reficco pasearon por las calles de Ca\u00f1itas en una nueva salida p\u00fablica desde que confirmaron su relaci\u00f3n en redes sociales.<\/p>\n<p>Seg\u00fan supo la Agencia Noticias Argentinas, la pareja fue vista caminando relajada y de la mano en la zona porte\u00f1a de Ca\u00f1itas; luego ingresaron a un bar junto a amigos de ambos, entre ellos la influencer Ailin Tokman.<\/p>\n<p>Ambos fueron captados por las c\u00e1maras de los paparazzis; sin embargo, decidieron no ocultar su amor.<\/p>\n<p>Colapinto llevaba un atuendo conformado por un su\u00e9ter blanco, jeans y una gorra que hac\u00eda juego. Por otra parte, su flamante novia llevaba puesto un buzo color negro, jeans y su pelo en un rodete.<\/p>\n<p>Este domingo, Maia Reficco oficializ\u00f3 su relaci\u00f3n con Colapinto a trav\u00e9s de una foto rom\u00e1ntica que public\u00f3 en sus historias de Instagram, poco despu\u00e9s de aparecer juntos en un almuerzo familiar en Estancia Vigil, en Cardales.<\/p>\n<p>#AgenciaNA<\/p>\n","protected":false},"excerpt":{"rendered":"<p>Buenos Aires, 27 abril (NA) \u2014 El piloto de F\u00f3rmula 1, Franco Colapinto, y la<\/p>\n","protected":false},"author":0,"featured_media":20920,"comment_status":"","ping_status":"","sticky":false,"template":"","format":"standard","meta":{"footnotes":""},"categories":[1],"tags":[],"class_list":["post-20919","post","type-post","status-publish","format-standard","has-post-thumbnail","hentry","category-regionales"],"yoast_head":"<!-- This site is optimized with the Yoast SEO plugin v27.4 - https:\/\/yoast.com\/product\/yoast-seo-wordpress\/ -->\n<title>La nueva salida de Franco Colapinto y Maia Reficco en Ca\u00f1itas - Fm Gente<\/title>\n<meta name=\"robots\" content=\"index, follow, max-snippet:-1, max-image-preview:large, max-video-preview:-1\" \/>\n<link rel=\"canonical\" href=\"https:\/\/fmgente.com.ar\/web\/la-nueva-salida-de-franco-colapinto-y-maia-reficco-en-canitas\/\" \/>\n<meta property=\"og:locale\" content=\"es_ES\" \/>\n<meta property=\"og:type\" content=\"article\" \/>\n<meta property=\"og:title\" content=\"La nueva salida de Franco Colapinto y Maia Reficco en Ca\u00f1itas - Fm Gente\" \/>\n<meta property=\"og:description\" content=\"Buenos Aires, 27 abril (NA) \u2014 El piloto de F\u00f3rmula 1, Franco Colapinto, y la\" \/>\n<meta property=\"og:url\" content=\"https:\/\/fmgente.com.ar\/web\/la-nueva-salida-de-franco-colapinto-y-maia-reficco-en-canitas\/\" \/>\n<meta property=\"og:site_name\" content=\"Fm Gente\" \/>\n<meta property=\"article:published_time\" content=\"2026-04-27T20:05:49+00:00\" \/>\n<meta name=\"twitter:card\" content=\"summary_large_image\" \/>\n<meta name=\"twitter:label1\" content=\"Tiempo de lectura\" \/>\n\t<meta name=\"twitter:data1\" content=\"1 minuto\" \/>\n<script type=\"application\/ld+json\" class=\"yoast-schema-graph\">{\"@context\":\"https:\\\/\\\/schema.org\",\"@graph\":[{\"@type\":\"Article\",\"@id\":\"https:\\\/\\\/fmgente.com.ar\\\/web\\\/la-nueva-salida-de-franco-colapinto-y-maia-reficco-en-canitas\\\/#article\",\"isPartOf\":{\"@id\":\"https:\\\/\\\/fmgente.com.ar\\\/web\\\/la-nueva-salida-de-franco-colapinto-y-maia-reficco-en-canitas\\\/\"},\"author\":{\"name\":\"\",\"@id\":\"\"},\"headline\":\"La nueva salida de Franco Colapinto y Maia Reficco en Ca\u00f1itas\",\"datePublished\":\"2026-04-27T20:05:49+00:00\",\"mainEntityOfPage\":{\"@id\":\"https:\\\/\\\/fmgente.com.ar\\\/web\\\/la-nueva-salida-de-franco-colapinto-y-maia-reficco-en-canitas\\\/\"},\"wordCount\":186,\"publisher\":{\"@id\":\"https:\\\/\\\/fmgente.com.ar\\\/web\\\/#organization\"},\"image\":{\"@id\":\"https:\\\/\\\/fmgente.com.ar\\\/web\\\/la-nueva-salida-de-franco-colapinto-y-maia-reficco-en-canitas\\\/#primaryimage\"},\"thumbnailUrl\":\"https:\\\/\\\/fmgente.com.ar\\\/web\\\/wp-content\\\/uploads\\\/2026\\\/04\\\/720-1363.jpeg\",\"articleSection\":[\"REGIONALES\"],\"inLanguage\":\"es\"},{\"@type\":\"WebPage\",\"@id\":\"https:\\\/\\\/fmgente.com.ar\\\/web\\\/la-nueva-salida-de-franco-colapinto-y-maia-reficco-en-canitas\\\/\",\"url\":\"https:\\\/\\\/fmgente.com.ar\\\/web\\\/la-nueva-salida-de-franco-colapinto-y-maia-reficco-en-canitas\\\/\",\"name\":\"La nueva salida de Franco Colapinto y Maia Reficco en Ca\u00f1itas - Fm Gente\",\"isPartOf\":{\"@id\":\"https:\\\/\\\/fmgente.com.ar\\\/web\\\/#website\"},\"primaryImageOfPage\":{\"@id\":\"https:\\\/\\\/fmgente.com.ar\\\/web\\\/la-nueva-salida-de-franco-colapinto-y-maia-reficco-en-canitas\\\/#primaryimage\"},\"image\":{\"@id\":\"https:\\\/\\\/fmgente.com.ar\\\/web\\\/la-nueva-salida-de-franco-colapinto-y-maia-reficco-en-canitas\\\/#primaryimage\"},\"thumbnailUrl\":\"https:\\\/\\\/fmgente.com.ar\\\/web\\\/wp-content\\\/uploads\\\/2026\\\/04\\\/720-1363.jpeg\",\"datePublished\":\"2026-04-27T20:05:49+00:00\",\"inLanguage\":\"es\",\"potentialAction\":[{\"@type\":\"ReadAction\",\"target\":[\"https:\\\/\\\/fmgente.com.ar\\\/web\\\/la-nueva-salida-de-franco-colapinto-y-maia-reficco-en-canitas\\\/\"]}]},{\"@type\":\"ImageObject\",\"inLanguage\":\"es\",\"@id\":\"https:\\\/\\\/fmgente.com.ar\\\/web\\\/la-nueva-salida-de-franco-colapinto-y-maia-reficco-en-canitas\\\/#primaryimage\",\"url\":\"https:\\\/\\\/fmgente.com.ar\\\/web\\\/wp-content\\\/uploads\\\/2026\\\/04\\\/720-1363.jpeg\",\"contentUrl\":\"https:\\\/\\\/fmgente.com.ar\\\/web\\\/wp-content\\\/uploads\\\/2026\\\/04\\\/720-1363.jpeg\",\"width\":1280,\"height\":720},{\"@type\":\"WebSite\",\"@id\":\"https:\\\/\\\/fmgente.com.ar\\\/web\\\/#website\",\"url\":\"https:\\\/\\\/fmgente.com.ar\\\/web\\\/\",\"name\":\"Fm Gente\",\"description\":\"- Jes\u00fas Mar\u00eda\",\"publisher\":{\"@id\":\"https:\\\/\\\/fmgente.com.ar\\\/web\\\/#organization\"},\"potentialAction\":[{\"@type\":\"SearchAction\",\"target\":{\"@type\":\"EntryPoint\",\"urlTemplate\":\"https:\\\/\\\/fmgente.com.ar\\\/web\\\/?s={search_term_string}\"},\"query-input\":{\"@type\":\"PropertyValueSpecification\",\"valueRequired\":true,\"valueName\":\"search_term_string\"}}],\"inLanguage\":\"es\"},{\"@type\":\"Organization\",\"@id\":\"https:\\\/\\\/fmgente.com.ar\\\/web\\\/#organization\",\"name\":\"Fm Gente\",\"url\":\"https:\\\/\\\/fmgente.com.ar\\\/web\\\/\",\"logo\":{\"@type\":\"ImageObject\",\"inLanguage\":\"es\",\"@id\":\"https:\\\/\\\/fmgente.com.ar\\\/web\\\/#\\\/schema\\\/logo\\\/image\\\/\",\"url\":\"https:\\\/\\\/fmgente.com.ar\\\/web\\\/wp-content\\\/uploads\\\/2023\\\/07\\\/cropped-cropped-logo-sombra2.png\",\"contentUrl\":\"https:\\\/\\\/fmgente.com.ar\\\/web\\\/wp-content\\\/uploads\\\/2023\\\/07\\\/cropped-cropped-logo-sombra2.png\",\"width\":1782,\"height\":1782,\"caption\":\"Fm Gente\"},\"image\":{\"@id\":\"https:\\\/\\\/fmgente.com.ar\\\/web\\\/#\\\/schema\\\/logo\\\/image\\\/\"}}]}<\/script>\n<!-- \/ Yoast SEO plugin. -->","yoast_head_json":{"title":"La nueva salida de Franco Colapinto y Maia Reficco en Ca\u00f1itas - Fm Gente","robots":{"index":"index","follow":"follow","max-snippet":"max-snippet:-1","max-image-preview":"max-image-preview:large","max-video-preview":"max-video-preview:-1"},"canonical":"https:\/\/fmgente.com.ar\/web\/la-nueva-salida-de-franco-colapinto-y-maia-reficco-en-canitas\/","og_locale":"es_ES","og_type":"article","og_title":"La nueva salida de Franco Colapinto y Maia Reficco en Ca\u00f1itas - Fm Gente","og_description":"Buenos Aires, 27 abril (NA) \u2014 El piloto de F\u00f3rmula 1, Franco Colapinto, y la","og_url":"https:\/\/fmgente.com.ar\/web\/la-nueva-salida-de-franco-colapinto-y-maia-reficco-en-canitas\/","og_site_name":"Fm Gente","article_published_time":"2026-04-27T20:05:49+00:00","twitter_card":"summary_large_image","twitter_misc":{"Tiempo de lectura":"1 minuto"},"schema":{"@context":"https:\/\/schema.org","@graph":[{"@type":"Article","@id":"https:\/\/fmgente.com.ar\/web\/la-nueva-salida-de-franco-colapinto-y-maia-reficco-en-canitas\/#article","isPartOf":{"@id":"https:\/\/fmgente.com.ar\/web\/la-nueva-salida-de-franco-colapinto-y-maia-reficco-en-canitas\/"},"author":{"name":"","@id":""},"headline":"La nueva salida de Franco Colapinto y Maia Reficco en Ca\u00f1itas","datePublished":"2026-04-27T20:05:49+00:00","mainEntityOfPage":{"@id":"https:\/\/fmgente.com.ar\/web\/la-nueva-salida-de-franco-colapinto-y-maia-reficco-en-canitas\/"},"wordCount":186,"publisher":{"@id":"https:\/\/fmgente.com.ar\/web\/#organization"},"image":{"@id":"https:\/\/fmgente.com.ar\/web\/la-nueva-salida-de-franco-colapinto-y-maia-reficco-en-canitas\/#primaryimage"},"thumbnailUrl":"https:\/\/fmgente.com.ar\/web\/wp-content\/uploads\/2026\/04\/720-1363.jpeg","articleSection":["REGIONALES"],"inLanguage":"es"},{"@type":"WebPage","@id":"https:\/\/fmgente.com.ar\/web\/la-nueva-salida-de-franco-colapinto-y-maia-reficco-en-canitas\/","url":"https:\/\/fmgente.com.ar\/web\/la-nueva-salida-de-franco-colapinto-y-maia-reficco-en-canitas\/","name":"La nueva salida de Franco Colapinto y Maia Reficco en Ca\u00f1itas - Fm Gente","isPartOf":{"@id":"https:\/\/fmgente.com.ar\/web\/#website"},"primaryImageOfPage":{"@id":"https:\/\/fmgente.com.ar\/web\/la-nueva-salida-de-franco-colapinto-y-maia-reficco-en-canitas\/#primaryimage"},"image":{"@id":"https:\/\/fmgente.com.ar\/web\/la-nueva-salida-de-franco-colapinto-y-maia-reficco-en-canitas\/#primaryimage"},"thumbnailUrl":"https:\/\/fmgente.com.ar\/web\/wp-content\/uploads\/2026\/04\/720-1363.jpeg","datePublished":"2026-04-27T20:05:49+00:00","inLanguage":"es","potentialAction":[{"@type":"ReadAction","target":["https:\/\/fmgente.com.ar\/web\/la-nueva-salida-de-franco-colapinto-y-maia-reficco-en-canitas\/"]}]},{"@type":"ImageObject","inLanguage":"es","@id":"https:\/\/fmgente.com.ar\/web\/la-nueva-salida-de-franco-colapinto-y-maia-reficco-en-canitas\/#primaryimage","url":"https:\/\/fmgente.com.ar\/web\/wp-content\/uploads\/2026\/04\/720-1363.jpeg","contentUrl":"https:\/\/fmgente.com.ar\/web\/wp-content\/uploads\/2026\/04\/720-1363.jpeg","width":1280,"height":720},{"@type":"WebSite","@id":"https:\/\/fmgente.com.ar\/web\/#website","url":"https:\/\/fmgente.com.ar\/web\/","name":"Fm Gente","description":"- Jes\u00fas Mar\u00eda","publisher":{"@id":"https:\/\/fmgente.com.ar\/web\/#organization"},"potentialAction":[{"@type":"SearchAction","target":{"@type":"EntryPoint","urlTemplate":"https:\/\/fmgente.com.ar\/web\/?s={search_term_string}"},"query-input":{"@type":"PropertyValueSpecification","valueRequired":true,"valueName":"search_term_string"}}],"inLanguage":"es"},{"@type":"Organization","@id":"https:\/\/fmgente.com.ar\/web\/#organization","name":"Fm Gente","url":"https:\/\/fmgente.com.ar\/web\/","logo":{"@type":"ImageObject","inLanguage":"es","@id":"https:\/\/fmgente.com.ar\/web\/#\/schema\/logo\/image\/","url":"https:\/\/fmgente.com.ar\/web\/wp-content\/uploads\/2023\/07\/cropped-cropped-logo-sombra2.png","contentUrl":"https:\/\/fmgente.com.ar\/web\/wp-content\/uploads\/2023\/07\/cropped-cropped-logo-sombra2.png","width":1782,"height":1782,"caption":"Fm Gente"},"image":{"@id":"https:\/\/fmgente.com.ar\/web\/#\/schema\/logo\/image\/"}}]}},"_links":{"self":[{"href":"https:\/\/fmgente.com.ar\/web\/wp-json\/wp\/v2\/posts\/20919","targetHints":{"allow":["GET"]}}],"collection":[{"href":"https:\/\/fmgente.com.ar\/web\/wp-json\/wp\/v2\/posts"}],"about":[{"href":"https:\/\/fmgente.com.ar\/web\/wp-json\/wp\/v2\/types\/post"}],"replies":[{"embeddable":true,"href":"https:\/\/fmgente.com.ar\/web\/wp-json\/wp\/v2\/comments?post=20919"}],"version-history":[{"count":0,"href":"https:\/\/fmgente.com.ar\/web\/wp-json\/wp\/v2\/posts\/20919\/revisions"}],"wp:featuredmedia":[{"embeddable":true,"href":"https:\/\/fmgente.com.ar\/web\/wp-json\/wp\/v2\/media\/20920"}],"wp:attachment":[{"href":"https:\/\/fmgente.com.ar\/web\/wp-json\/wp\/v2\/media?parent=20919"}],"wp:term":[{"taxonomy":"category","embeddable":true,"href":"https:\/\/fmgente.com.ar\/web\/wp-json\/wp\/v2\/categories?post=20919"},{"taxonomy":"post_tag","embeddable":true,"href":"https:\/\/fmgente.com.ar\/web\/wp-json\/wp\/v2\/tags?post=20919"}],"curies":[{"name":"wp","href":"https:\/\/api.w.org\/{rel}","templated":true}]}}