{"id":20917,"date":"2026-04-27T16:06:51","date_gmt":"2026-04-27T19:06:51","guid":{"rendered":"https:\/\/fmgente.com.ar\/web\/osvaldo-jaldo-sobre-la-reforma-electoral-es-un-traje-a-medida-para-la-libertad-avanza\/"},"modified":"2026-04-27T16:06:51","modified_gmt":"2026-04-27T19:06:51","slug":"osvaldo-jaldo-sobre-la-reforma-electoral-es-un-traje-a-medida-para-la-libertad-avanza","status":"publish","type":"post","link":"https:\/\/fmgente.com.ar\/web\/osvaldo-jaldo-sobre-la-reforma-electoral-es-un-traje-a-medida-para-la-libertad-avanza\/","title":{"rendered":"Osvaldo Jaldo sobre la reforma electoral: \u201cEs un traje a medida para La Libertad Avanza&quot;"},"content":{"rendered":"<p>Buenos Aires, 27 abril (NA) \u2013 El gobernador de Tucum\u00e1n, Osvaldo Jaldo, se manifest\u00f3 en contra de la reforma electoral impulsada por el presidente Javier Milei y la calific\u00f3 como un \u00abtraje a medida\u00bb para La Libertad Avanza (LLA).<\/p>\n<p>\u201cEl gobierno nacional est\u00e1 intentando hacerse un traje a medida en materia electoral. Mand\u00f3 no solo la eliminaci\u00f3n de las PASO, sino un conjunto de medidas. Vienen por la eliminaci\u00f3n definitiva de las PASO\u201d, afirm\u00f3 Jaldo en declaraciones a una radio tucumana.<\/p>\n<p>El principal punto por el que se opone es la defensa de las Primarias Abiertas, Simult\u00e1neas y Obligatorias (PASO), que el oficialismo pretende eliminar, y su consecuencia sobre las elecciones internas de las distintas fuerzas pol\u00edticas, seg\u00fan pudo saber la Agencia Noticias Argentinas.<\/p>\n<p>\u201cEs una herramienta de ordenamiento dentro de los partidos pol\u00edticos; permite hoy que cualquier ciudadano de la provincia que quiera ser candidato leg\u00edtimamente se presente y compita dentro de su espacio. Entendemos que eliminarlas es en perjuicio de todos los partidos pol\u00edticos, pero fundamentalmente de los ciudadanos, porque votan y quieren participar\u201d, dijo.<\/p>\n<p>Es decir, Jaldo se opone firmemente a la supresi\u00f3n de las PASO y argumenta que, dicha medida, perjudica a los partidos y a los ciudadanos \u201cal limitar\u201d la competencia democr\u00e1tica interna: de ser as\u00ed, todos los espacios deber\u00edan volver a regirse estrictamente por sus cartas org\u00e1nicas para elegir candidatos, lo que se\u00f1ala como un \u201cretroceso\u201d.<\/p>\n<p>Respecto a la Boleta \u00danica de Papel (BUP), y a pesar de que el proyecto nacional la promueve, el mandatario provincial se\u00f1al\u00f3 que el PJ tucumano tendr\u00e1 una postura oficial, por medio de su Consejo Provincial, y se despegar\u00e1 de la iniciativa planteada por el Ejecutivo Nacional.<\/p>\n<p>Esta cr\u00edtica de Jaldo al oficialismo marca un distanciamiento significativo de uno de los gobernadores \u201cdialoguistas\u201d que, hasta hoy, hab\u00eda sido uno de los \u201caliados estrat\u00e9gicos\u201d del Gobierno Nacional en el Congreso y, con estas declaraciones, complicar\u00eda el escenario de LLA en el Senado.<\/p>\n<p>#AgenciaNA<\/p>\n","protected":false},"excerpt":{"rendered":"<p>Buenos Aires, 27 abril (NA) \u2013 El gobernador de Tucum\u00e1n, Osvaldo Jaldo, se manifest\u00f3 en<\/p>\n","protected":false},"author":0,"featured_media":20918,"comment_status":"","ping_status":"","sticky":false,"template":"","format":"standard","meta":{"footnotes":""},"categories":[1],"tags":[],"class_list":["post-20917","post","type-post","status-publish","format-standard","has-post-thumbnail","hentry","category-regionales"],"yoast_head":"<!-- This site is optimized with the Yoast SEO plugin v27.4 - https:\/\/yoast.com\/product\/yoast-seo-wordpress\/ -->\n<title>Osvaldo Jaldo sobre la reforma electoral: \u201cEs un traje a medida para La Libertad Avanza&quot; - Fm Gente<\/title>\n<meta name=\"robots\" content=\"index, follow, max-snippet:-1, max-image-preview:large, max-video-preview:-1\" \/>\n<link rel=\"canonical\" href=\"https:\/\/fmgente.com.ar\/web\/osvaldo-jaldo-sobre-la-reforma-electoral-es-un-traje-a-medida-para-la-libertad-avanza\/\" \/>\n<meta property=\"og:locale\" content=\"es_ES\" \/>\n<meta property=\"og:type\" content=\"article\" \/>\n<meta property=\"og:title\" content=\"Osvaldo Jaldo sobre la reforma electoral: \u201cEs un traje a medida para La Libertad Avanza&quot; - Fm Gente\" \/>\n<meta property=\"og:description\" content=\"Buenos Aires, 27 abril (NA) \u2013 El gobernador de Tucum\u00e1n, Osvaldo Jaldo, se manifest\u00f3 en\" \/>\n<meta property=\"og:url\" content=\"https:\/\/fmgente.com.ar\/web\/osvaldo-jaldo-sobre-la-reforma-electoral-es-un-traje-a-medida-para-la-libertad-avanza\/\" \/>\n<meta property=\"og:site_name\" content=\"Fm Gente\" \/>\n<meta property=\"article:published_time\" content=\"2026-04-27T19:06:51+00:00\" \/>\n<meta name=\"twitter:card\" content=\"summary_large_image\" \/>\n<meta name=\"twitter:label1\" content=\"Tiempo de lectura\" \/>\n\t<meta name=\"twitter:data1\" content=\"2 minutos\" \/>\n<script type=\"application\/ld+json\" class=\"yoast-schema-graph\">{\"@context\":\"https:\\\/\\\/schema.org\",\"@graph\":[{\"@type\":\"Article\",\"@id\":\"https:\\\/\\\/fmgente.com.ar\\\/web\\\/osvaldo-jaldo-sobre-la-reforma-electoral-es-un-traje-a-medida-para-la-libertad-avanza\\\/#article\",\"isPartOf\":{\"@id\":\"https:\\\/\\\/fmgente.com.ar\\\/web\\\/osvaldo-jaldo-sobre-la-reforma-electoral-es-un-traje-a-medida-para-la-libertad-avanza\\\/\"},\"author\":{\"name\":\"\",\"@id\":\"\"},\"headline\":\"Osvaldo Jaldo sobre la reforma electoral: \u201cEs un traje a medida para La Libertad Avanza&quot;\",\"datePublished\":\"2026-04-27T19:06:51+00:00\",\"mainEntityOfPage\":{\"@id\":\"https:\\\/\\\/fmgente.com.ar\\\/web\\\/osvaldo-jaldo-sobre-la-reforma-electoral-es-un-traje-a-medida-para-la-libertad-avanza\\\/\"},\"wordCount\":357,\"publisher\":{\"@id\":\"https:\\\/\\\/fmgente.com.ar\\\/web\\\/#organization\"},\"image\":{\"@id\":\"https:\\\/\\\/fmgente.com.ar\\\/web\\\/osvaldo-jaldo-sobre-la-reforma-electoral-es-un-traje-a-medida-para-la-libertad-avanza\\\/#primaryimage\"},\"thumbnailUrl\":\"https:\\\/\\\/fmgente.com.ar\\\/web\\\/wp-content\\\/uploads\\\/2026\\\/04\\\/720-1362.jpeg\",\"articleSection\":[\"REGIONALES\"],\"inLanguage\":\"es\"},{\"@type\":\"WebPage\",\"@id\":\"https:\\\/\\\/fmgente.com.ar\\\/web\\\/osvaldo-jaldo-sobre-la-reforma-electoral-es-un-traje-a-medida-para-la-libertad-avanza\\\/\",\"url\":\"https:\\\/\\\/fmgente.com.ar\\\/web\\\/osvaldo-jaldo-sobre-la-reforma-electoral-es-un-traje-a-medida-para-la-libertad-avanza\\\/\",\"name\":\"Osvaldo Jaldo sobre la reforma electoral: \u201cEs un traje a medida para La Libertad Avanza&quot; - Fm Gente\",\"isPartOf\":{\"@id\":\"https:\\\/\\\/fmgente.com.ar\\\/web\\\/#website\"},\"primaryImageOfPage\":{\"@id\":\"https:\\\/\\\/fmgente.com.ar\\\/web\\\/osvaldo-jaldo-sobre-la-reforma-electoral-es-un-traje-a-medida-para-la-libertad-avanza\\\/#primaryimage\"},\"image\":{\"@id\":\"https:\\\/\\\/fmgente.com.ar\\\/web\\\/osvaldo-jaldo-sobre-la-reforma-electoral-es-un-traje-a-medida-para-la-libertad-avanza\\\/#primaryimage\"},\"thumbnailUrl\":\"https:\\\/\\\/fmgente.com.ar\\\/web\\\/wp-content\\\/uploads\\\/2026\\\/04\\\/720-1362.jpeg\",\"datePublished\":\"2026-04-27T19:06:51+00:00\",\"inLanguage\":\"es\",\"potentialAction\":[{\"@type\":\"ReadAction\",\"target\":[\"https:\\\/\\\/fmgente.com.ar\\\/web\\\/osvaldo-jaldo-sobre-la-reforma-electoral-es-un-traje-a-medida-para-la-libertad-avanza\\\/\"]}]},{\"@type\":\"ImageObject\",\"inLanguage\":\"es\",\"@id\":\"https:\\\/\\\/fmgente.com.ar\\\/web\\\/osvaldo-jaldo-sobre-la-reforma-electoral-es-un-traje-a-medida-para-la-libertad-avanza\\\/#primaryimage\",\"url\":\"https:\\\/\\\/fmgente.com.ar\\\/web\\\/wp-content\\\/uploads\\\/2026\\\/04\\\/720-1362.jpeg\",\"contentUrl\":\"https:\\\/\\\/fmgente.com.ar\\\/web\\\/wp-content\\\/uploads\\\/2026\\\/04\\\/720-1362.jpeg\",\"width\":1111,\"height\":720},{\"@type\":\"WebSite\",\"@id\":\"https:\\\/\\\/fmgente.com.ar\\\/web\\\/#website\",\"url\":\"https:\\\/\\\/fmgente.com.ar\\\/web\\\/\",\"name\":\"Fm Gente\",\"description\":\"- Jes\u00fas Mar\u00eda\",\"publisher\":{\"@id\":\"https:\\\/\\\/fmgente.com.ar\\\/web\\\/#organization\"},\"potentialAction\":[{\"@type\":\"SearchAction\",\"target\":{\"@type\":\"EntryPoint\",\"urlTemplate\":\"https:\\\/\\\/fmgente.com.ar\\\/web\\\/?s={search_term_string}\"},\"query-input\":{\"@type\":\"PropertyValueSpecification\",\"valueRequired\":true,\"valueName\":\"search_term_string\"}}],\"inLanguage\":\"es\"},{\"@type\":\"Organization\",\"@id\":\"https:\\\/\\\/fmgente.com.ar\\\/web\\\/#organization\",\"name\":\"Fm Gente\",\"url\":\"https:\\\/\\\/fmgente.com.ar\\\/web\\\/\",\"logo\":{\"@type\":\"ImageObject\",\"inLanguage\":\"es\",\"@id\":\"https:\\\/\\\/fmgente.com.ar\\\/web\\\/#\\\/schema\\\/logo\\\/image\\\/\",\"url\":\"https:\\\/\\\/fmgente.com.ar\\\/web\\\/wp-content\\\/uploads\\\/2023\\\/07\\\/cropped-cropped-logo-sombra2.png\",\"contentUrl\":\"https:\\\/\\\/fmgente.com.ar\\\/web\\\/wp-content\\\/uploads\\\/2023\\\/07\\\/cropped-cropped-logo-sombra2.png\",\"width\":1782,\"height\":1782,\"caption\":\"Fm Gente\"},\"image\":{\"@id\":\"https:\\\/\\\/fmgente.com.ar\\\/web\\\/#\\\/schema\\\/logo\\\/image\\\/\"}}]}<\/script>\n<!-- \/ Yoast SEO plugin. -->","yoast_head_json":{"title":"Osvaldo Jaldo sobre la reforma electoral: \u201cEs un traje a medida para La Libertad Avanza&quot; - Fm Gente","robots":{"index":"index","follow":"follow","max-snippet":"max-snippet:-1","max-image-preview":"max-image-preview:large","max-video-preview":"max-video-preview:-1"},"canonical":"https:\/\/fmgente.com.ar\/web\/osvaldo-jaldo-sobre-la-reforma-electoral-es-un-traje-a-medida-para-la-libertad-avanza\/","og_locale":"es_ES","og_type":"article","og_title":"Osvaldo Jaldo sobre la reforma electoral: \u201cEs un traje a medida para La Libertad Avanza&quot; - Fm Gente","og_description":"Buenos Aires, 27 abril (NA) \u2013 El gobernador de Tucum\u00e1n, Osvaldo Jaldo, se manifest\u00f3 en","og_url":"https:\/\/fmgente.com.ar\/web\/osvaldo-jaldo-sobre-la-reforma-electoral-es-un-traje-a-medida-para-la-libertad-avanza\/","og_site_name":"Fm Gente","article_published_time":"2026-04-27T19:06:51+00:00","twitter_card":"summary_large_image","twitter_misc":{"Tiempo de lectura":"2 minutos"},"schema":{"@context":"https:\/\/schema.org","@graph":[{"@type":"Article","@id":"https:\/\/fmgente.com.ar\/web\/osvaldo-jaldo-sobre-la-reforma-electoral-es-un-traje-a-medida-para-la-libertad-avanza\/#article","isPartOf":{"@id":"https:\/\/fmgente.com.ar\/web\/osvaldo-jaldo-sobre-la-reforma-electoral-es-un-traje-a-medida-para-la-libertad-avanza\/"},"author":{"name":"","@id":""},"headline":"Osvaldo Jaldo sobre la reforma electoral: \u201cEs un traje a medida para La Libertad Avanza&quot;","datePublished":"2026-04-27T19:06:51+00:00","mainEntityOfPage":{"@id":"https:\/\/fmgente.com.ar\/web\/osvaldo-jaldo-sobre-la-reforma-electoral-es-un-traje-a-medida-para-la-libertad-avanza\/"},"wordCount":357,"publisher":{"@id":"https:\/\/fmgente.com.ar\/web\/#organization"},"image":{"@id":"https:\/\/fmgente.com.ar\/web\/osvaldo-jaldo-sobre-la-reforma-electoral-es-un-traje-a-medida-para-la-libertad-avanza\/#primaryimage"},"thumbnailUrl":"https:\/\/fmgente.com.ar\/web\/wp-content\/uploads\/2026\/04\/720-1362.jpeg","articleSection":["REGIONALES"],"inLanguage":"es"},{"@type":"WebPage","@id":"https:\/\/fmgente.com.ar\/web\/osvaldo-jaldo-sobre-la-reforma-electoral-es-un-traje-a-medida-para-la-libertad-avanza\/","url":"https:\/\/fmgente.com.ar\/web\/osvaldo-jaldo-sobre-la-reforma-electoral-es-un-traje-a-medida-para-la-libertad-avanza\/","name":"Osvaldo Jaldo sobre la reforma electoral: \u201cEs un traje a medida para La Libertad Avanza&quot; - Fm Gente","isPartOf":{"@id":"https:\/\/fmgente.com.ar\/web\/#website"},"primaryImageOfPage":{"@id":"https:\/\/fmgente.com.ar\/web\/osvaldo-jaldo-sobre-la-reforma-electoral-es-un-traje-a-medida-para-la-libertad-avanza\/#primaryimage"},"image":{"@id":"https:\/\/fmgente.com.ar\/web\/osvaldo-jaldo-sobre-la-reforma-electoral-es-un-traje-a-medida-para-la-libertad-avanza\/#primaryimage"},"thumbnailUrl":"https:\/\/fmgente.com.ar\/web\/wp-content\/uploads\/2026\/04\/720-1362.jpeg","datePublished":"2026-04-27T19:06:51+00:00","inLanguage":"es","potentialAction":[{"@type":"ReadAction","target":["https:\/\/fmgente.com.ar\/web\/osvaldo-jaldo-sobre-la-reforma-electoral-es-un-traje-a-medida-para-la-libertad-avanza\/"]}]},{"@type":"ImageObject","inLanguage":"es","@id":"https:\/\/fmgente.com.ar\/web\/osvaldo-jaldo-sobre-la-reforma-electoral-es-un-traje-a-medida-para-la-libertad-avanza\/#primaryimage","url":"https:\/\/fmgente.com.ar\/web\/wp-content\/uploads\/2026\/04\/720-1362.jpeg","contentUrl":"https:\/\/fmgente.com.ar\/web\/wp-content\/uploads\/2026\/04\/720-1362.jpeg","width":1111,"height":720},{"@type":"WebSite","@id":"https:\/\/fmgente.com.ar\/web\/#website","url":"https:\/\/fmgente.com.ar\/web\/","name":"Fm Gente","description":"- Jes\u00fas Mar\u00eda","publisher":{"@id":"https:\/\/fmgente.com.ar\/web\/#organization"},"potentialAction":[{"@type":"SearchAction","target":{"@type":"EntryPoint","urlTemplate":"https:\/\/fmgente.com.ar\/web\/?s={search_term_string}"},"query-input":{"@type":"PropertyValueSpecification","valueRequired":true,"valueName":"search_term_string"}}],"inLanguage":"es"},{"@type":"Organization","@id":"https:\/\/fmgente.com.ar\/web\/#organization","name":"Fm Gente","url":"https:\/\/fmgente.com.ar\/web\/","logo":{"@type":"ImageObject","inLanguage":"es","@id":"https:\/\/fmgente.com.ar\/web\/#\/schema\/logo\/image\/","url":"https:\/\/fmgente.com.ar\/web\/wp-content\/uploads\/2023\/07\/cropped-cropped-logo-sombra2.png","contentUrl":"https:\/\/fmgente.com.ar\/web\/wp-content\/uploads\/2023\/07\/cropped-cropped-logo-sombra2.png","width":1782,"height":1782,"caption":"Fm Gente"},"image":{"@id":"https:\/\/fmgente.com.ar\/web\/#\/schema\/logo\/image\/"}}]}},"_links":{"self":[{"href":"https:\/\/fmgente.com.ar\/web\/wp-json\/wp\/v2\/posts\/20917","targetHints":{"allow":["GET"]}}],"collection":[{"href":"https:\/\/fmgente.com.ar\/web\/wp-json\/wp\/v2\/posts"}],"about":[{"href":"https:\/\/fmgente.com.ar\/web\/wp-json\/wp\/v2\/types\/post"}],"replies":[{"embeddable":true,"href":"https:\/\/fmgente.com.ar\/web\/wp-json\/wp\/v2\/comments?post=20917"}],"version-history":[{"count":0,"href":"https:\/\/fmgente.com.ar\/web\/wp-json\/wp\/v2\/posts\/20917\/revisions"}],"wp:featuredmedia":[{"embeddable":true,"href":"https:\/\/fmgente.com.ar\/web\/wp-json\/wp\/v2\/media\/20918"}],"wp:attachment":[{"href":"https:\/\/fmgente.com.ar\/web\/wp-json\/wp\/v2\/media?parent=20917"}],"wp:term":[{"taxonomy":"category","embeddable":true,"href":"https:\/\/fmgente.com.ar\/web\/wp-json\/wp\/v2\/categories?post=20917"},{"taxonomy":"post_tag","embeddable":true,"href":"https:\/\/fmgente.com.ar\/web\/wp-json\/wp\/v2\/tags?post=20917"}],"curies":[{"name":"wp","href":"https:\/\/api.w.org\/{rel}","templated":true}]}}