{"id":20913,"date":"2026-04-27T16:06:49","date_gmt":"2026-04-27T19:06:49","guid":{"rendered":"https:\/\/fmgente.com.ar\/web\/trump-se-reunio-con-su-equipo-de-seguridad-nacional-para-tratar-propuesta-sobre-iran\/"},"modified":"2026-04-27T16:06:49","modified_gmt":"2026-04-27T19:06:49","slug":"trump-se-reunio-con-su-equipo-de-seguridad-nacional-para-tratar-propuesta-sobre-iran","status":"publish","type":"post","link":"https:\/\/fmgente.com.ar\/web\/trump-se-reunio-con-su-equipo-de-seguridad-nacional-para-tratar-propuesta-sobre-iran\/","title":{"rendered":"Trump se reuni\u00f3 con su equipo de seguridad nacional para tratar propuesta sobre Ir\u00e1n"},"content":{"rendered":"<p>Buenos Aires, 27 abril (NA) \u2014 La secretaria de prensa de la Casa Blanca, Karoline Leavitt, dijo este lunes que el presidente de Estados Unidos, Donald Trump, se reuni\u00f3 con su equipo de seguridad nacional por la ma\u00f1ana, despu\u00e9s de que Ir\u00e1n propusiera una reapertura mutua del estrecho de Ormuz y aplazar las conversaciones nucleares.<\/p>\n<p>\u201cLa propuesta se estaba debatiendo. No quiero adelantarme al presidente ni a su equipo de seguridad nacional\u201d, dijo Leavitt, report\u00f3 CBS News y supo la Agencia Noticias Argentinas..<\/p>\n<p>\u201cLo que s\u00ed quiero reiterar es que las l\u00edneas rojas del presidente con respecto a Ir\u00e1n han quedado muy, muy claras\u201d, remarc\u00f3.<\/p>\n<p>Leavitt dijo que no quer\u00eda llegar al extremo de afirmar que Estados Unidos est\u00e1 \u201cconsiderando\u201d la propuesta iran\u00ed.<\/p>\n<p>#AgenciaNA<\/p>\n","protected":false},"excerpt":{"rendered":"<p>Buenos Aires, 27 abril (NA) \u2014 La secretaria de prensa de la Casa Blanca, Karoline<\/p>\n","protected":false},"author":0,"featured_media":20914,"comment_status":"","ping_status":"","sticky":false,"template":"","format":"standard","meta":{"footnotes":""},"categories":[1],"tags":[],"class_list":["post-20913","post","type-post","status-publish","format-standard","has-post-thumbnail","hentry","category-regionales"],"yoast_head":"<!-- This site is optimized with the Yoast SEO plugin v27.4 - https:\/\/yoast.com\/product\/yoast-seo-wordpress\/ -->\n<title>Trump se reuni\u00f3 con su equipo de seguridad nacional para tratar propuesta sobre Ir\u00e1n - Fm Gente<\/title>\n<meta name=\"robots\" content=\"index, follow, max-snippet:-1, max-image-preview:large, max-video-preview:-1\" \/>\n<link rel=\"canonical\" href=\"https:\/\/fmgente.com.ar\/web\/trump-se-reunio-con-su-equipo-de-seguridad-nacional-para-tratar-propuesta-sobre-iran\/\" \/>\n<meta property=\"og:locale\" content=\"es_ES\" \/>\n<meta property=\"og:type\" content=\"article\" \/>\n<meta property=\"og:title\" content=\"Trump se reuni\u00f3 con su equipo de seguridad nacional para tratar propuesta sobre Ir\u00e1n - Fm Gente\" \/>\n<meta property=\"og:description\" content=\"Buenos Aires, 27 abril (NA) \u2014 La secretaria de prensa de la Casa Blanca, Karoline\" \/>\n<meta property=\"og:url\" content=\"https:\/\/fmgente.com.ar\/web\/trump-se-reunio-con-su-equipo-de-seguridad-nacional-para-tratar-propuesta-sobre-iran\/\" \/>\n<meta property=\"og:site_name\" content=\"Fm Gente\" \/>\n<meta property=\"article:published_time\" content=\"2026-04-27T19:06:49+00:00\" \/>\n<meta name=\"twitter:card\" content=\"summary_large_image\" \/>\n<meta name=\"twitter:label1\" content=\"Tiempo de lectura\" \/>\n\t<meta name=\"twitter:data1\" content=\"1 minuto\" \/>\n<script type=\"application\/ld+json\" class=\"yoast-schema-graph\">{\"@context\":\"https:\\\/\\\/schema.org\",\"@graph\":[{\"@type\":\"Article\",\"@id\":\"https:\\\/\\\/fmgente.com.ar\\\/web\\\/trump-se-reunio-con-su-equipo-de-seguridad-nacional-para-tratar-propuesta-sobre-iran\\\/#article\",\"isPartOf\":{\"@id\":\"https:\\\/\\\/fmgente.com.ar\\\/web\\\/trump-se-reunio-con-su-equipo-de-seguridad-nacional-para-tratar-propuesta-sobre-iran\\\/\"},\"author\":{\"name\":\"\",\"@id\":\"\"},\"headline\":\"Trump se reuni\u00f3 con su equipo de seguridad nacional para tratar propuesta sobre Ir\u00e1n\",\"datePublished\":\"2026-04-27T19:06:49+00:00\",\"mainEntityOfPage\":{\"@id\":\"https:\\\/\\\/fmgente.com.ar\\\/web\\\/trump-se-reunio-con-su-equipo-de-seguridad-nacional-para-tratar-propuesta-sobre-iran\\\/\"},\"wordCount\":143,\"publisher\":{\"@id\":\"https:\\\/\\\/fmgente.com.ar\\\/web\\\/#organization\"},\"image\":{\"@id\":\"https:\\\/\\\/fmgente.com.ar\\\/web\\\/trump-se-reunio-con-su-equipo-de-seguridad-nacional-para-tratar-propuesta-sobre-iran\\\/#primaryimage\"},\"thumbnailUrl\":\"https:\\\/\\\/fmgente.com.ar\\\/web\\\/wp-content\\\/uploads\\\/2026\\\/04\\\/720-1360.jpeg\",\"articleSection\":[\"REGIONALES\"],\"inLanguage\":\"es\"},{\"@type\":\"WebPage\",\"@id\":\"https:\\\/\\\/fmgente.com.ar\\\/web\\\/trump-se-reunio-con-su-equipo-de-seguridad-nacional-para-tratar-propuesta-sobre-iran\\\/\",\"url\":\"https:\\\/\\\/fmgente.com.ar\\\/web\\\/trump-se-reunio-con-su-equipo-de-seguridad-nacional-para-tratar-propuesta-sobre-iran\\\/\",\"name\":\"Trump se reuni\u00f3 con su equipo de seguridad nacional para tratar propuesta sobre Ir\u00e1n - Fm Gente\",\"isPartOf\":{\"@id\":\"https:\\\/\\\/fmgente.com.ar\\\/web\\\/#website\"},\"primaryImageOfPage\":{\"@id\":\"https:\\\/\\\/fmgente.com.ar\\\/web\\\/trump-se-reunio-con-su-equipo-de-seguridad-nacional-para-tratar-propuesta-sobre-iran\\\/#primaryimage\"},\"image\":{\"@id\":\"https:\\\/\\\/fmgente.com.ar\\\/web\\\/trump-se-reunio-con-su-equipo-de-seguridad-nacional-para-tratar-propuesta-sobre-iran\\\/#primaryimage\"},\"thumbnailUrl\":\"https:\\\/\\\/fmgente.com.ar\\\/web\\\/wp-content\\\/uploads\\\/2026\\\/04\\\/720-1360.jpeg\",\"datePublished\":\"2026-04-27T19:06:49+00:00\",\"inLanguage\":\"es\",\"potentialAction\":[{\"@type\":\"ReadAction\",\"target\":[\"https:\\\/\\\/fmgente.com.ar\\\/web\\\/trump-se-reunio-con-su-equipo-de-seguridad-nacional-para-tratar-propuesta-sobre-iran\\\/\"]}]},{\"@type\":\"ImageObject\",\"inLanguage\":\"es\",\"@id\":\"https:\\\/\\\/fmgente.com.ar\\\/web\\\/trump-se-reunio-con-su-equipo-de-seguridad-nacional-para-tratar-propuesta-sobre-iran\\\/#primaryimage\",\"url\":\"https:\\\/\\\/fmgente.com.ar\\\/web\\\/wp-content\\\/uploads\\\/2026\\\/04\\\/720-1360.jpeg\",\"contentUrl\":\"https:\\\/\\\/fmgente.com.ar\\\/web\\\/wp-content\\\/uploads\\\/2026\\\/04\\\/720-1360.jpeg\",\"width\":1280,\"height\":718},{\"@type\":\"WebSite\",\"@id\":\"https:\\\/\\\/fmgente.com.ar\\\/web\\\/#website\",\"url\":\"https:\\\/\\\/fmgente.com.ar\\\/web\\\/\",\"name\":\"Fm Gente\",\"description\":\"- Jes\u00fas Mar\u00eda\",\"publisher\":{\"@id\":\"https:\\\/\\\/fmgente.com.ar\\\/web\\\/#organization\"},\"potentialAction\":[{\"@type\":\"SearchAction\",\"target\":{\"@type\":\"EntryPoint\",\"urlTemplate\":\"https:\\\/\\\/fmgente.com.ar\\\/web\\\/?s={search_term_string}\"},\"query-input\":{\"@type\":\"PropertyValueSpecification\",\"valueRequired\":true,\"valueName\":\"search_term_string\"}}],\"inLanguage\":\"es\"},{\"@type\":\"Organization\",\"@id\":\"https:\\\/\\\/fmgente.com.ar\\\/web\\\/#organization\",\"name\":\"Fm Gente\",\"url\":\"https:\\\/\\\/fmgente.com.ar\\\/web\\\/\",\"logo\":{\"@type\":\"ImageObject\",\"inLanguage\":\"es\",\"@id\":\"https:\\\/\\\/fmgente.com.ar\\\/web\\\/#\\\/schema\\\/logo\\\/image\\\/\",\"url\":\"https:\\\/\\\/fmgente.com.ar\\\/web\\\/wp-content\\\/uploads\\\/2023\\\/07\\\/cropped-cropped-logo-sombra2.png\",\"contentUrl\":\"https:\\\/\\\/fmgente.com.ar\\\/web\\\/wp-content\\\/uploads\\\/2023\\\/07\\\/cropped-cropped-logo-sombra2.png\",\"width\":1782,\"height\":1782,\"caption\":\"Fm Gente\"},\"image\":{\"@id\":\"https:\\\/\\\/fmgente.com.ar\\\/web\\\/#\\\/schema\\\/logo\\\/image\\\/\"}}]}<\/script>\n<!-- \/ Yoast SEO plugin. -->","yoast_head_json":{"title":"Trump se reuni\u00f3 con su equipo de seguridad nacional para tratar propuesta sobre Ir\u00e1n - Fm Gente","robots":{"index":"index","follow":"follow","max-snippet":"max-snippet:-1","max-image-preview":"max-image-preview:large","max-video-preview":"max-video-preview:-1"},"canonical":"https:\/\/fmgente.com.ar\/web\/trump-se-reunio-con-su-equipo-de-seguridad-nacional-para-tratar-propuesta-sobre-iran\/","og_locale":"es_ES","og_type":"article","og_title":"Trump se reuni\u00f3 con su equipo de seguridad nacional para tratar propuesta sobre Ir\u00e1n - Fm Gente","og_description":"Buenos Aires, 27 abril (NA) \u2014 La secretaria de prensa de la Casa Blanca, Karoline","og_url":"https:\/\/fmgente.com.ar\/web\/trump-se-reunio-con-su-equipo-de-seguridad-nacional-para-tratar-propuesta-sobre-iran\/","og_site_name":"Fm Gente","article_published_time":"2026-04-27T19:06:49+00:00","twitter_card":"summary_large_image","twitter_misc":{"Tiempo de lectura":"1 minuto"},"schema":{"@context":"https:\/\/schema.org","@graph":[{"@type":"Article","@id":"https:\/\/fmgente.com.ar\/web\/trump-se-reunio-con-su-equipo-de-seguridad-nacional-para-tratar-propuesta-sobre-iran\/#article","isPartOf":{"@id":"https:\/\/fmgente.com.ar\/web\/trump-se-reunio-con-su-equipo-de-seguridad-nacional-para-tratar-propuesta-sobre-iran\/"},"author":{"name":"","@id":""},"headline":"Trump se reuni\u00f3 con su equipo de seguridad nacional para tratar propuesta sobre Ir\u00e1n","datePublished":"2026-04-27T19:06:49+00:00","mainEntityOfPage":{"@id":"https:\/\/fmgente.com.ar\/web\/trump-se-reunio-con-su-equipo-de-seguridad-nacional-para-tratar-propuesta-sobre-iran\/"},"wordCount":143,"publisher":{"@id":"https:\/\/fmgente.com.ar\/web\/#organization"},"image":{"@id":"https:\/\/fmgente.com.ar\/web\/trump-se-reunio-con-su-equipo-de-seguridad-nacional-para-tratar-propuesta-sobre-iran\/#primaryimage"},"thumbnailUrl":"https:\/\/fmgente.com.ar\/web\/wp-content\/uploads\/2026\/04\/720-1360.jpeg","articleSection":["REGIONALES"],"inLanguage":"es"},{"@type":"WebPage","@id":"https:\/\/fmgente.com.ar\/web\/trump-se-reunio-con-su-equipo-de-seguridad-nacional-para-tratar-propuesta-sobre-iran\/","url":"https:\/\/fmgente.com.ar\/web\/trump-se-reunio-con-su-equipo-de-seguridad-nacional-para-tratar-propuesta-sobre-iran\/","name":"Trump se reuni\u00f3 con su equipo de seguridad nacional para tratar propuesta sobre Ir\u00e1n - Fm Gente","isPartOf":{"@id":"https:\/\/fmgente.com.ar\/web\/#website"},"primaryImageOfPage":{"@id":"https:\/\/fmgente.com.ar\/web\/trump-se-reunio-con-su-equipo-de-seguridad-nacional-para-tratar-propuesta-sobre-iran\/#primaryimage"},"image":{"@id":"https:\/\/fmgente.com.ar\/web\/trump-se-reunio-con-su-equipo-de-seguridad-nacional-para-tratar-propuesta-sobre-iran\/#primaryimage"},"thumbnailUrl":"https:\/\/fmgente.com.ar\/web\/wp-content\/uploads\/2026\/04\/720-1360.jpeg","datePublished":"2026-04-27T19:06:49+00:00","inLanguage":"es","potentialAction":[{"@type":"ReadAction","target":["https:\/\/fmgente.com.ar\/web\/trump-se-reunio-con-su-equipo-de-seguridad-nacional-para-tratar-propuesta-sobre-iran\/"]}]},{"@type":"ImageObject","inLanguage":"es","@id":"https:\/\/fmgente.com.ar\/web\/trump-se-reunio-con-su-equipo-de-seguridad-nacional-para-tratar-propuesta-sobre-iran\/#primaryimage","url":"https:\/\/fmgente.com.ar\/web\/wp-content\/uploads\/2026\/04\/720-1360.jpeg","contentUrl":"https:\/\/fmgente.com.ar\/web\/wp-content\/uploads\/2026\/04\/720-1360.jpeg","width":1280,"height":718},{"@type":"WebSite","@id":"https:\/\/fmgente.com.ar\/web\/#website","url":"https:\/\/fmgente.com.ar\/web\/","name":"Fm Gente","description":"- Jes\u00fas Mar\u00eda","publisher":{"@id":"https:\/\/fmgente.com.ar\/web\/#organization"},"potentialAction":[{"@type":"SearchAction","target":{"@type":"EntryPoint","urlTemplate":"https:\/\/fmgente.com.ar\/web\/?s={search_term_string}"},"query-input":{"@type":"PropertyValueSpecification","valueRequired":true,"valueName":"search_term_string"}}],"inLanguage":"es"},{"@type":"Organization","@id":"https:\/\/fmgente.com.ar\/web\/#organization","name":"Fm Gente","url":"https:\/\/fmgente.com.ar\/web\/","logo":{"@type":"ImageObject","inLanguage":"es","@id":"https:\/\/fmgente.com.ar\/web\/#\/schema\/logo\/image\/","url":"https:\/\/fmgente.com.ar\/web\/wp-content\/uploads\/2023\/07\/cropped-cropped-logo-sombra2.png","contentUrl":"https:\/\/fmgente.com.ar\/web\/wp-content\/uploads\/2023\/07\/cropped-cropped-logo-sombra2.png","width":1782,"height":1782,"caption":"Fm Gente"},"image":{"@id":"https:\/\/fmgente.com.ar\/web\/#\/schema\/logo\/image\/"}}]}},"_links":{"self":[{"href":"https:\/\/fmgente.com.ar\/web\/wp-json\/wp\/v2\/posts\/20913","targetHints":{"allow":["GET"]}}],"collection":[{"href":"https:\/\/fmgente.com.ar\/web\/wp-json\/wp\/v2\/posts"}],"about":[{"href":"https:\/\/fmgente.com.ar\/web\/wp-json\/wp\/v2\/types\/post"}],"replies":[{"embeddable":true,"href":"https:\/\/fmgente.com.ar\/web\/wp-json\/wp\/v2\/comments?post=20913"}],"version-history":[{"count":0,"href":"https:\/\/fmgente.com.ar\/web\/wp-json\/wp\/v2\/posts\/20913\/revisions"}],"wp:featuredmedia":[{"embeddable":true,"href":"https:\/\/fmgente.com.ar\/web\/wp-json\/wp\/v2\/media\/20914"}],"wp:attachment":[{"href":"https:\/\/fmgente.com.ar\/web\/wp-json\/wp\/v2\/media?parent=20913"}],"wp:term":[{"taxonomy":"category","embeddable":true,"href":"https:\/\/fmgente.com.ar\/web\/wp-json\/wp\/v2\/categories?post=20913"},{"taxonomy":"post_tag","embeddable":true,"href":"https:\/\/fmgente.com.ar\/web\/wp-json\/wp\/v2\/tags?post=20913"}],"curies":[{"name":"wp","href":"https:\/\/api.w.org\/{rel}","templated":true}]}}