{"id":20911,"date":"2026-04-27T16:06:48","date_gmt":"2026-04-27T19:06:48","guid":{"rendered":"https:\/\/fmgente.com.ar\/web\/franco-colapinto-y-maia-reficco-a-los-besos-en-buenos-aires\/"},"modified":"2026-04-27T16:06:48","modified_gmt":"2026-04-27T19:06:48","slug":"franco-colapinto-y-maia-reficco-a-los-besos-en-buenos-aires","status":"publish","type":"post","link":"https:\/\/fmgente.com.ar\/web\/franco-colapinto-y-maia-reficco-a-los-besos-en-buenos-aires\/","title":{"rendered":"Franco Colapinto y Maia Reficco, a los besos en Buenos Aires"},"content":{"rendered":"<p>Buenos Aires, 27 abril (NA) \u2014 El piloto argentino Franco Colapinto y la actriz Maia Reficco tras confirmar su romance, fueron captados a los besos en las calles de Buenos Aires, en im\u00e1genes que r\u00e1pidamente se difundieron en redes sociales y programas de espect\u00e1culos.<\/p>\n<p>Seg\u00fan trascendi\u00f3, la pareja fue vista caminando y mostr\u00e1ndose muy cercana en la v\u00eda p\u00fablica, donde no ocultaron su v\u00ednculo y protagonizaron un momento \u00edntimo que termin\u00f3 de despejar los rumores que circulaban desde hac\u00eda semanas, seg\u00fan supo la Agencia Noticias Argentinas.<\/p>\n<p>Reficco, reconocida por su carrera internacional en series y m\u00fasica, y Colapinto, una de las grandes promesas del automovilismo argentino que actualmente compite en la F\u00f3rmula 1, ya hab\u00edan sido vinculados previamente, aunque hasta ahora no hab\u00edan confirmado p\u00fablicamente la relaci\u00f3n.<\/p>\n<p>Las im\u00e1genes del beso terminaron de oficializar el v\u00ednculo luego de las fotos juntos previo a la exhibici\u00f3n que hizo Colapinto en Buenos Aires y generaron una fuerte repercusi\u00f3n en redes sociales, donde los seguidores de ambos celebraron la relaci\u00f3n y destacaron la inesperada pareja que une al mundo del espect\u00e1culo con el deporte de elite.<\/p>\n<p>#AgenciaNA<\/p>\n","protected":false},"excerpt":{"rendered":"<p>Buenos Aires, 27 abril (NA) \u2014 El piloto argentino Franco Colapinto y la actriz Maia<\/p>\n","protected":false},"author":0,"featured_media":20912,"comment_status":"","ping_status":"","sticky":false,"template":"","format":"standard","meta":{"footnotes":""},"categories":[1],"tags":[],"class_list":["post-20911","post","type-post","status-publish","format-standard","has-post-thumbnail","hentry","category-regionales"],"yoast_head":"<!-- This site is optimized with the Yoast SEO plugin v27.4 - https:\/\/yoast.com\/product\/yoast-seo-wordpress\/ -->\n<title>Franco Colapinto y Maia Reficco, a los besos en Buenos Aires - Fm Gente<\/title>\n<meta name=\"robots\" content=\"index, follow, max-snippet:-1, max-image-preview:large, max-video-preview:-1\" \/>\n<link rel=\"canonical\" href=\"https:\/\/fmgente.com.ar\/web\/franco-colapinto-y-maia-reficco-a-los-besos-en-buenos-aires\/\" \/>\n<meta property=\"og:locale\" content=\"es_ES\" \/>\n<meta property=\"og:type\" content=\"article\" \/>\n<meta property=\"og:title\" content=\"Franco Colapinto y Maia Reficco, a los besos en Buenos Aires - Fm Gente\" \/>\n<meta property=\"og:description\" content=\"Buenos Aires, 27 abril (NA) \u2014 El piloto argentino Franco Colapinto y la actriz Maia\" \/>\n<meta property=\"og:url\" content=\"https:\/\/fmgente.com.ar\/web\/franco-colapinto-y-maia-reficco-a-los-besos-en-buenos-aires\/\" \/>\n<meta property=\"og:site_name\" content=\"Fm Gente\" \/>\n<meta property=\"article:published_time\" content=\"2026-04-27T19:06:48+00:00\" \/>\n<meta name=\"twitter:card\" content=\"summary_large_image\" \/>\n<meta name=\"twitter:label1\" content=\"Tiempo de lectura\" \/>\n\t<meta name=\"twitter:data1\" content=\"1 minuto\" \/>\n<script type=\"application\/ld+json\" class=\"yoast-schema-graph\">{\"@context\":\"https:\\\/\\\/schema.org\",\"@graph\":[{\"@type\":\"Article\",\"@id\":\"https:\\\/\\\/fmgente.com.ar\\\/web\\\/franco-colapinto-y-maia-reficco-a-los-besos-en-buenos-aires\\\/#article\",\"isPartOf\":{\"@id\":\"https:\\\/\\\/fmgente.com.ar\\\/web\\\/franco-colapinto-y-maia-reficco-a-los-besos-en-buenos-aires\\\/\"},\"author\":{\"name\":\"\",\"@id\":\"\"},\"headline\":\"Franco Colapinto y Maia Reficco, a los besos en Buenos Aires\",\"datePublished\":\"2026-04-27T19:06:48+00:00\",\"mainEntityOfPage\":{\"@id\":\"https:\\\/\\\/fmgente.com.ar\\\/web\\\/franco-colapinto-y-maia-reficco-a-los-besos-en-buenos-aires\\\/\"},\"wordCount\":214,\"publisher\":{\"@id\":\"https:\\\/\\\/fmgente.com.ar\\\/web\\\/#organization\"},\"image\":{\"@id\":\"https:\\\/\\\/fmgente.com.ar\\\/web\\\/franco-colapinto-y-maia-reficco-a-los-besos-en-buenos-aires\\\/#primaryimage\"},\"thumbnailUrl\":\"https:\\\/\\\/fmgente.com.ar\\\/web\\\/wp-content\\\/uploads\\\/2026\\\/04\\\/720-1359.jpeg\",\"articleSection\":[\"REGIONALES\"],\"inLanguage\":\"es\"},{\"@type\":\"WebPage\",\"@id\":\"https:\\\/\\\/fmgente.com.ar\\\/web\\\/franco-colapinto-y-maia-reficco-a-los-besos-en-buenos-aires\\\/\",\"url\":\"https:\\\/\\\/fmgente.com.ar\\\/web\\\/franco-colapinto-y-maia-reficco-a-los-besos-en-buenos-aires\\\/\",\"name\":\"Franco Colapinto y Maia Reficco, a los besos en Buenos Aires - Fm Gente\",\"isPartOf\":{\"@id\":\"https:\\\/\\\/fmgente.com.ar\\\/web\\\/#website\"},\"primaryImageOfPage\":{\"@id\":\"https:\\\/\\\/fmgente.com.ar\\\/web\\\/franco-colapinto-y-maia-reficco-a-los-besos-en-buenos-aires\\\/#primaryimage\"},\"image\":{\"@id\":\"https:\\\/\\\/fmgente.com.ar\\\/web\\\/franco-colapinto-y-maia-reficco-a-los-besos-en-buenos-aires\\\/#primaryimage\"},\"thumbnailUrl\":\"https:\\\/\\\/fmgente.com.ar\\\/web\\\/wp-content\\\/uploads\\\/2026\\\/04\\\/720-1359.jpeg\",\"datePublished\":\"2026-04-27T19:06:48+00:00\",\"inLanguage\":\"es\",\"potentialAction\":[{\"@type\":\"ReadAction\",\"target\":[\"https:\\\/\\\/fmgente.com.ar\\\/web\\\/franco-colapinto-y-maia-reficco-a-los-besos-en-buenos-aires\\\/\"]}]},{\"@type\":\"ImageObject\",\"inLanguage\":\"es\",\"@id\":\"https:\\\/\\\/fmgente.com.ar\\\/web\\\/franco-colapinto-y-maia-reficco-a-los-besos-en-buenos-aires\\\/#primaryimage\",\"url\":\"https:\\\/\\\/fmgente.com.ar\\\/web\\\/wp-content\\\/uploads\\\/2026\\\/04\\\/720-1359.jpeg\",\"contentUrl\":\"https:\\\/\\\/fmgente.com.ar\\\/web\\\/wp-content\\\/uploads\\\/2026\\\/04\\\/720-1359.jpeg\",\"width\":451,\"height\":720},{\"@type\":\"WebSite\",\"@id\":\"https:\\\/\\\/fmgente.com.ar\\\/web\\\/#website\",\"url\":\"https:\\\/\\\/fmgente.com.ar\\\/web\\\/\",\"name\":\"Fm Gente\",\"description\":\"- Jes\u00fas Mar\u00eda\",\"publisher\":{\"@id\":\"https:\\\/\\\/fmgente.com.ar\\\/web\\\/#organization\"},\"potentialAction\":[{\"@type\":\"SearchAction\",\"target\":{\"@type\":\"EntryPoint\",\"urlTemplate\":\"https:\\\/\\\/fmgente.com.ar\\\/web\\\/?s={search_term_string}\"},\"query-input\":{\"@type\":\"PropertyValueSpecification\",\"valueRequired\":true,\"valueName\":\"search_term_string\"}}],\"inLanguage\":\"es\"},{\"@type\":\"Organization\",\"@id\":\"https:\\\/\\\/fmgente.com.ar\\\/web\\\/#organization\",\"name\":\"Fm Gente\",\"url\":\"https:\\\/\\\/fmgente.com.ar\\\/web\\\/\",\"logo\":{\"@type\":\"ImageObject\",\"inLanguage\":\"es\",\"@id\":\"https:\\\/\\\/fmgente.com.ar\\\/web\\\/#\\\/schema\\\/logo\\\/image\\\/\",\"url\":\"https:\\\/\\\/fmgente.com.ar\\\/web\\\/wp-content\\\/uploads\\\/2023\\\/07\\\/cropped-cropped-logo-sombra2.png\",\"contentUrl\":\"https:\\\/\\\/fmgente.com.ar\\\/web\\\/wp-content\\\/uploads\\\/2023\\\/07\\\/cropped-cropped-logo-sombra2.png\",\"width\":1782,\"height\":1782,\"caption\":\"Fm Gente\"},\"image\":{\"@id\":\"https:\\\/\\\/fmgente.com.ar\\\/web\\\/#\\\/schema\\\/logo\\\/image\\\/\"}}]}<\/script>\n<!-- \/ Yoast SEO plugin. -->","yoast_head_json":{"title":"Franco Colapinto y Maia Reficco, a los besos en Buenos Aires - Fm Gente","robots":{"index":"index","follow":"follow","max-snippet":"max-snippet:-1","max-image-preview":"max-image-preview:large","max-video-preview":"max-video-preview:-1"},"canonical":"https:\/\/fmgente.com.ar\/web\/franco-colapinto-y-maia-reficco-a-los-besos-en-buenos-aires\/","og_locale":"es_ES","og_type":"article","og_title":"Franco Colapinto y Maia Reficco, a los besos en Buenos Aires - Fm Gente","og_description":"Buenos Aires, 27 abril (NA) \u2014 El piloto argentino Franco Colapinto y la actriz Maia","og_url":"https:\/\/fmgente.com.ar\/web\/franco-colapinto-y-maia-reficco-a-los-besos-en-buenos-aires\/","og_site_name":"Fm Gente","article_published_time":"2026-04-27T19:06:48+00:00","twitter_card":"summary_large_image","twitter_misc":{"Tiempo de lectura":"1 minuto"},"schema":{"@context":"https:\/\/schema.org","@graph":[{"@type":"Article","@id":"https:\/\/fmgente.com.ar\/web\/franco-colapinto-y-maia-reficco-a-los-besos-en-buenos-aires\/#article","isPartOf":{"@id":"https:\/\/fmgente.com.ar\/web\/franco-colapinto-y-maia-reficco-a-los-besos-en-buenos-aires\/"},"author":{"name":"","@id":""},"headline":"Franco Colapinto y Maia Reficco, a los besos en Buenos Aires","datePublished":"2026-04-27T19:06:48+00:00","mainEntityOfPage":{"@id":"https:\/\/fmgente.com.ar\/web\/franco-colapinto-y-maia-reficco-a-los-besos-en-buenos-aires\/"},"wordCount":214,"publisher":{"@id":"https:\/\/fmgente.com.ar\/web\/#organization"},"image":{"@id":"https:\/\/fmgente.com.ar\/web\/franco-colapinto-y-maia-reficco-a-los-besos-en-buenos-aires\/#primaryimage"},"thumbnailUrl":"https:\/\/fmgente.com.ar\/web\/wp-content\/uploads\/2026\/04\/720-1359.jpeg","articleSection":["REGIONALES"],"inLanguage":"es"},{"@type":"WebPage","@id":"https:\/\/fmgente.com.ar\/web\/franco-colapinto-y-maia-reficco-a-los-besos-en-buenos-aires\/","url":"https:\/\/fmgente.com.ar\/web\/franco-colapinto-y-maia-reficco-a-los-besos-en-buenos-aires\/","name":"Franco Colapinto y Maia Reficco, a los besos en Buenos Aires - Fm Gente","isPartOf":{"@id":"https:\/\/fmgente.com.ar\/web\/#website"},"primaryImageOfPage":{"@id":"https:\/\/fmgente.com.ar\/web\/franco-colapinto-y-maia-reficco-a-los-besos-en-buenos-aires\/#primaryimage"},"image":{"@id":"https:\/\/fmgente.com.ar\/web\/franco-colapinto-y-maia-reficco-a-los-besos-en-buenos-aires\/#primaryimage"},"thumbnailUrl":"https:\/\/fmgente.com.ar\/web\/wp-content\/uploads\/2026\/04\/720-1359.jpeg","datePublished":"2026-04-27T19:06:48+00:00","inLanguage":"es","potentialAction":[{"@type":"ReadAction","target":["https:\/\/fmgente.com.ar\/web\/franco-colapinto-y-maia-reficco-a-los-besos-en-buenos-aires\/"]}]},{"@type":"ImageObject","inLanguage":"es","@id":"https:\/\/fmgente.com.ar\/web\/franco-colapinto-y-maia-reficco-a-los-besos-en-buenos-aires\/#primaryimage","url":"https:\/\/fmgente.com.ar\/web\/wp-content\/uploads\/2026\/04\/720-1359.jpeg","contentUrl":"https:\/\/fmgente.com.ar\/web\/wp-content\/uploads\/2026\/04\/720-1359.jpeg","width":451,"height":720},{"@type":"WebSite","@id":"https:\/\/fmgente.com.ar\/web\/#website","url":"https:\/\/fmgente.com.ar\/web\/","name":"Fm Gente","description":"- Jes\u00fas Mar\u00eda","publisher":{"@id":"https:\/\/fmgente.com.ar\/web\/#organization"},"potentialAction":[{"@type":"SearchAction","target":{"@type":"EntryPoint","urlTemplate":"https:\/\/fmgente.com.ar\/web\/?s={search_term_string}"},"query-input":{"@type":"PropertyValueSpecification","valueRequired":true,"valueName":"search_term_string"}}],"inLanguage":"es"},{"@type":"Organization","@id":"https:\/\/fmgente.com.ar\/web\/#organization","name":"Fm Gente","url":"https:\/\/fmgente.com.ar\/web\/","logo":{"@type":"ImageObject","inLanguage":"es","@id":"https:\/\/fmgente.com.ar\/web\/#\/schema\/logo\/image\/","url":"https:\/\/fmgente.com.ar\/web\/wp-content\/uploads\/2023\/07\/cropped-cropped-logo-sombra2.png","contentUrl":"https:\/\/fmgente.com.ar\/web\/wp-content\/uploads\/2023\/07\/cropped-cropped-logo-sombra2.png","width":1782,"height":1782,"caption":"Fm Gente"},"image":{"@id":"https:\/\/fmgente.com.ar\/web\/#\/schema\/logo\/image\/"}}]}},"_links":{"self":[{"href":"https:\/\/fmgente.com.ar\/web\/wp-json\/wp\/v2\/posts\/20911","targetHints":{"allow":["GET"]}}],"collection":[{"href":"https:\/\/fmgente.com.ar\/web\/wp-json\/wp\/v2\/posts"}],"about":[{"href":"https:\/\/fmgente.com.ar\/web\/wp-json\/wp\/v2\/types\/post"}],"replies":[{"embeddable":true,"href":"https:\/\/fmgente.com.ar\/web\/wp-json\/wp\/v2\/comments?post=20911"}],"version-history":[{"count":0,"href":"https:\/\/fmgente.com.ar\/web\/wp-json\/wp\/v2\/posts\/20911\/revisions"}],"wp:featuredmedia":[{"embeddable":true,"href":"https:\/\/fmgente.com.ar\/web\/wp-json\/wp\/v2\/media\/20912"}],"wp:attachment":[{"href":"https:\/\/fmgente.com.ar\/web\/wp-json\/wp\/v2\/media?parent=20911"}],"wp:term":[{"taxonomy":"category","embeddable":true,"href":"https:\/\/fmgente.com.ar\/web\/wp-json\/wp\/v2\/categories?post=20911"},{"taxonomy":"post_tag","embeddable":true,"href":"https:\/\/fmgente.com.ar\/web\/wp-json\/wp\/v2\/tags?post=20911"}],"curies":[{"name":"wp","href":"https:\/\/api.w.org\/{rel}","templated":true}]}}