{"id":20905,"date":"2026-04-27T15:17:31","date_gmt":"2026-04-27T18:17:31","guid":{"rendered":"https:\/\/fmgente.com.ar\/web\/veronica-ojeda-el-psicologo-y-una-de-las-hermanas-declararan-en-el-juicio-por-la-muerte-de-maradona\/"},"modified":"2026-04-27T15:17:31","modified_gmt":"2026-04-27T18:17:31","slug":"veronica-ojeda-el-psicologo-y-una-de-las-hermanas-declararan-en-el-juicio-por-la-muerte-de-maradona","status":"publish","type":"post","link":"https:\/\/fmgente.com.ar\/web\/veronica-ojeda-el-psicologo-y-una-de-las-hermanas-declararan-en-el-juicio-por-la-muerte-de-maradona\/","title":{"rendered":"Ver\u00f3nica Ojeda, el psic\u00f3logo y una de las hermanas declarar\u00e1n en el juicio por la muerte de Maradona"},"content":{"rendered":"<p>Buenos Aires, 27 abril (NA) \u2013 El psic\u00f3logo Carlos D\u00edaz; la exmujer de Diego Armando Maradona, Ver\u00f3nica Ojeda; Rita, una de las hermanas; y el perito de la Polic\u00eda Cient\u00edfica, Gerardo Vergara, declarar\u00e1n este martes en el juicio por la muerte del astro argentino.<\/p>\n<p>Fuentes del caso informaron a la Agencia Noticias Argentinas que Ojeda comparecer\u00e1 \u201cdespu\u00e9s del mediod\u00eda\u201d y D\u00edaz \u201cpor la tarde\u201d ante los jueces Alberto Gaig, Alberto Ortolani y Pablo Rol\u00f3n, miembros del Tribunal Oral en lo Criminal (TOC) N\u00b07 de San Isidro.<\/p>\n<p>Allegados a la defensa del psic\u00f3logo se\u00f1alaron que el testimonio del especialista en tratamiento de adicciones estar\u00e1 \u201ccentrado en su actividad\u201d, mientras que la madre de Dieguito, Fernando y Rita ser\u00e1n otras de las familiares del exfutbolista en declarar luego de Gianinna, en la audiencia que comenzar\u00e1 a las 10.<\/p>\n<p>D\u00edaz no pudo exponer en el primer debate oral y p\u00fablico porque ese proceso se anul\u00f3, a la vez que Ojeda consign\u00f3 que Maradona \u00abten\u00eda olor a caca y a pis\u00bb cuando lo visit\u00f3 en la vivienda del lote N\u00b045 del barrio cerrado San Andr\u00e9s, en el partido bonaerense de Tigre.<\/p>\n<p>Asimismo, Ver\u00f3nica indic\u00f3 que conoc\u00eda a tres de los acusados por el delito de \u00abhomicidio simple con dolo eventual\u00bb: el neurocirujano Leopoldo Luque; la psiquiatra Agustina Cosachov; y D\u00edaz.<\/p>\n<p>En este sentido, critic\u00f3 a Luque por haberse tomado una foto \u201ccholula\u201d con el paciente tras la operaci\u00f3n del hematoma subdural, mientras que acus\u00f3 a Cosachov de haberla \u201cusado\u201d y dijo que D\u00edaz usaba un vocabulario que no correspond\u00eda para referirse al alcohol: \u201c\u00c9l llegaba y dec\u00eda que Diego no ten\u00eda que tomar chupi, no usaba la palabra alcohol. De esa forma se dirig\u00eda a la familia\u201d.<\/p>\n<p>Seg\u00fan su testimonio, Luque \u201cminti\u00f3\u201d sobre la cirug\u00eda porque \u201cse enteraron que otros m\u00e9dicos la realizaron\u201d: \u201cNos dijo que fue un \u00e9xito, pero nos minti\u00f3. Es una verg\u00fcenza\u201d.<\/p>\n<p>Con respecto al domicilio de Benav\u00eddez, describi\u00f3 que estaba sucio y \u00abno se encontraba en condiciones para una internaci\u00f3n domiciliaria\u00bb dado que \u00abhab\u00eda olor a pis y caca\u00bb en la habitaci\u00f3n de Maradona.<\/p>\n<p>\u00abLo vi a Maradona dos d\u00edas antes de la muerte. Estaba hinchado\u00bb, agreg\u00f3.<\/p>\n<p>Por su parte, Rita Maradona manifest\u00f3 que en la reuni\u00f3n de la cl\u00ednica Olivos Dalma expres\u00f3: \u00abUstedes no tienen nada que ver ac\u00e1, ya somos grandes y decidimos nosotras\u00bb.<\/p>\n<p>La presidenta de Sattvica S.A. sostuvo que en ese encuentro estuvieron presentes Dalma, Gianinna, Jana, el psic\u00f3logo Carlos D\u00edaz, Cosachov, pero no record\u00f3 si se encontraba Luque.<\/p>\n<p>\u00abTras la operaci\u00f3n del hematoma subdural, lleg\u00f3 a la casa de Tigre caminando acompa\u00f1ado de mi sobrino Jonathan. Puso la tele para ver un partido\u00bb, agreg\u00f3 y record\u00f3 que \u00abdos o tres d\u00edas antes de la muerte se restringieron las visitas\u00bb al country de Tigre: \u00abCreo que las hijas decidieron eso\u00bb.<\/p>\n<p>Sin embargo, afirm\u00f3 que no tuvo contacto con Maradona cuando estaba en la casa del barrio privado San Andr\u00e9s.<\/p>\n<p>Sobre Luque, consider\u00f3 que el neurocirujano era el m\u00e9dico de cabecera de su hermano porque \u00abera el \u00fanico que lo atend\u00eda\u00bb.<\/p>\n<p>\u00abCuando llegamos a Tigre, Claudia Villafa\u00f1e nos confirm\u00f3 el fallecimiento\u00bb, sentenci\u00f3 Rita, quien record\u00f3: \u00abSiempre iba los fines de semana a visitarlo a Campos de Roca y tomaba la medicaci\u00f3n. Abr\u00eda su botellita de agua y la consum\u00eda. Se la recet\u00f3 el doctor Alfredo Cahe\u00bb.<\/p>\n<p>El m\u00e9dico cl\u00ednico Pedro Di Spagna; la jefa de cuidados domiciliarios de Swiss Medical, Nancy Forlini; el enfermero Ricardo Almir\u00f3n; y el coordinador Mariano Perroni son los otros cuatro acusados por el deceso del ex entrenador.<\/p>\n<p>#AgenciaNA<\/p>\n","protected":false},"excerpt":{"rendered":"<p>Buenos Aires, 27 abril (NA) \u2013 El psic\u00f3logo Carlos D\u00edaz; la exmujer de Diego Armando<\/p>\n","protected":false},"author":0,"featured_media":20906,"comment_status":"","ping_status":"","sticky":false,"template":"","format":"standard","meta":{"footnotes":""},"categories":[1],"tags":[],"class_list":["post-20905","post","type-post","status-publish","format-standard","has-post-thumbnail","hentry","category-regionales"],"yoast_head":"<!-- This site is optimized with the Yoast SEO plugin v27.4 - https:\/\/yoast.com\/product\/yoast-seo-wordpress\/ -->\n<title>Ver\u00f3nica Ojeda, el psic\u00f3logo y una de las hermanas declarar\u00e1n en el juicio por la muerte de Maradona - Fm Gente<\/title>\n<meta name=\"robots\" content=\"index, follow, max-snippet:-1, max-image-preview:large, max-video-preview:-1\" \/>\n<link rel=\"canonical\" href=\"https:\/\/fmgente.com.ar\/web\/veronica-ojeda-el-psicologo-y-una-de-las-hermanas-declararan-en-el-juicio-por-la-muerte-de-maradona\/\" \/>\n<meta property=\"og:locale\" content=\"es_ES\" \/>\n<meta property=\"og:type\" content=\"article\" \/>\n<meta property=\"og:title\" content=\"Ver\u00f3nica Ojeda, el psic\u00f3logo y una de las hermanas declarar\u00e1n en el juicio por la muerte de Maradona - Fm Gente\" \/>\n<meta property=\"og:description\" content=\"Buenos Aires, 27 abril (NA) \u2013 El psic\u00f3logo Carlos D\u00edaz; la exmujer de Diego Armando\" \/>\n<meta property=\"og:url\" content=\"https:\/\/fmgente.com.ar\/web\/veronica-ojeda-el-psicologo-y-una-de-las-hermanas-declararan-en-el-juicio-por-la-muerte-de-maradona\/\" \/>\n<meta property=\"og:site_name\" content=\"Fm Gente\" \/>\n<meta property=\"article:published_time\" content=\"2026-04-27T18:17:31+00:00\" \/>\n<meta name=\"twitter:card\" content=\"summary_large_image\" \/>\n<meta name=\"twitter:label1\" content=\"Tiempo de lectura\" \/>\n\t<meta name=\"twitter:data1\" content=\"3 minutos\" \/>\n<script type=\"application\/ld+json\" class=\"yoast-schema-graph\">{\"@context\":\"https:\\\/\\\/schema.org\",\"@graph\":[{\"@type\":\"Article\",\"@id\":\"https:\\\/\\\/fmgente.com.ar\\\/web\\\/veronica-ojeda-el-psicologo-y-una-de-las-hermanas-declararan-en-el-juicio-por-la-muerte-de-maradona\\\/#article\",\"isPartOf\":{\"@id\":\"https:\\\/\\\/fmgente.com.ar\\\/web\\\/veronica-ojeda-el-psicologo-y-una-de-las-hermanas-declararan-en-el-juicio-por-la-muerte-de-maradona\\\/\"},\"author\":{\"name\":\"\",\"@id\":\"\"},\"headline\":\"Ver\u00f3nica Ojeda, el psic\u00f3logo y una de las hermanas declarar\u00e1n en el juicio por la muerte de Maradona\",\"datePublished\":\"2026-04-27T18:17:31+00:00\",\"mainEntityOfPage\":{\"@id\":\"https:\\\/\\\/fmgente.com.ar\\\/web\\\/veronica-ojeda-el-psicologo-y-una-de-las-hermanas-declararan-en-el-juicio-por-la-muerte-de-maradona\\\/\"},\"wordCount\":657,\"publisher\":{\"@id\":\"https:\\\/\\\/fmgente.com.ar\\\/web\\\/#organization\"},\"image\":{\"@id\":\"https:\\\/\\\/fmgente.com.ar\\\/web\\\/veronica-ojeda-el-psicologo-y-una-de-las-hermanas-declararan-en-el-juicio-por-la-muerte-de-maradona\\\/#primaryimage\"},\"thumbnailUrl\":\"https:\\\/\\\/fmgente.com.ar\\\/web\\\/wp-content\\\/uploads\\\/2026\\\/04\\\/720-1356.jpeg\",\"articleSection\":[\"REGIONALES\"],\"inLanguage\":\"es\"},{\"@type\":\"WebPage\",\"@id\":\"https:\\\/\\\/fmgente.com.ar\\\/web\\\/veronica-ojeda-el-psicologo-y-una-de-las-hermanas-declararan-en-el-juicio-por-la-muerte-de-maradona\\\/\",\"url\":\"https:\\\/\\\/fmgente.com.ar\\\/web\\\/veronica-ojeda-el-psicologo-y-una-de-las-hermanas-declararan-en-el-juicio-por-la-muerte-de-maradona\\\/\",\"name\":\"Ver\u00f3nica Ojeda, el psic\u00f3logo y una de las hermanas declarar\u00e1n en el juicio por la muerte de Maradona - Fm Gente\",\"isPartOf\":{\"@id\":\"https:\\\/\\\/fmgente.com.ar\\\/web\\\/#website\"},\"primaryImageOfPage\":{\"@id\":\"https:\\\/\\\/fmgente.com.ar\\\/web\\\/veronica-ojeda-el-psicologo-y-una-de-las-hermanas-declararan-en-el-juicio-por-la-muerte-de-maradona\\\/#primaryimage\"},\"image\":{\"@id\":\"https:\\\/\\\/fmgente.com.ar\\\/web\\\/veronica-ojeda-el-psicologo-y-una-de-las-hermanas-declararan-en-el-juicio-por-la-muerte-de-maradona\\\/#primaryimage\"},\"thumbnailUrl\":\"https:\\\/\\\/fmgente.com.ar\\\/web\\\/wp-content\\\/uploads\\\/2026\\\/04\\\/720-1356.jpeg\",\"datePublished\":\"2026-04-27T18:17:31+00:00\",\"inLanguage\":\"es\",\"potentialAction\":[{\"@type\":\"ReadAction\",\"target\":[\"https:\\\/\\\/fmgente.com.ar\\\/web\\\/veronica-ojeda-el-psicologo-y-una-de-las-hermanas-declararan-en-el-juicio-por-la-muerte-de-maradona\\\/\"]}]},{\"@type\":\"ImageObject\",\"inLanguage\":\"es\",\"@id\":\"https:\\\/\\\/fmgente.com.ar\\\/web\\\/veronica-ojeda-el-psicologo-y-una-de-las-hermanas-declararan-en-el-juicio-por-la-muerte-de-maradona\\\/#primaryimage\",\"url\":\"https:\\\/\\\/fmgente.com.ar\\\/web\\\/wp-content\\\/uploads\\\/2026\\\/04\\\/720-1356.jpeg\",\"contentUrl\":\"https:\\\/\\\/fmgente.com.ar\\\/web\\\/wp-content\\\/uploads\\\/2026\\\/04\\\/720-1356.jpeg\",\"width\":974,\"height\":720},{\"@type\":\"WebSite\",\"@id\":\"https:\\\/\\\/fmgente.com.ar\\\/web\\\/#website\",\"url\":\"https:\\\/\\\/fmgente.com.ar\\\/web\\\/\",\"name\":\"Fm Gente\",\"description\":\"- Jes\u00fas Mar\u00eda\",\"publisher\":{\"@id\":\"https:\\\/\\\/fmgente.com.ar\\\/web\\\/#organization\"},\"potentialAction\":[{\"@type\":\"SearchAction\",\"target\":{\"@type\":\"EntryPoint\",\"urlTemplate\":\"https:\\\/\\\/fmgente.com.ar\\\/web\\\/?s={search_term_string}\"},\"query-input\":{\"@type\":\"PropertyValueSpecification\",\"valueRequired\":true,\"valueName\":\"search_term_string\"}}],\"inLanguage\":\"es\"},{\"@type\":\"Organization\",\"@id\":\"https:\\\/\\\/fmgente.com.ar\\\/web\\\/#organization\",\"name\":\"Fm Gente\",\"url\":\"https:\\\/\\\/fmgente.com.ar\\\/web\\\/\",\"logo\":{\"@type\":\"ImageObject\",\"inLanguage\":\"es\",\"@id\":\"https:\\\/\\\/fmgente.com.ar\\\/web\\\/#\\\/schema\\\/logo\\\/image\\\/\",\"url\":\"https:\\\/\\\/fmgente.com.ar\\\/web\\\/wp-content\\\/uploads\\\/2023\\\/07\\\/cropped-cropped-logo-sombra2.png\",\"contentUrl\":\"https:\\\/\\\/fmgente.com.ar\\\/web\\\/wp-content\\\/uploads\\\/2023\\\/07\\\/cropped-cropped-logo-sombra2.png\",\"width\":1782,\"height\":1782,\"caption\":\"Fm Gente\"},\"image\":{\"@id\":\"https:\\\/\\\/fmgente.com.ar\\\/web\\\/#\\\/schema\\\/logo\\\/image\\\/\"}}]}<\/script>\n<!-- \/ Yoast SEO plugin. -->","yoast_head_json":{"title":"Ver\u00f3nica Ojeda, el psic\u00f3logo y una de las hermanas declarar\u00e1n en el juicio por la muerte de Maradona - Fm Gente","robots":{"index":"index","follow":"follow","max-snippet":"max-snippet:-1","max-image-preview":"max-image-preview:large","max-video-preview":"max-video-preview:-1"},"canonical":"https:\/\/fmgente.com.ar\/web\/veronica-ojeda-el-psicologo-y-una-de-las-hermanas-declararan-en-el-juicio-por-la-muerte-de-maradona\/","og_locale":"es_ES","og_type":"article","og_title":"Ver\u00f3nica Ojeda, el psic\u00f3logo y una de las hermanas declarar\u00e1n en el juicio por la muerte de Maradona - Fm Gente","og_description":"Buenos Aires, 27 abril (NA) \u2013 El psic\u00f3logo Carlos D\u00edaz; la exmujer de Diego Armando","og_url":"https:\/\/fmgente.com.ar\/web\/veronica-ojeda-el-psicologo-y-una-de-las-hermanas-declararan-en-el-juicio-por-la-muerte-de-maradona\/","og_site_name":"Fm Gente","article_published_time":"2026-04-27T18:17:31+00:00","twitter_card":"summary_large_image","twitter_misc":{"Tiempo de lectura":"3 minutos"},"schema":{"@context":"https:\/\/schema.org","@graph":[{"@type":"Article","@id":"https:\/\/fmgente.com.ar\/web\/veronica-ojeda-el-psicologo-y-una-de-las-hermanas-declararan-en-el-juicio-por-la-muerte-de-maradona\/#article","isPartOf":{"@id":"https:\/\/fmgente.com.ar\/web\/veronica-ojeda-el-psicologo-y-una-de-las-hermanas-declararan-en-el-juicio-por-la-muerte-de-maradona\/"},"author":{"name":"","@id":""},"headline":"Ver\u00f3nica Ojeda, el psic\u00f3logo y una de las hermanas declarar\u00e1n en el juicio por la muerte de Maradona","datePublished":"2026-04-27T18:17:31+00:00","mainEntityOfPage":{"@id":"https:\/\/fmgente.com.ar\/web\/veronica-ojeda-el-psicologo-y-una-de-las-hermanas-declararan-en-el-juicio-por-la-muerte-de-maradona\/"},"wordCount":657,"publisher":{"@id":"https:\/\/fmgente.com.ar\/web\/#organization"},"image":{"@id":"https:\/\/fmgente.com.ar\/web\/veronica-ojeda-el-psicologo-y-una-de-las-hermanas-declararan-en-el-juicio-por-la-muerte-de-maradona\/#primaryimage"},"thumbnailUrl":"https:\/\/fmgente.com.ar\/web\/wp-content\/uploads\/2026\/04\/720-1356.jpeg","articleSection":["REGIONALES"],"inLanguage":"es"},{"@type":"WebPage","@id":"https:\/\/fmgente.com.ar\/web\/veronica-ojeda-el-psicologo-y-una-de-las-hermanas-declararan-en-el-juicio-por-la-muerte-de-maradona\/","url":"https:\/\/fmgente.com.ar\/web\/veronica-ojeda-el-psicologo-y-una-de-las-hermanas-declararan-en-el-juicio-por-la-muerte-de-maradona\/","name":"Ver\u00f3nica Ojeda, el psic\u00f3logo y una de las hermanas declarar\u00e1n en el juicio por la muerte de Maradona - Fm Gente","isPartOf":{"@id":"https:\/\/fmgente.com.ar\/web\/#website"},"primaryImageOfPage":{"@id":"https:\/\/fmgente.com.ar\/web\/veronica-ojeda-el-psicologo-y-una-de-las-hermanas-declararan-en-el-juicio-por-la-muerte-de-maradona\/#primaryimage"},"image":{"@id":"https:\/\/fmgente.com.ar\/web\/veronica-ojeda-el-psicologo-y-una-de-las-hermanas-declararan-en-el-juicio-por-la-muerte-de-maradona\/#primaryimage"},"thumbnailUrl":"https:\/\/fmgente.com.ar\/web\/wp-content\/uploads\/2026\/04\/720-1356.jpeg","datePublished":"2026-04-27T18:17:31+00:00","inLanguage":"es","potentialAction":[{"@type":"ReadAction","target":["https:\/\/fmgente.com.ar\/web\/veronica-ojeda-el-psicologo-y-una-de-las-hermanas-declararan-en-el-juicio-por-la-muerte-de-maradona\/"]}]},{"@type":"ImageObject","inLanguage":"es","@id":"https:\/\/fmgente.com.ar\/web\/veronica-ojeda-el-psicologo-y-una-de-las-hermanas-declararan-en-el-juicio-por-la-muerte-de-maradona\/#primaryimage","url":"https:\/\/fmgente.com.ar\/web\/wp-content\/uploads\/2026\/04\/720-1356.jpeg","contentUrl":"https:\/\/fmgente.com.ar\/web\/wp-content\/uploads\/2026\/04\/720-1356.jpeg","width":974,"height":720},{"@type":"WebSite","@id":"https:\/\/fmgente.com.ar\/web\/#website","url":"https:\/\/fmgente.com.ar\/web\/","name":"Fm Gente","description":"- Jes\u00fas Mar\u00eda","publisher":{"@id":"https:\/\/fmgente.com.ar\/web\/#organization"},"potentialAction":[{"@type":"SearchAction","target":{"@type":"EntryPoint","urlTemplate":"https:\/\/fmgente.com.ar\/web\/?s={search_term_string}"},"query-input":{"@type":"PropertyValueSpecification","valueRequired":true,"valueName":"search_term_string"}}],"inLanguage":"es"},{"@type":"Organization","@id":"https:\/\/fmgente.com.ar\/web\/#organization","name":"Fm Gente","url":"https:\/\/fmgente.com.ar\/web\/","logo":{"@type":"ImageObject","inLanguage":"es","@id":"https:\/\/fmgente.com.ar\/web\/#\/schema\/logo\/image\/","url":"https:\/\/fmgente.com.ar\/web\/wp-content\/uploads\/2023\/07\/cropped-cropped-logo-sombra2.png","contentUrl":"https:\/\/fmgente.com.ar\/web\/wp-content\/uploads\/2023\/07\/cropped-cropped-logo-sombra2.png","width":1782,"height":1782,"caption":"Fm Gente"},"image":{"@id":"https:\/\/fmgente.com.ar\/web\/#\/schema\/logo\/image\/"}}]}},"_links":{"self":[{"href":"https:\/\/fmgente.com.ar\/web\/wp-json\/wp\/v2\/posts\/20905","targetHints":{"allow":["GET"]}}],"collection":[{"href":"https:\/\/fmgente.com.ar\/web\/wp-json\/wp\/v2\/posts"}],"about":[{"href":"https:\/\/fmgente.com.ar\/web\/wp-json\/wp\/v2\/types\/post"}],"replies":[{"embeddable":true,"href":"https:\/\/fmgente.com.ar\/web\/wp-json\/wp\/v2\/comments?post=20905"}],"version-history":[{"count":0,"href":"https:\/\/fmgente.com.ar\/web\/wp-json\/wp\/v2\/posts\/20905\/revisions"}],"wp:featuredmedia":[{"embeddable":true,"href":"https:\/\/fmgente.com.ar\/web\/wp-json\/wp\/v2\/media\/20906"}],"wp:attachment":[{"href":"https:\/\/fmgente.com.ar\/web\/wp-json\/wp\/v2\/media?parent=20905"}],"wp:term":[{"taxonomy":"category","embeddable":true,"href":"https:\/\/fmgente.com.ar\/web\/wp-json\/wp\/v2\/categories?post=20905"},{"taxonomy":"post_tag","embeddable":true,"href":"https:\/\/fmgente.com.ar\/web\/wp-json\/wp\/v2\/tags?post=20905"}],"curies":[{"name":"wp","href":"https:\/\/api.w.org\/{rel}","templated":true}]}}