{"id":20901,"date":"2026-04-27T15:17:29","date_gmt":"2026-04-27T18:17:29","guid":{"rendered":"https:\/\/fmgente.com.ar\/web\/vischi-vs-abad-la-ucr-no-define-su-postura-sobre-la-eliminacion-de-las-paso\/"},"modified":"2026-04-27T15:17:29","modified_gmt":"2026-04-27T18:17:29","slug":"vischi-vs-abad-la-ucr-no-define-su-postura-sobre-la-eliminacion-de-las-paso","status":"publish","type":"post","link":"https:\/\/fmgente.com.ar\/web\/vischi-vs-abad-la-ucr-no-define-su-postura-sobre-la-eliminacion-de-las-paso\/","title":{"rendered":"Vischi vs. Abad: la UCR no define su postura sobre la eliminaci\u00f3n de las PASO"},"content":{"rendered":"<p>Buenos Aires, 27 abril (NA).- La eliminaci\u00f3n de las PASO propuesta por el Gobierno hizo aflorar las diferencias internas en la Uni\u00f3n C\u00edvica Radical en el Senado, ya que se han exhibido dos propuestas distintas sobre la continuidad de las elecciones primarias para designar a los candidatos que competir\u00e1n en las elecciones nacionales.<\/p>\n<p>Mientras el jefe de ese bloque, Eduardo Vischi, quiere quitar la obligaci\u00f3n de concurrir a votar en las elecciones primarias, el senador Maximiliano Abad solo acepta que no se realicen cuando no haya competencias internas, pero mantiene la exigencia de ir a votar cuando se realicen las PASO.<\/p>\n<p>La postura que asuma la UCR es clave para el Gobierno, ya que tiene diez votos que son determinantes para el oficialismo para poder avanzar con la sanci\u00f3n de la reforma electoral, que se debe votar con mayor\u00eda absoluta de 37 votos en el Senado y 129 en Diputados.<\/p>\n<p>Vischi present\u00f3 un proyecto para que las primarias no sean obligatorias para los ciudadanos, eliminando la sanci\u00f3n o carga p\u00fablica de asistir; permite que las agrupaciones sin competencia interna eviten esta instancia y establece un umbral m\u00ednimo del 10% del padr\u00f3n para que se lleven adelante.<\/p>\n<p>\u201cNo buscamos eliminar las PASO, nos parecen una herramienta positiva, que fortalece el sistema democr\u00e1tico y fomenta la participaci\u00f3n, pero s\u00ed observamos que, para los casos en que no hay competencia interna entre candidatos, podr\u00edan evitarse\u201d.<\/p>\n<p>Agreg\u00f3 que \u201ccon esta propuesta buscamos un equilibrio entre el derecho a la participaci\u00f3n y la necesidad de administrar adecuadamente. Elegir es nuestro derecho y seguir\u00e1 si\u00e9ndolo, pero debemos cuidar los recursos de todos haciendo un uso eficiente de ellos y orient\u00e1ndolos hacia donde verdaderamente se necesitan\u201d.<\/p>\n<p>En cambio, el bonaerense Maximiliano Abad mantiene el sistema de PASO pero solo acepta que se suspendan cuando no hay competencia interna, con lo cual deja obligatorias las primarias para el resto de los casos, seg\u00fan supo la Agencia Noticias Argentinas.<\/p>\n<p>\u201cEs razonable exceptuar las PASO cuando existe lista \u00fanica para evitar movilizaciones y gastos est\u00e9riles. Sin embargo, reducir este debate al mero \u2018ahorro fiscal\u2019 es un error conceptual: la democracia no es un gasto administrativo, es una inversi\u00f3n en libertad\u201d, se\u00f1al\u00f3.<\/p>\n<p>Destac\u00f3 que \u201cbajo ning\u00fan concepto avalaremos el retorno de las decisiones a las c\u00fapulas partidarias. Estoy a favor de modernizar las primarias o estructurar un nuevo sistema, siempre y cuando se aseguren competencia y transparencia. La ciudadan\u00eda debe seguir siendo la protagonista en la selecci\u00f3n de candidaturas\u201d.<\/p>\n<p>#AgenciaNA<\/p>\n","protected":false},"excerpt":{"rendered":"<p>Buenos Aires, 27 abril (NA).- La eliminaci\u00f3n de las PASO propuesta por el Gobierno hizo<\/p>\n","protected":false},"author":0,"featured_media":20902,"comment_status":"","ping_status":"","sticky":false,"template":"","format":"standard","meta":{"footnotes":""},"categories":[1],"tags":[],"class_list":["post-20901","post","type-post","status-publish","format-standard","has-post-thumbnail","hentry","category-regionales"],"yoast_head":"<!-- This site is optimized with the Yoast SEO plugin v27.4 - https:\/\/yoast.com\/product\/yoast-seo-wordpress\/ -->\n<title>Vischi vs. Abad: la UCR no define su postura sobre la eliminaci\u00f3n de las PASO - Fm Gente<\/title>\n<meta name=\"robots\" content=\"index, follow, max-snippet:-1, max-image-preview:large, max-video-preview:-1\" \/>\n<link rel=\"canonical\" href=\"https:\/\/fmgente.com.ar\/web\/vischi-vs-abad-la-ucr-no-define-su-postura-sobre-la-eliminacion-de-las-paso\/\" \/>\n<meta property=\"og:locale\" content=\"es_ES\" \/>\n<meta property=\"og:type\" content=\"article\" \/>\n<meta property=\"og:title\" content=\"Vischi vs. Abad: la UCR no define su postura sobre la eliminaci\u00f3n de las PASO - Fm Gente\" \/>\n<meta property=\"og:description\" content=\"Buenos Aires, 27 abril (NA).- La eliminaci\u00f3n de las PASO propuesta por el Gobierno hizo\" \/>\n<meta property=\"og:url\" content=\"https:\/\/fmgente.com.ar\/web\/vischi-vs-abad-la-ucr-no-define-su-postura-sobre-la-eliminacion-de-las-paso\/\" \/>\n<meta property=\"og:site_name\" content=\"Fm Gente\" \/>\n<meta property=\"article:published_time\" content=\"2026-04-27T18:17:29+00:00\" \/>\n<meta name=\"twitter:card\" content=\"summary_large_image\" \/>\n<meta name=\"twitter:label1\" content=\"Tiempo de lectura\" \/>\n\t<meta name=\"twitter:data1\" content=\"2 minutos\" \/>\n<script type=\"application\/ld+json\" class=\"yoast-schema-graph\">{\"@context\":\"https:\\\/\\\/schema.org\",\"@graph\":[{\"@type\":\"Article\",\"@id\":\"https:\\\/\\\/fmgente.com.ar\\\/web\\\/vischi-vs-abad-la-ucr-no-define-su-postura-sobre-la-eliminacion-de-las-paso\\\/#article\",\"isPartOf\":{\"@id\":\"https:\\\/\\\/fmgente.com.ar\\\/web\\\/vischi-vs-abad-la-ucr-no-define-su-postura-sobre-la-eliminacion-de-las-paso\\\/\"},\"author\":{\"name\":\"\",\"@id\":\"\"},\"headline\":\"Vischi vs. Abad: la UCR no define su postura sobre la eliminaci\u00f3n de las PASO\",\"datePublished\":\"2026-04-27T18:17:29+00:00\",\"mainEntityOfPage\":{\"@id\":\"https:\\\/\\\/fmgente.com.ar\\\/web\\\/vischi-vs-abad-la-ucr-no-define-su-postura-sobre-la-eliminacion-de-las-paso\\\/\"},\"wordCount\":447,\"publisher\":{\"@id\":\"https:\\\/\\\/fmgente.com.ar\\\/web\\\/#organization\"},\"image\":{\"@id\":\"https:\\\/\\\/fmgente.com.ar\\\/web\\\/vischi-vs-abad-la-ucr-no-define-su-postura-sobre-la-eliminacion-de-las-paso\\\/#primaryimage\"},\"thumbnailUrl\":\"https:\\\/\\\/fmgente.com.ar\\\/web\\\/wp-content\\\/uploads\\\/2026\\\/04\\\/720-1354.jpeg\",\"articleSection\":[\"REGIONALES\"],\"inLanguage\":\"es\"},{\"@type\":\"WebPage\",\"@id\":\"https:\\\/\\\/fmgente.com.ar\\\/web\\\/vischi-vs-abad-la-ucr-no-define-su-postura-sobre-la-eliminacion-de-las-paso\\\/\",\"url\":\"https:\\\/\\\/fmgente.com.ar\\\/web\\\/vischi-vs-abad-la-ucr-no-define-su-postura-sobre-la-eliminacion-de-las-paso\\\/\",\"name\":\"Vischi vs. Abad: la UCR no define su postura sobre la eliminaci\u00f3n de las PASO - Fm Gente\",\"isPartOf\":{\"@id\":\"https:\\\/\\\/fmgente.com.ar\\\/web\\\/#website\"},\"primaryImageOfPage\":{\"@id\":\"https:\\\/\\\/fmgente.com.ar\\\/web\\\/vischi-vs-abad-la-ucr-no-define-su-postura-sobre-la-eliminacion-de-las-paso\\\/#primaryimage\"},\"image\":{\"@id\":\"https:\\\/\\\/fmgente.com.ar\\\/web\\\/vischi-vs-abad-la-ucr-no-define-su-postura-sobre-la-eliminacion-de-las-paso\\\/#primaryimage\"},\"thumbnailUrl\":\"https:\\\/\\\/fmgente.com.ar\\\/web\\\/wp-content\\\/uploads\\\/2026\\\/04\\\/720-1354.jpeg\",\"datePublished\":\"2026-04-27T18:17:29+00:00\",\"inLanguage\":\"es\",\"potentialAction\":[{\"@type\":\"ReadAction\",\"target\":[\"https:\\\/\\\/fmgente.com.ar\\\/web\\\/vischi-vs-abad-la-ucr-no-define-su-postura-sobre-la-eliminacion-de-las-paso\\\/\"]}]},{\"@type\":\"ImageObject\",\"inLanguage\":\"es\",\"@id\":\"https:\\\/\\\/fmgente.com.ar\\\/web\\\/vischi-vs-abad-la-ucr-no-define-su-postura-sobre-la-eliminacion-de-las-paso\\\/#primaryimage\",\"url\":\"https:\\\/\\\/fmgente.com.ar\\\/web\\\/wp-content\\\/uploads\\\/2026\\\/04\\\/720-1354.jpeg\",\"contentUrl\":\"https:\\\/\\\/fmgente.com.ar\\\/web\\\/wp-content\\\/uploads\\\/2026\\\/04\\\/720-1354.jpeg\",\"width\":1080,\"height\":720},{\"@type\":\"WebSite\",\"@id\":\"https:\\\/\\\/fmgente.com.ar\\\/web\\\/#website\",\"url\":\"https:\\\/\\\/fmgente.com.ar\\\/web\\\/\",\"name\":\"Fm Gente\",\"description\":\"- Jes\u00fas Mar\u00eda\",\"publisher\":{\"@id\":\"https:\\\/\\\/fmgente.com.ar\\\/web\\\/#organization\"},\"potentialAction\":[{\"@type\":\"SearchAction\",\"target\":{\"@type\":\"EntryPoint\",\"urlTemplate\":\"https:\\\/\\\/fmgente.com.ar\\\/web\\\/?s={search_term_string}\"},\"query-input\":{\"@type\":\"PropertyValueSpecification\",\"valueRequired\":true,\"valueName\":\"search_term_string\"}}],\"inLanguage\":\"es\"},{\"@type\":\"Organization\",\"@id\":\"https:\\\/\\\/fmgente.com.ar\\\/web\\\/#organization\",\"name\":\"Fm Gente\",\"url\":\"https:\\\/\\\/fmgente.com.ar\\\/web\\\/\",\"logo\":{\"@type\":\"ImageObject\",\"inLanguage\":\"es\",\"@id\":\"https:\\\/\\\/fmgente.com.ar\\\/web\\\/#\\\/schema\\\/logo\\\/image\\\/\",\"url\":\"https:\\\/\\\/fmgente.com.ar\\\/web\\\/wp-content\\\/uploads\\\/2023\\\/07\\\/cropped-cropped-logo-sombra2.png\",\"contentUrl\":\"https:\\\/\\\/fmgente.com.ar\\\/web\\\/wp-content\\\/uploads\\\/2023\\\/07\\\/cropped-cropped-logo-sombra2.png\",\"width\":1782,\"height\":1782,\"caption\":\"Fm Gente\"},\"image\":{\"@id\":\"https:\\\/\\\/fmgente.com.ar\\\/web\\\/#\\\/schema\\\/logo\\\/image\\\/\"}}]}<\/script>\n<!-- \/ Yoast SEO plugin. -->","yoast_head_json":{"title":"Vischi vs. Abad: la UCR no define su postura sobre la eliminaci\u00f3n de las PASO - Fm Gente","robots":{"index":"index","follow":"follow","max-snippet":"max-snippet:-1","max-image-preview":"max-image-preview:large","max-video-preview":"max-video-preview:-1"},"canonical":"https:\/\/fmgente.com.ar\/web\/vischi-vs-abad-la-ucr-no-define-su-postura-sobre-la-eliminacion-de-las-paso\/","og_locale":"es_ES","og_type":"article","og_title":"Vischi vs. Abad: la UCR no define su postura sobre la eliminaci\u00f3n de las PASO - Fm Gente","og_description":"Buenos Aires, 27 abril (NA).- La eliminaci\u00f3n de las PASO propuesta por el Gobierno hizo","og_url":"https:\/\/fmgente.com.ar\/web\/vischi-vs-abad-la-ucr-no-define-su-postura-sobre-la-eliminacion-de-las-paso\/","og_site_name":"Fm Gente","article_published_time":"2026-04-27T18:17:29+00:00","twitter_card":"summary_large_image","twitter_misc":{"Tiempo de lectura":"2 minutos"},"schema":{"@context":"https:\/\/schema.org","@graph":[{"@type":"Article","@id":"https:\/\/fmgente.com.ar\/web\/vischi-vs-abad-la-ucr-no-define-su-postura-sobre-la-eliminacion-de-las-paso\/#article","isPartOf":{"@id":"https:\/\/fmgente.com.ar\/web\/vischi-vs-abad-la-ucr-no-define-su-postura-sobre-la-eliminacion-de-las-paso\/"},"author":{"name":"","@id":""},"headline":"Vischi vs. Abad: la UCR no define su postura sobre la eliminaci\u00f3n de las PASO","datePublished":"2026-04-27T18:17:29+00:00","mainEntityOfPage":{"@id":"https:\/\/fmgente.com.ar\/web\/vischi-vs-abad-la-ucr-no-define-su-postura-sobre-la-eliminacion-de-las-paso\/"},"wordCount":447,"publisher":{"@id":"https:\/\/fmgente.com.ar\/web\/#organization"},"image":{"@id":"https:\/\/fmgente.com.ar\/web\/vischi-vs-abad-la-ucr-no-define-su-postura-sobre-la-eliminacion-de-las-paso\/#primaryimage"},"thumbnailUrl":"https:\/\/fmgente.com.ar\/web\/wp-content\/uploads\/2026\/04\/720-1354.jpeg","articleSection":["REGIONALES"],"inLanguage":"es"},{"@type":"WebPage","@id":"https:\/\/fmgente.com.ar\/web\/vischi-vs-abad-la-ucr-no-define-su-postura-sobre-la-eliminacion-de-las-paso\/","url":"https:\/\/fmgente.com.ar\/web\/vischi-vs-abad-la-ucr-no-define-su-postura-sobre-la-eliminacion-de-las-paso\/","name":"Vischi vs. Abad: la UCR no define su postura sobre la eliminaci\u00f3n de las PASO - Fm Gente","isPartOf":{"@id":"https:\/\/fmgente.com.ar\/web\/#website"},"primaryImageOfPage":{"@id":"https:\/\/fmgente.com.ar\/web\/vischi-vs-abad-la-ucr-no-define-su-postura-sobre-la-eliminacion-de-las-paso\/#primaryimage"},"image":{"@id":"https:\/\/fmgente.com.ar\/web\/vischi-vs-abad-la-ucr-no-define-su-postura-sobre-la-eliminacion-de-las-paso\/#primaryimage"},"thumbnailUrl":"https:\/\/fmgente.com.ar\/web\/wp-content\/uploads\/2026\/04\/720-1354.jpeg","datePublished":"2026-04-27T18:17:29+00:00","inLanguage":"es","potentialAction":[{"@type":"ReadAction","target":["https:\/\/fmgente.com.ar\/web\/vischi-vs-abad-la-ucr-no-define-su-postura-sobre-la-eliminacion-de-las-paso\/"]}]},{"@type":"ImageObject","inLanguage":"es","@id":"https:\/\/fmgente.com.ar\/web\/vischi-vs-abad-la-ucr-no-define-su-postura-sobre-la-eliminacion-de-las-paso\/#primaryimage","url":"https:\/\/fmgente.com.ar\/web\/wp-content\/uploads\/2026\/04\/720-1354.jpeg","contentUrl":"https:\/\/fmgente.com.ar\/web\/wp-content\/uploads\/2026\/04\/720-1354.jpeg","width":1080,"height":720},{"@type":"WebSite","@id":"https:\/\/fmgente.com.ar\/web\/#website","url":"https:\/\/fmgente.com.ar\/web\/","name":"Fm Gente","description":"- Jes\u00fas Mar\u00eda","publisher":{"@id":"https:\/\/fmgente.com.ar\/web\/#organization"},"potentialAction":[{"@type":"SearchAction","target":{"@type":"EntryPoint","urlTemplate":"https:\/\/fmgente.com.ar\/web\/?s={search_term_string}"},"query-input":{"@type":"PropertyValueSpecification","valueRequired":true,"valueName":"search_term_string"}}],"inLanguage":"es"},{"@type":"Organization","@id":"https:\/\/fmgente.com.ar\/web\/#organization","name":"Fm Gente","url":"https:\/\/fmgente.com.ar\/web\/","logo":{"@type":"ImageObject","inLanguage":"es","@id":"https:\/\/fmgente.com.ar\/web\/#\/schema\/logo\/image\/","url":"https:\/\/fmgente.com.ar\/web\/wp-content\/uploads\/2023\/07\/cropped-cropped-logo-sombra2.png","contentUrl":"https:\/\/fmgente.com.ar\/web\/wp-content\/uploads\/2023\/07\/cropped-cropped-logo-sombra2.png","width":1782,"height":1782,"caption":"Fm Gente"},"image":{"@id":"https:\/\/fmgente.com.ar\/web\/#\/schema\/logo\/image\/"}}]}},"_links":{"self":[{"href":"https:\/\/fmgente.com.ar\/web\/wp-json\/wp\/v2\/posts\/20901","targetHints":{"allow":["GET"]}}],"collection":[{"href":"https:\/\/fmgente.com.ar\/web\/wp-json\/wp\/v2\/posts"}],"about":[{"href":"https:\/\/fmgente.com.ar\/web\/wp-json\/wp\/v2\/types\/post"}],"replies":[{"embeddable":true,"href":"https:\/\/fmgente.com.ar\/web\/wp-json\/wp\/v2\/comments?post=20901"}],"version-history":[{"count":0,"href":"https:\/\/fmgente.com.ar\/web\/wp-json\/wp\/v2\/posts\/20901\/revisions"}],"wp:featuredmedia":[{"embeddable":true,"href":"https:\/\/fmgente.com.ar\/web\/wp-json\/wp\/v2\/media\/20902"}],"wp:attachment":[{"href":"https:\/\/fmgente.com.ar\/web\/wp-json\/wp\/v2\/media?parent=20901"}],"wp:term":[{"taxonomy":"category","embeddable":true,"href":"https:\/\/fmgente.com.ar\/web\/wp-json\/wp\/v2\/categories?post=20901"},{"taxonomy":"post_tag","embeddable":true,"href":"https:\/\/fmgente.com.ar\/web\/wp-json\/wp\/v2\/tags?post=20901"}],"curies":[{"name":"wp","href":"https:\/\/api.w.org\/{rel}","templated":true}]}}