{"id":20893,"date":"2026-04-27T05:06:46","date_gmt":"2026-04-27T08:06:46","guid":{"rendered":"https:\/\/fmgente.com.ar\/web\/que-debes-hacer-si-sabes-que-van-a-suspenderte-de-auh-de-anses-en-mayo-2026\/"},"modified":"2026-04-27T05:06:46","modified_gmt":"2026-04-27T08:06:46","slug":"que-debes-hacer-si-sabes-que-van-a-suspenderte-de-auh-de-anses-en-mayo-2026","status":"publish","type":"post","link":"https:\/\/fmgente.com.ar\/web\/que-debes-hacer-si-sabes-que-van-a-suspenderte-de-auh-de-anses-en-mayo-2026\/","title":{"rendered":"Qu\u00e9 deb\u00e9s hacer si sab\u00e9s que van a suspenderte de AUH de ANSES en mayo 2026"},"content":{"rendered":"<p>Para seguir cobrando la Administraci\u00f3n Nacional de la Seguridad Social (ANSES) en mayo sin inconvenientes, es fundamental que los beneficiarios respeten las condiciones establecidas y mantengan toda la informaci\u00f3n personal al d\u00eda. Cumplir con estos requisitos evita demoras, bloqueos o suspensiones en el pago mensual de la Asignaci\u00f3n Universal por Hijo.<\/p>\n<p>La actualizaci\u00f3n de datos en los registros oficiales y el cumplimiento de las obligaciones vigentes son aspectos esenciales dentro del sistema. Cualquier inconsistencia administrativa puede afectar la continuidad del beneficio, por lo que se recomienda revisar peri\u00f3dicamente la situaci\u00f3n de cada titular para garantizar el cobro normal de la prestaci\u00f3n.<\/p>\n<p>AS\u00cd POD\u00c9S RECLAMAR Y NO PERDER EL PAGO DE AUH DE ANSES EN MAYO 2026<\/p>\n<p>Para seguir cobrando la Asignaci\u00f3n Universal por Hijo en mayo, es fundamental que los beneficiarios mantengan al d\u00eda toda la informaci\u00f3n personal y cumplan con las exigencias establecidas porel organismo estatal. La actualizaci\u00f3n de datos y la presentaci\u00f3n de la documentaci\u00f3n requerida son claves para evitar inconvenientes que puedan afectar este ingreso esencial para muchas familias.<\/p>\n<p>Desde ANSES advierten que, si no se respetan estas condiciones, el beneficio puede ser suspendido temporalmente o incluso dado de baja, una situaci\u00f3n que impacta de lleno en la econom\u00eda del hogar. Por eso, se recomienda revisar con frecuencia el estado de la prestaci\u00f3n en el sistema y corregir cualquier irregularidad administrativa antes de que genere demoras en el cobro.<\/p>\n<p>Uno de los motivos m\u00e1s frecuentes de suspensi\u00f3n se produce cuando cambia la situaci\u00f3n laboral del titular. Si la persona comienza a trabajar en relaci\u00f3n de dependencia, se registra como monotributista com\u00fan o supera el l\u00edmite de ingresos permitido, deja de reunir los requisitos para percibir la AUH. En esos casos, puede pasar al r\u00e9gimen de Asignaciones Familiares (SUAF) o perder directamente el beneficio.<\/p>\n<p>Otro requisito indispensable es la presentaci\u00f3n de la Libreta AUH, el documento que acredita la escolaridad, los controles de salud y el cumplimiento del calendario de vacunaci\u00f3n de los menores. Si este tr\u00e1mite no se realiza dentro de los plazos establecidos, ANSES puede interrumpir el pago hasta que se regularice la situaci\u00f3n.<\/p>\n<p>Tambi\u00e9n es importante recordar que la AUH se abona hasta que el hijo cumple 18 a\u00f1os, excepto en los casos de discapacidad con Certificado \u00danico de Discapacidad vigente. Adem\u00e1s, los errores o desactualizaciones en los datos del titular o del grupo familiar pueden generar bloqueos en la liquidaci\u00f3n mensual, al igual que cualquier inconsistencia en la informaci\u00f3n registrada.<\/p>\n<p>Otra causa que puede provocar la suspensi\u00f3n del beneficio es permanecer fuera del pa\u00eds durante m\u00e1s de 90 d\u00edas. En ese caso, ANSES puede frenar el pago hasta que se vuelva a acreditar la residencia en Argentina.<\/p>\n<p>Cuando la interrupci\u00f3n se debe a cuestiones administrativas, la asignaci\u00f3n suele recuperarse una vez solucionado el problema. Por ejemplo, si faltaba presentar la Libreta o hab\u00eda datos incorrectos, al completar la documentaci\u00f3n en Mi ANSES el beneficio puede restablecerse. Sin embargo, si la baja responde a un cambio definitivo, como la obtenci\u00f3n de un empleo formal o la mayor\u00eda de edad del hijo, la AUH no vuelve a activarse.<\/p>\n<p>Para verificar el estado del beneficio, el titular debe ingresar a Mi ANSES con su CUIL y Clave de la Seguridad Social, acceder a la secci\u00f3n \u201cHijos &#8211; Mis Asignaciones\u201d y revisar si existe alguna observaci\u00f3n pendiente. Desde all\u00ed podr\u00e1 actualizar informaci\u00f3n, presentar documentaci\u00f3n o iniciar un reclamo en caso de ser necesario. Si el inconveniente persiste, tambi\u00e9n es posible solicitar atenci\u00f3n presencial. <\/p>\n<p>Mantener estos controles al d\u00eda permite evitar demoras o suspensiones y garantiza la continuidad de una prestaci\u00f3n econ\u00f3mica que resulta fundamental para la organizaci\u00f3n y estabilidad de muchas familias.<\/p>\n","protected":false},"excerpt":{"rendered":"<p>Para seguir cobrando la Administraci\u00f3n Nacional de la Seguridad Social (ANSES) en mayo sin inconvenientes,<\/p>\n","protected":false},"author":0,"featured_media":20894,"comment_status":"","ping_status":"","sticky":false,"template":"","format":"standard","meta":{"footnotes":""},"categories":[11],"tags":[],"class_list":["post-20893","post","type-post","status-publish","format-standard","has-post-thumbnail","hentry","category-destacadas"],"yoast_head":"<!-- This site is optimized with the Yoast SEO plugin v27.4 - https:\/\/yoast.com\/product\/yoast-seo-wordpress\/ -->\n<title>Qu\u00e9 deb\u00e9s hacer si sab\u00e9s que van a suspenderte de AUH de ANSES en mayo 2026 - Fm Gente<\/title>\n<meta name=\"robots\" content=\"index, follow, max-snippet:-1, max-image-preview:large, max-video-preview:-1\" \/>\n<link rel=\"canonical\" href=\"https:\/\/fmgente.com.ar\/web\/que-debes-hacer-si-sabes-que-van-a-suspenderte-de-auh-de-anses-en-mayo-2026\/\" \/>\n<meta property=\"og:locale\" content=\"es_ES\" \/>\n<meta property=\"og:type\" content=\"article\" \/>\n<meta property=\"og:title\" content=\"Qu\u00e9 deb\u00e9s hacer si sab\u00e9s que van a suspenderte de AUH de ANSES en mayo 2026 - Fm Gente\" \/>\n<meta property=\"og:description\" content=\"Para seguir cobrando la Administraci\u00f3n Nacional de la Seguridad Social (ANSES) en mayo sin inconvenientes,\" \/>\n<meta property=\"og:url\" content=\"https:\/\/fmgente.com.ar\/web\/que-debes-hacer-si-sabes-que-van-a-suspenderte-de-auh-de-anses-en-mayo-2026\/\" \/>\n<meta property=\"og:site_name\" content=\"Fm Gente\" \/>\n<meta property=\"article:published_time\" content=\"2026-04-27T08:06:46+00:00\" \/>\n<meta name=\"twitter:card\" content=\"summary_large_image\" \/>\n<meta name=\"twitter:label1\" content=\"Tiempo de lectura\" \/>\n\t<meta name=\"twitter:data1\" content=\"3 minutos\" \/>\n<script type=\"application\/ld+json\" class=\"yoast-schema-graph\">{\"@context\":\"https:\\\/\\\/schema.org\",\"@graph\":[{\"@type\":\"Article\",\"@id\":\"https:\\\/\\\/fmgente.com.ar\\\/web\\\/que-debes-hacer-si-sabes-que-van-a-suspenderte-de-auh-de-anses-en-mayo-2026\\\/#article\",\"isPartOf\":{\"@id\":\"https:\\\/\\\/fmgente.com.ar\\\/web\\\/que-debes-hacer-si-sabes-que-van-a-suspenderte-de-auh-de-anses-en-mayo-2026\\\/\"},\"author\":{\"name\":\"\",\"@id\":\"\"},\"headline\":\"Qu\u00e9 deb\u00e9s hacer si sab\u00e9s que van a suspenderte de AUH de ANSES en mayo 2026\",\"datePublished\":\"2026-04-27T08:06:46+00:00\",\"mainEntityOfPage\":{\"@id\":\"https:\\\/\\\/fmgente.com.ar\\\/web\\\/que-debes-hacer-si-sabes-que-van-a-suspenderte-de-auh-de-anses-en-mayo-2026\\\/\"},\"wordCount\":672,\"publisher\":{\"@id\":\"https:\\\/\\\/fmgente.com.ar\\\/web\\\/#organization\"},\"image\":{\"@id\":\"https:\\\/\\\/fmgente.com.ar\\\/web\\\/que-debes-hacer-si-sabes-que-van-a-suspenderte-de-auh-de-anses-en-mayo-2026\\\/#primaryimage\"},\"thumbnailUrl\":\"https:\\\/\\\/fmgente.com.ar\\\/web\\\/wp-content\\\/uploads\\\/2026\\\/04\\\/720-1352.jpeg\",\"articleSection\":[\"DESTACADAS\"],\"inLanguage\":\"es\"},{\"@type\":\"WebPage\",\"@id\":\"https:\\\/\\\/fmgente.com.ar\\\/web\\\/que-debes-hacer-si-sabes-que-van-a-suspenderte-de-auh-de-anses-en-mayo-2026\\\/\",\"url\":\"https:\\\/\\\/fmgente.com.ar\\\/web\\\/que-debes-hacer-si-sabes-que-van-a-suspenderte-de-auh-de-anses-en-mayo-2026\\\/\",\"name\":\"Qu\u00e9 deb\u00e9s hacer si sab\u00e9s que van a suspenderte de AUH de ANSES en mayo 2026 - Fm Gente\",\"isPartOf\":{\"@id\":\"https:\\\/\\\/fmgente.com.ar\\\/web\\\/#website\"},\"primaryImageOfPage\":{\"@id\":\"https:\\\/\\\/fmgente.com.ar\\\/web\\\/que-debes-hacer-si-sabes-que-van-a-suspenderte-de-auh-de-anses-en-mayo-2026\\\/#primaryimage\"},\"image\":{\"@id\":\"https:\\\/\\\/fmgente.com.ar\\\/web\\\/que-debes-hacer-si-sabes-que-van-a-suspenderte-de-auh-de-anses-en-mayo-2026\\\/#primaryimage\"},\"thumbnailUrl\":\"https:\\\/\\\/fmgente.com.ar\\\/web\\\/wp-content\\\/uploads\\\/2026\\\/04\\\/720-1352.jpeg\",\"datePublished\":\"2026-04-27T08:06:46+00:00\",\"inLanguage\":\"es\",\"potentialAction\":[{\"@type\":\"ReadAction\",\"target\":[\"https:\\\/\\\/fmgente.com.ar\\\/web\\\/que-debes-hacer-si-sabes-que-van-a-suspenderte-de-auh-de-anses-en-mayo-2026\\\/\"]}]},{\"@type\":\"ImageObject\",\"inLanguage\":\"es\",\"@id\":\"https:\\\/\\\/fmgente.com.ar\\\/web\\\/que-debes-hacer-si-sabes-que-van-a-suspenderte-de-auh-de-anses-en-mayo-2026\\\/#primaryimage\",\"url\":\"https:\\\/\\\/fmgente.com.ar\\\/web\\\/wp-content\\\/uploads\\\/2026\\\/04\\\/720-1352.jpeg\",\"contentUrl\":\"https:\\\/\\\/fmgente.com.ar\\\/web\\\/wp-content\\\/uploads\\\/2026\\\/04\\\/720-1352.jpeg\",\"width\":1280,\"height\":720},{\"@type\":\"WebSite\",\"@id\":\"https:\\\/\\\/fmgente.com.ar\\\/web\\\/#website\",\"url\":\"https:\\\/\\\/fmgente.com.ar\\\/web\\\/\",\"name\":\"Fm Gente\",\"description\":\"- Jes\u00fas Mar\u00eda\",\"publisher\":{\"@id\":\"https:\\\/\\\/fmgente.com.ar\\\/web\\\/#organization\"},\"potentialAction\":[{\"@type\":\"SearchAction\",\"target\":{\"@type\":\"EntryPoint\",\"urlTemplate\":\"https:\\\/\\\/fmgente.com.ar\\\/web\\\/?s={search_term_string}\"},\"query-input\":{\"@type\":\"PropertyValueSpecification\",\"valueRequired\":true,\"valueName\":\"search_term_string\"}}],\"inLanguage\":\"es\"},{\"@type\":\"Organization\",\"@id\":\"https:\\\/\\\/fmgente.com.ar\\\/web\\\/#organization\",\"name\":\"Fm Gente\",\"url\":\"https:\\\/\\\/fmgente.com.ar\\\/web\\\/\",\"logo\":{\"@type\":\"ImageObject\",\"inLanguage\":\"es\",\"@id\":\"https:\\\/\\\/fmgente.com.ar\\\/web\\\/#\\\/schema\\\/logo\\\/image\\\/\",\"url\":\"https:\\\/\\\/fmgente.com.ar\\\/web\\\/wp-content\\\/uploads\\\/2023\\\/07\\\/cropped-cropped-logo-sombra2.png\",\"contentUrl\":\"https:\\\/\\\/fmgente.com.ar\\\/web\\\/wp-content\\\/uploads\\\/2023\\\/07\\\/cropped-cropped-logo-sombra2.png\",\"width\":1782,\"height\":1782,\"caption\":\"Fm Gente\"},\"image\":{\"@id\":\"https:\\\/\\\/fmgente.com.ar\\\/web\\\/#\\\/schema\\\/logo\\\/image\\\/\"}}]}<\/script>\n<!-- \/ Yoast SEO plugin. -->","yoast_head_json":{"title":"Qu\u00e9 deb\u00e9s hacer si sab\u00e9s que van a suspenderte de AUH de ANSES en mayo 2026 - Fm Gente","robots":{"index":"index","follow":"follow","max-snippet":"max-snippet:-1","max-image-preview":"max-image-preview:large","max-video-preview":"max-video-preview:-1"},"canonical":"https:\/\/fmgente.com.ar\/web\/que-debes-hacer-si-sabes-que-van-a-suspenderte-de-auh-de-anses-en-mayo-2026\/","og_locale":"es_ES","og_type":"article","og_title":"Qu\u00e9 deb\u00e9s hacer si sab\u00e9s que van a suspenderte de AUH de ANSES en mayo 2026 - Fm Gente","og_description":"Para seguir cobrando la Administraci\u00f3n Nacional de la Seguridad Social (ANSES) en mayo sin inconvenientes,","og_url":"https:\/\/fmgente.com.ar\/web\/que-debes-hacer-si-sabes-que-van-a-suspenderte-de-auh-de-anses-en-mayo-2026\/","og_site_name":"Fm Gente","article_published_time":"2026-04-27T08:06:46+00:00","twitter_card":"summary_large_image","twitter_misc":{"Tiempo de lectura":"3 minutos"},"schema":{"@context":"https:\/\/schema.org","@graph":[{"@type":"Article","@id":"https:\/\/fmgente.com.ar\/web\/que-debes-hacer-si-sabes-que-van-a-suspenderte-de-auh-de-anses-en-mayo-2026\/#article","isPartOf":{"@id":"https:\/\/fmgente.com.ar\/web\/que-debes-hacer-si-sabes-que-van-a-suspenderte-de-auh-de-anses-en-mayo-2026\/"},"author":{"name":"","@id":""},"headline":"Qu\u00e9 deb\u00e9s hacer si sab\u00e9s que van a suspenderte de AUH de ANSES en mayo 2026","datePublished":"2026-04-27T08:06:46+00:00","mainEntityOfPage":{"@id":"https:\/\/fmgente.com.ar\/web\/que-debes-hacer-si-sabes-que-van-a-suspenderte-de-auh-de-anses-en-mayo-2026\/"},"wordCount":672,"publisher":{"@id":"https:\/\/fmgente.com.ar\/web\/#organization"},"image":{"@id":"https:\/\/fmgente.com.ar\/web\/que-debes-hacer-si-sabes-que-van-a-suspenderte-de-auh-de-anses-en-mayo-2026\/#primaryimage"},"thumbnailUrl":"https:\/\/fmgente.com.ar\/web\/wp-content\/uploads\/2026\/04\/720-1352.jpeg","articleSection":["DESTACADAS"],"inLanguage":"es"},{"@type":"WebPage","@id":"https:\/\/fmgente.com.ar\/web\/que-debes-hacer-si-sabes-que-van-a-suspenderte-de-auh-de-anses-en-mayo-2026\/","url":"https:\/\/fmgente.com.ar\/web\/que-debes-hacer-si-sabes-que-van-a-suspenderte-de-auh-de-anses-en-mayo-2026\/","name":"Qu\u00e9 deb\u00e9s hacer si sab\u00e9s que van a suspenderte de AUH de ANSES en mayo 2026 - Fm Gente","isPartOf":{"@id":"https:\/\/fmgente.com.ar\/web\/#website"},"primaryImageOfPage":{"@id":"https:\/\/fmgente.com.ar\/web\/que-debes-hacer-si-sabes-que-van-a-suspenderte-de-auh-de-anses-en-mayo-2026\/#primaryimage"},"image":{"@id":"https:\/\/fmgente.com.ar\/web\/que-debes-hacer-si-sabes-que-van-a-suspenderte-de-auh-de-anses-en-mayo-2026\/#primaryimage"},"thumbnailUrl":"https:\/\/fmgente.com.ar\/web\/wp-content\/uploads\/2026\/04\/720-1352.jpeg","datePublished":"2026-04-27T08:06:46+00:00","inLanguage":"es","potentialAction":[{"@type":"ReadAction","target":["https:\/\/fmgente.com.ar\/web\/que-debes-hacer-si-sabes-que-van-a-suspenderte-de-auh-de-anses-en-mayo-2026\/"]}]},{"@type":"ImageObject","inLanguage":"es","@id":"https:\/\/fmgente.com.ar\/web\/que-debes-hacer-si-sabes-que-van-a-suspenderte-de-auh-de-anses-en-mayo-2026\/#primaryimage","url":"https:\/\/fmgente.com.ar\/web\/wp-content\/uploads\/2026\/04\/720-1352.jpeg","contentUrl":"https:\/\/fmgente.com.ar\/web\/wp-content\/uploads\/2026\/04\/720-1352.jpeg","width":1280,"height":720},{"@type":"WebSite","@id":"https:\/\/fmgente.com.ar\/web\/#website","url":"https:\/\/fmgente.com.ar\/web\/","name":"Fm Gente","description":"- Jes\u00fas Mar\u00eda","publisher":{"@id":"https:\/\/fmgente.com.ar\/web\/#organization"},"potentialAction":[{"@type":"SearchAction","target":{"@type":"EntryPoint","urlTemplate":"https:\/\/fmgente.com.ar\/web\/?s={search_term_string}"},"query-input":{"@type":"PropertyValueSpecification","valueRequired":true,"valueName":"search_term_string"}}],"inLanguage":"es"},{"@type":"Organization","@id":"https:\/\/fmgente.com.ar\/web\/#organization","name":"Fm Gente","url":"https:\/\/fmgente.com.ar\/web\/","logo":{"@type":"ImageObject","inLanguage":"es","@id":"https:\/\/fmgente.com.ar\/web\/#\/schema\/logo\/image\/","url":"https:\/\/fmgente.com.ar\/web\/wp-content\/uploads\/2023\/07\/cropped-cropped-logo-sombra2.png","contentUrl":"https:\/\/fmgente.com.ar\/web\/wp-content\/uploads\/2023\/07\/cropped-cropped-logo-sombra2.png","width":1782,"height":1782,"caption":"Fm Gente"},"image":{"@id":"https:\/\/fmgente.com.ar\/web\/#\/schema\/logo\/image\/"}}]}},"_links":{"self":[{"href":"https:\/\/fmgente.com.ar\/web\/wp-json\/wp\/v2\/posts\/20893","targetHints":{"allow":["GET"]}}],"collection":[{"href":"https:\/\/fmgente.com.ar\/web\/wp-json\/wp\/v2\/posts"}],"about":[{"href":"https:\/\/fmgente.com.ar\/web\/wp-json\/wp\/v2\/types\/post"}],"replies":[{"embeddable":true,"href":"https:\/\/fmgente.com.ar\/web\/wp-json\/wp\/v2\/comments?post=20893"}],"version-history":[{"count":0,"href":"https:\/\/fmgente.com.ar\/web\/wp-json\/wp\/v2\/posts\/20893\/revisions"}],"wp:featuredmedia":[{"embeddable":true,"href":"https:\/\/fmgente.com.ar\/web\/wp-json\/wp\/v2\/media\/20894"}],"wp:attachment":[{"href":"https:\/\/fmgente.com.ar\/web\/wp-json\/wp\/v2\/media?parent=20893"}],"wp:term":[{"taxonomy":"category","embeddable":true,"href":"https:\/\/fmgente.com.ar\/web\/wp-json\/wp\/v2\/categories?post=20893"},{"taxonomy":"post_tag","embeddable":true,"href":"https:\/\/fmgente.com.ar\/web\/wp-json\/wp\/v2\/tags?post=20893"}],"curies":[{"name":"wp","href":"https:\/\/api.w.org\/{rel}","templated":true}]}}