{"id":20891,"date":"2026-04-27T05:06:45","date_gmt":"2026-04-27T08:06:45","guid":{"rendered":"https:\/\/fmgente.com.ar\/web\/actor-en-los-soprano-asi-fue-la-impactante-transformacion-de-robert-iler\/"},"modified":"2026-04-27T05:06:45","modified_gmt":"2026-04-27T08:06:45","slug":"actor-en-los-soprano-asi-fue-la-impactante-transformacion-de-robert-iler","status":"publish","type":"post","link":"https:\/\/fmgente.com.ar\/web\/actor-en-los-soprano-asi-fue-la-impactante-transformacion-de-robert-iler\/","title":{"rendered":"Actor en Los Soprano: as\u00ed fue la impactante transformaci\u00f3n de Robert Iler"},"content":{"rendered":"<p>La figura de Robert Iler qued\u00f3 grabada en la memoria colectiva por interpretar a AJ, el hijo del capo mafioso m\u00e1s famoso de la televisi\u00f3n, en la multipremiada serie Los Soprano. Sin embargo, tras el final de la producci\u00f3n que cambi\u00f3 la historia de HBO, el actor decidi\u00f3 emprender un camino radicalmente distinto al que muchos esperaban de una joven promesa de Hollywood.<\/p>\n<p>El impacto de su transformaci\u00f3n ha generado un renovado inter\u00e9s en las redes sociales, donde im\u00e1genes actuales contrastan fuertemente con la imagen del adolescente rebelde y vulnerable que encarn\u00f3 durante casi una d\u00e9cada. Su presente, marcado por nuevos intereses y una filosof\u00eda de vida que prioriza la salud mental sobre la fama.<\/p>\n<p>C\u00d3MO FUE LA IMPRESIONANTE TRANSFORMACI\u00d3N DE ROBERT ILER<\/p>\n<p>Robert Iler vivi\u00f3 una infancia y adolescencia at\u00edpicas, creciendo bajo la mirada de millones de espectadores mientras su \u00abfamilia\u00bb de ficci\u00f3n se convert\u00eda en leyenda.<\/p>\n<p>Sin embargo, la presi\u00f3n del \u00e9xito temprano y la sombra de su personaje lo llevaron por un camino oscuro marcado por adicciones y problemas legales. En pleno auge de la serie, fue detenido en Nueva York por robo a mano armada a dos adolescentes. Debido a ese incidente y posesi\u00f3n de marihuana, fue condenado a tres a\u00f1os de libertad condicional siendo menor.<\/p>\n<p>Tras el final de la serie en 2007, Iler no busc\u00f3 nuevas luces en Hollywood; por el contrario, se alej\u00f3 de los sets de filmaci\u00f3n para intentar encontrar una normalidad que la fama le hab\u00eda arrebatado. Revel\u00f3 que en sus peores momentos perdi\u00f3 la noci\u00f3n de la realidad, pasando d\u00edas enteros en clubes nocturnos.<\/p>\n<p>Hoy, el actor mira hacia atr\u00e1s con la madurez de quien ha logrado superar sus propios demonios, celebrando m\u00e1s de 7 a\u00f1os de sobriedad y una vida alejada de los excesos que casi terminan con su carrera y su libertad.<\/p>\n","protected":false},"excerpt":{"rendered":"<p>La figura de Robert Iler qued\u00f3 grabada en la memoria colectiva por interpretar a AJ,<\/p>\n","protected":false},"author":0,"featured_media":20892,"comment_status":"","ping_status":"","sticky":false,"template":"","format":"standard","meta":{"footnotes":""},"categories":[11],"tags":[],"class_list":["post-20891","post","type-post","status-publish","format-standard","has-post-thumbnail","hentry","category-destacadas"],"yoast_head":"<!-- This site is optimized with the Yoast SEO plugin v27.4 - https:\/\/yoast.com\/product\/yoast-seo-wordpress\/ -->\n<title>Actor en Los Soprano: as\u00ed fue la impactante transformaci\u00f3n de Robert Iler - Fm Gente<\/title>\n<meta name=\"robots\" content=\"index, follow, max-snippet:-1, max-image-preview:large, max-video-preview:-1\" \/>\n<link rel=\"canonical\" href=\"https:\/\/fmgente.com.ar\/web\/actor-en-los-soprano-asi-fue-la-impactante-transformacion-de-robert-iler\/\" \/>\n<meta property=\"og:locale\" content=\"es_ES\" \/>\n<meta property=\"og:type\" content=\"article\" \/>\n<meta property=\"og:title\" content=\"Actor en Los Soprano: as\u00ed fue la impactante transformaci\u00f3n de Robert Iler - Fm Gente\" \/>\n<meta property=\"og:description\" content=\"La figura de Robert Iler qued\u00f3 grabada en la memoria colectiva por interpretar a AJ,\" \/>\n<meta property=\"og:url\" content=\"https:\/\/fmgente.com.ar\/web\/actor-en-los-soprano-asi-fue-la-impactante-transformacion-de-robert-iler\/\" \/>\n<meta property=\"og:site_name\" content=\"Fm Gente\" \/>\n<meta property=\"article:published_time\" content=\"2026-04-27T08:06:45+00:00\" \/>\n<meta name=\"twitter:card\" content=\"summary_large_image\" \/>\n<meta name=\"twitter:label1\" content=\"Tiempo de lectura\" \/>\n\t<meta name=\"twitter:data1\" content=\"2 minutos\" \/>\n<script type=\"application\/ld+json\" class=\"yoast-schema-graph\">{\"@context\":\"https:\\\/\\\/schema.org\",\"@graph\":[{\"@type\":\"Article\",\"@id\":\"https:\\\/\\\/fmgente.com.ar\\\/web\\\/actor-en-los-soprano-asi-fue-la-impactante-transformacion-de-robert-iler\\\/#article\",\"isPartOf\":{\"@id\":\"https:\\\/\\\/fmgente.com.ar\\\/web\\\/actor-en-los-soprano-asi-fue-la-impactante-transformacion-de-robert-iler\\\/\"},\"author\":{\"name\":\"\",\"@id\":\"\"},\"headline\":\"Actor en Los Soprano: as\u00ed fue la impactante transformaci\u00f3n de Robert Iler\",\"datePublished\":\"2026-04-27T08:06:45+00:00\",\"mainEntityOfPage\":{\"@id\":\"https:\\\/\\\/fmgente.com.ar\\\/web\\\/actor-en-los-soprano-asi-fue-la-impactante-transformacion-de-robert-iler\\\/\"},\"wordCount\":338,\"publisher\":{\"@id\":\"https:\\\/\\\/fmgente.com.ar\\\/web\\\/#organization\"},\"image\":{\"@id\":\"https:\\\/\\\/fmgente.com.ar\\\/web\\\/actor-en-los-soprano-asi-fue-la-impactante-transformacion-de-robert-iler\\\/#primaryimage\"},\"thumbnailUrl\":\"https:\\\/\\\/fmgente.com.ar\\\/web\\\/wp-content\\\/uploads\\\/2026\\\/04\\\/720-1351.jpeg\",\"articleSection\":[\"DESTACADAS\"],\"inLanguage\":\"es\"},{\"@type\":\"WebPage\",\"@id\":\"https:\\\/\\\/fmgente.com.ar\\\/web\\\/actor-en-los-soprano-asi-fue-la-impactante-transformacion-de-robert-iler\\\/\",\"url\":\"https:\\\/\\\/fmgente.com.ar\\\/web\\\/actor-en-los-soprano-asi-fue-la-impactante-transformacion-de-robert-iler\\\/\",\"name\":\"Actor en Los Soprano: as\u00ed fue la impactante transformaci\u00f3n de Robert Iler - Fm Gente\",\"isPartOf\":{\"@id\":\"https:\\\/\\\/fmgente.com.ar\\\/web\\\/#website\"},\"primaryImageOfPage\":{\"@id\":\"https:\\\/\\\/fmgente.com.ar\\\/web\\\/actor-en-los-soprano-asi-fue-la-impactante-transformacion-de-robert-iler\\\/#primaryimage\"},\"image\":{\"@id\":\"https:\\\/\\\/fmgente.com.ar\\\/web\\\/actor-en-los-soprano-asi-fue-la-impactante-transformacion-de-robert-iler\\\/#primaryimage\"},\"thumbnailUrl\":\"https:\\\/\\\/fmgente.com.ar\\\/web\\\/wp-content\\\/uploads\\\/2026\\\/04\\\/720-1351.jpeg\",\"datePublished\":\"2026-04-27T08:06:45+00:00\",\"inLanguage\":\"es\",\"potentialAction\":[{\"@type\":\"ReadAction\",\"target\":[\"https:\\\/\\\/fmgente.com.ar\\\/web\\\/actor-en-los-soprano-asi-fue-la-impactante-transformacion-de-robert-iler\\\/\"]}]},{\"@type\":\"ImageObject\",\"inLanguage\":\"es\",\"@id\":\"https:\\\/\\\/fmgente.com.ar\\\/web\\\/actor-en-los-soprano-asi-fue-la-impactante-transformacion-de-robert-iler\\\/#primaryimage\",\"url\":\"https:\\\/\\\/fmgente.com.ar\\\/web\\\/wp-content\\\/uploads\\\/2026\\\/04\\\/720-1351.jpeg\",\"contentUrl\":\"https:\\\/\\\/fmgente.com.ar\\\/web\\\/wp-content\\\/uploads\\\/2026\\\/04\\\/720-1351.jpeg\",\"width\":1280,\"height\":720},{\"@type\":\"WebSite\",\"@id\":\"https:\\\/\\\/fmgente.com.ar\\\/web\\\/#website\",\"url\":\"https:\\\/\\\/fmgente.com.ar\\\/web\\\/\",\"name\":\"Fm Gente\",\"description\":\"- Jes\u00fas Mar\u00eda\",\"publisher\":{\"@id\":\"https:\\\/\\\/fmgente.com.ar\\\/web\\\/#organization\"},\"potentialAction\":[{\"@type\":\"SearchAction\",\"target\":{\"@type\":\"EntryPoint\",\"urlTemplate\":\"https:\\\/\\\/fmgente.com.ar\\\/web\\\/?s={search_term_string}\"},\"query-input\":{\"@type\":\"PropertyValueSpecification\",\"valueRequired\":true,\"valueName\":\"search_term_string\"}}],\"inLanguage\":\"es\"},{\"@type\":\"Organization\",\"@id\":\"https:\\\/\\\/fmgente.com.ar\\\/web\\\/#organization\",\"name\":\"Fm Gente\",\"url\":\"https:\\\/\\\/fmgente.com.ar\\\/web\\\/\",\"logo\":{\"@type\":\"ImageObject\",\"inLanguage\":\"es\",\"@id\":\"https:\\\/\\\/fmgente.com.ar\\\/web\\\/#\\\/schema\\\/logo\\\/image\\\/\",\"url\":\"https:\\\/\\\/fmgente.com.ar\\\/web\\\/wp-content\\\/uploads\\\/2023\\\/07\\\/cropped-cropped-logo-sombra2.png\",\"contentUrl\":\"https:\\\/\\\/fmgente.com.ar\\\/web\\\/wp-content\\\/uploads\\\/2023\\\/07\\\/cropped-cropped-logo-sombra2.png\",\"width\":1782,\"height\":1782,\"caption\":\"Fm Gente\"},\"image\":{\"@id\":\"https:\\\/\\\/fmgente.com.ar\\\/web\\\/#\\\/schema\\\/logo\\\/image\\\/\"}}]}<\/script>\n<!-- \/ Yoast SEO plugin. -->","yoast_head_json":{"title":"Actor en Los Soprano: as\u00ed fue la impactante transformaci\u00f3n de Robert Iler - Fm Gente","robots":{"index":"index","follow":"follow","max-snippet":"max-snippet:-1","max-image-preview":"max-image-preview:large","max-video-preview":"max-video-preview:-1"},"canonical":"https:\/\/fmgente.com.ar\/web\/actor-en-los-soprano-asi-fue-la-impactante-transformacion-de-robert-iler\/","og_locale":"es_ES","og_type":"article","og_title":"Actor en Los Soprano: as\u00ed fue la impactante transformaci\u00f3n de Robert Iler - Fm Gente","og_description":"La figura de Robert Iler qued\u00f3 grabada en la memoria colectiva por interpretar a AJ,","og_url":"https:\/\/fmgente.com.ar\/web\/actor-en-los-soprano-asi-fue-la-impactante-transformacion-de-robert-iler\/","og_site_name":"Fm Gente","article_published_time":"2026-04-27T08:06:45+00:00","twitter_card":"summary_large_image","twitter_misc":{"Tiempo de lectura":"2 minutos"},"schema":{"@context":"https:\/\/schema.org","@graph":[{"@type":"Article","@id":"https:\/\/fmgente.com.ar\/web\/actor-en-los-soprano-asi-fue-la-impactante-transformacion-de-robert-iler\/#article","isPartOf":{"@id":"https:\/\/fmgente.com.ar\/web\/actor-en-los-soprano-asi-fue-la-impactante-transformacion-de-robert-iler\/"},"author":{"name":"","@id":""},"headline":"Actor en Los Soprano: as\u00ed fue la impactante transformaci\u00f3n de Robert Iler","datePublished":"2026-04-27T08:06:45+00:00","mainEntityOfPage":{"@id":"https:\/\/fmgente.com.ar\/web\/actor-en-los-soprano-asi-fue-la-impactante-transformacion-de-robert-iler\/"},"wordCount":338,"publisher":{"@id":"https:\/\/fmgente.com.ar\/web\/#organization"},"image":{"@id":"https:\/\/fmgente.com.ar\/web\/actor-en-los-soprano-asi-fue-la-impactante-transformacion-de-robert-iler\/#primaryimage"},"thumbnailUrl":"https:\/\/fmgente.com.ar\/web\/wp-content\/uploads\/2026\/04\/720-1351.jpeg","articleSection":["DESTACADAS"],"inLanguage":"es"},{"@type":"WebPage","@id":"https:\/\/fmgente.com.ar\/web\/actor-en-los-soprano-asi-fue-la-impactante-transformacion-de-robert-iler\/","url":"https:\/\/fmgente.com.ar\/web\/actor-en-los-soprano-asi-fue-la-impactante-transformacion-de-robert-iler\/","name":"Actor en Los Soprano: as\u00ed fue la impactante transformaci\u00f3n de Robert Iler - Fm Gente","isPartOf":{"@id":"https:\/\/fmgente.com.ar\/web\/#website"},"primaryImageOfPage":{"@id":"https:\/\/fmgente.com.ar\/web\/actor-en-los-soprano-asi-fue-la-impactante-transformacion-de-robert-iler\/#primaryimage"},"image":{"@id":"https:\/\/fmgente.com.ar\/web\/actor-en-los-soprano-asi-fue-la-impactante-transformacion-de-robert-iler\/#primaryimage"},"thumbnailUrl":"https:\/\/fmgente.com.ar\/web\/wp-content\/uploads\/2026\/04\/720-1351.jpeg","datePublished":"2026-04-27T08:06:45+00:00","inLanguage":"es","potentialAction":[{"@type":"ReadAction","target":["https:\/\/fmgente.com.ar\/web\/actor-en-los-soprano-asi-fue-la-impactante-transformacion-de-robert-iler\/"]}]},{"@type":"ImageObject","inLanguage":"es","@id":"https:\/\/fmgente.com.ar\/web\/actor-en-los-soprano-asi-fue-la-impactante-transformacion-de-robert-iler\/#primaryimage","url":"https:\/\/fmgente.com.ar\/web\/wp-content\/uploads\/2026\/04\/720-1351.jpeg","contentUrl":"https:\/\/fmgente.com.ar\/web\/wp-content\/uploads\/2026\/04\/720-1351.jpeg","width":1280,"height":720},{"@type":"WebSite","@id":"https:\/\/fmgente.com.ar\/web\/#website","url":"https:\/\/fmgente.com.ar\/web\/","name":"Fm Gente","description":"- Jes\u00fas Mar\u00eda","publisher":{"@id":"https:\/\/fmgente.com.ar\/web\/#organization"},"potentialAction":[{"@type":"SearchAction","target":{"@type":"EntryPoint","urlTemplate":"https:\/\/fmgente.com.ar\/web\/?s={search_term_string}"},"query-input":{"@type":"PropertyValueSpecification","valueRequired":true,"valueName":"search_term_string"}}],"inLanguage":"es"},{"@type":"Organization","@id":"https:\/\/fmgente.com.ar\/web\/#organization","name":"Fm Gente","url":"https:\/\/fmgente.com.ar\/web\/","logo":{"@type":"ImageObject","inLanguage":"es","@id":"https:\/\/fmgente.com.ar\/web\/#\/schema\/logo\/image\/","url":"https:\/\/fmgente.com.ar\/web\/wp-content\/uploads\/2023\/07\/cropped-cropped-logo-sombra2.png","contentUrl":"https:\/\/fmgente.com.ar\/web\/wp-content\/uploads\/2023\/07\/cropped-cropped-logo-sombra2.png","width":1782,"height":1782,"caption":"Fm Gente"},"image":{"@id":"https:\/\/fmgente.com.ar\/web\/#\/schema\/logo\/image\/"}}]}},"_links":{"self":[{"href":"https:\/\/fmgente.com.ar\/web\/wp-json\/wp\/v2\/posts\/20891","targetHints":{"allow":["GET"]}}],"collection":[{"href":"https:\/\/fmgente.com.ar\/web\/wp-json\/wp\/v2\/posts"}],"about":[{"href":"https:\/\/fmgente.com.ar\/web\/wp-json\/wp\/v2\/types\/post"}],"replies":[{"embeddable":true,"href":"https:\/\/fmgente.com.ar\/web\/wp-json\/wp\/v2\/comments?post=20891"}],"version-history":[{"count":0,"href":"https:\/\/fmgente.com.ar\/web\/wp-json\/wp\/v2\/posts\/20891\/revisions"}],"wp:featuredmedia":[{"embeddable":true,"href":"https:\/\/fmgente.com.ar\/web\/wp-json\/wp\/v2\/media\/20892"}],"wp:attachment":[{"href":"https:\/\/fmgente.com.ar\/web\/wp-json\/wp\/v2\/media?parent=20891"}],"wp:term":[{"taxonomy":"category","embeddable":true,"href":"https:\/\/fmgente.com.ar\/web\/wp-json\/wp\/v2\/categories?post=20891"},{"taxonomy":"post_tag","embeddable":true,"href":"https:\/\/fmgente.com.ar\/web\/wp-json\/wp\/v2\/tags?post=20891"}],"curies":[{"name":"wp","href":"https:\/\/api.w.org\/{rel}","templated":true}]}}