{"id":20889,"date":"2026-04-27T05:06:44","date_gmt":"2026-04-27T08:06:44","guid":{"rendered":"https:\/\/fmgente.com.ar\/web\/la-brutal-trompada-de-esteban-andrada-a-un-rival-que-desato-una-batalla-campal-en-espana\/"},"modified":"2026-04-27T05:06:44","modified_gmt":"2026-04-27T08:06:44","slug":"la-brutal-trompada-de-esteban-andrada-a-un-rival-que-desato-una-batalla-campal-en-espana","status":"publish","type":"post","link":"https:\/\/fmgente.com.ar\/web\/la-brutal-trompada-de-esteban-andrada-a-un-rival-que-desato-una-batalla-campal-en-espana\/","title":{"rendered":"La brutal trompada de Esteban Andrada a un rival que desat\u00f3 una batalla campal en Espa\u00f1a"},"content":{"rendered":"<p>Esteban Andrada, aquel arquero argentino de Lan\u00fas y Boca, ataja en Real Zaragoza. <\/p>\n<p>Este domingo es noticia porque protagoniz\u00f3 una violenta reacci\u00f3n y agresi\u00f3n que dej\u00f3 nocaut a un rival y desat\u00f3 una batalla campal en el cl\u00e1sico aragon\u00e9s ante Huesca, por la fecha 37 de la Segunda Divisi\u00f3n de Espa\u00f1a. <\/p>\n<p>Andrada, que hab\u00eda atajado un penal en el primer tiempo, recibi\u00f3 la segunda amarilla por un empuj\u00f3n a Juan Pulido, defensor del Huesca cuando se terminaba el partido y la derrota 1-0 de su equipo era inexorable. <\/p>\n<p>Al ver la tarjeta, Andrada reaccion\u00f3 de la peor manera: corri\u00f3 hasta Puldio y le propin\u00f3 una tremenda pi\u00f1a. <\/p>\n<p>Esto gener\u00f3 el caos en el campo de juego, con corridas, empujones y golpes. <\/p>\n<p>REPUDIO Y SANCI\u00d3N EJEMPLAR <\/p>\n<p>El repudio es total, incluso del capit\u00e1n de Zaragoza Francho Serrano, quien dijo no saber \u00abqu\u00e9 ha pasado. Tengo que pedir disculpas. El Real Zaragoza no representa esto. Estamos dolidos por la derrota\u00bb. <\/p>\n<p>Y los medios espa\u00f1oles hablan de una sanci\u00f3n ejemplar de m\u00e1s de diez partidos. Para ellos se basan en dos casos. <\/p>\n<p>El de otro arquero argentino Germ\u00e1n Adri\u00e1n Ram\u00f3n Burgos, de Mallorca que en 1999 propin\u00f3 un pu\u00f1etazo a \u00d3scar Serrano durante un partido ante el Espanyol, por el que recibi\u00f3 11 fechas.<\/p>\n<p>Y aquella bronca del portugu\u00e9s Pepe cuando jugando para Real Madrid en 2020, le peg\u00f3 a a Casquero y Alb\u00edn jugadores del Getafe y hasta insult\u00f3 al \u00e1rbitro. El hist\u00f3rico defensor debi\u00f3 cumplir una sanci\u00f3n de 10 partidos.<\/p>\n<p>GOL Y RESUMEN DEL CL\u00c1SICO <\/p>\n<p>Huesca sonri\u00f3 en el cl\u00e1sico.<\/p>\n","protected":false},"excerpt":{"rendered":"<p>Esteban Andrada, aquel arquero argentino de Lan\u00fas y Boca, ataja en Real Zaragoza. Este domingo<\/p>\n","protected":false},"author":0,"featured_media":20890,"comment_status":"","ping_status":"","sticky":false,"template":"","format":"standard","meta":{"footnotes":""},"categories":[11],"tags":[],"class_list":["post-20889","post","type-post","status-publish","format-standard","has-post-thumbnail","hentry","category-destacadas"],"yoast_head":"<!-- This site is optimized with the Yoast SEO plugin v27.4 - https:\/\/yoast.com\/product\/yoast-seo-wordpress\/ -->\n<title>La brutal trompada de Esteban Andrada a un rival que desat\u00f3 una batalla campal en Espa\u00f1a - Fm Gente<\/title>\n<meta name=\"robots\" content=\"index, follow, max-snippet:-1, max-image-preview:large, max-video-preview:-1\" \/>\n<link rel=\"canonical\" href=\"https:\/\/fmgente.com.ar\/web\/la-brutal-trompada-de-esteban-andrada-a-un-rival-que-desato-una-batalla-campal-en-espana\/\" \/>\n<meta property=\"og:locale\" content=\"es_ES\" \/>\n<meta property=\"og:type\" content=\"article\" \/>\n<meta property=\"og:title\" content=\"La brutal trompada de Esteban Andrada a un rival que desat\u00f3 una batalla campal en Espa\u00f1a - Fm Gente\" \/>\n<meta property=\"og:description\" content=\"Esteban Andrada, aquel arquero argentino de Lan\u00fas y Boca, ataja en Real Zaragoza. Este domingo\" \/>\n<meta property=\"og:url\" content=\"https:\/\/fmgente.com.ar\/web\/la-brutal-trompada-de-esteban-andrada-a-un-rival-que-desato-una-batalla-campal-en-espana\/\" \/>\n<meta property=\"og:site_name\" content=\"Fm Gente\" \/>\n<meta property=\"article:published_time\" content=\"2026-04-27T08:06:44+00:00\" \/>\n<meta name=\"twitter:card\" content=\"summary_large_image\" \/>\n<meta name=\"twitter:label1\" content=\"Tiempo de lectura\" \/>\n\t<meta name=\"twitter:data1\" content=\"1 minuto\" \/>\n<script type=\"application\/ld+json\" class=\"yoast-schema-graph\">{\"@context\":\"https:\\\/\\\/schema.org\",\"@graph\":[{\"@type\":\"Article\",\"@id\":\"https:\\\/\\\/fmgente.com.ar\\\/web\\\/la-brutal-trompada-de-esteban-andrada-a-un-rival-que-desato-una-batalla-campal-en-espana\\\/#article\",\"isPartOf\":{\"@id\":\"https:\\\/\\\/fmgente.com.ar\\\/web\\\/la-brutal-trompada-de-esteban-andrada-a-un-rival-que-desato-una-batalla-campal-en-espana\\\/\"},\"author\":{\"name\":\"\",\"@id\":\"\"},\"headline\":\"La brutal trompada de Esteban Andrada a un rival que desat\u00f3 una batalla campal en Espa\u00f1a\",\"datePublished\":\"2026-04-27T08:06:44+00:00\",\"mainEntityOfPage\":{\"@id\":\"https:\\\/\\\/fmgente.com.ar\\\/web\\\/la-brutal-trompada-de-esteban-andrada-a-un-rival-que-desato-una-batalla-campal-en-espana\\\/\"},\"wordCount\":296,\"publisher\":{\"@id\":\"https:\\\/\\\/fmgente.com.ar\\\/web\\\/#organization\"},\"image\":{\"@id\":\"https:\\\/\\\/fmgente.com.ar\\\/web\\\/la-brutal-trompada-de-esteban-andrada-a-un-rival-que-desato-una-batalla-campal-en-espana\\\/#primaryimage\"},\"thumbnailUrl\":\"https:\\\/\\\/fmgente.com.ar\\\/web\\\/wp-content\\\/uploads\\\/2026\\\/04\\\/720-1350.jpeg\",\"articleSection\":[\"DESTACADAS\"],\"inLanguage\":\"es\"},{\"@type\":\"WebPage\",\"@id\":\"https:\\\/\\\/fmgente.com.ar\\\/web\\\/la-brutal-trompada-de-esteban-andrada-a-un-rival-que-desato-una-batalla-campal-en-espana\\\/\",\"url\":\"https:\\\/\\\/fmgente.com.ar\\\/web\\\/la-brutal-trompada-de-esteban-andrada-a-un-rival-que-desato-una-batalla-campal-en-espana\\\/\",\"name\":\"La brutal trompada de Esteban Andrada a un rival que desat\u00f3 una batalla campal en Espa\u00f1a - Fm Gente\",\"isPartOf\":{\"@id\":\"https:\\\/\\\/fmgente.com.ar\\\/web\\\/#website\"},\"primaryImageOfPage\":{\"@id\":\"https:\\\/\\\/fmgente.com.ar\\\/web\\\/la-brutal-trompada-de-esteban-andrada-a-un-rival-que-desato-una-batalla-campal-en-espana\\\/#primaryimage\"},\"image\":{\"@id\":\"https:\\\/\\\/fmgente.com.ar\\\/web\\\/la-brutal-trompada-de-esteban-andrada-a-un-rival-que-desato-una-batalla-campal-en-espana\\\/#primaryimage\"},\"thumbnailUrl\":\"https:\\\/\\\/fmgente.com.ar\\\/web\\\/wp-content\\\/uploads\\\/2026\\\/04\\\/720-1350.jpeg\",\"datePublished\":\"2026-04-27T08:06:44+00:00\",\"inLanguage\":\"es\",\"potentialAction\":[{\"@type\":\"ReadAction\",\"target\":[\"https:\\\/\\\/fmgente.com.ar\\\/web\\\/la-brutal-trompada-de-esteban-andrada-a-un-rival-que-desato-una-batalla-campal-en-espana\\\/\"]}]},{\"@type\":\"ImageObject\",\"inLanguage\":\"es\",\"@id\":\"https:\\\/\\\/fmgente.com.ar\\\/web\\\/la-brutal-trompada-de-esteban-andrada-a-un-rival-que-desato-una-batalla-campal-en-espana\\\/#primaryimage\",\"url\":\"https:\\\/\\\/fmgente.com.ar\\\/web\\\/wp-content\\\/uploads\\\/2026\\\/04\\\/720-1350.jpeg\",\"contentUrl\":\"https:\\\/\\\/fmgente.com.ar\\\/web\\\/wp-content\\\/uploads\\\/2026\\\/04\\\/720-1350.jpeg\",\"width\":1280,\"height\":720},{\"@type\":\"WebSite\",\"@id\":\"https:\\\/\\\/fmgente.com.ar\\\/web\\\/#website\",\"url\":\"https:\\\/\\\/fmgente.com.ar\\\/web\\\/\",\"name\":\"Fm Gente\",\"description\":\"- Jes\u00fas Mar\u00eda\",\"publisher\":{\"@id\":\"https:\\\/\\\/fmgente.com.ar\\\/web\\\/#organization\"},\"potentialAction\":[{\"@type\":\"SearchAction\",\"target\":{\"@type\":\"EntryPoint\",\"urlTemplate\":\"https:\\\/\\\/fmgente.com.ar\\\/web\\\/?s={search_term_string}\"},\"query-input\":{\"@type\":\"PropertyValueSpecification\",\"valueRequired\":true,\"valueName\":\"search_term_string\"}}],\"inLanguage\":\"es\"},{\"@type\":\"Organization\",\"@id\":\"https:\\\/\\\/fmgente.com.ar\\\/web\\\/#organization\",\"name\":\"Fm Gente\",\"url\":\"https:\\\/\\\/fmgente.com.ar\\\/web\\\/\",\"logo\":{\"@type\":\"ImageObject\",\"inLanguage\":\"es\",\"@id\":\"https:\\\/\\\/fmgente.com.ar\\\/web\\\/#\\\/schema\\\/logo\\\/image\\\/\",\"url\":\"https:\\\/\\\/fmgente.com.ar\\\/web\\\/wp-content\\\/uploads\\\/2023\\\/07\\\/cropped-cropped-logo-sombra2.png\",\"contentUrl\":\"https:\\\/\\\/fmgente.com.ar\\\/web\\\/wp-content\\\/uploads\\\/2023\\\/07\\\/cropped-cropped-logo-sombra2.png\",\"width\":1782,\"height\":1782,\"caption\":\"Fm Gente\"},\"image\":{\"@id\":\"https:\\\/\\\/fmgente.com.ar\\\/web\\\/#\\\/schema\\\/logo\\\/image\\\/\"}}]}<\/script>\n<!-- \/ Yoast SEO plugin. -->","yoast_head_json":{"title":"La brutal trompada de Esteban Andrada a un rival que desat\u00f3 una batalla campal en Espa\u00f1a - Fm Gente","robots":{"index":"index","follow":"follow","max-snippet":"max-snippet:-1","max-image-preview":"max-image-preview:large","max-video-preview":"max-video-preview:-1"},"canonical":"https:\/\/fmgente.com.ar\/web\/la-brutal-trompada-de-esteban-andrada-a-un-rival-que-desato-una-batalla-campal-en-espana\/","og_locale":"es_ES","og_type":"article","og_title":"La brutal trompada de Esteban Andrada a un rival que desat\u00f3 una batalla campal en Espa\u00f1a - Fm Gente","og_description":"Esteban Andrada, aquel arquero argentino de Lan\u00fas y Boca, ataja en Real Zaragoza. Este domingo","og_url":"https:\/\/fmgente.com.ar\/web\/la-brutal-trompada-de-esteban-andrada-a-un-rival-que-desato-una-batalla-campal-en-espana\/","og_site_name":"Fm Gente","article_published_time":"2026-04-27T08:06:44+00:00","twitter_card":"summary_large_image","twitter_misc":{"Tiempo de lectura":"1 minuto"},"schema":{"@context":"https:\/\/schema.org","@graph":[{"@type":"Article","@id":"https:\/\/fmgente.com.ar\/web\/la-brutal-trompada-de-esteban-andrada-a-un-rival-que-desato-una-batalla-campal-en-espana\/#article","isPartOf":{"@id":"https:\/\/fmgente.com.ar\/web\/la-brutal-trompada-de-esteban-andrada-a-un-rival-que-desato-una-batalla-campal-en-espana\/"},"author":{"name":"","@id":""},"headline":"La brutal trompada de Esteban Andrada a un rival que desat\u00f3 una batalla campal en Espa\u00f1a","datePublished":"2026-04-27T08:06:44+00:00","mainEntityOfPage":{"@id":"https:\/\/fmgente.com.ar\/web\/la-brutal-trompada-de-esteban-andrada-a-un-rival-que-desato-una-batalla-campal-en-espana\/"},"wordCount":296,"publisher":{"@id":"https:\/\/fmgente.com.ar\/web\/#organization"},"image":{"@id":"https:\/\/fmgente.com.ar\/web\/la-brutal-trompada-de-esteban-andrada-a-un-rival-que-desato-una-batalla-campal-en-espana\/#primaryimage"},"thumbnailUrl":"https:\/\/fmgente.com.ar\/web\/wp-content\/uploads\/2026\/04\/720-1350.jpeg","articleSection":["DESTACADAS"],"inLanguage":"es"},{"@type":"WebPage","@id":"https:\/\/fmgente.com.ar\/web\/la-brutal-trompada-de-esteban-andrada-a-un-rival-que-desato-una-batalla-campal-en-espana\/","url":"https:\/\/fmgente.com.ar\/web\/la-brutal-trompada-de-esteban-andrada-a-un-rival-que-desato-una-batalla-campal-en-espana\/","name":"La brutal trompada de Esteban Andrada a un rival que desat\u00f3 una batalla campal en Espa\u00f1a - Fm Gente","isPartOf":{"@id":"https:\/\/fmgente.com.ar\/web\/#website"},"primaryImageOfPage":{"@id":"https:\/\/fmgente.com.ar\/web\/la-brutal-trompada-de-esteban-andrada-a-un-rival-que-desato-una-batalla-campal-en-espana\/#primaryimage"},"image":{"@id":"https:\/\/fmgente.com.ar\/web\/la-brutal-trompada-de-esteban-andrada-a-un-rival-que-desato-una-batalla-campal-en-espana\/#primaryimage"},"thumbnailUrl":"https:\/\/fmgente.com.ar\/web\/wp-content\/uploads\/2026\/04\/720-1350.jpeg","datePublished":"2026-04-27T08:06:44+00:00","inLanguage":"es","potentialAction":[{"@type":"ReadAction","target":["https:\/\/fmgente.com.ar\/web\/la-brutal-trompada-de-esteban-andrada-a-un-rival-que-desato-una-batalla-campal-en-espana\/"]}]},{"@type":"ImageObject","inLanguage":"es","@id":"https:\/\/fmgente.com.ar\/web\/la-brutal-trompada-de-esteban-andrada-a-un-rival-que-desato-una-batalla-campal-en-espana\/#primaryimage","url":"https:\/\/fmgente.com.ar\/web\/wp-content\/uploads\/2026\/04\/720-1350.jpeg","contentUrl":"https:\/\/fmgente.com.ar\/web\/wp-content\/uploads\/2026\/04\/720-1350.jpeg","width":1280,"height":720},{"@type":"WebSite","@id":"https:\/\/fmgente.com.ar\/web\/#website","url":"https:\/\/fmgente.com.ar\/web\/","name":"Fm Gente","description":"- Jes\u00fas Mar\u00eda","publisher":{"@id":"https:\/\/fmgente.com.ar\/web\/#organization"},"potentialAction":[{"@type":"SearchAction","target":{"@type":"EntryPoint","urlTemplate":"https:\/\/fmgente.com.ar\/web\/?s={search_term_string}"},"query-input":{"@type":"PropertyValueSpecification","valueRequired":true,"valueName":"search_term_string"}}],"inLanguage":"es"},{"@type":"Organization","@id":"https:\/\/fmgente.com.ar\/web\/#organization","name":"Fm Gente","url":"https:\/\/fmgente.com.ar\/web\/","logo":{"@type":"ImageObject","inLanguage":"es","@id":"https:\/\/fmgente.com.ar\/web\/#\/schema\/logo\/image\/","url":"https:\/\/fmgente.com.ar\/web\/wp-content\/uploads\/2023\/07\/cropped-cropped-logo-sombra2.png","contentUrl":"https:\/\/fmgente.com.ar\/web\/wp-content\/uploads\/2023\/07\/cropped-cropped-logo-sombra2.png","width":1782,"height":1782,"caption":"Fm Gente"},"image":{"@id":"https:\/\/fmgente.com.ar\/web\/#\/schema\/logo\/image\/"}}]}},"_links":{"self":[{"href":"https:\/\/fmgente.com.ar\/web\/wp-json\/wp\/v2\/posts\/20889","targetHints":{"allow":["GET"]}}],"collection":[{"href":"https:\/\/fmgente.com.ar\/web\/wp-json\/wp\/v2\/posts"}],"about":[{"href":"https:\/\/fmgente.com.ar\/web\/wp-json\/wp\/v2\/types\/post"}],"replies":[{"embeddable":true,"href":"https:\/\/fmgente.com.ar\/web\/wp-json\/wp\/v2\/comments?post=20889"}],"version-history":[{"count":0,"href":"https:\/\/fmgente.com.ar\/web\/wp-json\/wp\/v2\/posts\/20889\/revisions"}],"wp:featuredmedia":[{"embeddable":true,"href":"https:\/\/fmgente.com.ar\/web\/wp-json\/wp\/v2\/media\/20890"}],"wp:attachment":[{"href":"https:\/\/fmgente.com.ar\/web\/wp-json\/wp\/v2\/media?parent=20889"}],"wp:term":[{"taxonomy":"category","embeddable":true,"href":"https:\/\/fmgente.com.ar\/web\/wp-json\/wp\/v2\/categories?post=20889"},{"taxonomy":"post_tag","embeddable":true,"href":"https:\/\/fmgente.com.ar\/web\/wp-json\/wp\/v2\/tags?post=20889"}],"curies":[{"name":"wp","href":"https:\/\/api.w.org\/{rel}","templated":true}]}}