{"id":20887,"date":"2026-04-27T05:06:43","date_gmt":"2026-04-27T08:06:43","guid":{"rendered":"https:\/\/fmgente.com.ar\/web\/los-memes-del-team-verano-por-el-frio-polar-que-llego-a-buenos-aires\/"},"modified":"2026-04-27T05:06:43","modified_gmt":"2026-04-27T08:06:43","slug":"los-memes-del-team-verano-por-el-frio-polar-que-llego-a-buenos-aires","status":"publish","type":"post","link":"https:\/\/fmgente.com.ar\/web\/los-memes-del-team-verano-por-el-frio-polar-que-llego-a-buenos-aires\/","title":{"rendered":"Los memes del Team Verano por el fr\u00edo polar que lleg\u00f3 a Buenos Aires"},"content":{"rendered":"<p>El golpeado sistema Meteorol\u00f3gico Nacional anunci\u00f3 que el ingreso de una masa de aire polar en gran parte del pa\u00eds se siente con fuerza en el \u00c1rea Metropolitana de Buenos Aires (AMBA). <\/p>\n<p>As\u00ed, es inminente la llegada del primer fr\u00edo intenso del oto\u00f1o y del a\u00f1o, lo que genera, como siempre, la expectativa de una excepcional ca\u00edda de nieve, tal publica M1. <\/p>\n<p>Este domingo transcurri\u00f3 con inestabilidad y una alerta por viento fuerte. En la tarde y noche se cayeron las marcas t\u00e9rmicas, a la espera de un inicio de semana que se anticipa muy fresco en la Ciudad y alrededores. <\/p>\n<p>Y en las redes hay memes y burlas al Team Verano. <\/p>\n<p>&gt; pic.twitter.com\/EmgUzwnDem<br \/>\n&gt;<br \/>\n&gt; \u2014 Theblackandbadjoker (@Vikingo20131) April 26, 2026<\/p>\n","protected":false},"excerpt":{"rendered":"<p>El golpeado sistema Meteorol\u00f3gico Nacional anunci\u00f3 que el ingreso de una masa de aire polar<\/p>\n","protected":false},"author":0,"featured_media":20888,"comment_status":"","ping_status":"","sticky":false,"template":"","format":"standard","meta":{"footnotes":""},"categories":[11],"tags":[],"class_list":["post-20887","post","type-post","status-publish","format-standard","has-post-thumbnail","hentry","category-destacadas"],"yoast_head":"<!-- This site is optimized with the Yoast SEO plugin v27.4 - https:\/\/yoast.com\/product\/yoast-seo-wordpress\/ -->\n<title>Los memes del Team Verano por el fr\u00edo polar que lleg\u00f3 a Buenos Aires - Fm Gente<\/title>\n<meta name=\"robots\" content=\"index, follow, max-snippet:-1, max-image-preview:large, max-video-preview:-1\" \/>\n<link rel=\"canonical\" href=\"https:\/\/fmgente.com.ar\/web\/los-memes-del-team-verano-por-el-frio-polar-que-llego-a-buenos-aires\/\" \/>\n<meta property=\"og:locale\" content=\"es_ES\" \/>\n<meta property=\"og:type\" content=\"article\" \/>\n<meta property=\"og:title\" content=\"Los memes del Team Verano por el fr\u00edo polar que lleg\u00f3 a Buenos Aires - Fm Gente\" \/>\n<meta property=\"og:description\" content=\"El golpeado sistema Meteorol\u00f3gico Nacional anunci\u00f3 que el ingreso de una masa de aire polar\" \/>\n<meta property=\"og:url\" content=\"https:\/\/fmgente.com.ar\/web\/los-memes-del-team-verano-por-el-frio-polar-que-llego-a-buenos-aires\/\" \/>\n<meta property=\"og:site_name\" content=\"Fm Gente\" \/>\n<meta property=\"article:published_time\" content=\"2026-04-27T08:06:43+00:00\" \/>\n<meta name=\"twitter:card\" content=\"summary_large_image\" \/>\n<meta name=\"twitter:label1\" content=\"Tiempo de lectura\" \/>\n\t<meta name=\"twitter:data1\" content=\"1 minuto\" \/>\n<script type=\"application\/ld+json\" class=\"yoast-schema-graph\">{\"@context\":\"https:\\\/\\\/schema.org\",\"@graph\":[{\"@type\":\"Article\",\"@id\":\"https:\\\/\\\/fmgente.com.ar\\\/web\\\/los-memes-del-team-verano-por-el-frio-polar-que-llego-a-buenos-aires\\\/#article\",\"isPartOf\":{\"@id\":\"https:\\\/\\\/fmgente.com.ar\\\/web\\\/los-memes-del-team-verano-por-el-frio-polar-que-llego-a-buenos-aires\\\/\"},\"author\":{\"name\":\"\",\"@id\":\"\"},\"headline\":\"Los memes del Team Verano por el fr\u00edo polar que lleg\u00f3 a Buenos Aires\",\"datePublished\":\"2026-04-27T08:06:43+00:00\",\"mainEntityOfPage\":{\"@id\":\"https:\\\/\\\/fmgente.com.ar\\\/web\\\/los-memes-del-team-verano-por-el-frio-polar-que-llego-a-buenos-aires\\\/\"},\"wordCount\":144,\"publisher\":{\"@id\":\"https:\\\/\\\/fmgente.com.ar\\\/web\\\/#organization\"},\"image\":{\"@id\":\"https:\\\/\\\/fmgente.com.ar\\\/web\\\/los-memes-del-team-verano-por-el-frio-polar-que-llego-a-buenos-aires\\\/#primaryimage\"},\"thumbnailUrl\":\"https:\\\/\\\/fmgente.com.ar\\\/web\\\/wp-content\\\/uploads\\\/2026\\\/04\\\/720-1349.jpeg\",\"articleSection\":[\"DESTACADAS\"],\"inLanguage\":\"es\"},{\"@type\":\"WebPage\",\"@id\":\"https:\\\/\\\/fmgente.com.ar\\\/web\\\/los-memes-del-team-verano-por-el-frio-polar-que-llego-a-buenos-aires\\\/\",\"url\":\"https:\\\/\\\/fmgente.com.ar\\\/web\\\/los-memes-del-team-verano-por-el-frio-polar-que-llego-a-buenos-aires\\\/\",\"name\":\"Los memes del Team Verano por el fr\u00edo polar que lleg\u00f3 a Buenos Aires - Fm Gente\",\"isPartOf\":{\"@id\":\"https:\\\/\\\/fmgente.com.ar\\\/web\\\/#website\"},\"primaryImageOfPage\":{\"@id\":\"https:\\\/\\\/fmgente.com.ar\\\/web\\\/los-memes-del-team-verano-por-el-frio-polar-que-llego-a-buenos-aires\\\/#primaryimage\"},\"image\":{\"@id\":\"https:\\\/\\\/fmgente.com.ar\\\/web\\\/los-memes-del-team-verano-por-el-frio-polar-que-llego-a-buenos-aires\\\/#primaryimage\"},\"thumbnailUrl\":\"https:\\\/\\\/fmgente.com.ar\\\/web\\\/wp-content\\\/uploads\\\/2026\\\/04\\\/720-1349.jpeg\",\"datePublished\":\"2026-04-27T08:06:43+00:00\",\"inLanguage\":\"es\",\"potentialAction\":[{\"@type\":\"ReadAction\",\"target\":[\"https:\\\/\\\/fmgente.com.ar\\\/web\\\/los-memes-del-team-verano-por-el-frio-polar-que-llego-a-buenos-aires\\\/\"]}]},{\"@type\":\"ImageObject\",\"inLanguage\":\"es\",\"@id\":\"https:\\\/\\\/fmgente.com.ar\\\/web\\\/los-memes-del-team-verano-por-el-frio-polar-que-llego-a-buenos-aires\\\/#primaryimage\",\"url\":\"https:\\\/\\\/fmgente.com.ar\\\/web\\\/wp-content\\\/uploads\\\/2026\\\/04\\\/720-1349.jpeg\",\"contentUrl\":\"https:\\\/\\\/fmgente.com.ar\\\/web\\\/wp-content\\\/uploads\\\/2026\\\/04\\\/720-1349.jpeg\",\"width\":1215,\"height\":720},{\"@type\":\"WebSite\",\"@id\":\"https:\\\/\\\/fmgente.com.ar\\\/web\\\/#website\",\"url\":\"https:\\\/\\\/fmgente.com.ar\\\/web\\\/\",\"name\":\"Fm Gente\",\"description\":\"- Jes\u00fas Mar\u00eda\",\"publisher\":{\"@id\":\"https:\\\/\\\/fmgente.com.ar\\\/web\\\/#organization\"},\"potentialAction\":[{\"@type\":\"SearchAction\",\"target\":{\"@type\":\"EntryPoint\",\"urlTemplate\":\"https:\\\/\\\/fmgente.com.ar\\\/web\\\/?s={search_term_string}\"},\"query-input\":{\"@type\":\"PropertyValueSpecification\",\"valueRequired\":true,\"valueName\":\"search_term_string\"}}],\"inLanguage\":\"es\"},{\"@type\":\"Organization\",\"@id\":\"https:\\\/\\\/fmgente.com.ar\\\/web\\\/#organization\",\"name\":\"Fm Gente\",\"url\":\"https:\\\/\\\/fmgente.com.ar\\\/web\\\/\",\"logo\":{\"@type\":\"ImageObject\",\"inLanguage\":\"es\",\"@id\":\"https:\\\/\\\/fmgente.com.ar\\\/web\\\/#\\\/schema\\\/logo\\\/image\\\/\",\"url\":\"https:\\\/\\\/fmgente.com.ar\\\/web\\\/wp-content\\\/uploads\\\/2023\\\/07\\\/cropped-cropped-logo-sombra2.png\",\"contentUrl\":\"https:\\\/\\\/fmgente.com.ar\\\/web\\\/wp-content\\\/uploads\\\/2023\\\/07\\\/cropped-cropped-logo-sombra2.png\",\"width\":1782,\"height\":1782,\"caption\":\"Fm Gente\"},\"image\":{\"@id\":\"https:\\\/\\\/fmgente.com.ar\\\/web\\\/#\\\/schema\\\/logo\\\/image\\\/\"}}]}<\/script>\n<!-- \/ Yoast SEO plugin. -->","yoast_head_json":{"title":"Los memes del Team Verano por el fr\u00edo polar que lleg\u00f3 a Buenos Aires - Fm Gente","robots":{"index":"index","follow":"follow","max-snippet":"max-snippet:-1","max-image-preview":"max-image-preview:large","max-video-preview":"max-video-preview:-1"},"canonical":"https:\/\/fmgente.com.ar\/web\/los-memes-del-team-verano-por-el-frio-polar-que-llego-a-buenos-aires\/","og_locale":"es_ES","og_type":"article","og_title":"Los memes del Team Verano por el fr\u00edo polar que lleg\u00f3 a Buenos Aires - Fm Gente","og_description":"El golpeado sistema Meteorol\u00f3gico Nacional anunci\u00f3 que el ingreso de una masa de aire polar","og_url":"https:\/\/fmgente.com.ar\/web\/los-memes-del-team-verano-por-el-frio-polar-que-llego-a-buenos-aires\/","og_site_name":"Fm Gente","article_published_time":"2026-04-27T08:06:43+00:00","twitter_card":"summary_large_image","twitter_misc":{"Tiempo de lectura":"1 minuto"},"schema":{"@context":"https:\/\/schema.org","@graph":[{"@type":"Article","@id":"https:\/\/fmgente.com.ar\/web\/los-memes-del-team-verano-por-el-frio-polar-que-llego-a-buenos-aires\/#article","isPartOf":{"@id":"https:\/\/fmgente.com.ar\/web\/los-memes-del-team-verano-por-el-frio-polar-que-llego-a-buenos-aires\/"},"author":{"name":"","@id":""},"headline":"Los memes del Team Verano por el fr\u00edo polar que lleg\u00f3 a Buenos Aires","datePublished":"2026-04-27T08:06:43+00:00","mainEntityOfPage":{"@id":"https:\/\/fmgente.com.ar\/web\/los-memes-del-team-verano-por-el-frio-polar-que-llego-a-buenos-aires\/"},"wordCount":144,"publisher":{"@id":"https:\/\/fmgente.com.ar\/web\/#organization"},"image":{"@id":"https:\/\/fmgente.com.ar\/web\/los-memes-del-team-verano-por-el-frio-polar-que-llego-a-buenos-aires\/#primaryimage"},"thumbnailUrl":"https:\/\/fmgente.com.ar\/web\/wp-content\/uploads\/2026\/04\/720-1349.jpeg","articleSection":["DESTACADAS"],"inLanguage":"es"},{"@type":"WebPage","@id":"https:\/\/fmgente.com.ar\/web\/los-memes-del-team-verano-por-el-frio-polar-que-llego-a-buenos-aires\/","url":"https:\/\/fmgente.com.ar\/web\/los-memes-del-team-verano-por-el-frio-polar-que-llego-a-buenos-aires\/","name":"Los memes del Team Verano por el fr\u00edo polar que lleg\u00f3 a Buenos Aires - Fm Gente","isPartOf":{"@id":"https:\/\/fmgente.com.ar\/web\/#website"},"primaryImageOfPage":{"@id":"https:\/\/fmgente.com.ar\/web\/los-memes-del-team-verano-por-el-frio-polar-que-llego-a-buenos-aires\/#primaryimage"},"image":{"@id":"https:\/\/fmgente.com.ar\/web\/los-memes-del-team-verano-por-el-frio-polar-que-llego-a-buenos-aires\/#primaryimage"},"thumbnailUrl":"https:\/\/fmgente.com.ar\/web\/wp-content\/uploads\/2026\/04\/720-1349.jpeg","datePublished":"2026-04-27T08:06:43+00:00","inLanguage":"es","potentialAction":[{"@type":"ReadAction","target":["https:\/\/fmgente.com.ar\/web\/los-memes-del-team-verano-por-el-frio-polar-que-llego-a-buenos-aires\/"]}]},{"@type":"ImageObject","inLanguage":"es","@id":"https:\/\/fmgente.com.ar\/web\/los-memes-del-team-verano-por-el-frio-polar-que-llego-a-buenos-aires\/#primaryimage","url":"https:\/\/fmgente.com.ar\/web\/wp-content\/uploads\/2026\/04\/720-1349.jpeg","contentUrl":"https:\/\/fmgente.com.ar\/web\/wp-content\/uploads\/2026\/04\/720-1349.jpeg","width":1215,"height":720},{"@type":"WebSite","@id":"https:\/\/fmgente.com.ar\/web\/#website","url":"https:\/\/fmgente.com.ar\/web\/","name":"Fm Gente","description":"- Jes\u00fas Mar\u00eda","publisher":{"@id":"https:\/\/fmgente.com.ar\/web\/#organization"},"potentialAction":[{"@type":"SearchAction","target":{"@type":"EntryPoint","urlTemplate":"https:\/\/fmgente.com.ar\/web\/?s={search_term_string}"},"query-input":{"@type":"PropertyValueSpecification","valueRequired":true,"valueName":"search_term_string"}}],"inLanguage":"es"},{"@type":"Organization","@id":"https:\/\/fmgente.com.ar\/web\/#organization","name":"Fm Gente","url":"https:\/\/fmgente.com.ar\/web\/","logo":{"@type":"ImageObject","inLanguage":"es","@id":"https:\/\/fmgente.com.ar\/web\/#\/schema\/logo\/image\/","url":"https:\/\/fmgente.com.ar\/web\/wp-content\/uploads\/2023\/07\/cropped-cropped-logo-sombra2.png","contentUrl":"https:\/\/fmgente.com.ar\/web\/wp-content\/uploads\/2023\/07\/cropped-cropped-logo-sombra2.png","width":1782,"height":1782,"caption":"Fm Gente"},"image":{"@id":"https:\/\/fmgente.com.ar\/web\/#\/schema\/logo\/image\/"}}]}},"_links":{"self":[{"href":"https:\/\/fmgente.com.ar\/web\/wp-json\/wp\/v2\/posts\/20887","targetHints":{"allow":["GET"]}}],"collection":[{"href":"https:\/\/fmgente.com.ar\/web\/wp-json\/wp\/v2\/posts"}],"about":[{"href":"https:\/\/fmgente.com.ar\/web\/wp-json\/wp\/v2\/types\/post"}],"replies":[{"embeddable":true,"href":"https:\/\/fmgente.com.ar\/web\/wp-json\/wp\/v2\/comments?post=20887"}],"version-history":[{"count":0,"href":"https:\/\/fmgente.com.ar\/web\/wp-json\/wp\/v2\/posts\/20887\/revisions"}],"wp:featuredmedia":[{"embeddable":true,"href":"https:\/\/fmgente.com.ar\/web\/wp-json\/wp\/v2\/media\/20888"}],"wp:attachment":[{"href":"https:\/\/fmgente.com.ar\/web\/wp-json\/wp\/v2\/media?parent=20887"}],"wp:term":[{"taxonomy":"category","embeddable":true,"href":"https:\/\/fmgente.com.ar\/web\/wp-json\/wp\/v2\/categories?post=20887"},{"taxonomy":"post_tag","embeddable":true,"href":"https:\/\/fmgente.com.ar\/web\/wp-json\/wp\/v2\/tags?post=20887"}],"curies":[{"name":"wp","href":"https:\/\/api.w.org\/{rel}","templated":true}]}}