{"id":20879,"date":"2026-04-27T03:05:08","date_gmt":"2026-04-27T06:05:08","guid":{"rendered":"https:\/\/fmgente.com.ar\/web\/lunes-de-manifestaciones-cuales-son-los-sectores-que-realizan-paros-en-el-comienzo-de-la-semana\/"},"modified":"2026-04-27T03:05:08","modified_gmt":"2026-04-27T06:05:08","slug":"lunes-de-manifestaciones-cuales-son-los-sectores-que-realizan-paros-en-el-comienzo-de-la-semana","status":"publish","type":"post","link":"https:\/\/fmgente.com.ar\/web\/lunes-de-manifestaciones-cuales-son-los-sectores-que-realizan-paros-en-el-comienzo-de-la-semana\/","title":{"rendered":"Lunes de manifestaciones: \u00bfCu\u00e1les son los sectores que realizan paros en el comienzo de la semana?"},"content":{"rendered":"<p>Buenos Aires, 26 abril (NA) \u2013 La \u00faltima semana de abril comienza con movilizaciones y cese de actividades de bancarios, universitarios y organizaciones sociales en rechazo a las pol\u00edticas que lleva adelante la gesti\u00f3n del presidente Javier Milei.<\/p>\n<p>En un contexto de crisis econ\u00f3mica y laboral, la Asociaci\u00f3n Bancaria anunci\u00f3 un paro por 24 horas, que comenzar\u00e1 este lunes 27, en rechazo al cierre de 12 dependencias, que pone en riesgo 32 puestos de trabajo del Banco Central de la Rep\u00fablica Argentina (BCRA) y ante la falta de di\u00e1logo con autoridades nacionales.<\/p>\n<p>Si bien las sucursales bancarias abrir\u00e1n sus puertas en el horario habitual, esta medida afectar\u00e1 a los 21 centros donde se lleva adelante la log\u00edstica del efectivo y, por ese motivo, se preven complicaciones en la disponibilidad de dinero.<\/p>\n<p>Por su parte, personal universitario docente y no-docentes contin\u00faan con el plan de lucha, que mantienen desde el inicio de clases, e incluye paros duranante toda la semana. El reclamo est\u00e1 centrado en la recomposici\u00f3n salarial y el cumplimiento de la Ley de Financiamiento Universitario de manera \u201cinmediata\u201d.<\/p>\n<p>Asimismo, continuar\u00e1n las protestas de diversas organizaciones sociales y pol\u00edticas, con cortes en puntos estrat\u00e9gicos de conexi\u00f3n entre la Ciudad y la provincia de Buenos Aires , en rechazo a la baja del programa \u201cVolver al Trabajo\u201d y para exigirle al Gobierno la reimplementaci\u00f3n del plan. #AgenciaNA<\/p>\n","protected":false},"excerpt":{"rendered":"<p>Buenos Aires, 26 abril (NA) \u2013 La \u00faltima semana de abril comienza con movilizaciones y<\/p>\n","protected":false},"author":0,"featured_media":20880,"comment_status":"","ping_status":"","sticky":false,"template":"","format":"standard","meta":{"footnotes":""},"categories":[1],"tags":[],"class_list":["post-20879","post","type-post","status-publish","format-standard","has-post-thumbnail","hentry","category-regionales"],"yoast_head":"<!-- This site is optimized with the Yoast SEO plugin v27.4 - https:\/\/yoast.com\/product\/yoast-seo-wordpress\/ -->\n<title>Lunes de manifestaciones: \u00bfCu\u00e1les son los sectores que realizan paros en el comienzo de la semana? - Fm Gente<\/title>\n<meta name=\"robots\" content=\"index, follow, max-snippet:-1, max-image-preview:large, max-video-preview:-1\" \/>\n<link rel=\"canonical\" href=\"https:\/\/fmgente.com.ar\/web\/lunes-de-manifestaciones-cuales-son-los-sectores-que-realizan-paros-en-el-comienzo-de-la-semana\/\" \/>\n<meta property=\"og:locale\" content=\"es_ES\" \/>\n<meta property=\"og:type\" content=\"article\" \/>\n<meta property=\"og:title\" content=\"Lunes de manifestaciones: \u00bfCu\u00e1les son los sectores que realizan paros en el comienzo de la semana? - Fm Gente\" \/>\n<meta property=\"og:description\" content=\"Buenos Aires, 26 abril (NA) \u2013 La \u00faltima semana de abril comienza con movilizaciones y\" \/>\n<meta property=\"og:url\" content=\"https:\/\/fmgente.com.ar\/web\/lunes-de-manifestaciones-cuales-son-los-sectores-que-realizan-paros-en-el-comienzo-de-la-semana\/\" \/>\n<meta property=\"og:site_name\" content=\"Fm Gente\" \/>\n<meta property=\"article:published_time\" content=\"2026-04-27T06:05:08+00:00\" \/>\n<meta name=\"twitter:card\" content=\"summary_large_image\" \/>\n<meta name=\"twitter:label1\" content=\"Tiempo de lectura\" \/>\n\t<meta name=\"twitter:data1\" content=\"1 minuto\" \/>\n<script type=\"application\/ld+json\" class=\"yoast-schema-graph\">{\"@context\":\"https:\\\/\\\/schema.org\",\"@graph\":[{\"@type\":\"Article\",\"@id\":\"https:\\\/\\\/fmgente.com.ar\\\/web\\\/lunes-de-manifestaciones-cuales-son-los-sectores-que-realizan-paros-en-el-comienzo-de-la-semana\\\/#article\",\"isPartOf\":{\"@id\":\"https:\\\/\\\/fmgente.com.ar\\\/web\\\/lunes-de-manifestaciones-cuales-son-los-sectores-que-realizan-paros-en-el-comienzo-de-la-semana\\\/\"},\"author\":{\"name\":\"\",\"@id\":\"\"},\"headline\":\"Lunes de manifestaciones: \u00bfCu\u00e1les son los sectores que realizan paros en el comienzo de la semana?\",\"datePublished\":\"2026-04-27T06:05:08+00:00\",\"mainEntityOfPage\":{\"@id\":\"https:\\\/\\\/fmgente.com.ar\\\/web\\\/lunes-de-manifestaciones-cuales-son-los-sectores-que-realizan-paros-en-el-comienzo-de-la-semana\\\/\"},\"wordCount\":250,\"publisher\":{\"@id\":\"https:\\\/\\\/fmgente.com.ar\\\/web\\\/#organization\"},\"image\":{\"@id\":\"https:\\\/\\\/fmgente.com.ar\\\/web\\\/lunes-de-manifestaciones-cuales-son-los-sectores-que-realizan-paros-en-el-comienzo-de-la-semana\\\/#primaryimage\"},\"thumbnailUrl\":\"https:\\\/\\\/fmgente.com.ar\\\/web\\\/wp-content\\\/uploads\\\/2026\\\/04\\\/720-1345.jpeg\",\"articleSection\":[\"REGIONALES\"],\"inLanguage\":\"es\"},{\"@type\":\"WebPage\",\"@id\":\"https:\\\/\\\/fmgente.com.ar\\\/web\\\/lunes-de-manifestaciones-cuales-son-los-sectores-que-realizan-paros-en-el-comienzo-de-la-semana\\\/\",\"url\":\"https:\\\/\\\/fmgente.com.ar\\\/web\\\/lunes-de-manifestaciones-cuales-son-los-sectores-que-realizan-paros-en-el-comienzo-de-la-semana\\\/\",\"name\":\"Lunes de manifestaciones: \u00bfCu\u00e1les son los sectores que realizan paros en el comienzo de la semana? - Fm Gente\",\"isPartOf\":{\"@id\":\"https:\\\/\\\/fmgente.com.ar\\\/web\\\/#website\"},\"primaryImageOfPage\":{\"@id\":\"https:\\\/\\\/fmgente.com.ar\\\/web\\\/lunes-de-manifestaciones-cuales-son-los-sectores-que-realizan-paros-en-el-comienzo-de-la-semana\\\/#primaryimage\"},\"image\":{\"@id\":\"https:\\\/\\\/fmgente.com.ar\\\/web\\\/lunes-de-manifestaciones-cuales-son-los-sectores-que-realizan-paros-en-el-comienzo-de-la-semana\\\/#primaryimage\"},\"thumbnailUrl\":\"https:\\\/\\\/fmgente.com.ar\\\/web\\\/wp-content\\\/uploads\\\/2026\\\/04\\\/720-1345.jpeg\",\"datePublished\":\"2026-04-27T06:05:08+00:00\",\"inLanguage\":\"es\",\"potentialAction\":[{\"@type\":\"ReadAction\",\"target\":[\"https:\\\/\\\/fmgente.com.ar\\\/web\\\/lunes-de-manifestaciones-cuales-son-los-sectores-que-realizan-paros-en-el-comienzo-de-la-semana\\\/\"]}]},{\"@type\":\"ImageObject\",\"inLanguage\":\"es\",\"@id\":\"https:\\\/\\\/fmgente.com.ar\\\/web\\\/lunes-de-manifestaciones-cuales-son-los-sectores-que-realizan-paros-en-el-comienzo-de-la-semana\\\/#primaryimage\",\"url\":\"https:\\\/\\\/fmgente.com.ar\\\/web\\\/wp-content\\\/uploads\\\/2026\\\/04\\\/720-1345.jpeg\",\"contentUrl\":\"https:\\\/\\\/fmgente.com.ar\\\/web\\\/wp-content\\\/uploads\\\/2026\\\/04\\\/720-1345.jpeg\",\"width\":1275,\"height\":720},{\"@type\":\"WebSite\",\"@id\":\"https:\\\/\\\/fmgente.com.ar\\\/web\\\/#website\",\"url\":\"https:\\\/\\\/fmgente.com.ar\\\/web\\\/\",\"name\":\"Fm Gente\",\"description\":\"- Jes\u00fas Mar\u00eda\",\"publisher\":{\"@id\":\"https:\\\/\\\/fmgente.com.ar\\\/web\\\/#organization\"},\"potentialAction\":[{\"@type\":\"SearchAction\",\"target\":{\"@type\":\"EntryPoint\",\"urlTemplate\":\"https:\\\/\\\/fmgente.com.ar\\\/web\\\/?s={search_term_string}\"},\"query-input\":{\"@type\":\"PropertyValueSpecification\",\"valueRequired\":true,\"valueName\":\"search_term_string\"}}],\"inLanguage\":\"es\"},{\"@type\":\"Organization\",\"@id\":\"https:\\\/\\\/fmgente.com.ar\\\/web\\\/#organization\",\"name\":\"Fm Gente\",\"url\":\"https:\\\/\\\/fmgente.com.ar\\\/web\\\/\",\"logo\":{\"@type\":\"ImageObject\",\"inLanguage\":\"es\",\"@id\":\"https:\\\/\\\/fmgente.com.ar\\\/web\\\/#\\\/schema\\\/logo\\\/image\\\/\",\"url\":\"https:\\\/\\\/fmgente.com.ar\\\/web\\\/wp-content\\\/uploads\\\/2023\\\/07\\\/cropped-cropped-logo-sombra2.png\",\"contentUrl\":\"https:\\\/\\\/fmgente.com.ar\\\/web\\\/wp-content\\\/uploads\\\/2023\\\/07\\\/cropped-cropped-logo-sombra2.png\",\"width\":1782,\"height\":1782,\"caption\":\"Fm Gente\"},\"image\":{\"@id\":\"https:\\\/\\\/fmgente.com.ar\\\/web\\\/#\\\/schema\\\/logo\\\/image\\\/\"}}]}<\/script>\n<!-- \/ Yoast SEO plugin. -->","yoast_head_json":{"title":"Lunes de manifestaciones: \u00bfCu\u00e1les son los sectores que realizan paros en el comienzo de la semana? - Fm Gente","robots":{"index":"index","follow":"follow","max-snippet":"max-snippet:-1","max-image-preview":"max-image-preview:large","max-video-preview":"max-video-preview:-1"},"canonical":"https:\/\/fmgente.com.ar\/web\/lunes-de-manifestaciones-cuales-son-los-sectores-que-realizan-paros-en-el-comienzo-de-la-semana\/","og_locale":"es_ES","og_type":"article","og_title":"Lunes de manifestaciones: \u00bfCu\u00e1les son los sectores que realizan paros en el comienzo de la semana? - Fm Gente","og_description":"Buenos Aires, 26 abril (NA) \u2013 La \u00faltima semana de abril comienza con movilizaciones y","og_url":"https:\/\/fmgente.com.ar\/web\/lunes-de-manifestaciones-cuales-son-los-sectores-que-realizan-paros-en-el-comienzo-de-la-semana\/","og_site_name":"Fm Gente","article_published_time":"2026-04-27T06:05:08+00:00","twitter_card":"summary_large_image","twitter_misc":{"Tiempo de lectura":"1 minuto"},"schema":{"@context":"https:\/\/schema.org","@graph":[{"@type":"Article","@id":"https:\/\/fmgente.com.ar\/web\/lunes-de-manifestaciones-cuales-son-los-sectores-que-realizan-paros-en-el-comienzo-de-la-semana\/#article","isPartOf":{"@id":"https:\/\/fmgente.com.ar\/web\/lunes-de-manifestaciones-cuales-son-los-sectores-que-realizan-paros-en-el-comienzo-de-la-semana\/"},"author":{"name":"","@id":""},"headline":"Lunes de manifestaciones: \u00bfCu\u00e1les son los sectores que realizan paros en el comienzo de la semana?","datePublished":"2026-04-27T06:05:08+00:00","mainEntityOfPage":{"@id":"https:\/\/fmgente.com.ar\/web\/lunes-de-manifestaciones-cuales-son-los-sectores-que-realizan-paros-en-el-comienzo-de-la-semana\/"},"wordCount":250,"publisher":{"@id":"https:\/\/fmgente.com.ar\/web\/#organization"},"image":{"@id":"https:\/\/fmgente.com.ar\/web\/lunes-de-manifestaciones-cuales-son-los-sectores-que-realizan-paros-en-el-comienzo-de-la-semana\/#primaryimage"},"thumbnailUrl":"https:\/\/fmgente.com.ar\/web\/wp-content\/uploads\/2026\/04\/720-1345.jpeg","articleSection":["REGIONALES"],"inLanguage":"es"},{"@type":"WebPage","@id":"https:\/\/fmgente.com.ar\/web\/lunes-de-manifestaciones-cuales-son-los-sectores-que-realizan-paros-en-el-comienzo-de-la-semana\/","url":"https:\/\/fmgente.com.ar\/web\/lunes-de-manifestaciones-cuales-son-los-sectores-que-realizan-paros-en-el-comienzo-de-la-semana\/","name":"Lunes de manifestaciones: \u00bfCu\u00e1les son los sectores que realizan paros en el comienzo de la semana? - Fm Gente","isPartOf":{"@id":"https:\/\/fmgente.com.ar\/web\/#website"},"primaryImageOfPage":{"@id":"https:\/\/fmgente.com.ar\/web\/lunes-de-manifestaciones-cuales-son-los-sectores-que-realizan-paros-en-el-comienzo-de-la-semana\/#primaryimage"},"image":{"@id":"https:\/\/fmgente.com.ar\/web\/lunes-de-manifestaciones-cuales-son-los-sectores-que-realizan-paros-en-el-comienzo-de-la-semana\/#primaryimage"},"thumbnailUrl":"https:\/\/fmgente.com.ar\/web\/wp-content\/uploads\/2026\/04\/720-1345.jpeg","datePublished":"2026-04-27T06:05:08+00:00","inLanguage":"es","potentialAction":[{"@type":"ReadAction","target":["https:\/\/fmgente.com.ar\/web\/lunes-de-manifestaciones-cuales-son-los-sectores-que-realizan-paros-en-el-comienzo-de-la-semana\/"]}]},{"@type":"ImageObject","inLanguage":"es","@id":"https:\/\/fmgente.com.ar\/web\/lunes-de-manifestaciones-cuales-son-los-sectores-que-realizan-paros-en-el-comienzo-de-la-semana\/#primaryimage","url":"https:\/\/fmgente.com.ar\/web\/wp-content\/uploads\/2026\/04\/720-1345.jpeg","contentUrl":"https:\/\/fmgente.com.ar\/web\/wp-content\/uploads\/2026\/04\/720-1345.jpeg","width":1275,"height":720},{"@type":"WebSite","@id":"https:\/\/fmgente.com.ar\/web\/#website","url":"https:\/\/fmgente.com.ar\/web\/","name":"Fm Gente","description":"- Jes\u00fas Mar\u00eda","publisher":{"@id":"https:\/\/fmgente.com.ar\/web\/#organization"},"potentialAction":[{"@type":"SearchAction","target":{"@type":"EntryPoint","urlTemplate":"https:\/\/fmgente.com.ar\/web\/?s={search_term_string}"},"query-input":{"@type":"PropertyValueSpecification","valueRequired":true,"valueName":"search_term_string"}}],"inLanguage":"es"},{"@type":"Organization","@id":"https:\/\/fmgente.com.ar\/web\/#organization","name":"Fm Gente","url":"https:\/\/fmgente.com.ar\/web\/","logo":{"@type":"ImageObject","inLanguage":"es","@id":"https:\/\/fmgente.com.ar\/web\/#\/schema\/logo\/image\/","url":"https:\/\/fmgente.com.ar\/web\/wp-content\/uploads\/2023\/07\/cropped-cropped-logo-sombra2.png","contentUrl":"https:\/\/fmgente.com.ar\/web\/wp-content\/uploads\/2023\/07\/cropped-cropped-logo-sombra2.png","width":1782,"height":1782,"caption":"Fm Gente"},"image":{"@id":"https:\/\/fmgente.com.ar\/web\/#\/schema\/logo\/image\/"}}]}},"_links":{"self":[{"href":"https:\/\/fmgente.com.ar\/web\/wp-json\/wp\/v2\/posts\/20879","targetHints":{"allow":["GET"]}}],"collection":[{"href":"https:\/\/fmgente.com.ar\/web\/wp-json\/wp\/v2\/posts"}],"about":[{"href":"https:\/\/fmgente.com.ar\/web\/wp-json\/wp\/v2\/types\/post"}],"replies":[{"embeddable":true,"href":"https:\/\/fmgente.com.ar\/web\/wp-json\/wp\/v2\/comments?post=20879"}],"version-history":[{"count":0,"href":"https:\/\/fmgente.com.ar\/web\/wp-json\/wp\/v2\/posts\/20879\/revisions"}],"wp:featuredmedia":[{"embeddable":true,"href":"https:\/\/fmgente.com.ar\/web\/wp-json\/wp\/v2\/media\/20880"}],"wp:attachment":[{"href":"https:\/\/fmgente.com.ar\/web\/wp-json\/wp\/v2\/media?parent=20879"}],"wp:term":[{"taxonomy":"category","embeddable":true,"href":"https:\/\/fmgente.com.ar\/web\/wp-json\/wp\/v2\/categories?post=20879"},{"taxonomy":"post_tag","embeddable":true,"href":"https:\/\/fmgente.com.ar\/web\/wp-json\/wp\/v2\/tags?post=20879"}],"curies":[{"name":"wp","href":"https:\/\/api.w.org\/{rel}","templated":true}]}}