{"id":20871,"date":"2026-04-26T22:05:28","date_gmt":"2026-04-27T01:05:28","guid":{"rendered":"https:\/\/fmgente.com.ar\/web\/metrodelegados-levantaran-molinetes-en-reclamo-por-la-reincorporacion-de-una-empleada-que-denuncio-acoso-sexual\/"},"modified":"2026-04-26T22:05:28","modified_gmt":"2026-04-27T01:05:28","slug":"metrodelegados-levantaran-molinetes-en-reclamo-por-la-reincorporacion-de-una-empleada-que-denuncio-acoso-sexual","status":"publish","type":"post","link":"https:\/\/fmgente.com.ar\/web\/metrodelegados-levantaran-molinetes-en-reclamo-por-la-reincorporacion-de-una-empleada-que-denuncio-acoso-sexual\/","title":{"rendered":"Metrodelegados levantar\u00e1n molinetes en reclamo por la reincorporaci\u00f3n de una empleada que denunci\u00f3 acoso sexual"},"content":{"rendered":"<p>Buenos Aires, 26 abril (NA) \u2013 Los metrodelegados de la estaci\u00f3n Federico Lacroze de la L\u00ednea B levantar\u00e1n los molinetes, este lunes desde las 7.00hs., para reclaramar la reincorporaci\u00f3n de  Araceli Pintos, una empleada de Emova, tras ser despedida por denunciar una situaci\u00f3n de acoso sexual en su trabajo.<\/p>\n<p>Esta protesta es llevada adelante por la Asociaci\u00f3n de Trabajadores del Subte y Premetro, junto con el Comit\u00e9 por la Reincorporaci\u00f3n de Araceli, integrado por diversas organizaciones sociales, pol\u00edticas y feministas que acompa\u00f1an a Pintos desde el momento de su desvinculaci\u00f3n.<\/p>\n<p>Seg\u00fan el comunicado firmado por el referente gremial Claudio Dellecarbonara, Pintos denunci\u00f3 a un efectivo de la Polic\u00eda de la Ciudad, quien supuestamente acos\u00f3 a la empleada durante el cumplimiento de tareas, seguido de varios episodios de violencia laboral por parte de personal jer\u00e1rquico de Emova.<\/p>\n<p>\u201cContinuaremos peleando por la reincorporaci\u00f3n de Araceli y exigiendo que Emova deje de encubrir acosadores y violentos. Su despido fue persecutorio, ilegal y discriminatorio porque la empresa tom\u00f3 esa decisi\u00f3n como una represalia ante la denuncia presentada\u00bb, indica el texto.<\/p>\n<p>Este reclamo se suma al resto de los preexistentes, en los que se solicitan mejores condiciones de salubridad, seguridad y protocolos en casos de violencia de g\u00e9nero.<\/p>\n<p>Para finalizar, los empleados remarcaron que si el pedido de reincorporaci\u00f3n no es ecuchado por la empresa concesionaria, posiblemente surjan medidas m\u00e1s directas y duraderas en el tiempo. #AgenciaNA<\/p>\n","protected":false},"excerpt":{"rendered":"<p>Buenos Aires, 26 abril (NA) \u2013 Los metrodelegados de la estaci\u00f3n Federico Lacroze de la<\/p>\n","protected":false},"author":0,"featured_media":20872,"comment_status":"","ping_status":"","sticky":false,"template":"","format":"standard","meta":{"footnotes":""},"categories":[1],"tags":[],"class_list":["post-20871","post","type-post","status-publish","format-standard","has-post-thumbnail","hentry","category-regionales"],"yoast_head":"<!-- This site is optimized with the Yoast SEO plugin v27.4 - https:\/\/yoast.com\/product\/yoast-seo-wordpress\/ -->\n<title>Metrodelegados levantar\u00e1n molinetes en reclamo por la reincorporaci\u00f3n de una empleada que denunci\u00f3 acoso sexual - Fm Gente<\/title>\n<meta name=\"robots\" content=\"index, follow, max-snippet:-1, max-image-preview:large, max-video-preview:-1\" \/>\n<link rel=\"canonical\" href=\"https:\/\/fmgente.com.ar\/web\/metrodelegados-levantaran-molinetes-en-reclamo-por-la-reincorporacion-de-una-empleada-que-denuncio-acoso-sexual\/\" \/>\n<meta property=\"og:locale\" content=\"es_ES\" \/>\n<meta property=\"og:type\" content=\"article\" \/>\n<meta property=\"og:title\" content=\"Metrodelegados levantar\u00e1n molinetes en reclamo por la reincorporaci\u00f3n de una empleada que denunci\u00f3 acoso sexual - Fm Gente\" \/>\n<meta property=\"og:description\" content=\"Buenos Aires, 26 abril (NA) \u2013 Los metrodelegados de la estaci\u00f3n Federico Lacroze de la\" \/>\n<meta property=\"og:url\" content=\"https:\/\/fmgente.com.ar\/web\/metrodelegados-levantaran-molinetes-en-reclamo-por-la-reincorporacion-de-una-empleada-que-denuncio-acoso-sexual\/\" \/>\n<meta property=\"og:site_name\" content=\"Fm Gente\" \/>\n<meta property=\"article:published_time\" content=\"2026-04-27T01:05:28+00:00\" \/>\n<meta name=\"twitter:card\" content=\"summary_large_image\" \/>\n<meta name=\"twitter:label1\" content=\"Tiempo de lectura\" \/>\n\t<meta name=\"twitter:data1\" content=\"1 minuto\" \/>\n<script type=\"application\/ld+json\" class=\"yoast-schema-graph\">{\"@context\":\"https:\\\/\\\/schema.org\",\"@graph\":[{\"@type\":\"Article\",\"@id\":\"https:\\\/\\\/fmgente.com.ar\\\/web\\\/metrodelegados-levantaran-molinetes-en-reclamo-por-la-reincorporacion-de-una-empleada-que-denuncio-acoso-sexual\\\/#article\",\"isPartOf\":{\"@id\":\"https:\\\/\\\/fmgente.com.ar\\\/web\\\/metrodelegados-levantaran-molinetes-en-reclamo-por-la-reincorporacion-de-una-empleada-que-denuncio-acoso-sexual\\\/\"},\"author\":{\"name\":\"\",\"@id\":\"\"},\"headline\":\"Metrodelegados levantar\u00e1n molinetes en reclamo por la reincorporaci\u00f3n de una empleada que denunci\u00f3 acoso sexual\",\"datePublished\":\"2026-04-27T01:05:28+00:00\",\"mainEntityOfPage\":{\"@id\":\"https:\\\/\\\/fmgente.com.ar\\\/web\\\/metrodelegados-levantaran-molinetes-en-reclamo-por-la-reincorporacion-de-una-empleada-que-denuncio-acoso-sexual\\\/\"},\"wordCount\":265,\"publisher\":{\"@id\":\"https:\\\/\\\/fmgente.com.ar\\\/web\\\/#organization\"},\"image\":{\"@id\":\"https:\\\/\\\/fmgente.com.ar\\\/web\\\/metrodelegados-levantaran-molinetes-en-reclamo-por-la-reincorporacion-de-una-empleada-que-denuncio-acoso-sexual\\\/#primaryimage\"},\"thumbnailUrl\":\"https:\\\/\\\/fmgente.com.ar\\\/web\\\/wp-content\\\/uploads\\\/2026\\\/04\\\/720-1341.jpeg\",\"articleSection\":[\"REGIONALES\"],\"inLanguage\":\"es\"},{\"@type\":\"WebPage\",\"@id\":\"https:\\\/\\\/fmgente.com.ar\\\/web\\\/metrodelegados-levantaran-molinetes-en-reclamo-por-la-reincorporacion-de-una-empleada-que-denuncio-acoso-sexual\\\/\",\"url\":\"https:\\\/\\\/fmgente.com.ar\\\/web\\\/metrodelegados-levantaran-molinetes-en-reclamo-por-la-reincorporacion-de-una-empleada-que-denuncio-acoso-sexual\\\/\",\"name\":\"Metrodelegados levantar\u00e1n molinetes en reclamo por la reincorporaci\u00f3n de una empleada que denunci\u00f3 acoso sexual - Fm Gente\",\"isPartOf\":{\"@id\":\"https:\\\/\\\/fmgente.com.ar\\\/web\\\/#website\"},\"primaryImageOfPage\":{\"@id\":\"https:\\\/\\\/fmgente.com.ar\\\/web\\\/metrodelegados-levantaran-molinetes-en-reclamo-por-la-reincorporacion-de-una-empleada-que-denuncio-acoso-sexual\\\/#primaryimage\"},\"image\":{\"@id\":\"https:\\\/\\\/fmgente.com.ar\\\/web\\\/metrodelegados-levantaran-molinetes-en-reclamo-por-la-reincorporacion-de-una-empleada-que-denuncio-acoso-sexual\\\/#primaryimage\"},\"thumbnailUrl\":\"https:\\\/\\\/fmgente.com.ar\\\/web\\\/wp-content\\\/uploads\\\/2026\\\/04\\\/720-1341.jpeg\",\"datePublished\":\"2026-04-27T01:05:28+00:00\",\"inLanguage\":\"es\",\"potentialAction\":[{\"@type\":\"ReadAction\",\"target\":[\"https:\\\/\\\/fmgente.com.ar\\\/web\\\/metrodelegados-levantaran-molinetes-en-reclamo-por-la-reincorporacion-de-una-empleada-que-denuncio-acoso-sexual\\\/\"]}]},{\"@type\":\"ImageObject\",\"inLanguage\":\"es\",\"@id\":\"https:\\\/\\\/fmgente.com.ar\\\/web\\\/metrodelegados-levantaran-molinetes-en-reclamo-por-la-reincorporacion-de-una-empleada-que-denuncio-acoso-sexual\\\/#primaryimage\",\"url\":\"https:\\\/\\\/fmgente.com.ar\\\/web\\\/wp-content\\\/uploads\\\/2026\\\/04\\\/720-1341.jpeg\",\"contentUrl\":\"https:\\\/\\\/fmgente.com.ar\\\/web\\\/wp-content\\\/uploads\\\/2026\\\/04\\\/720-1341.jpeg\",\"width\":1080,\"height\":720},{\"@type\":\"WebSite\",\"@id\":\"https:\\\/\\\/fmgente.com.ar\\\/web\\\/#website\",\"url\":\"https:\\\/\\\/fmgente.com.ar\\\/web\\\/\",\"name\":\"Fm Gente\",\"description\":\"- Jes\u00fas Mar\u00eda\",\"publisher\":{\"@id\":\"https:\\\/\\\/fmgente.com.ar\\\/web\\\/#organization\"},\"potentialAction\":[{\"@type\":\"SearchAction\",\"target\":{\"@type\":\"EntryPoint\",\"urlTemplate\":\"https:\\\/\\\/fmgente.com.ar\\\/web\\\/?s={search_term_string}\"},\"query-input\":{\"@type\":\"PropertyValueSpecification\",\"valueRequired\":true,\"valueName\":\"search_term_string\"}}],\"inLanguage\":\"es\"},{\"@type\":\"Organization\",\"@id\":\"https:\\\/\\\/fmgente.com.ar\\\/web\\\/#organization\",\"name\":\"Fm Gente\",\"url\":\"https:\\\/\\\/fmgente.com.ar\\\/web\\\/\",\"logo\":{\"@type\":\"ImageObject\",\"inLanguage\":\"es\",\"@id\":\"https:\\\/\\\/fmgente.com.ar\\\/web\\\/#\\\/schema\\\/logo\\\/image\\\/\",\"url\":\"https:\\\/\\\/fmgente.com.ar\\\/web\\\/wp-content\\\/uploads\\\/2023\\\/07\\\/cropped-cropped-logo-sombra2.png\",\"contentUrl\":\"https:\\\/\\\/fmgente.com.ar\\\/web\\\/wp-content\\\/uploads\\\/2023\\\/07\\\/cropped-cropped-logo-sombra2.png\",\"width\":1782,\"height\":1782,\"caption\":\"Fm Gente\"},\"image\":{\"@id\":\"https:\\\/\\\/fmgente.com.ar\\\/web\\\/#\\\/schema\\\/logo\\\/image\\\/\"}}]}<\/script>\n<!-- \/ Yoast SEO plugin. -->","yoast_head_json":{"title":"Metrodelegados levantar\u00e1n molinetes en reclamo por la reincorporaci\u00f3n de una empleada que denunci\u00f3 acoso sexual - Fm Gente","robots":{"index":"index","follow":"follow","max-snippet":"max-snippet:-1","max-image-preview":"max-image-preview:large","max-video-preview":"max-video-preview:-1"},"canonical":"https:\/\/fmgente.com.ar\/web\/metrodelegados-levantaran-molinetes-en-reclamo-por-la-reincorporacion-de-una-empleada-que-denuncio-acoso-sexual\/","og_locale":"es_ES","og_type":"article","og_title":"Metrodelegados levantar\u00e1n molinetes en reclamo por la reincorporaci\u00f3n de una empleada que denunci\u00f3 acoso sexual - Fm Gente","og_description":"Buenos Aires, 26 abril (NA) \u2013 Los metrodelegados de la estaci\u00f3n Federico Lacroze de la","og_url":"https:\/\/fmgente.com.ar\/web\/metrodelegados-levantaran-molinetes-en-reclamo-por-la-reincorporacion-de-una-empleada-que-denuncio-acoso-sexual\/","og_site_name":"Fm Gente","article_published_time":"2026-04-27T01:05:28+00:00","twitter_card":"summary_large_image","twitter_misc":{"Tiempo de lectura":"1 minuto"},"schema":{"@context":"https:\/\/schema.org","@graph":[{"@type":"Article","@id":"https:\/\/fmgente.com.ar\/web\/metrodelegados-levantaran-molinetes-en-reclamo-por-la-reincorporacion-de-una-empleada-que-denuncio-acoso-sexual\/#article","isPartOf":{"@id":"https:\/\/fmgente.com.ar\/web\/metrodelegados-levantaran-molinetes-en-reclamo-por-la-reincorporacion-de-una-empleada-que-denuncio-acoso-sexual\/"},"author":{"name":"","@id":""},"headline":"Metrodelegados levantar\u00e1n molinetes en reclamo por la reincorporaci\u00f3n de una empleada que denunci\u00f3 acoso sexual","datePublished":"2026-04-27T01:05:28+00:00","mainEntityOfPage":{"@id":"https:\/\/fmgente.com.ar\/web\/metrodelegados-levantaran-molinetes-en-reclamo-por-la-reincorporacion-de-una-empleada-que-denuncio-acoso-sexual\/"},"wordCount":265,"publisher":{"@id":"https:\/\/fmgente.com.ar\/web\/#organization"},"image":{"@id":"https:\/\/fmgente.com.ar\/web\/metrodelegados-levantaran-molinetes-en-reclamo-por-la-reincorporacion-de-una-empleada-que-denuncio-acoso-sexual\/#primaryimage"},"thumbnailUrl":"https:\/\/fmgente.com.ar\/web\/wp-content\/uploads\/2026\/04\/720-1341.jpeg","articleSection":["REGIONALES"],"inLanguage":"es"},{"@type":"WebPage","@id":"https:\/\/fmgente.com.ar\/web\/metrodelegados-levantaran-molinetes-en-reclamo-por-la-reincorporacion-de-una-empleada-que-denuncio-acoso-sexual\/","url":"https:\/\/fmgente.com.ar\/web\/metrodelegados-levantaran-molinetes-en-reclamo-por-la-reincorporacion-de-una-empleada-que-denuncio-acoso-sexual\/","name":"Metrodelegados levantar\u00e1n molinetes en reclamo por la reincorporaci\u00f3n de una empleada que denunci\u00f3 acoso sexual - Fm Gente","isPartOf":{"@id":"https:\/\/fmgente.com.ar\/web\/#website"},"primaryImageOfPage":{"@id":"https:\/\/fmgente.com.ar\/web\/metrodelegados-levantaran-molinetes-en-reclamo-por-la-reincorporacion-de-una-empleada-que-denuncio-acoso-sexual\/#primaryimage"},"image":{"@id":"https:\/\/fmgente.com.ar\/web\/metrodelegados-levantaran-molinetes-en-reclamo-por-la-reincorporacion-de-una-empleada-que-denuncio-acoso-sexual\/#primaryimage"},"thumbnailUrl":"https:\/\/fmgente.com.ar\/web\/wp-content\/uploads\/2026\/04\/720-1341.jpeg","datePublished":"2026-04-27T01:05:28+00:00","inLanguage":"es","potentialAction":[{"@type":"ReadAction","target":["https:\/\/fmgente.com.ar\/web\/metrodelegados-levantaran-molinetes-en-reclamo-por-la-reincorporacion-de-una-empleada-que-denuncio-acoso-sexual\/"]}]},{"@type":"ImageObject","inLanguage":"es","@id":"https:\/\/fmgente.com.ar\/web\/metrodelegados-levantaran-molinetes-en-reclamo-por-la-reincorporacion-de-una-empleada-que-denuncio-acoso-sexual\/#primaryimage","url":"https:\/\/fmgente.com.ar\/web\/wp-content\/uploads\/2026\/04\/720-1341.jpeg","contentUrl":"https:\/\/fmgente.com.ar\/web\/wp-content\/uploads\/2026\/04\/720-1341.jpeg","width":1080,"height":720},{"@type":"WebSite","@id":"https:\/\/fmgente.com.ar\/web\/#website","url":"https:\/\/fmgente.com.ar\/web\/","name":"Fm Gente","description":"- Jes\u00fas Mar\u00eda","publisher":{"@id":"https:\/\/fmgente.com.ar\/web\/#organization"},"potentialAction":[{"@type":"SearchAction","target":{"@type":"EntryPoint","urlTemplate":"https:\/\/fmgente.com.ar\/web\/?s={search_term_string}"},"query-input":{"@type":"PropertyValueSpecification","valueRequired":true,"valueName":"search_term_string"}}],"inLanguage":"es"},{"@type":"Organization","@id":"https:\/\/fmgente.com.ar\/web\/#organization","name":"Fm Gente","url":"https:\/\/fmgente.com.ar\/web\/","logo":{"@type":"ImageObject","inLanguage":"es","@id":"https:\/\/fmgente.com.ar\/web\/#\/schema\/logo\/image\/","url":"https:\/\/fmgente.com.ar\/web\/wp-content\/uploads\/2023\/07\/cropped-cropped-logo-sombra2.png","contentUrl":"https:\/\/fmgente.com.ar\/web\/wp-content\/uploads\/2023\/07\/cropped-cropped-logo-sombra2.png","width":1782,"height":1782,"caption":"Fm Gente"},"image":{"@id":"https:\/\/fmgente.com.ar\/web\/#\/schema\/logo\/image\/"}}]}},"_links":{"self":[{"href":"https:\/\/fmgente.com.ar\/web\/wp-json\/wp\/v2\/posts\/20871","targetHints":{"allow":["GET"]}}],"collection":[{"href":"https:\/\/fmgente.com.ar\/web\/wp-json\/wp\/v2\/posts"}],"about":[{"href":"https:\/\/fmgente.com.ar\/web\/wp-json\/wp\/v2\/types\/post"}],"replies":[{"embeddable":true,"href":"https:\/\/fmgente.com.ar\/web\/wp-json\/wp\/v2\/comments?post=20871"}],"version-history":[{"count":0,"href":"https:\/\/fmgente.com.ar\/web\/wp-json\/wp\/v2\/posts\/20871\/revisions"}],"wp:featuredmedia":[{"embeddable":true,"href":"https:\/\/fmgente.com.ar\/web\/wp-json\/wp\/v2\/media\/20872"}],"wp:attachment":[{"href":"https:\/\/fmgente.com.ar\/web\/wp-json\/wp\/v2\/media?parent=20871"}],"wp:term":[{"taxonomy":"category","embeddable":true,"href":"https:\/\/fmgente.com.ar\/web\/wp-json\/wp\/v2\/categories?post=20871"},{"taxonomy":"post_tag","embeddable":true,"href":"https:\/\/fmgente.com.ar\/web\/wp-json\/wp\/v2\/tags?post=20871"}],"curies":[{"name":"wp","href":"https:\/\/api.w.org\/{rel}","templated":true}]}}