{"id":20867,"date":"2026-04-26T22:05:26","date_gmt":"2026-04-27T01:05:26","guid":{"rendered":"https:\/\/fmgente.com.ar\/web\/adorni-enfrentara-en-diputados-mas-de-4-800-preguntas-con-milei-en-el-palco\/"},"modified":"2026-04-26T22:05:26","modified_gmt":"2026-04-27T01:05:26","slug":"adorni-enfrentara-en-diputados-mas-de-4-800-preguntas-con-milei-en-el-palco","status":"publish","type":"post","link":"https:\/\/fmgente.com.ar\/web\/adorni-enfrentara-en-diputados-mas-de-4-800-preguntas-con-milei-en-el-palco\/","title":{"rendered":"Adorni enfrentar\u00e1 en Diputados m\u00e1s de 4.800 preguntas con Milei en el palco"},"content":{"rendered":"<p>Buenos Aires, 26 abril (NA) &#8212; El jefe de Gabinete, Manuel Adorni, brindar\u00e1 este mi\u00e9rcoles su primer informe de gesti\u00f3n en Diputados, jaqueado por la investigaci\u00f3n en su contra por presunto enriquecimiento il\u00edcito, con los bloques opositores listos para someterlo a unas 5.000 preguntas, pero con el respaldo institucional que significar\u00e1 la presencia del presidente Javier Milei en el palco central.<\/p>\n<p>Adorni se presentar\u00e1 ante la C\u00e1mara baja por primera vez desde que asumi\u00f3 hace 175 d\u00edas como ministro coordinador, una figura creada en la reforma constitucional de 1994 con responsable de la administraci\u00f3n del Estado.<\/p>\n<p>Denunciado por la compra de inmuebles que no incluy\u00f3 en su declaraci\u00f3n patrimonial y con su actuaci\u00f3n en tela de juicio por viajes al exterior en un avi\u00f3n privado, el funcionario contar\u00e1 no solo con la presencia de Milei sino con la de la secretaria General de la Presidencia, Karina Milei.<\/p>\n<p>Seg\u00fan se anticipa desde la Casa Rosada, tambi\u00e9n estar\u00e1n presentes respaldando al funcionario varios ministros que se ubicar\u00e1n en las bandejas junto al estrado de la Presidencia de la C\u00e1mara. Asimismo, un grupo de colaboradores se instalar\u00e1 en el Sal\u00f3n Delia Parodi, a pocos metros del recinto de sesiones.<\/p>\n<p>Adorni comenzar\u00e1 su exposici\u00f3n entre las 10 y las 11 y lo har\u00e1 con una alocuci\u00f3n de aproximadamente una hora, en la que resaltar\u00e1 los logros del Gobierno, especialmente en materia econ\u00f3mica.<\/p>\n<p>Los bloques de la oposici\u00f3n aguardan al funcionario con m\u00e1s de 4.800 preguntas, por lo que se espera que la sesi\u00f3n informativa se extienda por aproximadamente seis horas, en las que desde el oficialismo se descuenta que no responder\u00e1 cuestionamientos de su situaci\u00f3n patrimonial por estar bajo investigaci\u00f3n en la Justicia.<\/p>\n<p>La expectativa de la presencia de Adorni es tan grande, que voceros de distintos bloques coincidieron en que se trata del informe m\u00e1s esperado, tanto por la oposici\u00f3n como por los medios de comunicaci\u00f3n, de los 145 que se brindaron en los diferentes gobiernos desde 1994 hasta ahora.<\/p>\n<p>Adorni triunf\u00f3 en las elecciones porte\u00f1as de mayo pasado y fue elegido legislador por la Ciudad, pero en diciembre resign\u00f3 ese cargo y la vocer\u00eda presidencial que ejerc\u00eda desde la asunci\u00f3n de Milei, para asumir como jefe de Gabinete en reemplazo de Guillermo Francos.<\/p>\n<p>Seg\u00fan pudo saber la Agencia Noticias Argentinas, tras la exposici\u00f3n inicial de Adorni est\u00e1 previsto el espacio para las preguntas que ser\u00e1 abierto por los bloques menos numerosos que contar\u00e1n con 5 minutos cada uno, hasta completar un primer tramo de 50 minutos.<\/p>\n<p>Luego, sucesivamente, ser\u00e1 el turno de Innovaci\u00f3n Federal (11 minutos); Unidos (20 minutos) y Fuerzas del Cambio (20 minutos).<\/p>\n<p>Tras los 20 minutos que tendr\u00e1 el jefe de Gabinete para dar sus respuestas, ser\u00e1 el turno de Uni\u00f3n por la Patria.<\/p>\n<p>El bloque peronista que preside el santafecino Germ\u00e1n Mart\u00ednez tendr\u00e1 68 minutos para sus preguntas, y tras las respuestas de Adorni, ser\u00e1 el turno de cierre a cargo del bloque de La Libertad Avanza.<\/p>\n<p>#AgenciaNA<\/p>\n","protected":false},"excerpt":{"rendered":"<p>Buenos Aires, 26 abril (NA) &#8212; El jefe de Gabinete, Manuel Adorni, brindar\u00e1 este mi\u00e9rcoles<\/p>\n","protected":false},"author":0,"featured_media":20868,"comment_status":"","ping_status":"","sticky":false,"template":"","format":"standard","meta":{"footnotes":""},"categories":[1],"tags":[],"class_list":["post-20867","post","type-post","status-publish","format-standard","has-post-thumbnail","hentry","category-regionales"],"yoast_head":"<!-- This site is optimized with the Yoast SEO plugin v27.4 - https:\/\/yoast.com\/product\/yoast-seo-wordpress\/ -->\n<title>Adorni enfrentar\u00e1 en Diputados m\u00e1s de 4.800 preguntas con Milei en el palco - Fm Gente<\/title>\n<meta name=\"robots\" content=\"index, follow, max-snippet:-1, max-image-preview:large, max-video-preview:-1\" \/>\n<link rel=\"canonical\" href=\"https:\/\/fmgente.com.ar\/web\/adorni-enfrentara-en-diputados-mas-de-4-800-preguntas-con-milei-en-el-palco\/\" \/>\n<meta property=\"og:locale\" content=\"es_ES\" \/>\n<meta property=\"og:type\" content=\"article\" \/>\n<meta property=\"og:title\" content=\"Adorni enfrentar\u00e1 en Diputados m\u00e1s de 4.800 preguntas con Milei en el palco - Fm Gente\" \/>\n<meta property=\"og:description\" content=\"Buenos Aires, 26 abril (NA) &#8212; El jefe de Gabinete, Manuel Adorni, brindar\u00e1 este mi\u00e9rcoles\" \/>\n<meta property=\"og:url\" content=\"https:\/\/fmgente.com.ar\/web\/adorni-enfrentara-en-diputados-mas-de-4-800-preguntas-con-milei-en-el-palco\/\" \/>\n<meta property=\"og:site_name\" content=\"Fm Gente\" \/>\n<meta property=\"article:published_time\" content=\"2026-04-27T01:05:26+00:00\" \/>\n<meta name=\"twitter:card\" content=\"summary_large_image\" \/>\n<meta name=\"twitter:label1\" content=\"Tiempo de lectura\" \/>\n\t<meta name=\"twitter:data1\" content=\"3 minutos\" \/>\n<script type=\"application\/ld+json\" class=\"yoast-schema-graph\">{\"@context\":\"https:\\\/\\\/schema.org\",\"@graph\":[{\"@type\":\"Article\",\"@id\":\"https:\\\/\\\/fmgente.com.ar\\\/web\\\/adorni-enfrentara-en-diputados-mas-de-4-800-preguntas-con-milei-en-el-palco\\\/#article\",\"isPartOf\":{\"@id\":\"https:\\\/\\\/fmgente.com.ar\\\/web\\\/adorni-enfrentara-en-diputados-mas-de-4-800-preguntas-con-milei-en-el-palco\\\/\"},\"author\":{\"name\":\"\",\"@id\":\"\"},\"headline\":\"Adorni enfrentar\u00e1 en Diputados m\u00e1s de 4.800 preguntas con Milei en el palco\",\"datePublished\":\"2026-04-27T01:05:26+00:00\",\"mainEntityOfPage\":{\"@id\":\"https:\\\/\\\/fmgente.com.ar\\\/web\\\/adorni-enfrentara-en-diputados-mas-de-4-800-preguntas-con-milei-en-el-palco\\\/\"},\"wordCount\":525,\"publisher\":{\"@id\":\"https:\\\/\\\/fmgente.com.ar\\\/web\\\/#organization\"},\"image\":{\"@id\":\"https:\\\/\\\/fmgente.com.ar\\\/web\\\/adorni-enfrentara-en-diputados-mas-de-4-800-preguntas-con-milei-en-el-palco\\\/#primaryimage\"},\"thumbnailUrl\":\"https:\\\/\\\/fmgente.com.ar\\\/web\\\/wp-content\\\/uploads\\\/2026\\\/04\\\/720-1339.jpeg\",\"articleSection\":[\"REGIONALES\"],\"inLanguage\":\"es\"},{\"@type\":\"WebPage\",\"@id\":\"https:\\\/\\\/fmgente.com.ar\\\/web\\\/adorni-enfrentara-en-diputados-mas-de-4-800-preguntas-con-milei-en-el-palco\\\/\",\"url\":\"https:\\\/\\\/fmgente.com.ar\\\/web\\\/adorni-enfrentara-en-diputados-mas-de-4-800-preguntas-con-milei-en-el-palco\\\/\",\"name\":\"Adorni enfrentar\u00e1 en Diputados m\u00e1s de 4.800 preguntas con Milei en el palco - Fm Gente\",\"isPartOf\":{\"@id\":\"https:\\\/\\\/fmgente.com.ar\\\/web\\\/#website\"},\"primaryImageOfPage\":{\"@id\":\"https:\\\/\\\/fmgente.com.ar\\\/web\\\/adorni-enfrentara-en-diputados-mas-de-4-800-preguntas-con-milei-en-el-palco\\\/#primaryimage\"},\"image\":{\"@id\":\"https:\\\/\\\/fmgente.com.ar\\\/web\\\/adorni-enfrentara-en-diputados-mas-de-4-800-preguntas-con-milei-en-el-palco\\\/#primaryimage\"},\"thumbnailUrl\":\"https:\\\/\\\/fmgente.com.ar\\\/web\\\/wp-content\\\/uploads\\\/2026\\\/04\\\/720-1339.jpeg\",\"datePublished\":\"2026-04-27T01:05:26+00:00\",\"inLanguage\":\"es\",\"potentialAction\":[{\"@type\":\"ReadAction\",\"target\":[\"https:\\\/\\\/fmgente.com.ar\\\/web\\\/adorni-enfrentara-en-diputados-mas-de-4-800-preguntas-con-milei-en-el-palco\\\/\"]}]},{\"@type\":\"ImageObject\",\"inLanguage\":\"es\",\"@id\":\"https:\\\/\\\/fmgente.com.ar\\\/web\\\/adorni-enfrentara-en-diputados-mas-de-4-800-preguntas-con-milei-en-el-palco\\\/#primaryimage\",\"url\":\"https:\\\/\\\/fmgente.com.ar\\\/web\\\/wp-content\\\/uploads\\\/2026\\\/04\\\/720-1339.jpeg\",\"contentUrl\":\"https:\\\/\\\/fmgente.com.ar\\\/web\\\/wp-content\\\/uploads\\\/2026\\\/04\\\/720-1339.jpeg\",\"width\":886,\"height\":720},{\"@type\":\"WebSite\",\"@id\":\"https:\\\/\\\/fmgente.com.ar\\\/web\\\/#website\",\"url\":\"https:\\\/\\\/fmgente.com.ar\\\/web\\\/\",\"name\":\"Fm Gente\",\"description\":\"- Jes\u00fas Mar\u00eda\",\"publisher\":{\"@id\":\"https:\\\/\\\/fmgente.com.ar\\\/web\\\/#organization\"},\"potentialAction\":[{\"@type\":\"SearchAction\",\"target\":{\"@type\":\"EntryPoint\",\"urlTemplate\":\"https:\\\/\\\/fmgente.com.ar\\\/web\\\/?s={search_term_string}\"},\"query-input\":{\"@type\":\"PropertyValueSpecification\",\"valueRequired\":true,\"valueName\":\"search_term_string\"}}],\"inLanguage\":\"es\"},{\"@type\":\"Organization\",\"@id\":\"https:\\\/\\\/fmgente.com.ar\\\/web\\\/#organization\",\"name\":\"Fm Gente\",\"url\":\"https:\\\/\\\/fmgente.com.ar\\\/web\\\/\",\"logo\":{\"@type\":\"ImageObject\",\"inLanguage\":\"es\",\"@id\":\"https:\\\/\\\/fmgente.com.ar\\\/web\\\/#\\\/schema\\\/logo\\\/image\\\/\",\"url\":\"https:\\\/\\\/fmgente.com.ar\\\/web\\\/wp-content\\\/uploads\\\/2023\\\/07\\\/cropped-cropped-logo-sombra2.png\",\"contentUrl\":\"https:\\\/\\\/fmgente.com.ar\\\/web\\\/wp-content\\\/uploads\\\/2023\\\/07\\\/cropped-cropped-logo-sombra2.png\",\"width\":1782,\"height\":1782,\"caption\":\"Fm Gente\"},\"image\":{\"@id\":\"https:\\\/\\\/fmgente.com.ar\\\/web\\\/#\\\/schema\\\/logo\\\/image\\\/\"}}]}<\/script>\n<!-- \/ Yoast SEO plugin. -->","yoast_head_json":{"title":"Adorni enfrentar\u00e1 en Diputados m\u00e1s de 4.800 preguntas con Milei en el palco - Fm Gente","robots":{"index":"index","follow":"follow","max-snippet":"max-snippet:-1","max-image-preview":"max-image-preview:large","max-video-preview":"max-video-preview:-1"},"canonical":"https:\/\/fmgente.com.ar\/web\/adorni-enfrentara-en-diputados-mas-de-4-800-preguntas-con-milei-en-el-palco\/","og_locale":"es_ES","og_type":"article","og_title":"Adorni enfrentar\u00e1 en Diputados m\u00e1s de 4.800 preguntas con Milei en el palco - Fm Gente","og_description":"Buenos Aires, 26 abril (NA) &#8212; El jefe de Gabinete, Manuel Adorni, brindar\u00e1 este mi\u00e9rcoles","og_url":"https:\/\/fmgente.com.ar\/web\/adorni-enfrentara-en-diputados-mas-de-4-800-preguntas-con-milei-en-el-palco\/","og_site_name":"Fm Gente","article_published_time":"2026-04-27T01:05:26+00:00","twitter_card":"summary_large_image","twitter_misc":{"Tiempo de lectura":"3 minutos"},"schema":{"@context":"https:\/\/schema.org","@graph":[{"@type":"Article","@id":"https:\/\/fmgente.com.ar\/web\/adorni-enfrentara-en-diputados-mas-de-4-800-preguntas-con-milei-en-el-palco\/#article","isPartOf":{"@id":"https:\/\/fmgente.com.ar\/web\/adorni-enfrentara-en-diputados-mas-de-4-800-preguntas-con-milei-en-el-palco\/"},"author":{"name":"","@id":""},"headline":"Adorni enfrentar\u00e1 en Diputados m\u00e1s de 4.800 preguntas con Milei en el palco","datePublished":"2026-04-27T01:05:26+00:00","mainEntityOfPage":{"@id":"https:\/\/fmgente.com.ar\/web\/adorni-enfrentara-en-diputados-mas-de-4-800-preguntas-con-milei-en-el-palco\/"},"wordCount":525,"publisher":{"@id":"https:\/\/fmgente.com.ar\/web\/#organization"},"image":{"@id":"https:\/\/fmgente.com.ar\/web\/adorni-enfrentara-en-diputados-mas-de-4-800-preguntas-con-milei-en-el-palco\/#primaryimage"},"thumbnailUrl":"https:\/\/fmgente.com.ar\/web\/wp-content\/uploads\/2026\/04\/720-1339.jpeg","articleSection":["REGIONALES"],"inLanguage":"es"},{"@type":"WebPage","@id":"https:\/\/fmgente.com.ar\/web\/adorni-enfrentara-en-diputados-mas-de-4-800-preguntas-con-milei-en-el-palco\/","url":"https:\/\/fmgente.com.ar\/web\/adorni-enfrentara-en-diputados-mas-de-4-800-preguntas-con-milei-en-el-palco\/","name":"Adorni enfrentar\u00e1 en Diputados m\u00e1s de 4.800 preguntas con Milei en el palco - Fm Gente","isPartOf":{"@id":"https:\/\/fmgente.com.ar\/web\/#website"},"primaryImageOfPage":{"@id":"https:\/\/fmgente.com.ar\/web\/adorni-enfrentara-en-diputados-mas-de-4-800-preguntas-con-milei-en-el-palco\/#primaryimage"},"image":{"@id":"https:\/\/fmgente.com.ar\/web\/adorni-enfrentara-en-diputados-mas-de-4-800-preguntas-con-milei-en-el-palco\/#primaryimage"},"thumbnailUrl":"https:\/\/fmgente.com.ar\/web\/wp-content\/uploads\/2026\/04\/720-1339.jpeg","datePublished":"2026-04-27T01:05:26+00:00","inLanguage":"es","potentialAction":[{"@type":"ReadAction","target":["https:\/\/fmgente.com.ar\/web\/adorni-enfrentara-en-diputados-mas-de-4-800-preguntas-con-milei-en-el-palco\/"]}]},{"@type":"ImageObject","inLanguage":"es","@id":"https:\/\/fmgente.com.ar\/web\/adorni-enfrentara-en-diputados-mas-de-4-800-preguntas-con-milei-en-el-palco\/#primaryimage","url":"https:\/\/fmgente.com.ar\/web\/wp-content\/uploads\/2026\/04\/720-1339.jpeg","contentUrl":"https:\/\/fmgente.com.ar\/web\/wp-content\/uploads\/2026\/04\/720-1339.jpeg","width":886,"height":720},{"@type":"WebSite","@id":"https:\/\/fmgente.com.ar\/web\/#website","url":"https:\/\/fmgente.com.ar\/web\/","name":"Fm Gente","description":"- Jes\u00fas Mar\u00eda","publisher":{"@id":"https:\/\/fmgente.com.ar\/web\/#organization"},"potentialAction":[{"@type":"SearchAction","target":{"@type":"EntryPoint","urlTemplate":"https:\/\/fmgente.com.ar\/web\/?s={search_term_string}"},"query-input":{"@type":"PropertyValueSpecification","valueRequired":true,"valueName":"search_term_string"}}],"inLanguage":"es"},{"@type":"Organization","@id":"https:\/\/fmgente.com.ar\/web\/#organization","name":"Fm Gente","url":"https:\/\/fmgente.com.ar\/web\/","logo":{"@type":"ImageObject","inLanguage":"es","@id":"https:\/\/fmgente.com.ar\/web\/#\/schema\/logo\/image\/","url":"https:\/\/fmgente.com.ar\/web\/wp-content\/uploads\/2023\/07\/cropped-cropped-logo-sombra2.png","contentUrl":"https:\/\/fmgente.com.ar\/web\/wp-content\/uploads\/2023\/07\/cropped-cropped-logo-sombra2.png","width":1782,"height":1782,"caption":"Fm Gente"},"image":{"@id":"https:\/\/fmgente.com.ar\/web\/#\/schema\/logo\/image\/"}}]}},"_links":{"self":[{"href":"https:\/\/fmgente.com.ar\/web\/wp-json\/wp\/v2\/posts\/20867","targetHints":{"allow":["GET"]}}],"collection":[{"href":"https:\/\/fmgente.com.ar\/web\/wp-json\/wp\/v2\/posts"}],"about":[{"href":"https:\/\/fmgente.com.ar\/web\/wp-json\/wp\/v2\/types\/post"}],"replies":[{"embeddable":true,"href":"https:\/\/fmgente.com.ar\/web\/wp-json\/wp\/v2\/comments?post=20867"}],"version-history":[{"count":0,"href":"https:\/\/fmgente.com.ar\/web\/wp-json\/wp\/v2\/posts\/20867\/revisions"}],"wp:featuredmedia":[{"embeddable":true,"href":"https:\/\/fmgente.com.ar\/web\/wp-json\/wp\/v2\/media\/20868"}],"wp:attachment":[{"href":"https:\/\/fmgente.com.ar\/web\/wp-json\/wp\/v2\/media?parent=20867"}],"wp:term":[{"taxonomy":"category","embeddable":true,"href":"https:\/\/fmgente.com.ar\/web\/wp-json\/wp\/v2\/categories?post=20867"},{"taxonomy":"post_tag","embeddable":true,"href":"https:\/\/fmgente.com.ar\/web\/wp-json\/wp\/v2\/tags?post=20867"}],"curies":[{"name":"wp","href":"https:\/\/api.w.org\/{rel}","templated":true}]}}