{"id":20863,"date":"2026-04-26T21:06:34","date_gmt":"2026-04-27T00:06:34","guid":{"rendered":"https:\/\/fmgente.com.ar\/web\/milei-cerrara-abril-con-una-charla-sobre-economia-y-se-mostrara-en-el-congreso-junto-a-adorni\/"},"modified":"2026-04-26T21:06:34","modified_gmt":"2026-04-27T00:06:34","slug":"milei-cerrara-abril-con-una-charla-sobre-economia-y-se-mostrara-en-el-congreso-junto-a-adorni","status":"publish","type":"post","link":"https:\/\/fmgente.com.ar\/web\/milei-cerrara-abril-con-una-charla-sobre-economia-y-se-mostrara-en-el-congreso-junto-a-adorni\/","title":{"rendered":"Milei cerrar\u00e1 abril con una charla sobre econom\u00eda y se mostrar\u00e1, en el Congreso, junto a Adorni"},"content":{"rendered":"<p>Buenos Aires, 26 abril (NA) \u2013  El presidente de la Naci\u00f3n, Javier Milei, cerrar\u00e1 el mes de abril con una diversa agenda de actividades en la que se destacan reuniones con ministros en Casa Rosada, disertaciones sobre econom\u00eda en el Palacio Libertad y su asistencia en el Congreso, donde acompa\u00f1ar\u00e1 al jefe de Gabinete, Manuel Adorni, en la presentaci\u00f3n del informe de gesti\u00f3n, y mostrar\u00e1 nuevamente su apoyo ante la situaci\u00f3n cr\u00edtica que el funcionario atraviesa luego de ser se\u00f1alado por presunto enriquecimiento il\u00edcito.<\/p>\n<p>El lunes 27, se espera que el mandatario encabece una reuni\u00f3n de Gabinete en Casa de Gobierno, junto a la secretaria de Presidencia, Karina Milei, y lleve adelante un encuentro con todos los ministros para retomar la iniciativa pol\u00edtica y ordenamiento interno. <\/p>\n<p>Para el martes 28, Milei confirm\u00f3 su participaci\u00f3n en la disertaci\u00f3n en el ex CCK, a las 18hs, en un debate titulado \u2018Keynes y la Teor\u00eda General\u2019, junto al economista Juan Carlos de Pablo y al diputado nacional por La Libertad Avanza (LLA) Adri\u00e1n Ravier.<\/p>\n<p>Uno de los eventos m\u00e1s esperados se der\u00e1 el mi\u00e9rcoles 29, en el Congreso Nacional, donde acompa\u00f1ar\u00e1 a Adorni en la presentaci\u00f3n del informe de gesti\u00f3n, ante la C\u00e1mara de Diputados, en un gesto de apoyo y respaldo ante las investigaciones judiciales que lo involucran.<\/p>\n<p>Para finalizar la semana, dado que el viernes 1\u00ba de mayo es feriado por el D\u00eda del Trabajador, el jueves 30, Milei mantendr\u00eda reuniones en la Quinta de Olivos, con el objetivo puesto en el seguimiento del paquete de reformas enviado recientemente al Congreso y la estrategia econ\u00f3mica para el mes de mayo. #AgenciaNA<\/p>\n","protected":false},"excerpt":{"rendered":"<p>Buenos Aires, 26 abril (NA) \u2013 El presidente de la Naci\u00f3n, Javier Milei, cerrar\u00e1 el<\/p>\n","protected":false},"author":0,"featured_media":20864,"comment_status":"","ping_status":"","sticky":false,"template":"","format":"standard","meta":{"footnotes":""},"categories":[1],"tags":[],"class_list":["post-20863","post","type-post","status-publish","format-standard","has-post-thumbnail","hentry","category-regionales"],"yoast_head":"<!-- This site is optimized with the Yoast SEO plugin v27.4 - https:\/\/yoast.com\/product\/yoast-seo-wordpress\/ -->\n<title>Milei cerrar\u00e1 abril con una charla sobre econom\u00eda y se mostrar\u00e1, en el Congreso, junto a Adorni - Fm Gente<\/title>\n<meta name=\"robots\" content=\"index, follow, max-snippet:-1, max-image-preview:large, max-video-preview:-1\" \/>\n<link rel=\"canonical\" href=\"https:\/\/fmgente.com.ar\/web\/milei-cerrara-abril-con-una-charla-sobre-economia-y-se-mostrara-en-el-congreso-junto-a-adorni\/\" \/>\n<meta property=\"og:locale\" content=\"es_ES\" \/>\n<meta property=\"og:type\" content=\"article\" \/>\n<meta property=\"og:title\" content=\"Milei cerrar\u00e1 abril con una charla sobre econom\u00eda y se mostrar\u00e1, en el Congreso, junto a Adorni - Fm Gente\" \/>\n<meta property=\"og:description\" content=\"Buenos Aires, 26 abril (NA) \u2013 El presidente de la Naci\u00f3n, Javier Milei, cerrar\u00e1 el\" \/>\n<meta property=\"og:url\" content=\"https:\/\/fmgente.com.ar\/web\/milei-cerrara-abril-con-una-charla-sobre-economia-y-se-mostrara-en-el-congreso-junto-a-adorni\/\" \/>\n<meta property=\"og:site_name\" content=\"Fm Gente\" \/>\n<meta property=\"article:published_time\" content=\"2026-04-27T00:06:34+00:00\" \/>\n<meta name=\"twitter:card\" content=\"summary_large_image\" \/>\n<meta name=\"twitter:label1\" content=\"Tiempo de lectura\" \/>\n\t<meta name=\"twitter:data1\" content=\"1 minuto\" \/>\n<script type=\"application\/ld+json\" class=\"yoast-schema-graph\">{\"@context\":\"https:\\\/\\\/schema.org\",\"@graph\":[{\"@type\":\"Article\",\"@id\":\"https:\\\/\\\/fmgente.com.ar\\\/web\\\/milei-cerrara-abril-con-una-charla-sobre-economia-y-se-mostrara-en-el-congreso-junto-a-adorni\\\/#article\",\"isPartOf\":{\"@id\":\"https:\\\/\\\/fmgente.com.ar\\\/web\\\/milei-cerrara-abril-con-una-charla-sobre-economia-y-se-mostrara-en-el-congreso-junto-a-adorni\\\/\"},\"author\":{\"name\":\"\",\"@id\":\"\"},\"headline\":\"Milei cerrar\u00e1 abril con una charla sobre econom\u00eda y se mostrar\u00e1, en el Congreso, junto a Adorni\",\"datePublished\":\"2026-04-27T00:06:34+00:00\",\"mainEntityOfPage\":{\"@id\":\"https:\\\/\\\/fmgente.com.ar\\\/web\\\/milei-cerrara-abril-con-una-charla-sobre-economia-y-se-mostrara-en-el-congreso-junto-a-adorni\\\/\"},\"wordCount\":305,\"publisher\":{\"@id\":\"https:\\\/\\\/fmgente.com.ar\\\/web\\\/#organization\"},\"image\":{\"@id\":\"https:\\\/\\\/fmgente.com.ar\\\/web\\\/milei-cerrara-abril-con-una-charla-sobre-economia-y-se-mostrara-en-el-congreso-junto-a-adorni\\\/#primaryimage\"},\"thumbnailUrl\":\"https:\\\/\\\/fmgente.com.ar\\\/web\\\/wp-content\\\/uploads\\\/2026\\\/04\\\/image-26.jpg\",\"articleSection\":[\"REGIONALES\"],\"inLanguage\":\"es\"},{\"@type\":\"WebPage\",\"@id\":\"https:\\\/\\\/fmgente.com.ar\\\/web\\\/milei-cerrara-abril-con-una-charla-sobre-economia-y-se-mostrara-en-el-congreso-junto-a-adorni\\\/\",\"url\":\"https:\\\/\\\/fmgente.com.ar\\\/web\\\/milei-cerrara-abril-con-una-charla-sobre-economia-y-se-mostrara-en-el-congreso-junto-a-adorni\\\/\",\"name\":\"Milei cerrar\u00e1 abril con una charla sobre econom\u00eda y se mostrar\u00e1, en el Congreso, junto a Adorni - Fm Gente\",\"isPartOf\":{\"@id\":\"https:\\\/\\\/fmgente.com.ar\\\/web\\\/#website\"},\"primaryImageOfPage\":{\"@id\":\"https:\\\/\\\/fmgente.com.ar\\\/web\\\/milei-cerrara-abril-con-una-charla-sobre-economia-y-se-mostrara-en-el-congreso-junto-a-adorni\\\/#primaryimage\"},\"image\":{\"@id\":\"https:\\\/\\\/fmgente.com.ar\\\/web\\\/milei-cerrara-abril-con-una-charla-sobre-economia-y-se-mostrara-en-el-congreso-junto-a-adorni\\\/#primaryimage\"},\"thumbnailUrl\":\"https:\\\/\\\/fmgente.com.ar\\\/web\\\/wp-content\\\/uploads\\\/2026\\\/04\\\/image-26.jpg\",\"datePublished\":\"2026-04-27T00:06:34+00:00\",\"inLanguage\":\"es\",\"potentialAction\":[{\"@type\":\"ReadAction\",\"target\":[\"https:\\\/\\\/fmgente.com.ar\\\/web\\\/milei-cerrara-abril-con-una-charla-sobre-economia-y-se-mostrara-en-el-congreso-junto-a-adorni\\\/\"]}]},{\"@type\":\"ImageObject\",\"inLanguage\":\"es\",\"@id\":\"https:\\\/\\\/fmgente.com.ar\\\/web\\\/milei-cerrara-abril-con-una-charla-sobre-economia-y-se-mostrara-en-el-congreso-junto-a-adorni\\\/#primaryimage\",\"url\":\"https:\\\/\\\/fmgente.com.ar\\\/web\\\/wp-content\\\/uploads\\\/2026\\\/04\\\/image-26.jpg\",\"contentUrl\":\"https:\\\/\\\/fmgente.com.ar\\\/web\\\/wp-content\\\/uploads\\\/2026\\\/04\\\/image-26.jpg\",\"width\":1024,\"height\":682},{\"@type\":\"WebSite\",\"@id\":\"https:\\\/\\\/fmgente.com.ar\\\/web\\\/#website\",\"url\":\"https:\\\/\\\/fmgente.com.ar\\\/web\\\/\",\"name\":\"Fm Gente\",\"description\":\"- Jes\u00fas Mar\u00eda\",\"publisher\":{\"@id\":\"https:\\\/\\\/fmgente.com.ar\\\/web\\\/#organization\"},\"potentialAction\":[{\"@type\":\"SearchAction\",\"target\":{\"@type\":\"EntryPoint\",\"urlTemplate\":\"https:\\\/\\\/fmgente.com.ar\\\/web\\\/?s={search_term_string}\"},\"query-input\":{\"@type\":\"PropertyValueSpecification\",\"valueRequired\":true,\"valueName\":\"search_term_string\"}}],\"inLanguage\":\"es\"},{\"@type\":\"Organization\",\"@id\":\"https:\\\/\\\/fmgente.com.ar\\\/web\\\/#organization\",\"name\":\"Fm Gente\",\"url\":\"https:\\\/\\\/fmgente.com.ar\\\/web\\\/\",\"logo\":{\"@type\":\"ImageObject\",\"inLanguage\":\"es\",\"@id\":\"https:\\\/\\\/fmgente.com.ar\\\/web\\\/#\\\/schema\\\/logo\\\/image\\\/\",\"url\":\"https:\\\/\\\/fmgente.com.ar\\\/web\\\/wp-content\\\/uploads\\\/2023\\\/07\\\/cropped-cropped-logo-sombra2.png\",\"contentUrl\":\"https:\\\/\\\/fmgente.com.ar\\\/web\\\/wp-content\\\/uploads\\\/2023\\\/07\\\/cropped-cropped-logo-sombra2.png\",\"width\":1782,\"height\":1782,\"caption\":\"Fm Gente\"},\"image\":{\"@id\":\"https:\\\/\\\/fmgente.com.ar\\\/web\\\/#\\\/schema\\\/logo\\\/image\\\/\"}}]}<\/script>\n<!-- \/ Yoast SEO plugin. -->","yoast_head_json":{"title":"Milei cerrar\u00e1 abril con una charla sobre econom\u00eda y se mostrar\u00e1, en el Congreso, junto a Adorni - Fm Gente","robots":{"index":"index","follow":"follow","max-snippet":"max-snippet:-1","max-image-preview":"max-image-preview:large","max-video-preview":"max-video-preview:-1"},"canonical":"https:\/\/fmgente.com.ar\/web\/milei-cerrara-abril-con-una-charla-sobre-economia-y-se-mostrara-en-el-congreso-junto-a-adorni\/","og_locale":"es_ES","og_type":"article","og_title":"Milei cerrar\u00e1 abril con una charla sobre econom\u00eda y se mostrar\u00e1, en el Congreso, junto a Adorni - Fm Gente","og_description":"Buenos Aires, 26 abril (NA) \u2013 El presidente de la Naci\u00f3n, Javier Milei, cerrar\u00e1 el","og_url":"https:\/\/fmgente.com.ar\/web\/milei-cerrara-abril-con-una-charla-sobre-economia-y-se-mostrara-en-el-congreso-junto-a-adorni\/","og_site_name":"Fm Gente","article_published_time":"2026-04-27T00:06:34+00:00","twitter_card":"summary_large_image","twitter_misc":{"Tiempo de lectura":"1 minuto"},"schema":{"@context":"https:\/\/schema.org","@graph":[{"@type":"Article","@id":"https:\/\/fmgente.com.ar\/web\/milei-cerrara-abril-con-una-charla-sobre-economia-y-se-mostrara-en-el-congreso-junto-a-adorni\/#article","isPartOf":{"@id":"https:\/\/fmgente.com.ar\/web\/milei-cerrara-abril-con-una-charla-sobre-economia-y-se-mostrara-en-el-congreso-junto-a-adorni\/"},"author":{"name":"","@id":""},"headline":"Milei cerrar\u00e1 abril con una charla sobre econom\u00eda y se mostrar\u00e1, en el Congreso, junto a Adorni","datePublished":"2026-04-27T00:06:34+00:00","mainEntityOfPage":{"@id":"https:\/\/fmgente.com.ar\/web\/milei-cerrara-abril-con-una-charla-sobre-economia-y-se-mostrara-en-el-congreso-junto-a-adorni\/"},"wordCount":305,"publisher":{"@id":"https:\/\/fmgente.com.ar\/web\/#organization"},"image":{"@id":"https:\/\/fmgente.com.ar\/web\/milei-cerrara-abril-con-una-charla-sobre-economia-y-se-mostrara-en-el-congreso-junto-a-adorni\/#primaryimage"},"thumbnailUrl":"https:\/\/fmgente.com.ar\/web\/wp-content\/uploads\/2026\/04\/image-26.jpg","articleSection":["REGIONALES"],"inLanguage":"es"},{"@type":"WebPage","@id":"https:\/\/fmgente.com.ar\/web\/milei-cerrara-abril-con-una-charla-sobre-economia-y-se-mostrara-en-el-congreso-junto-a-adorni\/","url":"https:\/\/fmgente.com.ar\/web\/milei-cerrara-abril-con-una-charla-sobre-economia-y-se-mostrara-en-el-congreso-junto-a-adorni\/","name":"Milei cerrar\u00e1 abril con una charla sobre econom\u00eda y se mostrar\u00e1, en el Congreso, junto a Adorni - Fm Gente","isPartOf":{"@id":"https:\/\/fmgente.com.ar\/web\/#website"},"primaryImageOfPage":{"@id":"https:\/\/fmgente.com.ar\/web\/milei-cerrara-abril-con-una-charla-sobre-economia-y-se-mostrara-en-el-congreso-junto-a-adorni\/#primaryimage"},"image":{"@id":"https:\/\/fmgente.com.ar\/web\/milei-cerrara-abril-con-una-charla-sobre-economia-y-se-mostrara-en-el-congreso-junto-a-adorni\/#primaryimage"},"thumbnailUrl":"https:\/\/fmgente.com.ar\/web\/wp-content\/uploads\/2026\/04\/image-26.jpg","datePublished":"2026-04-27T00:06:34+00:00","inLanguage":"es","potentialAction":[{"@type":"ReadAction","target":["https:\/\/fmgente.com.ar\/web\/milei-cerrara-abril-con-una-charla-sobre-economia-y-se-mostrara-en-el-congreso-junto-a-adorni\/"]}]},{"@type":"ImageObject","inLanguage":"es","@id":"https:\/\/fmgente.com.ar\/web\/milei-cerrara-abril-con-una-charla-sobre-economia-y-se-mostrara-en-el-congreso-junto-a-adorni\/#primaryimage","url":"https:\/\/fmgente.com.ar\/web\/wp-content\/uploads\/2026\/04\/image-26.jpg","contentUrl":"https:\/\/fmgente.com.ar\/web\/wp-content\/uploads\/2026\/04\/image-26.jpg","width":1024,"height":682},{"@type":"WebSite","@id":"https:\/\/fmgente.com.ar\/web\/#website","url":"https:\/\/fmgente.com.ar\/web\/","name":"Fm Gente","description":"- Jes\u00fas Mar\u00eda","publisher":{"@id":"https:\/\/fmgente.com.ar\/web\/#organization"},"potentialAction":[{"@type":"SearchAction","target":{"@type":"EntryPoint","urlTemplate":"https:\/\/fmgente.com.ar\/web\/?s={search_term_string}"},"query-input":{"@type":"PropertyValueSpecification","valueRequired":true,"valueName":"search_term_string"}}],"inLanguage":"es"},{"@type":"Organization","@id":"https:\/\/fmgente.com.ar\/web\/#organization","name":"Fm Gente","url":"https:\/\/fmgente.com.ar\/web\/","logo":{"@type":"ImageObject","inLanguage":"es","@id":"https:\/\/fmgente.com.ar\/web\/#\/schema\/logo\/image\/","url":"https:\/\/fmgente.com.ar\/web\/wp-content\/uploads\/2023\/07\/cropped-cropped-logo-sombra2.png","contentUrl":"https:\/\/fmgente.com.ar\/web\/wp-content\/uploads\/2023\/07\/cropped-cropped-logo-sombra2.png","width":1782,"height":1782,"caption":"Fm Gente"},"image":{"@id":"https:\/\/fmgente.com.ar\/web\/#\/schema\/logo\/image\/"}}]}},"_links":{"self":[{"href":"https:\/\/fmgente.com.ar\/web\/wp-json\/wp\/v2\/posts\/20863","targetHints":{"allow":["GET"]}}],"collection":[{"href":"https:\/\/fmgente.com.ar\/web\/wp-json\/wp\/v2\/posts"}],"about":[{"href":"https:\/\/fmgente.com.ar\/web\/wp-json\/wp\/v2\/types\/post"}],"replies":[{"embeddable":true,"href":"https:\/\/fmgente.com.ar\/web\/wp-json\/wp\/v2\/comments?post=20863"}],"version-history":[{"count":0,"href":"https:\/\/fmgente.com.ar\/web\/wp-json\/wp\/v2\/posts\/20863\/revisions"}],"wp:featuredmedia":[{"embeddable":true,"href":"https:\/\/fmgente.com.ar\/web\/wp-json\/wp\/v2\/media\/20864"}],"wp:attachment":[{"href":"https:\/\/fmgente.com.ar\/web\/wp-json\/wp\/v2\/media?parent=20863"}],"wp:term":[{"taxonomy":"category","embeddable":true,"href":"https:\/\/fmgente.com.ar\/web\/wp-json\/wp\/v2\/categories?post=20863"},{"taxonomy":"post_tag","embeddable":true,"href":"https:\/\/fmgente.com.ar\/web\/wp-json\/wp\/v2\/tags?post=20863"}],"curies":[{"name":"wp","href":"https:\/\/api.w.org\/{rel}","templated":true}]}}