{"id":20855,"date":"2026-04-26T20:11:30","date_gmt":"2026-04-26T23:11:30","guid":{"rendered":"https:\/\/fmgente.com.ar\/web\/instituto-igualo-con-newells-y-no-pudo-volver-a-la-zona-de-clasificacion-del-torneo-apertura-2026\/"},"modified":"2026-04-26T20:11:30","modified_gmt":"2026-04-26T23:11:30","slug":"instituto-igualo-con-newells-y-no-pudo-volver-a-la-zona-de-clasificacion-del-torneo-apertura-2026","status":"publish","type":"post","link":"https:\/\/fmgente.com.ar\/web\/instituto-igualo-con-newells-y-no-pudo-volver-a-la-zona-de-clasificacion-del-torneo-apertura-2026\/","title":{"rendered":"Instituto igual\u00f3 con Newell\u2019s y no pudo volver a la zona de clasificaci\u00f3n del Torneo Apertura 2026"},"content":{"rendered":"<p>Buenos Aires, 26 abril (NA) \u2013 Instituto empat\u00f3 1-1 con Newell\u2019s como visitante en un partido que tuvo un gran segundo tiempo y que disputaron esta noche, en el estadio Marcelo Bielsa, por la decimosexta fecha del Torneo Apertura 2026.<\/p>\n<p>Seg\u00fan supo la Agencia Noticias Argentinas, el defensor Sa\u00fal Salcedo hab\u00eda convertido en contra a los 15 minutos del segundo tiempo, mientras que el delantero Ignacio Ram\u00edrez marc\u00f3 la igualdad para el local a los 34 del complemento.<\/p>\n<p>Con la igualdad, la \u201cGloria\u201d qued\u00f3 en el d\u00e9cimo lugar de la zona A con 18 puntos, mientras que el equipo que dirige Frank Dar\u00edo Kudelka es ante\u00faltimo del grupo, con 14 unidades.<\/p>\n<p>En la novena fecha, que hab\u00eda sido postergada, el elenco cordob\u00e9s ser\u00e1 visitante de Estudiantes de R\u00edo Cuarto, mientras que la \u201cLepra\u201d cerrar\u00e1 visitando a V\u00e9lez. Los encuentros todav\u00eda no han sido programados.<\/p>\n<p>Un flojo primer tiempo tuvo una sola llegada de riesgo: luego de una jugada colectiva de izquierda a derecha de la visita, el delantero Jhon C\u00f3rdoba sac\u00f3 un remate desde el borde derecho del \u00e1rea al primer palo, que fue desviado por el arquero Josu\u00e9 Reinatti.<\/p>\n<p>Ya en la segunda mitad, la primera llegada de riesgo fue del local, a los 10 minutos, con una mala salida del arquero Manuel Roffo, que fue tapado por la presi\u00f3n del delantero Walter Mazzantti y le dej\u00f3 la pelota al atacante Mat\u00edas Coccaro, cuyo cabezazo sali\u00f3 con poca fuerza y permiti\u00f3 que el guardameta se reponga y desv\u00ede al c\u00f3rner.<\/p>\n<p>Tres minutos despu\u00e9s, un gran pase filtrado por derecha habilit\u00f3 a C\u00f3rdoba, que encar\u00f3 por el costado y defini\u00f3 bajo al primer palo, sin poder superar a Reinatti nuevamente.<\/p>\n<p>A los 15 minutos de la segunda parte, el delantero Jerem\u00edas L\u00e1zaro control\u00f3 con el pecho, avanz\u00f3 por derecha y meti\u00f3 un centro atr\u00e1s, que Sa\u00fal Salcedo empuj\u00f3 contra su propio arco al no alcanzar a sacar el pie, dentro del \u00e1rea chica.<\/p>\n<p>Cuando iban 34 minutos del segundo tiempo, un gran pase filtrado por derecha del volante Jer\u00f3nimo G\u00f3mez Mattar habilit\u00f3 a Ignacio Ram\u00edrez, que cruz\u00f3 un derechazo bajo de primera y puso la pelota contra el palo derecho de Roffo, para el 1-1 final.<\/p>\n<p>El local tuvo la \u00faltima llegada de riesgo a los 44 minutos, mediante una gran jugada individual por izquierda del carrilero Jer\u00f3nimo Russo que termin\u00f3 con un centro al primer palo rematado por el delantero Luciano Herrera, dentro del \u00e1rea chica, aunque su disparo sali\u00f3 a las manos del arquero del equipo cordob\u00e9s.<\/p>\n<p>#AgenciaNA<\/p>\n","protected":false},"excerpt":{"rendered":"<p>Buenos Aires, 26 abril (NA) \u2013 Instituto empat\u00f3 1-1 con Newell\u2019s como visitante en un<\/p>\n","protected":false},"author":0,"featured_media":20856,"comment_status":"","ping_status":"","sticky":false,"template":"","format":"standard","meta":{"footnotes":""},"categories":[1],"tags":[],"class_list":["post-20855","post","type-post","status-publish","format-standard","has-post-thumbnail","hentry","category-regionales"],"yoast_head":"<!-- This site is optimized with the Yoast SEO plugin v27.4 - https:\/\/yoast.com\/product\/yoast-seo-wordpress\/ -->\n<title>Instituto igual\u00f3 con Newell\u2019s y no pudo volver a la zona de clasificaci\u00f3n del Torneo Apertura 2026 - Fm Gente<\/title>\n<meta name=\"robots\" content=\"index, follow, max-snippet:-1, max-image-preview:large, max-video-preview:-1\" \/>\n<link rel=\"canonical\" href=\"https:\/\/fmgente.com.ar\/web\/instituto-igualo-con-newells-y-no-pudo-volver-a-la-zona-de-clasificacion-del-torneo-apertura-2026\/\" \/>\n<meta property=\"og:locale\" content=\"es_ES\" \/>\n<meta property=\"og:type\" content=\"article\" \/>\n<meta property=\"og:title\" content=\"Instituto igual\u00f3 con Newell\u2019s y no pudo volver a la zona de clasificaci\u00f3n del Torneo Apertura 2026 - Fm Gente\" \/>\n<meta property=\"og:description\" content=\"Buenos Aires, 26 abril (NA) \u2013 Instituto empat\u00f3 1-1 con Newell\u2019s como visitante en un\" \/>\n<meta property=\"og:url\" content=\"https:\/\/fmgente.com.ar\/web\/instituto-igualo-con-newells-y-no-pudo-volver-a-la-zona-de-clasificacion-del-torneo-apertura-2026\/\" \/>\n<meta property=\"og:site_name\" content=\"Fm Gente\" \/>\n<meta property=\"article:published_time\" content=\"2026-04-26T23:11:30+00:00\" \/>\n<meta name=\"twitter:card\" content=\"summary_large_image\" \/>\n<meta name=\"twitter:label1\" content=\"Tiempo de lectura\" \/>\n\t<meta name=\"twitter:data1\" content=\"2 minutos\" \/>\n<script type=\"application\/ld+json\" class=\"yoast-schema-graph\">{\"@context\":\"https:\\\/\\\/schema.org\",\"@graph\":[{\"@type\":\"Article\",\"@id\":\"https:\\\/\\\/fmgente.com.ar\\\/web\\\/instituto-igualo-con-newells-y-no-pudo-volver-a-la-zona-de-clasificacion-del-torneo-apertura-2026\\\/#article\",\"isPartOf\":{\"@id\":\"https:\\\/\\\/fmgente.com.ar\\\/web\\\/instituto-igualo-con-newells-y-no-pudo-volver-a-la-zona-de-clasificacion-del-torneo-apertura-2026\\\/\"},\"author\":{\"name\":\"\",\"@id\":\"\"},\"headline\":\"Instituto igual\u00f3 con Newell\u2019s y no pudo volver a la zona de clasificaci\u00f3n del Torneo Apertura 2026\",\"datePublished\":\"2026-04-26T23:11:30+00:00\",\"mainEntityOfPage\":{\"@id\":\"https:\\\/\\\/fmgente.com.ar\\\/web\\\/instituto-igualo-con-newells-y-no-pudo-volver-a-la-zona-de-clasificacion-del-torneo-apertura-2026\\\/\"},\"wordCount\":456,\"publisher\":{\"@id\":\"https:\\\/\\\/fmgente.com.ar\\\/web\\\/#organization\"},\"image\":{\"@id\":\"https:\\\/\\\/fmgente.com.ar\\\/web\\\/instituto-igualo-con-newells-y-no-pudo-volver-a-la-zona-de-clasificacion-del-torneo-apertura-2026\\\/#primaryimage\"},\"thumbnailUrl\":\"https:\\\/\\\/fmgente.com.ar\\\/web\\\/wp-content\\\/uploads\\\/2026\\\/04\\\/720-1334.jpeg\",\"articleSection\":[\"REGIONALES\"],\"inLanguage\":\"es\"},{\"@type\":\"WebPage\",\"@id\":\"https:\\\/\\\/fmgente.com.ar\\\/web\\\/instituto-igualo-con-newells-y-no-pudo-volver-a-la-zona-de-clasificacion-del-torneo-apertura-2026\\\/\",\"url\":\"https:\\\/\\\/fmgente.com.ar\\\/web\\\/instituto-igualo-con-newells-y-no-pudo-volver-a-la-zona-de-clasificacion-del-torneo-apertura-2026\\\/\",\"name\":\"Instituto igual\u00f3 con Newell\u2019s y no pudo volver a la zona de clasificaci\u00f3n del Torneo Apertura 2026 - Fm Gente\",\"isPartOf\":{\"@id\":\"https:\\\/\\\/fmgente.com.ar\\\/web\\\/#website\"},\"primaryImageOfPage\":{\"@id\":\"https:\\\/\\\/fmgente.com.ar\\\/web\\\/instituto-igualo-con-newells-y-no-pudo-volver-a-la-zona-de-clasificacion-del-torneo-apertura-2026\\\/#primaryimage\"},\"image\":{\"@id\":\"https:\\\/\\\/fmgente.com.ar\\\/web\\\/instituto-igualo-con-newells-y-no-pudo-volver-a-la-zona-de-clasificacion-del-torneo-apertura-2026\\\/#primaryimage\"},\"thumbnailUrl\":\"https:\\\/\\\/fmgente.com.ar\\\/web\\\/wp-content\\\/uploads\\\/2026\\\/04\\\/720-1334.jpeg\",\"datePublished\":\"2026-04-26T23:11:30+00:00\",\"inLanguage\":\"es\",\"potentialAction\":[{\"@type\":\"ReadAction\",\"target\":[\"https:\\\/\\\/fmgente.com.ar\\\/web\\\/instituto-igualo-con-newells-y-no-pudo-volver-a-la-zona-de-clasificacion-del-torneo-apertura-2026\\\/\"]}]},{\"@type\":\"ImageObject\",\"inLanguage\":\"es\",\"@id\":\"https:\\\/\\\/fmgente.com.ar\\\/web\\\/instituto-igualo-con-newells-y-no-pudo-volver-a-la-zona-de-clasificacion-del-torneo-apertura-2026\\\/#primaryimage\",\"url\":\"https:\\\/\\\/fmgente.com.ar\\\/web\\\/wp-content\\\/uploads\\\/2026\\\/04\\\/720-1334.jpeg\",\"contentUrl\":\"https:\\\/\\\/fmgente.com.ar\\\/web\\\/wp-content\\\/uploads\\\/2026\\\/04\\\/720-1334.jpeg\",\"width\":1081,\"height\":720},{\"@type\":\"WebSite\",\"@id\":\"https:\\\/\\\/fmgente.com.ar\\\/web\\\/#website\",\"url\":\"https:\\\/\\\/fmgente.com.ar\\\/web\\\/\",\"name\":\"Fm Gente\",\"description\":\"- Jes\u00fas Mar\u00eda\",\"publisher\":{\"@id\":\"https:\\\/\\\/fmgente.com.ar\\\/web\\\/#organization\"},\"potentialAction\":[{\"@type\":\"SearchAction\",\"target\":{\"@type\":\"EntryPoint\",\"urlTemplate\":\"https:\\\/\\\/fmgente.com.ar\\\/web\\\/?s={search_term_string}\"},\"query-input\":{\"@type\":\"PropertyValueSpecification\",\"valueRequired\":true,\"valueName\":\"search_term_string\"}}],\"inLanguage\":\"es\"},{\"@type\":\"Organization\",\"@id\":\"https:\\\/\\\/fmgente.com.ar\\\/web\\\/#organization\",\"name\":\"Fm Gente\",\"url\":\"https:\\\/\\\/fmgente.com.ar\\\/web\\\/\",\"logo\":{\"@type\":\"ImageObject\",\"inLanguage\":\"es\",\"@id\":\"https:\\\/\\\/fmgente.com.ar\\\/web\\\/#\\\/schema\\\/logo\\\/image\\\/\",\"url\":\"https:\\\/\\\/fmgente.com.ar\\\/web\\\/wp-content\\\/uploads\\\/2023\\\/07\\\/cropped-cropped-logo-sombra2.png\",\"contentUrl\":\"https:\\\/\\\/fmgente.com.ar\\\/web\\\/wp-content\\\/uploads\\\/2023\\\/07\\\/cropped-cropped-logo-sombra2.png\",\"width\":1782,\"height\":1782,\"caption\":\"Fm Gente\"},\"image\":{\"@id\":\"https:\\\/\\\/fmgente.com.ar\\\/web\\\/#\\\/schema\\\/logo\\\/image\\\/\"}}]}<\/script>\n<!-- \/ Yoast SEO plugin. -->","yoast_head_json":{"title":"Instituto igual\u00f3 con Newell\u2019s y no pudo volver a la zona de clasificaci\u00f3n del Torneo Apertura 2026 - Fm Gente","robots":{"index":"index","follow":"follow","max-snippet":"max-snippet:-1","max-image-preview":"max-image-preview:large","max-video-preview":"max-video-preview:-1"},"canonical":"https:\/\/fmgente.com.ar\/web\/instituto-igualo-con-newells-y-no-pudo-volver-a-la-zona-de-clasificacion-del-torneo-apertura-2026\/","og_locale":"es_ES","og_type":"article","og_title":"Instituto igual\u00f3 con Newell\u2019s y no pudo volver a la zona de clasificaci\u00f3n del Torneo Apertura 2026 - Fm Gente","og_description":"Buenos Aires, 26 abril (NA) \u2013 Instituto empat\u00f3 1-1 con Newell\u2019s como visitante en un","og_url":"https:\/\/fmgente.com.ar\/web\/instituto-igualo-con-newells-y-no-pudo-volver-a-la-zona-de-clasificacion-del-torneo-apertura-2026\/","og_site_name":"Fm Gente","article_published_time":"2026-04-26T23:11:30+00:00","twitter_card":"summary_large_image","twitter_misc":{"Tiempo de lectura":"2 minutos"},"schema":{"@context":"https:\/\/schema.org","@graph":[{"@type":"Article","@id":"https:\/\/fmgente.com.ar\/web\/instituto-igualo-con-newells-y-no-pudo-volver-a-la-zona-de-clasificacion-del-torneo-apertura-2026\/#article","isPartOf":{"@id":"https:\/\/fmgente.com.ar\/web\/instituto-igualo-con-newells-y-no-pudo-volver-a-la-zona-de-clasificacion-del-torneo-apertura-2026\/"},"author":{"name":"","@id":""},"headline":"Instituto igual\u00f3 con Newell\u2019s y no pudo volver a la zona de clasificaci\u00f3n del Torneo Apertura 2026","datePublished":"2026-04-26T23:11:30+00:00","mainEntityOfPage":{"@id":"https:\/\/fmgente.com.ar\/web\/instituto-igualo-con-newells-y-no-pudo-volver-a-la-zona-de-clasificacion-del-torneo-apertura-2026\/"},"wordCount":456,"publisher":{"@id":"https:\/\/fmgente.com.ar\/web\/#organization"},"image":{"@id":"https:\/\/fmgente.com.ar\/web\/instituto-igualo-con-newells-y-no-pudo-volver-a-la-zona-de-clasificacion-del-torneo-apertura-2026\/#primaryimage"},"thumbnailUrl":"https:\/\/fmgente.com.ar\/web\/wp-content\/uploads\/2026\/04\/720-1334.jpeg","articleSection":["REGIONALES"],"inLanguage":"es"},{"@type":"WebPage","@id":"https:\/\/fmgente.com.ar\/web\/instituto-igualo-con-newells-y-no-pudo-volver-a-la-zona-de-clasificacion-del-torneo-apertura-2026\/","url":"https:\/\/fmgente.com.ar\/web\/instituto-igualo-con-newells-y-no-pudo-volver-a-la-zona-de-clasificacion-del-torneo-apertura-2026\/","name":"Instituto igual\u00f3 con Newell\u2019s y no pudo volver a la zona de clasificaci\u00f3n del Torneo Apertura 2026 - Fm Gente","isPartOf":{"@id":"https:\/\/fmgente.com.ar\/web\/#website"},"primaryImageOfPage":{"@id":"https:\/\/fmgente.com.ar\/web\/instituto-igualo-con-newells-y-no-pudo-volver-a-la-zona-de-clasificacion-del-torneo-apertura-2026\/#primaryimage"},"image":{"@id":"https:\/\/fmgente.com.ar\/web\/instituto-igualo-con-newells-y-no-pudo-volver-a-la-zona-de-clasificacion-del-torneo-apertura-2026\/#primaryimage"},"thumbnailUrl":"https:\/\/fmgente.com.ar\/web\/wp-content\/uploads\/2026\/04\/720-1334.jpeg","datePublished":"2026-04-26T23:11:30+00:00","inLanguage":"es","potentialAction":[{"@type":"ReadAction","target":["https:\/\/fmgente.com.ar\/web\/instituto-igualo-con-newells-y-no-pudo-volver-a-la-zona-de-clasificacion-del-torneo-apertura-2026\/"]}]},{"@type":"ImageObject","inLanguage":"es","@id":"https:\/\/fmgente.com.ar\/web\/instituto-igualo-con-newells-y-no-pudo-volver-a-la-zona-de-clasificacion-del-torneo-apertura-2026\/#primaryimage","url":"https:\/\/fmgente.com.ar\/web\/wp-content\/uploads\/2026\/04\/720-1334.jpeg","contentUrl":"https:\/\/fmgente.com.ar\/web\/wp-content\/uploads\/2026\/04\/720-1334.jpeg","width":1081,"height":720},{"@type":"WebSite","@id":"https:\/\/fmgente.com.ar\/web\/#website","url":"https:\/\/fmgente.com.ar\/web\/","name":"Fm Gente","description":"- Jes\u00fas Mar\u00eda","publisher":{"@id":"https:\/\/fmgente.com.ar\/web\/#organization"},"potentialAction":[{"@type":"SearchAction","target":{"@type":"EntryPoint","urlTemplate":"https:\/\/fmgente.com.ar\/web\/?s={search_term_string}"},"query-input":{"@type":"PropertyValueSpecification","valueRequired":true,"valueName":"search_term_string"}}],"inLanguage":"es"},{"@type":"Organization","@id":"https:\/\/fmgente.com.ar\/web\/#organization","name":"Fm Gente","url":"https:\/\/fmgente.com.ar\/web\/","logo":{"@type":"ImageObject","inLanguage":"es","@id":"https:\/\/fmgente.com.ar\/web\/#\/schema\/logo\/image\/","url":"https:\/\/fmgente.com.ar\/web\/wp-content\/uploads\/2023\/07\/cropped-cropped-logo-sombra2.png","contentUrl":"https:\/\/fmgente.com.ar\/web\/wp-content\/uploads\/2023\/07\/cropped-cropped-logo-sombra2.png","width":1782,"height":1782,"caption":"Fm Gente"},"image":{"@id":"https:\/\/fmgente.com.ar\/web\/#\/schema\/logo\/image\/"}}]}},"_links":{"self":[{"href":"https:\/\/fmgente.com.ar\/web\/wp-json\/wp\/v2\/posts\/20855","targetHints":{"allow":["GET"]}}],"collection":[{"href":"https:\/\/fmgente.com.ar\/web\/wp-json\/wp\/v2\/posts"}],"about":[{"href":"https:\/\/fmgente.com.ar\/web\/wp-json\/wp\/v2\/types\/post"}],"replies":[{"embeddable":true,"href":"https:\/\/fmgente.com.ar\/web\/wp-json\/wp\/v2\/comments?post=20855"}],"version-history":[{"count":0,"href":"https:\/\/fmgente.com.ar\/web\/wp-json\/wp\/v2\/posts\/20855\/revisions"}],"wp:featuredmedia":[{"embeddable":true,"href":"https:\/\/fmgente.com.ar\/web\/wp-json\/wp\/v2\/media\/20856"}],"wp:attachment":[{"href":"https:\/\/fmgente.com.ar\/web\/wp-json\/wp\/v2\/media?parent=20855"}],"wp:term":[{"taxonomy":"category","embeddable":true,"href":"https:\/\/fmgente.com.ar\/web\/wp-json\/wp\/v2\/categories?post=20855"},{"taxonomy":"post_tag","embeddable":true,"href":"https:\/\/fmgente.com.ar\/web\/wp-json\/wp\/v2\/tags?post=20855"}],"curies":[{"name":"wp","href":"https:\/\/api.w.org\/{rel}","templated":true}]}}