{"id":20853,"date":"2026-04-26T20:11:29","date_gmt":"2026-04-26T23:11:29","guid":{"rendered":"https:\/\/fmgente.com.ar\/web\/el-villarreal-le-gano-al-celta-de-vigo-por-2-1-y-se-acerca-a-asegurar-su-plaza-en-la-champions-league\/"},"modified":"2026-04-26T20:11:29","modified_gmt":"2026-04-26T23:11:29","slug":"el-villarreal-le-gano-al-celta-de-vigo-por-2-1-y-se-acerca-a-asegurar-su-plaza-en-la-champions-league","status":"publish","type":"post","link":"https:\/\/fmgente.com.ar\/web\/el-villarreal-le-gano-al-celta-de-vigo-por-2-1-y-se-acerca-a-asegurar-su-plaza-en-la-champions-league\/","title":{"rendered":"El Villarreal le gan\u00f3 al Celta de Vigo por 2-1 y se acerca a asegurar su plaza en la Champions League"},"content":{"rendered":"<p>Buenos Aires, 26 abril (NA) \u2013 El Villarreal derrot\u00f3 por 2 a 1 al Celta de Vigo en el partido que disputaron hoy, en el estadio de la Cer\u00e1mica, por la trig\u00e9simo tercera fecha de LaLiga, la m\u00e1xima categor\u00eda del f\u00fatbol espa\u00f1ol.<\/p>\n<p>Seg\u00fan supo la Agencia Noticias Argentinas, el local se impuso con tantos de los delanteros Gerard Moreno y Nicolas P\u00e9p\u00e9, al primer minuto y 28 minutos del primer tiempo, mientras que el descuento de la visita fue convertido por el atacante Borja Iglesias, en 28 minutos de la segunda mitad.<\/p>\n<p>Con el triunfo, solo una cat\u00e1strofe dejar\u00eda al Villarreal fuera de la pr\u00f3xima UEFA Champions League: el conjunto de camiseta amarilla es tercero en LaLiga con 65 puntos, 15 unidades por encima del Real Betis y con 13 goles de diferencia, mientras que el Celta es s\u00e9ptimo con 44 unidades, cerca de clasificar a la Conference League.<\/p>\n<p>Adem\u00e1s, la Real Sociedad igual\u00f3 3-3 con el Rayo Vallecano y qued\u00f3 en la octava posici\u00f3n con 43 puntos, el Osasuna trep\u00f3 al noveno lugar con 42 unidades al derrotar por 2-1 al Sevilla y mantiene la ilusi\u00f3n de entrar a copas europeas y el Elche le gan\u00f3 por 2 a 1 al Real Oviedo en un duelo clave por la permanencia.<\/p>\n<p>En su triunfo por 2 a 1 ante el Celta, el Villarreal abri\u00f3 el marcador en su primera llegada de riesgo.<\/p>\n<p>Al primer minuto de juego, una falta en el costado izquierdo del \u00e1rea grande gener\u00f3 un penal, del que se hizo cargo Gerard Moreno, ic\u00f3nico delantero y m\u00e1ximo goleador de la historia del club, que cruz\u00f3 un zurdazo bajo y marc\u00f3 el 1-0.<\/p>\n<p>Adem\u00e1s, el local ampli\u00f3 el marcador a los 28 minutos de la primera etapa, mediante un centro rasante que cruz\u00f3 todo el borde del \u00e1rea, desde la izquierda hacia la derecha, y fue rematado a la carrera por Nicolas P\u00e9p\u00e9, con un remate bajo que entr\u00f3 por el poste derecho del arquero Ionut Radu, que no tuvo reacci\u00f3n.<\/p>\n<p>Ya en la segunda mitad, una leve infracci\u00f3n en la puerta del \u00e1rea sobre el atacante Borja Iglesias le dio un penal a la visita, del que se hizo cargo el propio delantero de 33 a\u00f1os.<\/p>\n<p>Luego de errar su primera definici\u00f3n, Iglesias tuvo que volver a ejecutar el penal por adelantamiento del arquero rival, rematando con un derechazo cruzado y alto en la segunda oportunidad para el 2-1.<\/p>\n<p>El Celta volvi\u00f3 a llegar con peligro a los 33 minutos de la segunda mitad, mediante un centro bombeado desde la derecha al segundo palo que fue cabeceado por el delantero Iago Aspas, con un tiro que dio en el poste derecho del arquero Arnau Tenas.<\/p>\n<p>#AgenciaNA<\/p>\n","protected":false},"excerpt":{"rendered":"<p>Buenos Aires, 26 abril (NA) \u2013 El Villarreal derrot\u00f3 por 2 a 1 al Celta<\/p>\n","protected":false},"author":0,"featured_media":20854,"comment_status":"","ping_status":"","sticky":false,"template":"","format":"standard","meta":{"footnotes":""},"categories":[1],"tags":[],"class_list":["post-20853","post","type-post","status-publish","format-standard","has-post-thumbnail","hentry","category-regionales"],"yoast_head":"<!-- This site is optimized with the Yoast SEO plugin v27.4 - https:\/\/yoast.com\/product\/yoast-seo-wordpress\/ -->\n<title>El Villarreal le gan\u00f3 al Celta de Vigo por 2-1 y se acerca a asegurar su plaza en la Champions League - Fm Gente<\/title>\n<meta name=\"robots\" content=\"index, follow, max-snippet:-1, max-image-preview:large, max-video-preview:-1\" \/>\n<link rel=\"canonical\" href=\"https:\/\/fmgente.com.ar\/web\/el-villarreal-le-gano-al-celta-de-vigo-por-2-1-y-se-acerca-a-asegurar-su-plaza-en-la-champions-league\/\" \/>\n<meta property=\"og:locale\" content=\"es_ES\" \/>\n<meta property=\"og:type\" content=\"article\" \/>\n<meta property=\"og:title\" content=\"El Villarreal le gan\u00f3 al Celta de Vigo por 2-1 y se acerca a asegurar su plaza en la Champions League - Fm Gente\" \/>\n<meta property=\"og:description\" content=\"Buenos Aires, 26 abril (NA) \u2013 El Villarreal derrot\u00f3 por 2 a 1 al Celta\" \/>\n<meta property=\"og:url\" content=\"https:\/\/fmgente.com.ar\/web\/el-villarreal-le-gano-al-celta-de-vigo-por-2-1-y-se-acerca-a-asegurar-su-plaza-en-la-champions-league\/\" \/>\n<meta property=\"og:site_name\" content=\"Fm Gente\" \/>\n<meta property=\"article:published_time\" content=\"2026-04-26T23:11:29+00:00\" \/>\n<meta name=\"twitter:card\" content=\"summary_large_image\" \/>\n<meta name=\"twitter:label1\" content=\"Tiempo de lectura\" \/>\n\t<meta name=\"twitter:data1\" content=\"2 minutos\" \/>\n<script type=\"application\/ld+json\" class=\"yoast-schema-graph\">{\"@context\":\"https:\\\/\\\/schema.org\",\"@graph\":[{\"@type\":\"Article\",\"@id\":\"https:\\\/\\\/fmgente.com.ar\\\/web\\\/el-villarreal-le-gano-al-celta-de-vigo-por-2-1-y-se-acerca-a-asegurar-su-plaza-en-la-champions-league\\\/#article\",\"isPartOf\":{\"@id\":\"https:\\\/\\\/fmgente.com.ar\\\/web\\\/el-villarreal-le-gano-al-celta-de-vigo-por-2-1-y-se-acerca-a-asegurar-su-plaza-en-la-champions-league\\\/\"},\"author\":{\"name\":\"\",\"@id\":\"\"},\"headline\":\"El Villarreal le gan\u00f3 al Celta de Vigo por 2-1 y se acerca a asegurar su plaza en la Champions League\",\"datePublished\":\"2026-04-26T23:11:29+00:00\",\"mainEntityOfPage\":{\"@id\":\"https:\\\/\\\/fmgente.com.ar\\\/web\\\/el-villarreal-le-gano-al-celta-de-vigo-por-2-1-y-se-acerca-a-asegurar-su-plaza-en-la-champions-league\\\/\"},\"wordCount\":474,\"publisher\":{\"@id\":\"https:\\\/\\\/fmgente.com.ar\\\/web\\\/#organization\"},\"image\":{\"@id\":\"https:\\\/\\\/fmgente.com.ar\\\/web\\\/el-villarreal-le-gano-al-celta-de-vigo-por-2-1-y-se-acerca-a-asegurar-su-plaza-en-la-champions-league\\\/#primaryimage\"},\"thumbnailUrl\":\"https:\\\/\\\/fmgente.com.ar\\\/web\\\/wp-content\\\/uploads\\\/2026\\\/04\\\/720-1333.jpeg\",\"articleSection\":[\"REGIONALES\"],\"inLanguage\":\"es\"},{\"@type\":\"WebPage\",\"@id\":\"https:\\\/\\\/fmgente.com.ar\\\/web\\\/el-villarreal-le-gano-al-celta-de-vigo-por-2-1-y-se-acerca-a-asegurar-su-plaza-en-la-champions-league\\\/\",\"url\":\"https:\\\/\\\/fmgente.com.ar\\\/web\\\/el-villarreal-le-gano-al-celta-de-vigo-por-2-1-y-se-acerca-a-asegurar-su-plaza-en-la-champions-league\\\/\",\"name\":\"El Villarreal le gan\u00f3 al Celta de Vigo por 2-1 y se acerca a asegurar su plaza en la Champions League - Fm Gente\",\"isPartOf\":{\"@id\":\"https:\\\/\\\/fmgente.com.ar\\\/web\\\/#website\"},\"primaryImageOfPage\":{\"@id\":\"https:\\\/\\\/fmgente.com.ar\\\/web\\\/el-villarreal-le-gano-al-celta-de-vigo-por-2-1-y-se-acerca-a-asegurar-su-plaza-en-la-champions-league\\\/#primaryimage\"},\"image\":{\"@id\":\"https:\\\/\\\/fmgente.com.ar\\\/web\\\/el-villarreal-le-gano-al-celta-de-vigo-por-2-1-y-se-acerca-a-asegurar-su-plaza-en-la-champions-league\\\/#primaryimage\"},\"thumbnailUrl\":\"https:\\\/\\\/fmgente.com.ar\\\/web\\\/wp-content\\\/uploads\\\/2026\\\/04\\\/720-1333.jpeg\",\"datePublished\":\"2026-04-26T23:11:29+00:00\",\"inLanguage\":\"es\",\"potentialAction\":[{\"@type\":\"ReadAction\",\"target\":[\"https:\\\/\\\/fmgente.com.ar\\\/web\\\/el-villarreal-le-gano-al-celta-de-vigo-por-2-1-y-se-acerca-a-asegurar-su-plaza-en-la-champions-league\\\/\"]}]},{\"@type\":\"ImageObject\",\"inLanguage\":\"es\",\"@id\":\"https:\\\/\\\/fmgente.com.ar\\\/web\\\/el-villarreal-le-gano-al-celta-de-vigo-por-2-1-y-se-acerca-a-asegurar-su-plaza-en-la-champions-league\\\/#primaryimage\",\"url\":\"https:\\\/\\\/fmgente.com.ar\\\/web\\\/wp-content\\\/uploads\\\/2026\\\/04\\\/720-1333.jpeg\",\"contentUrl\":\"https:\\\/\\\/fmgente.com.ar\\\/web\\\/wp-content\\\/uploads\\\/2026\\\/04\\\/720-1333.jpeg\",\"width\":540,\"height\":720},{\"@type\":\"WebSite\",\"@id\":\"https:\\\/\\\/fmgente.com.ar\\\/web\\\/#website\",\"url\":\"https:\\\/\\\/fmgente.com.ar\\\/web\\\/\",\"name\":\"Fm Gente\",\"description\":\"- Jes\u00fas Mar\u00eda\",\"publisher\":{\"@id\":\"https:\\\/\\\/fmgente.com.ar\\\/web\\\/#organization\"},\"potentialAction\":[{\"@type\":\"SearchAction\",\"target\":{\"@type\":\"EntryPoint\",\"urlTemplate\":\"https:\\\/\\\/fmgente.com.ar\\\/web\\\/?s={search_term_string}\"},\"query-input\":{\"@type\":\"PropertyValueSpecification\",\"valueRequired\":true,\"valueName\":\"search_term_string\"}}],\"inLanguage\":\"es\"},{\"@type\":\"Organization\",\"@id\":\"https:\\\/\\\/fmgente.com.ar\\\/web\\\/#organization\",\"name\":\"Fm Gente\",\"url\":\"https:\\\/\\\/fmgente.com.ar\\\/web\\\/\",\"logo\":{\"@type\":\"ImageObject\",\"inLanguage\":\"es\",\"@id\":\"https:\\\/\\\/fmgente.com.ar\\\/web\\\/#\\\/schema\\\/logo\\\/image\\\/\",\"url\":\"https:\\\/\\\/fmgente.com.ar\\\/web\\\/wp-content\\\/uploads\\\/2023\\\/07\\\/cropped-cropped-logo-sombra2.png\",\"contentUrl\":\"https:\\\/\\\/fmgente.com.ar\\\/web\\\/wp-content\\\/uploads\\\/2023\\\/07\\\/cropped-cropped-logo-sombra2.png\",\"width\":1782,\"height\":1782,\"caption\":\"Fm Gente\"},\"image\":{\"@id\":\"https:\\\/\\\/fmgente.com.ar\\\/web\\\/#\\\/schema\\\/logo\\\/image\\\/\"}}]}<\/script>\n<!-- \/ Yoast SEO plugin. -->","yoast_head_json":{"title":"El Villarreal le gan\u00f3 al Celta de Vigo por 2-1 y se acerca a asegurar su plaza en la Champions League - Fm Gente","robots":{"index":"index","follow":"follow","max-snippet":"max-snippet:-1","max-image-preview":"max-image-preview:large","max-video-preview":"max-video-preview:-1"},"canonical":"https:\/\/fmgente.com.ar\/web\/el-villarreal-le-gano-al-celta-de-vigo-por-2-1-y-se-acerca-a-asegurar-su-plaza-en-la-champions-league\/","og_locale":"es_ES","og_type":"article","og_title":"El Villarreal le gan\u00f3 al Celta de Vigo por 2-1 y se acerca a asegurar su plaza en la Champions League - Fm Gente","og_description":"Buenos Aires, 26 abril (NA) \u2013 El Villarreal derrot\u00f3 por 2 a 1 al Celta","og_url":"https:\/\/fmgente.com.ar\/web\/el-villarreal-le-gano-al-celta-de-vigo-por-2-1-y-se-acerca-a-asegurar-su-plaza-en-la-champions-league\/","og_site_name":"Fm Gente","article_published_time":"2026-04-26T23:11:29+00:00","twitter_card":"summary_large_image","twitter_misc":{"Tiempo de lectura":"2 minutos"},"schema":{"@context":"https:\/\/schema.org","@graph":[{"@type":"Article","@id":"https:\/\/fmgente.com.ar\/web\/el-villarreal-le-gano-al-celta-de-vigo-por-2-1-y-se-acerca-a-asegurar-su-plaza-en-la-champions-league\/#article","isPartOf":{"@id":"https:\/\/fmgente.com.ar\/web\/el-villarreal-le-gano-al-celta-de-vigo-por-2-1-y-se-acerca-a-asegurar-su-plaza-en-la-champions-league\/"},"author":{"name":"","@id":""},"headline":"El Villarreal le gan\u00f3 al Celta de Vigo por 2-1 y se acerca a asegurar su plaza en la Champions League","datePublished":"2026-04-26T23:11:29+00:00","mainEntityOfPage":{"@id":"https:\/\/fmgente.com.ar\/web\/el-villarreal-le-gano-al-celta-de-vigo-por-2-1-y-se-acerca-a-asegurar-su-plaza-en-la-champions-league\/"},"wordCount":474,"publisher":{"@id":"https:\/\/fmgente.com.ar\/web\/#organization"},"image":{"@id":"https:\/\/fmgente.com.ar\/web\/el-villarreal-le-gano-al-celta-de-vigo-por-2-1-y-se-acerca-a-asegurar-su-plaza-en-la-champions-league\/#primaryimage"},"thumbnailUrl":"https:\/\/fmgente.com.ar\/web\/wp-content\/uploads\/2026\/04\/720-1333.jpeg","articleSection":["REGIONALES"],"inLanguage":"es"},{"@type":"WebPage","@id":"https:\/\/fmgente.com.ar\/web\/el-villarreal-le-gano-al-celta-de-vigo-por-2-1-y-se-acerca-a-asegurar-su-plaza-en-la-champions-league\/","url":"https:\/\/fmgente.com.ar\/web\/el-villarreal-le-gano-al-celta-de-vigo-por-2-1-y-se-acerca-a-asegurar-su-plaza-en-la-champions-league\/","name":"El Villarreal le gan\u00f3 al Celta de Vigo por 2-1 y se acerca a asegurar su plaza en la Champions League - Fm Gente","isPartOf":{"@id":"https:\/\/fmgente.com.ar\/web\/#website"},"primaryImageOfPage":{"@id":"https:\/\/fmgente.com.ar\/web\/el-villarreal-le-gano-al-celta-de-vigo-por-2-1-y-se-acerca-a-asegurar-su-plaza-en-la-champions-league\/#primaryimage"},"image":{"@id":"https:\/\/fmgente.com.ar\/web\/el-villarreal-le-gano-al-celta-de-vigo-por-2-1-y-se-acerca-a-asegurar-su-plaza-en-la-champions-league\/#primaryimage"},"thumbnailUrl":"https:\/\/fmgente.com.ar\/web\/wp-content\/uploads\/2026\/04\/720-1333.jpeg","datePublished":"2026-04-26T23:11:29+00:00","inLanguage":"es","potentialAction":[{"@type":"ReadAction","target":["https:\/\/fmgente.com.ar\/web\/el-villarreal-le-gano-al-celta-de-vigo-por-2-1-y-se-acerca-a-asegurar-su-plaza-en-la-champions-league\/"]}]},{"@type":"ImageObject","inLanguage":"es","@id":"https:\/\/fmgente.com.ar\/web\/el-villarreal-le-gano-al-celta-de-vigo-por-2-1-y-se-acerca-a-asegurar-su-plaza-en-la-champions-league\/#primaryimage","url":"https:\/\/fmgente.com.ar\/web\/wp-content\/uploads\/2026\/04\/720-1333.jpeg","contentUrl":"https:\/\/fmgente.com.ar\/web\/wp-content\/uploads\/2026\/04\/720-1333.jpeg","width":540,"height":720},{"@type":"WebSite","@id":"https:\/\/fmgente.com.ar\/web\/#website","url":"https:\/\/fmgente.com.ar\/web\/","name":"Fm Gente","description":"- Jes\u00fas Mar\u00eda","publisher":{"@id":"https:\/\/fmgente.com.ar\/web\/#organization"},"potentialAction":[{"@type":"SearchAction","target":{"@type":"EntryPoint","urlTemplate":"https:\/\/fmgente.com.ar\/web\/?s={search_term_string}"},"query-input":{"@type":"PropertyValueSpecification","valueRequired":true,"valueName":"search_term_string"}}],"inLanguage":"es"},{"@type":"Organization","@id":"https:\/\/fmgente.com.ar\/web\/#organization","name":"Fm Gente","url":"https:\/\/fmgente.com.ar\/web\/","logo":{"@type":"ImageObject","inLanguage":"es","@id":"https:\/\/fmgente.com.ar\/web\/#\/schema\/logo\/image\/","url":"https:\/\/fmgente.com.ar\/web\/wp-content\/uploads\/2023\/07\/cropped-cropped-logo-sombra2.png","contentUrl":"https:\/\/fmgente.com.ar\/web\/wp-content\/uploads\/2023\/07\/cropped-cropped-logo-sombra2.png","width":1782,"height":1782,"caption":"Fm Gente"},"image":{"@id":"https:\/\/fmgente.com.ar\/web\/#\/schema\/logo\/image\/"}}]}},"_links":{"self":[{"href":"https:\/\/fmgente.com.ar\/web\/wp-json\/wp\/v2\/posts\/20853","targetHints":{"allow":["GET"]}}],"collection":[{"href":"https:\/\/fmgente.com.ar\/web\/wp-json\/wp\/v2\/posts"}],"about":[{"href":"https:\/\/fmgente.com.ar\/web\/wp-json\/wp\/v2\/types\/post"}],"replies":[{"embeddable":true,"href":"https:\/\/fmgente.com.ar\/web\/wp-json\/wp\/v2\/comments?post=20853"}],"version-history":[{"count":0,"href":"https:\/\/fmgente.com.ar\/web\/wp-json\/wp\/v2\/posts\/20853\/revisions"}],"wp:featuredmedia":[{"embeddable":true,"href":"https:\/\/fmgente.com.ar\/web\/wp-json\/wp\/v2\/media\/20854"}],"wp:attachment":[{"href":"https:\/\/fmgente.com.ar\/web\/wp-json\/wp\/v2\/media?parent=20853"}],"wp:term":[{"taxonomy":"category","embeddable":true,"href":"https:\/\/fmgente.com.ar\/web\/wp-json\/wp\/v2\/categories?post=20853"},{"taxonomy":"post_tag","embeddable":true,"href":"https:\/\/fmgente.com.ar\/web\/wp-json\/wp\/v2\/tags?post=20853"}],"curies":[{"name":"wp","href":"https:\/\/api.w.org\/{rel}","templated":true}]}}