{"id":20851,"date":"2026-04-26T20:11:28","date_gmt":"2026-04-26T23:11:28","guid":{"rendered":"https:\/\/fmgente.com.ar\/web\/trump-admite-que-fue-el-quien-demoro-su-salida-del-escenario-tras-el-ataque-queria-ver-que-pasaba\/"},"modified":"2026-04-26T20:11:28","modified_gmt":"2026-04-26T23:11:28","slug":"trump-admite-que-fue-el-quien-demoro-su-salida-del-escenario-tras-el-ataque-queria-ver-que-pasaba","status":"publish","type":"post","link":"https:\/\/fmgente.com.ar\/web\/trump-admite-que-fue-el-quien-demoro-su-salida-del-escenario-tras-el-ataque-queria-ver-que-pasaba\/","title":{"rendered":"Trump admite que fue \u00e9l quien demor\u00f3 su salida del escenario tras el ataque: &quot;Quer\u00eda ver qu\u00e9 pasaba&quot;"},"content":{"rendered":"<p>Buenos Aires, 26 abril (NA) \u2013 Distintos videos del ataque de ayer contra el presidente de Estados Unidos, Donald Trump, durante una cena con corresponsales extranjeros, se viralizaron en redes sociales mostrando el operativo de seguridad y el tiempo excesivo para lo que es habitual, que tard\u00f3 el Servicio Secreto, unos 20 segundos, en sacar al mandatario del escenario.<\/p>\n<p>En uno de los videos puede verse como personal de seguridad toma de la chaqueta y retira r\u00e1pidamente al vicepresidente, JD Vance, mientras que otro equipo tarda m\u00e1s tiempo en retirar a Trump, quien adem\u00e1s trastabilla y parece caer al piso cuando lo retiran del escenario del hotel Washington Hilton.<\/p>\n<p>En una de las primeras apariciones p\u00fablicas de hoy, tras la agresi\u00f3n de ayer, Trump admiti\u00f3 que se tard\u00f3 en sacarlo del lugar en el que corr\u00eda peligro, pero aclar\u00f3 que \u201cfue un poco culpa m\u00eda, porque quer\u00eda ver que estaba pasando y no se los hice f\u00e1cil\u201d, se\u00f1al\u00f3 aludiendo al trabajo del Servicio Secreto encargado de su seguridad.<\/p>\n<p>Trump, seg\u00fan pudo saber la Agencia Noticias Argentinas, indic\u00f3 que tras unos pocos segundos se dio cuenta de que \u201ctal vez estaba pasando algo malo, algo diferente de lo normal\u201d y pronto comenz\u00f3 a seguir las \u00f3rdenes de los guardaespaldas \u201cque son gente incre\u00edble\u201d y que fue \u00e9l quien hizo \u201cque actuaran un poco m\u00e1s despacio\u201d.<\/p>\n<p>Relat\u00f3 al programa \u201c60 minutos\u201d de la televisi\u00f3n estadounidense que al principio del incidente le dijo a sus custodios \u201cun momento, esperen, d\u00e9jenme ver, esperen\u201d, pero luego comprendi\u00f3 la gravedad del asunto y comenz\u00f3 a bajar las escaleras del escenario junto a la primera dama.<\/p>\n<p>Sin embargo, y pese a las im\u00e1genes que pueden verse en todos los videos, que lo muestran trastabillando y casi ca\u00eddo en los empujones para abandonar el escenario, Trump asegur\u00f3 que sali\u00f3 \u201ccaminando y bastante erguido\u201d, aunque casi saliendo y ante el pedido del Servicio Secreto para que se tire al suelo, lo hizo al igual que su esposa.<\/p>\n<p>#AgenciaNA<\/p>\n","protected":false},"excerpt":{"rendered":"<p>Buenos Aires, 26 abril (NA) \u2013 Distintos videos del ataque de ayer contra el presidente<\/p>\n","protected":false},"author":0,"featured_media":20852,"comment_status":"","ping_status":"","sticky":false,"template":"","format":"standard","meta":{"footnotes":""},"categories":[1],"tags":[],"class_list":["post-20851","post","type-post","status-publish","format-standard","has-post-thumbnail","hentry","category-regionales"],"yoast_head":"<!-- This site is optimized with the Yoast SEO plugin v27.4 - https:\/\/yoast.com\/product\/yoast-seo-wordpress\/ -->\n<title>Trump admite que fue \u00e9l quien demor\u00f3 su salida del escenario tras el ataque: &quot;Quer\u00eda ver qu\u00e9 pasaba&quot; - Fm Gente<\/title>\n<meta name=\"robots\" content=\"index, follow, max-snippet:-1, max-image-preview:large, max-video-preview:-1\" \/>\n<link rel=\"canonical\" href=\"https:\/\/fmgente.com.ar\/web\/trump-admite-que-fue-el-quien-demoro-su-salida-del-escenario-tras-el-ataque-queria-ver-que-pasaba\/\" \/>\n<meta property=\"og:locale\" content=\"es_ES\" \/>\n<meta property=\"og:type\" content=\"article\" \/>\n<meta property=\"og:title\" content=\"Trump admite que fue \u00e9l quien demor\u00f3 su salida del escenario tras el ataque: &quot;Quer\u00eda ver qu\u00e9 pasaba&quot; - Fm Gente\" \/>\n<meta property=\"og:description\" content=\"Buenos Aires, 26 abril (NA) \u2013 Distintos videos del ataque de ayer contra el presidente\" \/>\n<meta property=\"og:url\" content=\"https:\/\/fmgente.com.ar\/web\/trump-admite-que-fue-el-quien-demoro-su-salida-del-escenario-tras-el-ataque-queria-ver-que-pasaba\/\" \/>\n<meta property=\"og:site_name\" content=\"Fm Gente\" \/>\n<meta property=\"article:published_time\" content=\"2026-04-26T23:11:28+00:00\" \/>\n<meta name=\"twitter:card\" content=\"summary_large_image\" \/>\n<meta name=\"twitter:label1\" content=\"Tiempo de lectura\" \/>\n\t<meta name=\"twitter:data1\" content=\"2 minutos\" \/>\n<script type=\"application\/ld+json\" class=\"yoast-schema-graph\">{\"@context\":\"https:\\\/\\\/schema.org\",\"@graph\":[{\"@type\":\"Article\",\"@id\":\"https:\\\/\\\/fmgente.com.ar\\\/web\\\/trump-admite-que-fue-el-quien-demoro-su-salida-del-escenario-tras-el-ataque-queria-ver-que-pasaba\\\/#article\",\"isPartOf\":{\"@id\":\"https:\\\/\\\/fmgente.com.ar\\\/web\\\/trump-admite-que-fue-el-quien-demoro-su-salida-del-escenario-tras-el-ataque-queria-ver-que-pasaba\\\/\"},\"author\":{\"name\":\"\",\"@id\":\"\"},\"headline\":\"Trump admite que fue \u00e9l quien demor\u00f3 su salida del escenario tras el ataque: &quot;Quer\u00eda ver qu\u00e9 pasaba&quot;\",\"datePublished\":\"2026-04-26T23:11:28+00:00\",\"mainEntityOfPage\":{\"@id\":\"https:\\\/\\\/fmgente.com.ar\\\/web\\\/trump-admite-que-fue-el-quien-demoro-su-salida-del-escenario-tras-el-ataque-queria-ver-que-pasaba\\\/\"},\"wordCount\":363,\"publisher\":{\"@id\":\"https:\\\/\\\/fmgente.com.ar\\\/web\\\/#organization\"},\"image\":{\"@id\":\"https:\\\/\\\/fmgente.com.ar\\\/web\\\/trump-admite-que-fue-el-quien-demoro-su-salida-del-escenario-tras-el-ataque-queria-ver-que-pasaba\\\/#primaryimage\"},\"thumbnailUrl\":\"https:\\\/\\\/fmgente.com.ar\\\/web\\\/wp-content\\\/uploads\\\/2026\\\/04\\\/720-1332.jpeg\",\"articleSection\":[\"REGIONALES\"],\"inLanguage\":\"es\"},{\"@type\":\"WebPage\",\"@id\":\"https:\\\/\\\/fmgente.com.ar\\\/web\\\/trump-admite-que-fue-el-quien-demoro-su-salida-del-escenario-tras-el-ataque-queria-ver-que-pasaba\\\/\",\"url\":\"https:\\\/\\\/fmgente.com.ar\\\/web\\\/trump-admite-que-fue-el-quien-demoro-su-salida-del-escenario-tras-el-ataque-queria-ver-que-pasaba\\\/\",\"name\":\"Trump admite que fue \u00e9l quien demor\u00f3 su salida del escenario tras el ataque: &quot;Quer\u00eda ver qu\u00e9 pasaba&quot; - Fm Gente\",\"isPartOf\":{\"@id\":\"https:\\\/\\\/fmgente.com.ar\\\/web\\\/#website\"},\"primaryImageOfPage\":{\"@id\":\"https:\\\/\\\/fmgente.com.ar\\\/web\\\/trump-admite-que-fue-el-quien-demoro-su-salida-del-escenario-tras-el-ataque-queria-ver-que-pasaba\\\/#primaryimage\"},\"image\":{\"@id\":\"https:\\\/\\\/fmgente.com.ar\\\/web\\\/trump-admite-que-fue-el-quien-demoro-su-salida-del-escenario-tras-el-ataque-queria-ver-que-pasaba\\\/#primaryimage\"},\"thumbnailUrl\":\"https:\\\/\\\/fmgente.com.ar\\\/web\\\/wp-content\\\/uploads\\\/2026\\\/04\\\/720-1332.jpeg\",\"datePublished\":\"2026-04-26T23:11:28+00:00\",\"inLanguage\":\"es\",\"potentialAction\":[{\"@type\":\"ReadAction\",\"target\":[\"https:\\\/\\\/fmgente.com.ar\\\/web\\\/trump-admite-que-fue-el-quien-demoro-su-salida-del-escenario-tras-el-ataque-queria-ver-que-pasaba\\\/\"]}]},{\"@type\":\"ImageObject\",\"inLanguage\":\"es\",\"@id\":\"https:\\\/\\\/fmgente.com.ar\\\/web\\\/trump-admite-que-fue-el-quien-demoro-su-salida-del-escenario-tras-el-ataque-queria-ver-que-pasaba\\\/#primaryimage\",\"url\":\"https:\\\/\\\/fmgente.com.ar\\\/web\\\/wp-content\\\/uploads\\\/2026\\\/04\\\/720-1332.jpeg\",\"contentUrl\":\"https:\\\/\\\/fmgente.com.ar\\\/web\\\/wp-content\\\/uploads\\\/2026\\\/04\\\/720-1332.jpeg\",\"width\":1187,\"height\":720},{\"@type\":\"WebSite\",\"@id\":\"https:\\\/\\\/fmgente.com.ar\\\/web\\\/#website\",\"url\":\"https:\\\/\\\/fmgente.com.ar\\\/web\\\/\",\"name\":\"Fm Gente\",\"description\":\"- Jes\u00fas Mar\u00eda\",\"publisher\":{\"@id\":\"https:\\\/\\\/fmgente.com.ar\\\/web\\\/#organization\"},\"potentialAction\":[{\"@type\":\"SearchAction\",\"target\":{\"@type\":\"EntryPoint\",\"urlTemplate\":\"https:\\\/\\\/fmgente.com.ar\\\/web\\\/?s={search_term_string}\"},\"query-input\":{\"@type\":\"PropertyValueSpecification\",\"valueRequired\":true,\"valueName\":\"search_term_string\"}}],\"inLanguage\":\"es\"},{\"@type\":\"Organization\",\"@id\":\"https:\\\/\\\/fmgente.com.ar\\\/web\\\/#organization\",\"name\":\"Fm Gente\",\"url\":\"https:\\\/\\\/fmgente.com.ar\\\/web\\\/\",\"logo\":{\"@type\":\"ImageObject\",\"inLanguage\":\"es\",\"@id\":\"https:\\\/\\\/fmgente.com.ar\\\/web\\\/#\\\/schema\\\/logo\\\/image\\\/\",\"url\":\"https:\\\/\\\/fmgente.com.ar\\\/web\\\/wp-content\\\/uploads\\\/2023\\\/07\\\/cropped-cropped-logo-sombra2.png\",\"contentUrl\":\"https:\\\/\\\/fmgente.com.ar\\\/web\\\/wp-content\\\/uploads\\\/2023\\\/07\\\/cropped-cropped-logo-sombra2.png\",\"width\":1782,\"height\":1782,\"caption\":\"Fm Gente\"},\"image\":{\"@id\":\"https:\\\/\\\/fmgente.com.ar\\\/web\\\/#\\\/schema\\\/logo\\\/image\\\/\"}}]}<\/script>\n<!-- \/ Yoast SEO plugin. -->","yoast_head_json":{"title":"Trump admite que fue \u00e9l quien demor\u00f3 su salida del escenario tras el ataque: &quot;Quer\u00eda ver qu\u00e9 pasaba&quot; - Fm Gente","robots":{"index":"index","follow":"follow","max-snippet":"max-snippet:-1","max-image-preview":"max-image-preview:large","max-video-preview":"max-video-preview:-1"},"canonical":"https:\/\/fmgente.com.ar\/web\/trump-admite-que-fue-el-quien-demoro-su-salida-del-escenario-tras-el-ataque-queria-ver-que-pasaba\/","og_locale":"es_ES","og_type":"article","og_title":"Trump admite que fue \u00e9l quien demor\u00f3 su salida del escenario tras el ataque: &quot;Quer\u00eda ver qu\u00e9 pasaba&quot; - Fm Gente","og_description":"Buenos Aires, 26 abril (NA) \u2013 Distintos videos del ataque de ayer contra el presidente","og_url":"https:\/\/fmgente.com.ar\/web\/trump-admite-que-fue-el-quien-demoro-su-salida-del-escenario-tras-el-ataque-queria-ver-que-pasaba\/","og_site_name":"Fm Gente","article_published_time":"2026-04-26T23:11:28+00:00","twitter_card":"summary_large_image","twitter_misc":{"Tiempo de lectura":"2 minutos"},"schema":{"@context":"https:\/\/schema.org","@graph":[{"@type":"Article","@id":"https:\/\/fmgente.com.ar\/web\/trump-admite-que-fue-el-quien-demoro-su-salida-del-escenario-tras-el-ataque-queria-ver-que-pasaba\/#article","isPartOf":{"@id":"https:\/\/fmgente.com.ar\/web\/trump-admite-que-fue-el-quien-demoro-su-salida-del-escenario-tras-el-ataque-queria-ver-que-pasaba\/"},"author":{"name":"","@id":""},"headline":"Trump admite que fue \u00e9l quien demor\u00f3 su salida del escenario tras el ataque: &quot;Quer\u00eda ver qu\u00e9 pasaba&quot;","datePublished":"2026-04-26T23:11:28+00:00","mainEntityOfPage":{"@id":"https:\/\/fmgente.com.ar\/web\/trump-admite-que-fue-el-quien-demoro-su-salida-del-escenario-tras-el-ataque-queria-ver-que-pasaba\/"},"wordCount":363,"publisher":{"@id":"https:\/\/fmgente.com.ar\/web\/#organization"},"image":{"@id":"https:\/\/fmgente.com.ar\/web\/trump-admite-que-fue-el-quien-demoro-su-salida-del-escenario-tras-el-ataque-queria-ver-que-pasaba\/#primaryimage"},"thumbnailUrl":"https:\/\/fmgente.com.ar\/web\/wp-content\/uploads\/2026\/04\/720-1332.jpeg","articleSection":["REGIONALES"],"inLanguage":"es"},{"@type":"WebPage","@id":"https:\/\/fmgente.com.ar\/web\/trump-admite-que-fue-el-quien-demoro-su-salida-del-escenario-tras-el-ataque-queria-ver-que-pasaba\/","url":"https:\/\/fmgente.com.ar\/web\/trump-admite-que-fue-el-quien-demoro-su-salida-del-escenario-tras-el-ataque-queria-ver-que-pasaba\/","name":"Trump admite que fue \u00e9l quien demor\u00f3 su salida del escenario tras el ataque: &quot;Quer\u00eda ver qu\u00e9 pasaba&quot; - Fm Gente","isPartOf":{"@id":"https:\/\/fmgente.com.ar\/web\/#website"},"primaryImageOfPage":{"@id":"https:\/\/fmgente.com.ar\/web\/trump-admite-que-fue-el-quien-demoro-su-salida-del-escenario-tras-el-ataque-queria-ver-que-pasaba\/#primaryimage"},"image":{"@id":"https:\/\/fmgente.com.ar\/web\/trump-admite-que-fue-el-quien-demoro-su-salida-del-escenario-tras-el-ataque-queria-ver-que-pasaba\/#primaryimage"},"thumbnailUrl":"https:\/\/fmgente.com.ar\/web\/wp-content\/uploads\/2026\/04\/720-1332.jpeg","datePublished":"2026-04-26T23:11:28+00:00","inLanguage":"es","potentialAction":[{"@type":"ReadAction","target":["https:\/\/fmgente.com.ar\/web\/trump-admite-que-fue-el-quien-demoro-su-salida-del-escenario-tras-el-ataque-queria-ver-que-pasaba\/"]}]},{"@type":"ImageObject","inLanguage":"es","@id":"https:\/\/fmgente.com.ar\/web\/trump-admite-que-fue-el-quien-demoro-su-salida-del-escenario-tras-el-ataque-queria-ver-que-pasaba\/#primaryimage","url":"https:\/\/fmgente.com.ar\/web\/wp-content\/uploads\/2026\/04\/720-1332.jpeg","contentUrl":"https:\/\/fmgente.com.ar\/web\/wp-content\/uploads\/2026\/04\/720-1332.jpeg","width":1187,"height":720},{"@type":"WebSite","@id":"https:\/\/fmgente.com.ar\/web\/#website","url":"https:\/\/fmgente.com.ar\/web\/","name":"Fm Gente","description":"- Jes\u00fas Mar\u00eda","publisher":{"@id":"https:\/\/fmgente.com.ar\/web\/#organization"},"potentialAction":[{"@type":"SearchAction","target":{"@type":"EntryPoint","urlTemplate":"https:\/\/fmgente.com.ar\/web\/?s={search_term_string}"},"query-input":{"@type":"PropertyValueSpecification","valueRequired":true,"valueName":"search_term_string"}}],"inLanguage":"es"},{"@type":"Organization","@id":"https:\/\/fmgente.com.ar\/web\/#organization","name":"Fm Gente","url":"https:\/\/fmgente.com.ar\/web\/","logo":{"@type":"ImageObject","inLanguage":"es","@id":"https:\/\/fmgente.com.ar\/web\/#\/schema\/logo\/image\/","url":"https:\/\/fmgente.com.ar\/web\/wp-content\/uploads\/2023\/07\/cropped-cropped-logo-sombra2.png","contentUrl":"https:\/\/fmgente.com.ar\/web\/wp-content\/uploads\/2023\/07\/cropped-cropped-logo-sombra2.png","width":1782,"height":1782,"caption":"Fm Gente"},"image":{"@id":"https:\/\/fmgente.com.ar\/web\/#\/schema\/logo\/image\/"}}]}},"_links":{"self":[{"href":"https:\/\/fmgente.com.ar\/web\/wp-json\/wp\/v2\/posts\/20851","targetHints":{"allow":["GET"]}}],"collection":[{"href":"https:\/\/fmgente.com.ar\/web\/wp-json\/wp\/v2\/posts"}],"about":[{"href":"https:\/\/fmgente.com.ar\/web\/wp-json\/wp\/v2\/types\/post"}],"replies":[{"embeddable":true,"href":"https:\/\/fmgente.com.ar\/web\/wp-json\/wp\/v2\/comments?post=20851"}],"version-history":[{"count":0,"href":"https:\/\/fmgente.com.ar\/web\/wp-json\/wp\/v2\/posts\/20851\/revisions"}],"wp:featuredmedia":[{"embeddable":true,"href":"https:\/\/fmgente.com.ar\/web\/wp-json\/wp\/v2\/media\/20852"}],"wp:attachment":[{"href":"https:\/\/fmgente.com.ar\/web\/wp-json\/wp\/v2\/media?parent=20851"}],"wp:term":[{"taxonomy":"category","embeddable":true,"href":"https:\/\/fmgente.com.ar\/web\/wp-json\/wp\/v2\/categories?post=20851"},{"taxonomy":"post_tag","embeddable":true,"href":"https:\/\/fmgente.com.ar\/web\/wp-json\/wp\/v2\/tags?post=20851"}],"curies":[{"name":"wp","href":"https:\/\/api.w.org\/{rel}","templated":true}]}}