{"id":20849,"date":"2026-04-26T19:06:15","date_gmt":"2026-04-26T22:06:15","guid":{"rendered":"https:\/\/fmgente.com.ar\/web\/sin-lautaro-martinez-el-inter-empato-y-quedo-a-un-paso-del-titulo-en-la-serie-a\/"},"modified":"2026-04-26T19:06:15","modified_gmt":"2026-04-26T22:06:15","slug":"sin-lautaro-martinez-el-inter-empato-y-quedo-a-un-paso-del-titulo-en-la-serie-a","status":"publish","type":"post","link":"https:\/\/fmgente.com.ar\/web\/sin-lautaro-martinez-el-inter-empato-y-quedo-a-un-paso-del-titulo-en-la-serie-a\/","title":{"rendered":"Sin Lautaro Mart\u00ednez, el Inter empat\u00f3 y qued\u00f3 a un paso del t\u00edtulo en la Serie A"},"content":{"rendered":"<p>Buenos Aires, 26 abril (NA) \u2013 El Inter de Mil\u00e1n empat\u00f3 2-2 como visitante ante el Torino, por la trig\u00e9simo cuarta fecha de la Serie A de Italia, y qued\u00f3 a un paso del t\u00edtulo.<\/p>\n<p>Los autores de los goles del Inter fueron el franc\u00e9s Marcus Thuram y el alem\u00e1n Yann Bisseck, mientras que para el Torino anotaron el argentino Giovanni Simeone y el croata Nikola Vlasic.<\/p>\n<p>El Inter, que no cont\u00f3 con la presencia del delantero argentino Lautaro Mart\u00ednez por lesi\u00f3n, se puso en ventaja a los 23 minutos del primer tiempo, cuando Thuram anot\u00f3 de cabeza tras un gran centro del lateral Federico Dimarco.<\/p>\n<p>El segundo gol para los dirigidos por el rumano Cristian Chivu, que parec\u00eda liquidar el encuentro, lleg\u00f3 a la hora de juego a trav\u00e9s de Bisseck que tambi\u00e9n anot\u00f3 de cabeza gracias a un nuevo centro muy preciso de Dimarco, quien es el m\u00e1ximo asistidor en esta temporada de la Serie A con 17 pases gol, m\u00e1s del doble de los que tiene sus escoltas.<\/p>\n<p>Pese a que parec\u00eda que ya no hab\u00eda manera de que el Inter no se quedara con los tres puntos, el Torino tuvo una gran reacci\u00f3n para llegar al empate.<\/p>\n<p>Primero descont\u00f3 a los 25 del complemento con un muy buen gol de Simeone, que defini\u00f3 pic\u00e1ndola tras una buena jugada colectiva, mientras que a falta de solo 10 minutos de penal lleg\u00f3 la igualdad con un penal de Vlasic.<\/p>\n<p>Con este resultado, el Inter lleg\u00f3 a los 79 puntos y le saca 10 a su escolta, el Napoli, que este viernes hab\u00eda goleado 4-0 al Cremonese, y se asegurar\u00e1 el t\u00edtulo en la Serie A en caso de ganarle en la pr\u00f3xima fecha al Parma.<\/p>\n<p>En otros de los partidos de este domingo en la Serie A, el Milan empat\u00f3 sin goles con la Juventus y se despidi\u00f3 de la pelea por el t\u00edtulo, mientras que el Como del argentino Nico Paz le gan\u00f3 2-0 como visitante al Genoa con goles del griego Anastasios Douvikas y del rumano Assane Diao para llegar a los 61 puntos y mantener la quinta posici\u00f3n. <\/p>\n<p>Adem\u00e1s, la Fiorentina empat\u00f3 sin goles con el Sassuolo y comienza a alejarse de manera definitiva de la zona de descenso.<\/p>\n<p>#AgenciaNA<\/p>\n","protected":false},"excerpt":{"rendered":"<p>Buenos Aires, 26 abril (NA) \u2013 El Inter de Mil\u00e1n empat\u00f3 2-2 como visitante ante<\/p>\n","protected":false},"author":0,"featured_media":20850,"comment_status":"","ping_status":"","sticky":false,"template":"","format":"standard","meta":{"footnotes":""},"categories":[1],"tags":[],"class_list":["post-20849","post","type-post","status-publish","format-standard","has-post-thumbnail","hentry","category-regionales"],"yoast_head":"<!-- This site is optimized with the Yoast SEO plugin v27.4 - https:\/\/yoast.com\/product\/yoast-seo-wordpress\/ -->\n<title>Sin Lautaro Mart\u00ednez, el Inter empat\u00f3 y qued\u00f3 a un paso del t\u00edtulo en la Serie A - Fm Gente<\/title>\n<meta name=\"robots\" content=\"index, follow, max-snippet:-1, max-image-preview:large, max-video-preview:-1\" \/>\n<link rel=\"canonical\" href=\"https:\/\/fmgente.com.ar\/web\/sin-lautaro-martinez-el-inter-empato-y-quedo-a-un-paso-del-titulo-en-la-serie-a\/\" \/>\n<meta property=\"og:locale\" content=\"es_ES\" \/>\n<meta property=\"og:type\" content=\"article\" \/>\n<meta property=\"og:title\" content=\"Sin Lautaro Mart\u00ednez, el Inter empat\u00f3 y qued\u00f3 a un paso del t\u00edtulo en la Serie A - Fm Gente\" \/>\n<meta property=\"og:description\" content=\"Buenos Aires, 26 abril (NA) \u2013 El Inter de Mil\u00e1n empat\u00f3 2-2 como visitante ante\" \/>\n<meta property=\"og:url\" content=\"https:\/\/fmgente.com.ar\/web\/sin-lautaro-martinez-el-inter-empato-y-quedo-a-un-paso-del-titulo-en-la-serie-a\/\" \/>\n<meta property=\"og:site_name\" content=\"Fm Gente\" \/>\n<meta property=\"article:published_time\" content=\"2026-04-26T22:06:15+00:00\" \/>\n<meta name=\"twitter:card\" content=\"summary_large_image\" \/>\n<meta name=\"twitter:label1\" content=\"Tiempo de lectura\" \/>\n\t<meta name=\"twitter:data1\" content=\"2 minutos\" \/>\n<script type=\"application\/ld+json\" class=\"yoast-schema-graph\">{\"@context\":\"https:\\\/\\\/schema.org\",\"@graph\":[{\"@type\":\"Article\",\"@id\":\"https:\\\/\\\/fmgente.com.ar\\\/web\\\/sin-lautaro-martinez-el-inter-empato-y-quedo-a-un-paso-del-titulo-en-la-serie-a\\\/#article\",\"isPartOf\":{\"@id\":\"https:\\\/\\\/fmgente.com.ar\\\/web\\\/sin-lautaro-martinez-el-inter-empato-y-quedo-a-un-paso-del-titulo-en-la-serie-a\\\/\"},\"author\":{\"name\":\"\",\"@id\":\"\"},\"headline\":\"Sin Lautaro Mart\u00ednez, el Inter empat\u00f3 y qued\u00f3 a un paso del t\u00edtulo en la Serie A\",\"datePublished\":\"2026-04-26T22:06:15+00:00\",\"mainEntityOfPage\":{\"@id\":\"https:\\\/\\\/fmgente.com.ar\\\/web\\\/sin-lautaro-martinez-el-inter-empato-y-quedo-a-un-paso-del-titulo-en-la-serie-a\\\/\"},\"wordCount\":407,\"publisher\":{\"@id\":\"https:\\\/\\\/fmgente.com.ar\\\/web\\\/#organization\"},\"image\":{\"@id\":\"https:\\\/\\\/fmgente.com.ar\\\/web\\\/sin-lautaro-martinez-el-inter-empato-y-quedo-a-un-paso-del-titulo-en-la-serie-a\\\/#primaryimage\"},\"thumbnailUrl\":\"https:\\\/\\\/fmgente.com.ar\\\/web\\\/wp-content\\\/uploads\\\/2026\\\/04\\\/720-1331.jpeg\",\"articleSection\":[\"REGIONALES\"],\"inLanguage\":\"es\"},{\"@type\":\"WebPage\",\"@id\":\"https:\\\/\\\/fmgente.com.ar\\\/web\\\/sin-lautaro-martinez-el-inter-empato-y-quedo-a-un-paso-del-titulo-en-la-serie-a\\\/\",\"url\":\"https:\\\/\\\/fmgente.com.ar\\\/web\\\/sin-lautaro-martinez-el-inter-empato-y-quedo-a-un-paso-del-titulo-en-la-serie-a\\\/\",\"name\":\"Sin Lautaro Mart\u00ednez, el Inter empat\u00f3 y qued\u00f3 a un paso del t\u00edtulo en la Serie A - Fm Gente\",\"isPartOf\":{\"@id\":\"https:\\\/\\\/fmgente.com.ar\\\/web\\\/#website\"},\"primaryImageOfPage\":{\"@id\":\"https:\\\/\\\/fmgente.com.ar\\\/web\\\/sin-lautaro-martinez-el-inter-empato-y-quedo-a-un-paso-del-titulo-en-la-serie-a\\\/#primaryimage\"},\"image\":{\"@id\":\"https:\\\/\\\/fmgente.com.ar\\\/web\\\/sin-lautaro-martinez-el-inter-empato-y-quedo-a-un-paso-del-titulo-en-la-serie-a\\\/#primaryimage\"},\"thumbnailUrl\":\"https:\\\/\\\/fmgente.com.ar\\\/web\\\/wp-content\\\/uploads\\\/2026\\\/04\\\/720-1331.jpeg\",\"datePublished\":\"2026-04-26T22:06:15+00:00\",\"inLanguage\":\"es\",\"potentialAction\":[{\"@type\":\"ReadAction\",\"target\":[\"https:\\\/\\\/fmgente.com.ar\\\/web\\\/sin-lautaro-martinez-el-inter-empato-y-quedo-a-un-paso-del-titulo-en-la-serie-a\\\/\"]}]},{\"@type\":\"ImageObject\",\"inLanguage\":\"es\",\"@id\":\"https:\\\/\\\/fmgente.com.ar\\\/web\\\/sin-lautaro-martinez-el-inter-empato-y-quedo-a-un-paso-del-titulo-en-la-serie-a\\\/#primaryimage\",\"url\":\"https:\\\/\\\/fmgente.com.ar\\\/web\\\/wp-content\\\/uploads\\\/2026\\\/04\\\/720-1331.jpeg\",\"contentUrl\":\"https:\\\/\\\/fmgente.com.ar\\\/web\\\/wp-content\\\/uploads\\\/2026\\\/04\\\/720-1331.jpeg\",\"width\":1081,\"height\":720},{\"@type\":\"WebSite\",\"@id\":\"https:\\\/\\\/fmgente.com.ar\\\/web\\\/#website\",\"url\":\"https:\\\/\\\/fmgente.com.ar\\\/web\\\/\",\"name\":\"Fm Gente\",\"description\":\"- Jes\u00fas Mar\u00eda\",\"publisher\":{\"@id\":\"https:\\\/\\\/fmgente.com.ar\\\/web\\\/#organization\"},\"potentialAction\":[{\"@type\":\"SearchAction\",\"target\":{\"@type\":\"EntryPoint\",\"urlTemplate\":\"https:\\\/\\\/fmgente.com.ar\\\/web\\\/?s={search_term_string}\"},\"query-input\":{\"@type\":\"PropertyValueSpecification\",\"valueRequired\":true,\"valueName\":\"search_term_string\"}}],\"inLanguage\":\"es\"},{\"@type\":\"Organization\",\"@id\":\"https:\\\/\\\/fmgente.com.ar\\\/web\\\/#organization\",\"name\":\"Fm Gente\",\"url\":\"https:\\\/\\\/fmgente.com.ar\\\/web\\\/\",\"logo\":{\"@type\":\"ImageObject\",\"inLanguage\":\"es\",\"@id\":\"https:\\\/\\\/fmgente.com.ar\\\/web\\\/#\\\/schema\\\/logo\\\/image\\\/\",\"url\":\"https:\\\/\\\/fmgente.com.ar\\\/web\\\/wp-content\\\/uploads\\\/2023\\\/07\\\/cropped-cropped-logo-sombra2.png\",\"contentUrl\":\"https:\\\/\\\/fmgente.com.ar\\\/web\\\/wp-content\\\/uploads\\\/2023\\\/07\\\/cropped-cropped-logo-sombra2.png\",\"width\":1782,\"height\":1782,\"caption\":\"Fm Gente\"},\"image\":{\"@id\":\"https:\\\/\\\/fmgente.com.ar\\\/web\\\/#\\\/schema\\\/logo\\\/image\\\/\"}}]}<\/script>\n<!-- \/ Yoast SEO plugin. -->","yoast_head_json":{"title":"Sin Lautaro Mart\u00ednez, el Inter empat\u00f3 y qued\u00f3 a un paso del t\u00edtulo en la Serie A - Fm Gente","robots":{"index":"index","follow":"follow","max-snippet":"max-snippet:-1","max-image-preview":"max-image-preview:large","max-video-preview":"max-video-preview:-1"},"canonical":"https:\/\/fmgente.com.ar\/web\/sin-lautaro-martinez-el-inter-empato-y-quedo-a-un-paso-del-titulo-en-la-serie-a\/","og_locale":"es_ES","og_type":"article","og_title":"Sin Lautaro Mart\u00ednez, el Inter empat\u00f3 y qued\u00f3 a un paso del t\u00edtulo en la Serie A - Fm Gente","og_description":"Buenos Aires, 26 abril (NA) \u2013 El Inter de Mil\u00e1n empat\u00f3 2-2 como visitante ante","og_url":"https:\/\/fmgente.com.ar\/web\/sin-lautaro-martinez-el-inter-empato-y-quedo-a-un-paso-del-titulo-en-la-serie-a\/","og_site_name":"Fm Gente","article_published_time":"2026-04-26T22:06:15+00:00","twitter_card":"summary_large_image","twitter_misc":{"Tiempo de lectura":"2 minutos"},"schema":{"@context":"https:\/\/schema.org","@graph":[{"@type":"Article","@id":"https:\/\/fmgente.com.ar\/web\/sin-lautaro-martinez-el-inter-empato-y-quedo-a-un-paso-del-titulo-en-la-serie-a\/#article","isPartOf":{"@id":"https:\/\/fmgente.com.ar\/web\/sin-lautaro-martinez-el-inter-empato-y-quedo-a-un-paso-del-titulo-en-la-serie-a\/"},"author":{"name":"","@id":""},"headline":"Sin Lautaro Mart\u00ednez, el Inter empat\u00f3 y qued\u00f3 a un paso del t\u00edtulo en la Serie A","datePublished":"2026-04-26T22:06:15+00:00","mainEntityOfPage":{"@id":"https:\/\/fmgente.com.ar\/web\/sin-lautaro-martinez-el-inter-empato-y-quedo-a-un-paso-del-titulo-en-la-serie-a\/"},"wordCount":407,"publisher":{"@id":"https:\/\/fmgente.com.ar\/web\/#organization"},"image":{"@id":"https:\/\/fmgente.com.ar\/web\/sin-lautaro-martinez-el-inter-empato-y-quedo-a-un-paso-del-titulo-en-la-serie-a\/#primaryimage"},"thumbnailUrl":"https:\/\/fmgente.com.ar\/web\/wp-content\/uploads\/2026\/04\/720-1331.jpeg","articleSection":["REGIONALES"],"inLanguage":"es"},{"@type":"WebPage","@id":"https:\/\/fmgente.com.ar\/web\/sin-lautaro-martinez-el-inter-empato-y-quedo-a-un-paso-del-titulo-en-la-serie-a\/","url":"https:\/\/fmgente.com.ar\/web\/sin-lautaro-martinez-el-inter-empato-y-quedo-a-un-paso-del-titulo-en-la-serie-a\/","name":"Sin Lautaro Mart\u00ednez, el Inter empat\u00f3 y qued\u00f3 a un paso del t\u00edtulo en la Serie A - Fm Gente","isPartOf":{"@id":"https:\/\/fmgente.com.ar\/web\/#website"},"primaryImageOfPage":{"@id":"https:\/\/fmgente.com.ar\/web\/sin-lautaro-martinez-el-inter-empato-y-quedo-a-un-paso-del-titulo-en-la-serie-a\/#primaryimage"},"image":{"@id":"https:\/\/fmgente.com.ar\/web\/sin-lautaro-martinez-el-inter-empato-y-quedo-a-un-paso-del-titulo-en-la-serie-a\/#primaryimage"},"thumbnailUrl":"https:\/\/fmgente.com.ar\/web\/wp-content\/uploads\/2026\/04\/720-1331.jpeg","datePublished":"2026-04-26T22:06:15+00:00","inLanguage":"es","potentialAction":[{"@type":"ReadAction","target":["https:\/\/fmgente.com.ar\/web\/sin-lautaro-martinez-el-inter-empato-y-quedo-a-un-paso-del-titulo-en-la-serie-a\/"]}]},{"@type":"ImageObject","inLanguage":"es","@id":"https:\/\/fmgente.com.ar\/web\/sin-lautaro-martinez-el-inter-empato-y-quedo-a-un-paso-del-titulo-en-la-serie-a\/#primaryimage","url":"https:\/\/fmgente.com.ar\/web\/wp-content\/uploads\/2026\/04\/720-1331.jpeg","contentUrl":"https:\/\/fmgente.com.ar\/web\/wp-content\/uploads\/2026\/04\/720-1331.jpeg","width":1081,"height":720},{"@type":"WebSite","@id":"https:\/\/fmgente.com.ar\/web\/#website","url":"https:\/\/fmgente.com.ar\/web\/","name":"Fm Gente","description":"- Jes\u00fas Mar\u00eda","publisher":{"@id":"https:\/\/fmgente.com.ar\/web\/#organization"},"potentialAction":[{"@type":"SearchAction","target":{"@type":"EntryPoint","urlTemplate":"https:\/\/fmgente.com.ar\/web\/?s={search_term_string}"},"query-input":{"@type":"PropertyValueSpecification","valueRequired":true,"valueName":"search_term_string"}}],"inLanguage":"es"},{"@type":"Organization","@id":"https:\/\/fmgente.com.ar\/web\/#organization","name":"Fm Gente","url":"https:\/\/fmgente.com.ar\/web\/","logo":{"@type":"ImageObject","inLanguage":"es","@id":"https:\/\/fmgente.com.ar\/web\/#\/schema\/logo\/image\/","url":"https:\/\/fmgente.com.ar\/web\/wp-content\/uploads\/2023\/07\/cropped-cropped-logo-sombra2.png","contentUrl":"https:\/\/fmgente.com.ar\/web\/wp-content\/uploads\/2023\/07\/cropped-cropped-logo-sombra2.png","width":1782,"height":1782,"caption":"Fm Gente"},"image":{"@id":"https:\/\/fmgente.com.ar\/web\/#\/schema\/logo\/image\/"}}]}},"_links":{"self":[{"href":"https:\/\/fmgente.com.ar\/web\/wp-json\/wp\/v2\/posts\/20849","targetHints":{"allow":["GET"]}}],"collection":[{"href":"https:\/\/fmgente.com.ar\/web\/wp-json\/wp\/v2\/posts"}],"about":[{"href":"https:\/\/fmgente.com.ar\/web\/wp-json\/wp\/v2\/types\/post"}],"replies":[{"embeddable":true,"href":"https:\/\/fmgente.com.ar\/web\/wp-json\/wp\/v2\/comments?post=20849"}],"version-history":[{"count":0,"href":"https:\/\/fmgente.com.ar\/web\/wp-json\/wp\/v2\/posts\/20849\/revisions"}],"wp:featuredmedia":[{"embeddable":true,"href":"https:\/\/fmgente.com.ar\/web\/wp-json\/wp\/v2\/media\/20850"}],"wp:attachment":[{"href":"https:\/\/fmgente.com.ar\/web\/wp-json\/wp\/v2\/media?parent=20849"}],"wp:term":[{"taxonomy":"category","embeddable":true,"href":"https:\/\/fmgente.com.ar\/web\/wp-json\/wp\/v2\/categories?post=20849"},{"taxonomy":"post_tag","embeddable":true,"href":"https:\/\/fmgente.com.ar\/web\/wp-json\/wp\/v2\/tags?post=20849"}],"curies":[{"name":"wp","href":"https:\/\/api.w.org\/{rel}","templated":true}]}}