{"id":20847,"date":"2026-04-26T19:06:15","date_gmt":"2026-04-26T22:06:15","guid":{"rendered":"https:\/\/fmgente.com.ar\/web\/escandalo-pina-y-expulsion-del-arquero-argentino-esteban-andrada-en-la-segunda-division-espanola\/"},"modified":"2026-04-26T19:06:15","modified_gmt":"2026-04-26T22:06:15","slug":"escandalo-pina-y-expulsion-del-arquero-argentino-esteban-andrada-en-la-segunda-division-espanola","status":"publish","type":"post","link":"https:\/\/fmgente.com.ar\/web\/escandalo-pina-y-expulsion-del-arquero-argentino-esteban-andrada-en-la-segunda-division-espanola\/","title":{"rendered":"Esc\u00e1ndalo: pi\u00f1a y expulsi\u00f3n del arquero argentino Esteban Andrada en la Segunda Divisi\u00f3n espa\u00f1ola"},"content":{"rendered":"<p>Buenos Aires, 26 abril (NA) \u2013 El arquero argentino Esteban Andrada gener\u00f3 un esc\u00e1ndalo en la Segunda Divisi\u00f3n del f\u00fatbol espa\u00f1ol, luego de dar un pu\u00f1etazo al capit\u00e1n rival al cierre del \u201cderbi aragon\u00e9s\u201d entre el Real Zaragoza y el Huesca.<\/p>\n<p>Seg\u00fan supo la Agencia Noticias Argentinas, el guardameta de 35 a\u00f1os fue expulsado por doble amarilla a segundos del final del partido, por un empuj\u00f3n contra el defensor Jorge Pulido, y luego de la expulsi\u00f3n corri\u00f3 hasta la posici\u00f3n del jugador del Huesca y le conect\u00f3 un pu\u00f1etazo.<\/p>\n<p>La situaci\u00f3n termin\u00f3 en un tumulto en el que tuvieron que interceder la polic\u00eda y la seguridad privada, gener\u00f3 otras dos expulsiones, una por lado, y podr\u00eda generar una sanci\u00f3n ejemplar para el exjugador de Boca.<\/p>\n<p>En un cl\u00e1sico entre dos equipos necesitados, que se encuentran en zona de descenso a la Segunda B, la tercera categor\u00eda de la estructura futbol\u00edstica espa\u00f1ola, el argentino Esteban Andrada termin\u00f3 en el ojo de la tormenta tras una agresi\u00f3n antideportiva sobre el final del partido.<\/p>\n<p>Luego de una buena actuaci\u00f3n en su vigesimoctavo partido en el Zaragoza, incluso atajando un penal en los primeros minutos del partido, el arquero no pudo evitar la derrota de su equipo por 1-0 y, en el sexto minuto de descuento de la segunda mitad, discuti\u00f3 con el \u00e1rbitro en la mitad de la cancha, contra la banda izquierda.<\/p>\n<p>Durante la discusi\u00f3n se acerc\u00f3 el capit\u00e1n rival Jorge Pulido, de quien Andrada se deshizo con un empuj\u00f3n, que lo hizo caer al suelo y gener\u00f3 la expulsi\u00f3n, por doble amarilla, del guardameta.<\/p>\n<p>Luego de ver la tarjeta roja, Andrada perdi\u00f3 la cabeza: el arquero corri\u00f3 hasta la posici\u00f3n de Pulido, que se hab\u00eda alejado, y sin pensarlo dos veces lo golpe\u00f3 con la mano derecha en la cara.<\/p>\n<p>Su rival volvi\u00f3 a perder la vertical y un partido cuyo ambiente ya estaba caliente termin\u00f3 en una batalla campal. El argentino fue rodeado por rivales que le pegaron por todos los costados hasta que las fuerzas de seguridad pudieron devolverle la calma a la situaci\u00f3n.<\/p>\n<p>El tumulto final dej\u00f3 dos nuevos expulsados: el defensor del Zaragoza Daniel Tasende y el arquero del local Daniel Jim\u00e9nez, que abandon\u00f3 su arco y sali\u00f3 corriendo para unirse a la pelea.<\/p>\n<p>A cinco fechas del final de la temporada, hundido en la zona de descenso, se espera que el Real Zaragoza no pueda contar con Esteban Andrada hasta que termine la misma.<\/p>\n<p>Aunque su sanci\u00f3n todav\u00eda no ha sido determinada se espera que se juzgue con la misma intensidad que otro caso similar que ocurri\u00f3 en 1999 y tambi\u00e9n involucr\u00f3 a un arquero argentino: Germ\u00e1n \u201cMono\u201d Burgos tuvo 11 fechas de sanci\u00f3n por agredir de la misma manera al jugador \u00d3scar Serrano del Espanyol, mientras jugaba para el Mallorca.<\/p>\n<p>#AgenciaNA<\/p>\n","protected":false},"excerpt":{"rendered":"<p>Buenos Aires, 26 abril (NA) \u2013 El arquero argentino Esteban Andrada gener\u00f3 un esc\u00e1ndalo en<\/p>\n","protected":false},"author":0,"featured_media":20848,"comment_status":"","ping_status":"","sticky":false,"template":"","format":"standard","meta":{"footnotes":""},"categories":[1],"tags":[],"class_list":["post-20847","post","type-post","status-publish","format-standard","has-post-thumbnail","hentry","category-regionales"],"yoast_head":"<!-- This site is optimized with the Yoast SEO plugin v27.4 - https:\/\/yoast.com\/product\/yoast-seo-wordpress\/ -->\n<title>Esc\u00e1ndalo: pi\u00f1a y expulsi\u00f3n del arquero argentino Esteban Andrada en la Segunda Divisi\u00f3n espa\u00f1ola - Fm Gente<\/title>\n<meta name=\"robots\" content=\"index, follow, max-snippet:-1, max-image-preview:large, max-video-preview:-1\" \/>\n<link rel=\"canonical\" href=\"https:\/\/fmgente.com.ar\/web\/escandalo-pina-y-expulsion-del-arquero-argentino-esteban-andrada-en-la-segunda-division-espanola\/\" \/>\n<meta property=\"og:locale\" content=\"es_ES\" \/>\n<meta property=\"og:type\" content=\"article\" \/>\n<meta property=\"og:title\" content=\"Esc\u00e1ndalo: pi\u00f1a y expulsi\u00f3n del arquero argentino Esteban Andrada en la Segunda Divisi\u00f3n espa\u00f1ola - Fm Gente\" \/>\n<meta property=\"og:description\" content=\"Buenos Aires, 26 abril (NA) \u2013 El arquero argentino Esteban Andrada gener\u00f3 un esc\u00e1ndalo en\" \/>\n<meta property=\"og:url\" content=\"https:\/\/fmgente.com.ar\/web\/escandalo-pina-y-expulsion-del-arquero-argentino-esteban-andrada-en-la-segunda-division-espanola\/\" \/>\n<meta property=\"og:site_name\" content=\"Fm Gente\" \/>\n<meta property=\"article:published_time\" content=\"2026-04-26T22:06:15+00:00\" \/>\n<meta name=\"twitter:card\" content=\"summary_large_image\" \/>\n<meta name=\"twitter:label1\" content=\"Tiempo de lectura\" \/>\n\t<meta name=\"twitter:data1\" content=\"2 minutos\" \/>\n<script type=\"application\/ld+json\" class=\"yoast-schema-graph\">{\"@context\":\"https:\\\/\\\/schema.org\",\"@graph\":[{\"@type\":\"Article\",\"@id\":\"https:\\\/\\\/fmgente.com.ar\\\/web\\\/escandalo-pina-y-expulsion-del-arquero-argentino-esteban-andrada-en-la-segunda-division-espanola\\\/#article\",\"isPartOf\":{\"@id\":\"https:\\\/\\\/fmgente.com.ar\\\/web\\\/escandalo-pina-y-expulsion-del-arquero-argentino-esteban-andrada-en-la-segunda-division-espanola\\\/\"},\"author\":{\"name\":\"\",\"@id\":\"\"},\"headline\":\"Esc\u00e1ndalo: pi\u00f1a y expulsi\u00f3n del arquero argentino Esteban Andrada en la Segunda Divisi\u00f3n espa\u00f1ola\",\"datePublished\":\"2026-04-26T22:06:15+00:00\",\"mainEntityOfPage\":{\"@id\":\"https:\\\/\\\/fmgente.com.ar\\\/web\\\/escandalo-pina-y-expulsion-del-arquero-argentino-esteban-andrada-en-la-segunda-division-espanola\\\/\"},\"wordCount\":516,\"publisher\":{\"@id\":\"https:\\\/\\\/fmgente.com.ar\\\/web\\\/#organization\"},\"image\":{\"@id\":\"https:\\\/\\\/fmgente.com.ar\\\/web\\\/escandalo-pina-y-expulsion-del-arquero-argentino-esteban-andrada-en-la-segunda-division-espanola\\\/#primaryimage\"},\"thumbnailUrl\":\"https:\\\/\\\/fmgente.com.ar\\\/web\\\/wp-content\\\/uploads\\\/2026\\\/04\\\/720-1330.jpeg\",\"articleSection\":[\"REGIONALES\"],\"inLanguage\":\"es\"},{\"@type\":\"WebPage\",\"@id\":\"https:\\\/\\\/fmgente.com.ar\\\/web\\\/escandalo-pina-y-expulsion-del-arquero-argentino-esteban-andrada-en-la-segunda-division-espanola\\\/\",\"url\":\"https:\\\/\\\/fmgente.com.ar\\\/web\\\/escandalo-pina-y-expulsion-del-arquero-argentino-esteban-andrada-en-la-segunda-division-espanola\\\/\",\"name\":\"Esc\u00e1ndalo: pi\u00f1a y expulsi\u00f3n del arquero argentino Esteban Andrada en la Segunda Divisi\u00f3n espa\u00f1ola - Fm Gente\",\"isPartOf\":{\"@id\":\"https:\\\/\\\/fmgente.com.ar\\\/web\\\/#website\"},\"primaryImageOfPage\":{\"@id\":\"https:\\\/\\\/fmgente.com.ar\\\/web\\\/escandalo-pina-y-expulsion-del-arquero-argentino-esteban-andrada-en-la-segunda-division-espanola\\\/#primaryimage\"},\"image\":{\"@id\":\"https:\\\/\\\/fmgente.com.ar\\\/web\\\/escandalo-pina-y-expulsion-del-arquero-argentino-esteban-andrada-en-la-segunda-division-espanola\\\/#primaryimage\"},\"thumbnailUrl\":\"https:\\\/\\\/fmgente.com.ar\\\/web\\\/wp-content\\\/uploads\\\/2026\\\/04\\\/720-1330.jpeg\",\"datePublished\":\"2026-04-26T22:06:15+00:00\",\"inLanguage\":\"es\",\"potentialAction\":[{\"@type\":\"ReadAction\",\"target\":[\"https:\\\/\\\/fmgente.com.ar\\\/web\\\/escandalo-pina-y-expulsion-del-arquero-argentino-esteban-andrada-en-la-segunda-division-espanola\\\/\"]}]},{\"@type\":\"ImageObject\",\"inLanguage\":\"es\",\"@id\":\"https:\\\/\\\/fmgente.com.ar\\\/web\\\/escandalo-pina-y-expulsion-del-arquero-argentino-esteban-andrada-en-la-segunda-division-espanola\\\/#primaryimage\",\"url\":\"https:\\\/\\\/fmgente.com.ar\\\/web\\\/wp-content\\\/uploads\\\/2026\\\/04\\\/720-1330.jpeg\",\"contentUrl\":\"https:\\\/\\\/fmgente.com.ar\\\/web\\\/wp-content\\\/uploads\\\/2026\\\/04\\\/720-1330.jpeg\",\"width\":542,\"height\":720},{\"@type\":\"WebSite\",\"@id\":\"https:\\\/\\\/fmgente.com.ar\\\/web\\\/#website\",\"url\":\"https:\\\/\\\/fmgente.com.ar\\\/web\\\/\",\"name\":\"Fm Gente\",\"description\":\"- Jes\u00fas Mar\u00eda\",\"publisher\":{\"@id\":\"https:\\\/\\\/fmgente.com.ar\\\/web\\\/#organization\"},\"potentialAction\":[{\"@type\":\"SearchAction\",\"target\":{\"@type\":\"EntryPoint\",\"urlTemplate\":\"https:\\\/\\\/fmgente.com.ar\\\/web\\\/?s={search_term_string}\"},\"query-input\":{\"@type\":\"PropertyValueSpecification\",\"valueRequired\":true,\"valueName\":\"search_term_string\"}}],\"inLanguage\":\"es\"},{\"@type\":\"Organization\",\"@id\":\"https:\\\/\\\/fmgente.com.ar\\\/web\\\/#organization\",\"name\":\"Fm Gente\",\"url\":\"https:\\\/\\\/fmgente.com.ar\\\/web\\\/\",\"logo\":{\"@type\":\"ImageObject\",\"inLanguage\":\"es\",\"@id\":\"https:\\\/\\\/fmgente.com.ar\\\/web\\\/#\\\/schema\\\/logo\\\/image\\\/\",\"url\":\"https:\\\/\\\/fmgente.com.ar\\\/web\\\/wp-content\\\/uploads\\\/2023\\\/07\\\/cropped-cropped-logo-sombra2.png\",\"contentUrl\":\"https:\\\/\\\/fmgente.com.ar\\\/web\\\/wp-content\\\/uploads\\\/2023\\\/07\\\/cropped-cropped-logo-sombra2.png\",\"width\":1782,\"height\":1782,\"caption\":\"Fm Gente\"},\"image\":{\"@id\":\"https:\\\/\\\/fmgente.com.ar\\\/web\\\/#\\\/schema\\\/logo\\\/image\\\/\"}}]}<\/script>\n<!-- \/ Yoast SEO plugin. -->","yoast_head_json":{"title":"Esc\u00e1ndalo: pi\u00f1a y expulsi\u00f3n del arquero argentino Esteban Andrada en la Segunda Divisi\u00f3n espa\u00f1ola - Fm Gente","robots":{"index":"index","follow":"follow","max-snippet":"max-snippet:-1","max-image-preview":"max-image-preview:large","max-video-preview":"max-video-preview:-1"},"canonical":"https:\/\/fmgente.com.ar\/web\/escandalo-pina-y-expulsion-del-arquero-argentino-esteban-andrada-en-la-segunda-division-espanola\/","og_locale":"es_ES","og_type":"article","og_title":"Esc\u00e1ndalo: pi\u00f1a y expulsi\u00f3n del arquero argentino Esteban Andrada en la Segunda Divisi\u00f3n espa\u00f1ola - Fm Gente","og_description":"Buenos Aires, 26 abril (NA) \u2013 El arquero argentino Esteban Andrada gener\u00f3 un esc\u00e1ndalo en","og_url":"https:\/\/fmgente.com.ar\/web\/escandalo-pina-y-expulsion-del-arquero-argentino-esteban-andrada-en-la-segunda-division-espanola\/","og_site_name":"Fm Gente","article_published_time":"2026-04-26T22:06:15+00:00","twitter_card":"summary_large_image","twitter_misc":{"Tiempo de lectura":"2 minutos"},"schema":{"@context":"https:\/\/schema.org","@graph":[{"@type":"Article","@id":"https:\/\/fmgente.com.ar\/web\/escandalo-pina-y-expulsion-del-arquero-argentino-esteban-andrada-en-la-segunda-division-espanola\/#article","isPartOf":{"@id":"https:\/\/fmgente.com.ar\/web\/escandalo-pina-y-expulsion-del-arquero-argentino-esteban-andrada-en-la-segunda-division-espanola\/"},"author":{"name":"","@id":""},"headline":"Esc\u00e1ndalo: pi\u00f1a y expulsi\u00f3n del arquero argentino Esteban Andrada en la Segunda Divisi\u00f3n espa\u00f1ola","datePublished":"2026-04-26T22:06:15+00:00","mainEntityOfPage":{"@id":"https:\/\/fmgente.com.ar\/web\/escandalo-pina-y-expulsion-del-arquero-argentino-esteban-andrada-en-la-segunda-division-espanola\/"},"wordCount":516,"publisher":{"@id":"https:\/\/fmgente.com.ar\/web\/#organization"},"image":{"@id":"https:\/\/fmgente.com.ar\/web\/escandalo-pina-y-expulsion-del-arquero-argentino-esteban-andrada-en-la-segunda-division-espanola\/#primaryimage"},"thumbnailUrl":"https:\/\/fmgente.com.ar\/web\/wp-content\/uploads\/2026\/04\/720-1330.jpeg","articleSection":["REGIONALES"],"inLanguage":"es"},{"@type":"WebPage","@id":"https:\/\/fmgente.com.ar\/web\/escandalo-pina-y-expulsion-del-arquero-argentino-esteban-andrada-en-la-segunda-division-espanola\/","url":"https:\/\/fmgente.com.ar\/web\/escandalo-pina-y-expulsion-del-arquero-argentino-esteban-andrada-en-la-segunda-division-espanola\/","name":"Esc\u00e1ndalo: pi\u00f1a y expulsi\u00f3n del arquero argentino Esteban Andrada en la Segunda Divisi\u00f3n espa\u00f1ola - Fm Gente","isPartOf":{"@id":"https:\/\/fmgente.com.ar\/web\/#website"},"primaryImageOfPage":{"@id":"https:\/\/fmgente.com.ar\/web\/escandalo-pina-y-expulsion-del-arquero-argentino-esteban-andrada-en-la-segunda-division-espanola\/#primaryimage"},"image":{"@id":"https:\/\/fmgente.com.ar\/web\/escandalo-pina-y-expulsion-del-arquero-argentino-esteban-andrada-en-la-segunda-division-espanola\/#primaryimage"},"thumbnailUrl":"https:\/\/fmgente.com.ar\/web\/wp-content\/uploads\/2026\/04\/720-1330.jpeg","datePublished":"2026-04-26T22:06:15+00:00","inLanguage":"es","potentialAction":[{"@type":"ReadAction","target":["https:\/\/fmgente.com.ar\/web\/escandalo-pina-y-expulsion-del-arquero-argentino-esteban-andrada-en-la-segunda-division-espanola\/"]}]},{"@type":"ImageObject","inLanguage":"es","@id":"https:\/\/fmgente.com.ar\/web\/escandalo-pina-y-expulsion-del-arquero-argentino-esteban-andrada-en-la-segunda-division-espanola\/#primaryimage","url":"https:\/\/fmgente.com.ar\/web\/wp-content\/uploads\/2026\/04\/720-1330.jpeg","contentUrl":"https:\/\/fmgente.com.ar\/web\/wp-content\/uploads\/2026\/04\/720-1330.jpeg","width":542,"height":720},{"@type":"WebSite","@id":"https:\/\/fmgente.com.ar\/web\/#website","url":"https:\/\/fmgente.com.ar\/web\/","name":"Fm Gente","description":"- Jes\u00fas Mar\u00eda","publisher":{"@id":"https:\/\/fmgente.com.ar\/web\/#organization"},"potentialAction":[{"@type":"SearchAction","target":{"@type":"EntryPoint","urlTemplate":"https:\/\/fmgente.com.ar\/web\/?s={search_term_string}"},"query-input":{"@type":"PropertyValueSpecification","valueRequired":true,"valueName":"search_term_string"}}],"inLanguage":"es"},{"@type":"Organization","@id":"https:\/\/fmgente.com.ar\/web\/#organization","name":"Fm Gente","url":"https:\/\/fmgente.com.ar\/web\/","logo":{"@type":"ImageObject","inLanguage":"es","@id":"https:\/\/fmgente.com.ar\/web\/#\/schema\/logo\/image\/","url":"https:\/\/fmgente.com.ar\/web\/wp-content\/uploads\/2023\/07\/cropped-cropped-logo-sombra2.png","contentUrl":"https:\/\/fmgente.com.ar\/web\/wp-content\/uploads\/2023\/07\/cropped-cropped-logo-sombra2.png","width":1782,"height":1782,"caption":"Fm Gente"},"image":{"@id":"https:\/\/fmgente.com.ar\/web\/#\/schema\/logo\/image\/"}}]}},"_links":{"self":[{"href":"https:\/\/fmgente.com.ar\/web\/wp-json\/wp\/v2\/posts\/20847","targetHints":{"allow":["GET"]}}],"collection":[{"href":"https:\/\/fmgente.com.ar\/web\/wp-json\/wp\/v2\/posts"}],"about":[{"href":"https:\/\/fmgente.com.ar\/web\/wp-json\/wp\/v2\/types\/post"}],"replies":[{"embeddable":true,"href":"https:\/\/fmgente.com.ar\/web\/wp-json\/wp\/v2\/comments?post=20847"}],"version-history":[{"count":0,"href":"https:\/\/fmgente.com.ar\/web\/wp-json\/wp\/v2\/posts\/20847\/revisions"}],"wp:featuredmedia":[{"embeddable":true,"href":"https:\/\/fmgente.com.ar\/web\/wp-json\/wp\/v2\/media\/20848"}],"wp:attachment":[{"href":"https:\/\/fmgente.com.ar\/web\/wp-json\/wp\/v2\/media?parent=20847"}],"wp:term":[{"taxonomy":"category","embeddable":true,"href":"https:\/\/fmgente.com.ar\/web\/wp-json\/wp\/v2\/categories?post=20847"},{"taxonomy":"post_tag","embeddable":true,"href":"https:\/\/fmgente.com.ar\/web\/wp-json\/wp\/v2\/tags?post=20847"}],"curies":[{"name":"wp","href":"https:\/\/api.w.org\/{rel}","templated":true}]}}