{"id":20845,"date":"2026-04-26T19:06:14","date_gmt":"2026-04-26T22:06:14","guid":{"rendered":"https:\/\/fmgente.com.ar\/web\/un-diputado-libertario-respaldo-a-adorni-y-aseguro-que-es-uno-de-los-funcionarios-mas-importantes-del-gobierno\/"},"modified":"2026-04-26T19:06:14","modified_gmt":"2026-04-26T22:06:14","slug":"un-diputado-libertario-respaldo-a-adorni-y-aseguro-que-es-uno-de-los-funcionarios-mas-importantes-del-gobierno","status":"publish","type":"post","link":"https:\/\/fmgente.com.ar\/web\/un-diputado-libertario-respaldo-a-adorni-y-aseguro-que-es-uno-de-los-funcionarios-mas-importantes-del-gobierno\/","title":{"rendered":"Un diputado libertario respald\u00f3 a Adorni y asegur\u00f3 que \u201ces uno de los funcionarios m\u00e1s importantes\u201d del Gobierno"},"content":{"rendered":"<p>Buenos Aires, 26 abril (NA) \u2013  El diputado nacional por La Libertad Avanza (LLA) Lisandro Almir\u00f3n se refiri\u00f3 de la presentaci\u00f3n que dar\u00e1 este mi\u00e9rcoles 29 el jefe de Gabinete, Manuel Adorni, ante el Congreso de la Naci\u00f3n y sostuvo que \u201ces uno de los funcionarios m\u00e1s importantes\u201d que tiene la gesti\u00f3n del presidente Javier Milei.<\/p>\n<p>En declaraciones a Radio Rivadavia, se\u00f1al\u00f3 que el primer informe de gesti\u00f3n que presentar\u00e1 Adorni \u201ces un mandamiento constitucional\u201d, porque se encuentra dentro de \u201clos derechos y obligaciones\u201d que tiene el jefe de ministros.<\/p>\n<p>\u201cDebe asistir al Congreso y, por supuesto, hablar de la planificaci\u00f3n del Gobierno, de la situaci\u00f3n, en l\u00edneas generales, que marca la agenda pol\u00edtica. En este caso, creo que m\u00e1s all\u00e1 de la cuesti\u00f3n constitucional, se ha creado una especie de idea que es una interpelaci\u00f3n y que la gente lo va a sentar en el banquillo de los acusados, que van a ser preguntas de acusaciones y no se trata de eso. Cuando fue vocero de la Casa Rosada, lo expres\u00f3 siempre de manera frontal frente a sus posiciones y las del Gobierno y nunca anduvo con rodeo\u2026 tampoco \u00e9sta va a ser la excepci\u00f3n. Creo que las preguntas que hagan se van a responder y confiamos en que se desarrolle con total normalidad como cualquier otro acto institucional y constitucional\u201d; manifest\u00f3 el legislador. <\/p>\n<p>En la misma l\u00ednea, record\u00f3 que, en lo que va del mandato del presidente Javier Milei, \u00e9sta ser\u00eda la tercera vez que se presenta un informe de gesti\u00f3n en el Congreso, ya que anteriormente lo hizo el antecesor de Adorni, Guillermo Francos: \u201cLas dos participaciones del anterior jefe de Gabinete dejaron saldos muy positivos\u201d, a\u00f1adi\u00f3.<\/p>\n<p>\u201cCreo que lo de Manuel el mi\u00e9rcoles no va a ser la excepci\u00f3n y consideramos que no solamente es uno de los funcionarios m\u00e1s importantes que tiene el Gobierno, sino que, adem\u00e1s, tiene una preparaci\u00f3n importante para este tipo de situaciones\u201d, remarc\u00f3 Almir\u00f3n.<\/p>\n<p>La sesi\u00f3n del pr\u00f3ximo 29 de abril, que est\u00e1 programada para iniciar entre las 10 y las 11hs., contar\u00e1 con la presencia del Presidente de la Naci\u00f3n y se presume que tendr\u00e1 una duraci\u00f3n estimada de seis horas. #AgenciaNA<\/p>\n","protected":false},"excerpt":{"rendered":"<p>Buenos Aires, 26 abril (NA) \u2013 El diputado nacional por La Libertad Avanza (LLA) Lisandro<\/p>\n","protected":false},"author":0,"featured_media":20846,"comment_status":"","ping_status":"","sticky":false,"template":"","format":"standard","meta":{"footnotes":""},"categories":[1],"tags":[],"class_list":["post-20845","post","type-post","status-publish","format-standard","has-post-thumbnail","hentry","category-regionales"],"yoast_head":"<!-- This site is optimized with the Yoast SEO plugin v27.4 - https:\/\/yoast.com\/product\/yoast-seo-wordpress\/ -->\n<title>Un diputado libertario respald\u00f3 a Adorni y asegur\u00f3 que \u201ces uno de los funcionarios m\u00e1s importantes\u201d del Gobierno - Fm Gente<\/title>\n<meta name=\"robots\" content=\"index, follow, max-snippet:-1, max-image-preview:large, max-video-preview:-1\" \/>\n<link rel=\"canonical\" href=\"https:\/\/fmgente.com.ar\/web\/un-diputado-libertario-respaldo-a-adorni-y-aseguro-que-es-uno-de-los-funcionarios-mas-importantes-del-gobierno\/\" \/>\n<meta property=\"og:locale\" content=\"es_ES\" \/>\n<meta property=\"og:type\" content=\"article\" \/>\n<meta property=\"og:title\" content=\"Un diputado libertario respald\u00f3 a Adorni y asegur\u00f3 que \u201ces uno de los funcionarios m\u00e1s importantes\u201d del Gobierno - Fm Gente\" \/>\n<meta property=\"og:description\" content=\"Buenos Aires, 26 abril (NA) \u2013 El diputado nacional por La Libertad Avanza (LLA) Lisandro\" \/>\n<meta property=\"og:url\" content=\"https:\/\/fmgente.com.ar\/web\/un-diputado-libertario-respaldo-a-adorni-y-aseguro-que-es-uno-de-los-funcionarios-mas-importantes-del-gobierno\/\" \/>\n<meta property=\"og:site_name\" content=\"Fm Gente\" \/>\n<meta property=\"article:published_time\" content=\"2026-04-26T22:06:14+00:00\" \/>\n<meta name=\"twitter:card\" content=\"summary_large_image\" \/>\n<meta name=\"twitter:label1\" content=\"Tiempo de lectura\" \/>\n\t<meta name=\"twitter:data1\" content=\"2 minutos\" \/>\n<script type=\"application\/ld+json\" class=\"yoast-schema-graph\">{\"@context\":\"https:\\\/\\\/schema.org\",\"@graph\":[{\"@type\":\"Article\",\"@id\":\"https:\\\/\\\/fmgente.com.ar\\\/web\\\/un-diputado-libertario-respaldo-a-adorni-y-aseguro-que-es-uno-de-los-funcionarios-mas-importantes-del-gobierno\\\/#article\",\"isPartOf\":{\"@id\":\"https:\\\/\\\/fmgente.com.ar\\\/web\\\/un-diputado-libertario-respaldo-a-adorni-y-aseguro-que-es-uno-de-los-funcionarios-mas-importantes-del-gobierno\\\/\"},\"author\":{\"name\":\"\",\"@id\":\"\"},\"headline\":\"Un diputado libertario respald\u00f3 a Adorni y asegur\u00f3 que \u201ces uno de los funcionarios m\u00e1s importantes\u201d del Gobierno\",\"datePublished\":\"2026-04-26T22:06:14+00:00\",\"mainEntityOfPage\":{\"@id\":\"https:\\\/\\\/fmgente.com.ar\\\/web\\\/un-diputado-libertario-respaldo-a-adorni-y-aseguro-que-es-uno-de-los-funcionarios-mas-importantes-del-gobierno\\\/\"},\"wordCount\":406,\"publisher\":{\"@id\":\"https:\\\/\\\/fmgente.com.ar\\\/web\\\/#organization\"},\"image\":{\"@id\":\"https:\\\/\\\/fmgente.com.ar\\\/web\\\/un-diputado-libertario-respaldo-a-adorni-y-aseguro-que-es-uno-de-los-funcionarios-mas-importantes-del-gobierno\\\/#primaryimage\"},\"thumbnailUrl\":\"https:\\\/\\\/fmgente.com.ar\\\/web\\\/wp-content\\\/uploads\\\/2026\\\/04\\\/720-1329.jpeg\",\"articleSection\":[\"REGIONALES\"],\"inLanguage\":\"es\"},{\"@type\":\"WebPage\",\"@id\":\"https:\\\/\\\/fmgente.com.ar\\\/web\\\/un-diputado-libertario-respaldo-a-adorni-y-aseguro-que-es-uno-de-los-funcionarios-mas-importantes-del-gobierno\\\/\",\"url\":\"https:\\\/\\\/fmgente.com.ar\\\/web\\\/un-diputado-libertario-respaldo-a-adorni-y-aseguro-que-es-uno-de-los-funcionarios-mas-importantes-del-gobierno\\\/\",\"name\":\"Un diputado libertario respald\u00f3 a Adorni y asegur\u00f3 que \u201ces uno de los funcionarios m\u00e1s importantes\u201d del Gobierno - Fm Gente\",\"isPartOf\":{\"@id\":\"https:\\\/\\\/fmgente.com.ar\\\/web\\\/#website\"},\"primaryImageOfPage\":{\"@id\":\"https:\\\/\\\/fmgente.com.ar\\\/web\\\/un-diputado-libertario-respaldo-a-adorni-y-aseguro-que-es-uno-de-los-funcionarios-mas-importantes-del-gobierno\\\/#primaryimage\"},\"image\":{\"@id\":\"https:\\\/\\\/fmgente.com.ar\\\/web\\\/un-diputado-libertario-respaldo-a-adorni-y-aseguro-que-es-uno-de-los-funcionarios-mas-importantes-del-gobierno\\\/#primaryimage\"},\"thumbnailUrl\":\"https:\\\/\\\/fmgente.com.ar\\\/web\\\/wp-content\\\/uploads\\\/2026\\\/04\\\/720-1329.jpeg\",\"datePublished\":\"2026-04-26T22:06:14+00:00\",\"inLanguage\":\"es\",\"potentialAction\":[{\"@type\":\"ReadAction\",\"target\":[\"https:\\\/\\\/fmgente.com.ar\\\/web\\\/un-diputado-libertario-respaldo-a-adorni-y-aseguro-que-es-uno-de-los-funcionarios-mas-importantes-del-gobierno\\\/\"]}]},{\"@type\":\"ImageObject\",\"inLanguage\":\"es\",\"@id\":\"https:\\\/\\\/fmgente.com.ar\\\/web\\\/un-diputado-libertario-respaldo-a-adorni-y-aseguro-que-es-uno-de-los-funcionarios-mas-importantes-del-gobierno\\\/#primaryimage\",\"url\":\"https:\\\/\\\/fmgente.com.ar\\\/web\\\/wp-content\\\/uploads\\\/2026\\\/04\\\/720-1329.jpeg\",\"contentUrl\":\"https:\\\/\\\/fmgente.com.ar\\\/web\\\/wp-content\\\/uploads\\\/2026\\\/04\\\/720-1329.jpeg\",\"width\":1173,\"height\":720},{\"@type\":\"WebSite\",\"@id\":\"https:\\\/\\\/fmgente.com.ar\\\/web\\\/#website\",\"url\":\"https:\\\/\\\/fmgente.com.ar\\\/web\\\/\",\"name\":\"Fm Gente\",\"description\":\"- Jes\u00fas Mar\u00eda\",\"publisher\":{\"@id\":\"https:\\\/\\\/fmgente.com.ar\\\/web\\\/#organization\"},\"potentialAction\":[{\"@type\":\"SearchAction\",\"target\":{\"@type\":\"EntryPoint\",\"urlTemplate\":\"https:\\\/\\\/fmgente.com.ar\\\/web\\\/?s={search_term_string}\"},\"query-input\":{\"@type\":\"PropertyValueSpecification\",\"valueRequired\":true,\"valueName\":\"search_term_string\"}}],\"inLanguage\":\"es\"},{\"@type\":\"Organization\",\"@id\":\"https:\\\/\\\/fmgente.com.ar\\\/web\\\/#organization\",\"name\":\"Fm Gente\",\"url\":\"https:\\\/\\\/fmgente.com.ar\\\/web\\\/\",\"logo\":{\"@type\":\"ImageObject\",\"inLanguage\":\"es\",\"@id\":\"https:\\\/\\\/fmgente.com.ar\\\/web\\\/#\\\/schema\\\/logo\\\/image\\\/\",\"url\":\"https:\\\/\\\/fmgente.com.ar\\\/web\\\/wp-content\\\/uploads\\\/2023\\\/07\\\/cropped-cropped-logo-sombra2.png\",\"contentUrl\":\"https:\\\/\\\/fmgente.com.ar\\\/web\\\/wp-content\\\/uploads\\\/2023\\\/07\\\/cropped-cropped-logo-sombra2.png\",\"width\":1782,\"height\":1782,\"caption\":\"Fm Gente\"},\"image\":{\"@id\":\"https:\\\/\\\/fmgente.com.ar\\\/web\\\/#\\\/schema\\\/logo\\\/image\\\/\"}}]}<\/script>\n<!-- \/ Yoast SEO plugin. -->","yoast_head_json":{"title":"Un diputado libertario respald\u00f3 a Adorni y asegur\u00f3 que \u201ces uno de los funcionarios m\u00e1s importantes\u201d del Gobierno - Fm Gente","robots":{"index":"index","follow":"follow","max-snippet":"max-snippet:-1","max-image-preview":"max-image-preview:large","max-video-preview":"max-video-preview:-1"},"canonical":"https:\/\/fmgente.com.ar\/web\/un-diputado-libertario-respaldo-a-adorni-y-aseguro-que-es-uno-de-los-funcionarios-mas-importantes-del-gobierno\/","og_locale":"es_ES","og_type":"article","og_title":"Un diputado libertario respald\u00f3 a Adorni y asegur\u00f3 que \u201ces uno de los funcionarios m\u00e1s importantes\u201d del Gobierno - Fm Gente","og_description":"Buenos Aires, 26 abril (NA) \u2013 El diputado nacional por La Libertad Avanza (LLA) Lisandro","og_url":"https:\/\/fmgente.com.ar\/web\/un-diputado-libertario-respaldo-a-adorni-y-aseguro-que-es-uno-de-los-funcionarios-mas-importantes-del-gobierno\/","og_site_name":"Fm Gente","article_published_time":"2026-04-26T22:06:14+00:00","twitter_card":"summary_large_image","twitter_misc":{"Tiempo de lectura":"2 minutos"},"schema":{"@context":"https:\/\/schema.org","@graph":[{"@type":"Article","@id":"https:\/\/fmgente.com.ar\/web\/un-diputado-libertario-respaldo-a-adorni-y-aseguro-que-es-uno-de-los-funcionarios-mas-importantes-del-gobierno\/#article","isPartOf":{"@id":"https:\/\/fmgente.com.ar\/web\/un-diputado-libertario-respaldo-a-adorni-y-aseguro-que-es-uno-de-los-funcionarios-mas-importantes-del-gobierno\/"},"author":{"name":"","@id":""},"headline":"Un diputado libertario respald\u00f3 a Adorni y asegur\u00f3 que \u201ces uno de los funcionarios m\u00e1s importantes\u201d del Gobierno","datePublished":"2026-04-26T22:06:14+00:00","mainEntityOfPage":{"@id":"https:\/\/fmgente.com.ar\/web\/un-diputado-libertario-respaldo-a-adorni-y-aseguro-que-es-uno-de-los-funcionarios-mas-importantes-del-gobierno\/"},"wordCount":406,"publisher":{"@id":"https:\/\/fmgente.com.ar\/web\/#organization"},"image":{"@id":"https:\/\/fmgente.com.ar\/web\/un-diputado-libertario-respaldo-a-adorni-y-aseguro-que-es-uno-de-los-funcionarios-mas-importantes-del-gobierno\/#primaryimage"},"thumbnailUrl":"https:\/\/fmgente.com.ar\/web\/wp-content\/uploads\/2026\/04\/720-1329.jpeg","articleSection":["REGIONALES"],"inLanguage":"es"},{"@type":"WebPage","@id":"https:\/\/fmgente.com.ar\/web\/un-diputado-libertario-respaldo-a-adorni-y-aseguro-que-es-uno-de-los-funcionarios-mas-importantes-del-gobierno\/","url":"https:\/\/fmgente.com.ar\/web\/un-diputado-libertario-respaldo-a-adorni-y-aseguro-que-es-uno-de-los-funcionarios-mas-importantes-del-gobierno\/","name":"Un diputado libertario respald\u00f3 a Adorni y asegur\u00f3 que \u201ces uno de los funcionarios m\u00e1s importantes\u201d del Gobierno - Fm Gente","isPartOf":{"@id":"https:\/\/fmgente.com.ar\/web\/#website"},"primaryImageOfPage":{"@id":"https:\/\/fmgente.com.ar\/web\/un-diputado-libertario-respaldo-a-adorni-y-aseguro-que-es-uno-de-los-funcionarios-mas-importantes-del-gobierno\/#primaryimage"},"image":{"@id":"https:\/\/fmgente.com.ar\/web\/un-diputado-libertario-respaldo-a-adorni-y-aseguro-que-es-uno-de-los-funcionarios-mas-importantes-del-gobierno\/#primaryimage"},"thumbnailUrl":"https:\/\/fmgente.com.ar\/web\/wp-content\/uploads\/2026\/04\/720-1329.jpeg","datePublished":"2026-04-26T22:06:14+00:00","inLanguage":"es","potentialAction":[{"@type":"ReadAction","target":["https:\/\/fmgente.com.ar\/web\/un-diputado-libertario-respaldo-a-adorni-y-aseguro-que-es-uno-de-los-funcionarios-mas-importantes-del-gobierno\/"]}]},{"@type":"ImageObject","inLanguage":"es","@id":"https:\/\/fmgente.com.ar\/web\/un-diputado-libertario-respaldo-a-adorni-y-aseguro-que-es-uno-de-los-funcionarios-mas-importantes-del-gobierno\/#primaryimage","url":"https:\/\/fmgente.com.ar\/web\/wp-content\/uploads\/2026\/04\/720-1329.jpeg","contentUrl":"https:\/\/fmgente.com.ar\/web\/wp-content\/uploads\/2026\/04\/720-1329.jpeg","width":1173,"height":720},{"@type":"WebSite","@id":"https:\/\/fmgente.com.ar\/web\/#website","url":"https:\/\/fmgente.com.ar\/web\/","name":"Fm Gente","description":"- Jes\u00fas Mar\u00eda","publisher":{"@id":"https:\/\/fmgente.com.ar\/web\/#organization"},"potentialAction":[{"@type":"SearchAction","target":{"@type":"EntryPoint","urlTemplate":"https:\/\/fmgente.com.ar\/web\/?s={search_term_string}"},"query-input":{"@type":"PropertyValueSpecification","valueRequired":true,"valueName":"search_term_string"}}],"inLanguage":"es"},{"@type":"Organization","@id":"https:\/\/fmgente.com.ar\/web\/#organization","name":"Fm Gente","url":"https:\/\/fmgente.com.ar\/web\/","logo":{"@type":"ImageObject","inLanguage":"es","@id":"https:\/\/fmgente.com.ar\/web\/#\/schema\/logo\/image\/","url":"https:\/\/fmgente.com.ar\/web\/wp-content\/uploads\/2023\/07\/cropped-cropped-logo-sombra2.png","contentUrl":"https:\/\/fmgente.com.ar\/web\/wp-content\/uploads\/2023\/07\/cropped-cropped-logo-sombra2.png","width":1782,"height":1782,"caption":"Fm Gente"},"image":{"@id":"https:\/\/fmgente.com.ar\/web\/#\/schema\/logo\/image\/"}}]}},"_links":{"self":[{"href":"https:\/\/fmgente.com.ar\/web\/wp-json\/wp\/v2\/posts\/20845","targetHints":{"allow":["GET"]}}],"collection":[{"href":"https:\/\/fmgente.com.ar\/web\/wp-json\/wp\/v2\/posts"}],"about":[{"href":"https:\/\/fmgente.com.ar\/web\/wp-json\/wp\/v2\/types\/post"}],"replies":[{"embeddable":true,"href":"https:\/\/fmgente.com.ar\/web\/wp-json\/wp\/v2\/comments?post=20845"}],"version-history":[{"count":0,"href":"https:\/\/fmgente.com.ar\/web\/wp-json\/wp\/v2\/posts\/20845\/revisions"}],"wp:featuredmedia":[{"embeddable":true,"href":"https:\/\/fmgente.com.ar\/web\/wp-json\/wp\/v2\/media\/20846"}],"wp:attachment":[{"href":"https:\/\/fmgente.com.ar\/web\/wp-json\/wp\/v2\/media?parent=20845"}],"wp:term":[{"taxonomy":"category","embeddable":true,"href":"https:\/\/fmgente.com.ar\/web\/wp-json\/wp\/v2\/categories?post=20845"},{"taxonomy":"post_tag","embeddable":true,"href":"https:\/\/fmgente.com.ar\/web\/wp-json\/wp\/v2\/tags?post=20845"}],"curies":[{"name":"wp","href":"https:\/\/api.w.org\/{rel}","templated":true}]}}