{"id":20843,"date":"2026-04-26T19:06:12","date_gmt":"2026-04-26T22:06:12","guid":{"rendered":"https:\/\/fmgente.com.ar\/web\/zelenski-dispuesto-a-celebrar-nueva-fase-de-dialogo-con-rusia-en-azerbaiyan\/"},"modified":"2026-04-26T19:06:12","modified_gmt":"2026-04-26T22:06:12","slug":"zelenski-dispuesto-a-celebrar-nueva-fase-de-dialogo-con-rusia-en-azerbaiyan","status":"publish","type":"post","link":"https:\/\/fmgente.com.ar\/web\/zelenski-dispuesto-a-celebrar-nueva-fase-de-dialogo-con-rusia-en-azerbaiyan\/","title":{"rendered":"Zelenski dispuesto a celebrar nueva fase de di\u00e1logo con Rusia en Azerbaiy\u00e1n"},"content":{"rendered":"<p>Buenos Aires, 26 abril (NA) &#8212; El presidente de Ucrania, Volodymyr Zelenski, afirm\u00f3 que est\u00e1 dispuesto a celebrar una pr\u00f3xima fase de negociaciones de paz con Rusia en Azerbaiy\u00e1n, seg\u00fan revelaron diversos medios internacionales.<\/p>\n<p>Zelenski realiz\u00f3 estas declaraciones tras su reuni\u00f3n con el presidente de Azerbaiy\u00e1n, Ilham Aliyev, en la ciudad azerbaiyana de Gabala, inform\u00f3 la agencia de noticias local Report, citando un comunicado de prensa.<\/p>\n<p>El mandatario ucraniano se\u00f1al\u00f3 que su pa\u00eds est\u00e1 preparado para reanudar un formato de negociaci\u00f3n trilateral y llevar a cabo conversaciones en Azerbaiy\u00e1n en un futuro cercano, recordando reuniones previas celebradas en Turqu\u00eda y Suiza con la participaci\u00f3n de Estados Unidos. <\/p>\n<p>El presidente ucraniano lo expres\u00f3 tras recordar este domingo la tragedia de Chern\u00f3bil, de la que se cumplen 40 a\u00f1os, y advirti\u00f3 del \u201cterrorismo nuclear\u201d ruso que con sus ataques pone al mundo al borde de una nueva cat\u00e1strofe at\u00f3mica.<\/p>\n<p>Zelenski afirm\u00f3 que Rusia, con su invasi\u00f3n de Ucrania en 2022, \u00abest\u00e1 llevando una vez m\u00e1s al mundo al borde de una cat\u00e1strofe provocada por el hombre\u00bb y subray\u00f3 que drones rusos sobrevuelan Chern\u00f3bil con regularidad y que uno de ellos impact\u00f3 contra su instalaci\u00f3n de protecci\u00f3n el a\u00f1o pasado.<\/p>\n<p>\u00abEl mundo no debe permitir que este terrorismo nuclear contin\u00fae, y la mejor manera de lograrlo es obligar a Rusia a detener sus ataques temerarios\u00bb, a\u00f1adi\u00f3.<\/p>\n<p>#AgenciaNA<\/p>\n","protected":false},"excerpt":{"rendered":"<p>Buenos Aires, 26 abril (NA) &#8212; El presidente de Ucrania, Volodymyr Zelenski, afirm\u00f3 que est\u00e1<\/p>\n","protected":false},"author":0,"featured_media":20844,"comment_status":"","ping_status":"","sticky":false,"template":"","format":"standard","meta":{"footnotes":""},"categories":[1],"tags":[],"class_list":["post-20843","post","type-post","status-publish","format-standard","has-post-thumbnail","hentry","category-regionales"],"yoast_head":"<!-- This site is optimized with the Yoast SEO plugin v27.4 - https:\/\/yoast.com\/product\/yoast-seo-wordpress\/ -->\n<title>Zelenski dispuesto a celebrar nueva fase de di\u00e1logo con Rusia en Azerbaiy\u00e1n - Fm Gente<\/title>\n<meta name=\"robots\" content=\"index, follow, max-snippet:-1, max-image-preview:large, max-video-preview:-1\" \/>\n<link rel=\"canonical\" href=\"https:\/\/fmgente.com.ar\/web\/zelenski-dispuesto-a-celebrar-nueva-fase-de-dialogo-con-rusia-en-azerbaiyan\/\" \/>\n<meta property=\"og:locale\" content=\"es_ES\" \/>\n<meta property=\"og:type\" content=\"article\" \/>\n<meta property=\"og:title\" content=\"Zelenski dispuesto a celebrar nueva fase de di\u00e1logo con Rusia en Azerbaiy\u00e1n - Fm Gente\" \/>\n<meta property=\"og:description\" content=\"Buenos Aires, 26 abril (NA) &#8212; El presidente de Ucrania, Volodymyr Zelenski, afirm\u00f3 que est\u00e1\" \/>\n<meta property=\"og:url\" content=\"https:\/\/fmgente.com.ar\/web\/zelenski-dispuesto-a-celebrar-nueva-fase-de-dialogo-con-rusia-en-azerbaiyan\/\" \/>\n<meta property=\"og:site_name\" content=\"Fm Gente\" \/>\n<meta property=\"article:published_time\" content=\"2026-04-26T22:06:12+00:00\" \/>\n<meta name=\"twitter:card\" content=\"summary_large_image\" \/>\n<meta name=\"twitter:label1\" content=\"Tiempo de lectura\" \/>\n\t<meta name=\"twitter:data1\" content=\"1 minuto\" \/>\n<script type=\"application\/ld+json\" class=\"yoast-schema-graph\">{\"@context\":\"https:\\\/\\\/schema.org\",\"@graph\":[{\"@type\":\"Article\",\"@id\":\"https:\\\/\\\/fmgente.com.ar\\\/web\\\/zelenski-dispuesto-a-celebrar-nueva-fase-de-dialogo-con-rusia-en-azerbaiyan\\\/#article\",\"isPartOf\":{\"@id\":\"https:\\\/\\\/fmgente.com.ar\\\/web\\\/zelenski-dispuesto-a-celebrar-nueva-fase-de-dialogo-con-rusia-en-azerbaiyan\\\/\"},\"author\":{\"name\":\"\",\"@id\":\"\"},\"headline\":\"Zelenski dispuesto a celebrar nueva fase de di\u00e1logo con Rusia en Azerbaiy\u00e1n\",\"datePublished\":\"2026-04-26T22:06:12+00:00\",\"mainEntityOfPage\":{\"@id\":\"https:\\\/\\\/fmgente.com.ar\\\/web\\\/zelenski-dispuesto-a-celebrar-nueva-fase-de-dialogo-con-rusia-en-azerbaiyan\\\/\"},\"wordCount\":259,\"publisher\":{\"@id\":\"https:\\\/\\\/fmgente.com.ar\\\/web\\\/#organization\"},\"image\":{\"@id\":\"https:\\\/\\\/fmgente.com.ar\\\/web\\\/zelenski-dispuesto-a-celebrar-nueva-fase-de-dialogo-con-rusia-en-azerbaiyan\\\/#primaryimage\"},\"thumbnailUrl\":\"https:\\\/\\\/fmgente.com.ar\\\/web\\\/wp-content\\\/uploads\\\/2026\\\/04\\\/720-1328.jpeg\",\"articleSection\":[\"REGIONALES\"],\"inLanguage\":\"es\"},{\"@type\":\"WebPage\",\"@id\":\"https:\\\/\\\/fmgente.com.ar\\\/web\\\/zelenski-dispuesto-a-celebrar-nueva-fase-de-dialogo-con-rusia-en-azerbaiyan\\\/\",\"url\":\"https:\\\/\\\/fmgente.com.ar\\\/web\\\/zelenski-dispuesto-a-celebrar-nueva-fase-de-dialogo-con-rusia-en-azerbaiyan\\\/\",\"name\":\"Zelenski dispuesto a celebrar nueva fase de di\u00e1logo con Rusia en Azerbaiy\u00e1n - Fm Gente\",\"isPartOf\":{\"@id\":\"https:\\\/\\\/fmgente.com.ar\\\/web\\\/#website\"},\"primaryImageOfPage\":{\"@id\":\"https:\\\/\\\/fmgente.com.ar\\\/web\\\/zelenski-dispuesto-a-celebrar-nueva-fase-de-dialogo-con-rusia-en-azerbaiyan\\\/#primaryimage\"},\"image\":{\"@id\":\"https:\\\/\\\/fmgente.com.ar\\\/web\\\/zelenski-dispuesto-a-celebrar-nueva-fase-de-dialogo-con-rusia-en-azerbaiyan\\\/#primaryimage\"},\"thumbnailUrl\":\"https:\\\/\\\/fmgente.com.ar\\\/web\\\/wp-content\\\/uploads\\\/2026\\\/04\\\/720-1328.jpeg\",\"datePublished\":\"2026-04-26T22:06:12+00:00\",\"inLanguage\":\"es\",\"potentialAction\":[{\"@type\":\"ReadAction\",\"target\":[\"https:\\\/\\\/fmgente.com.ar\\\/web\\\/zelenski-dispuesto-a-celebrar-nueva-fase-de-dialogo-con-rusia-en-azerbaiyan\\\/\"]}]},{\"@type\":\"ImageObject\",\"inLanguage\":\"es\",\"@id\":\"https:\\\/\\\/fmgente.com.ar\\\/web\\\/zelenski-dispuesto-a-celebrar-nueva-fase-de-dialogo-con-rusia-en-azerbaiyan\\\/#primaryimage\",\"url\":\"https:\\\/\\\/fmgente.com.ar\\\/web\\\/wp-content\\\/uploads\\\/2026\\\/04\\\/720-1328.jpeg\",\"contentUrl\":\"https:\\\/\\\/fmgente.com.ar\\\/web\\\/wp-content\\\/uploads\\\/2026\\\/04\\\/720-1328.jpeg\",\"width\":1079,\"height\":720},{\"@type\":\"WebSite\",\"@id\":\"https:\\\/\\\/fmgente.com.ar\\\/web\\\/#website\",\"url\":\"https:\\\/\\\/fmgente.com.ar\\\/web\\\/\",\"name\":\"Fm Gente\",\"description\":\"- Jes\u00fas Mar\u00eda\",\"publisher\":{\"@id\":\"https:\\\/\\\/fmgente.com.ar\\\/web\\\/#organization\"},\"potentialAction\":[{\"@type\":\"SearchAction\",\"target\":{\"@type\":\"EntryPoint\",\"urlTemplate\":\"https:\\\/\\\/fmgente.com.ar\\\/web\\\/?s={search_term_string}\"},\"query-input\":{\"@type\":\"PropertyValueSpecification\",\"valueRequired\":true,\"valueName\":\"search_term_string\"}}],\"inLanguage\":\"es\"},{\"@type\":\"Organization\",\"@id\":\"https:\\\/\\\/fmgente.com.ar\\\/web\\\/#organization\",\"name\":\"Fm Gente\",\"url\":\"https:\\\/\\\/fmgente.com.ar\\\/web\\\/\",\"logo\":{\"@type\":\"ImageObject\",\"inLanguage\":\"es\",\"@id\":\"https:\\\/\\\/fmgente.com.ar\\\/web\\\/#\\\/schema\\\/logo\\\/image\\\/\",\"url\":\"https:\\\/\\\/fmgente.com.ar\\\/web\\\/wp-content\\\/uploads\\\/2023\\\/07\\\/cropped-cropped-logo-sombra2.png\",\"contentUrl\":\"https:\\\/\\\/fmgente.com.ar\\\/web\\\/wp-content\\\/uploads\\\/2023\\\/07\\\/cropped-cropped-logo-sombra2.png\",\"width\":1782,\"height\":1782,\"caption\":\"Fm Gente\"},\"image\":{\"@id\":\"https:\\\/\\\/fmgente.com.ar\\\/web\\\/#\\\/schema\\\/logo\\\/image\\\/\"}}]}<\/script>\n<!-- \/ Yoast SEO plugin. -->","yoast_head_json":{"title":"Zelenski dispuesto a celebrar nueva fase de di\u00e1logo con Rusia en Azerbaiy\u00e1n - Fm Gente","robots":{"index":"index","follow":"follow","max-snippet":"max-snippet:-1","max-image-preview":"max-image-preview:large","max-video-preview":"max-video-preview:-1"},"canonical":"https:\/\/fmgente.com.ar\/web\/zelenski-dispuesto-a-celebrar-nueva-fase-de-dialogo-con-rusia-en-azerbaiyan\/","og_locale":"es_ES","og_type":"article","og_title":"Zelenski dispuesto a celebrar nueva fase de di\u00e1logo con Rusia en Azerbaiy\u00e1n - Fm Gente","og_description":"Buenos Aires, 26 abril (NA) &#8212; El presidente de Ucrania, Volodymyr Zelenski, afirm\u00f3 que est\u00e1","og_url":"https:\/\/fmgente.com.ar\/web\/zelenski-dispuesto-a-celebrar-nueva-fase-de-dialogo-con-rusia-en-azerbaiyan\/","og_site_name":"Fm Gente","article_published_time":"2026-04-26T22:06:12+00:00","twitter_card":"summary_large_image","twitter_misc":{"Tiempo de lectura":"1 minuto"},"schema":{"@context":"https:\/\/schema.org","@graph":[{"@type":"Article","@id":"https:\/\/fmgente.com.ar\/web\/zelenski-dispuesto-a-celebrar-nueva-fase-de-dialogo-con-rusia-en-azerbaiyan\/#article","isPartOf":{"@id":"https:\/\/fmgente.com.ar\/web\/zelenski-dispuesto-a-celebrar-nueva-fase-de-dialogo-con-rusia-en-azerbaiyan\/"},"author":{"name":"","@id":""},"headline":"Zelenski dispuesto a celebrar nueva fase de di\u00e1logo con Rusia en Azerbaiy\u00e1n","datePublished":"2026-04-26T22:06:12+00:00","mainEntityOfPage":{"@id":"https:\/\/fmgente.com.ar\/web\/zelenski-dispuesto-a-celebrar-nueva-fase-de-dialogo-con-rusia-en-azerbaiyan\/"},"wordCount":259,"publisher":{"@id":"https:\/\/fmgente.com.ar\/web\/#organization"},"image":{"@id":"https:\/\/fmgente.com.ar\/web\/zelenski-dispuesto-a-celebrar-nueva-fase-de-dialogo-con-rusia-en-azerbaiyan\/#primaryimage"},"thumbnailUrl":"https:\/\/fmgente.com.ar\/web\/wp-content\/uploads\/2026\/04\/720-1328.jpeg","articleSection":["REGIONALES"],"inLanguage":"es"},{"@type":"WebPage","@id":"https:\/\/fmgente.com.ar\/web\/zelenski-dispuesto-a-celebrar-nueva-fase-de-dialogo-con-rusia-en-azerbaiyan\/","url":"https:\/\/fmgente.com.ar\/web\/zelenski-dispuesto-a-celebrar-nueva-fase-de-dialogo-con-rusia-en-azerbaiyan\/","name":"Zelenski dispuesto a celebrar nueva fase de di\u00e1logo con Rusia en Azerbaiy\u00e1n - Fm Gente","isPartOf":{"@id":"https:\/\/fmgente.com.ar\/web\/#website"},"primaryImageOfPage":{"@id":"https:\/\/fmgente.com.ar\/web\/zelenski-dispuesto-a-celebrar-nueva-fase-de-dialogo-con-rusia-en-azerbaiyan\/#primaryimage"},"image":{"@id":"https:\/\/fmgente.com.ar\/web\/zelenski-dispuesto-a-celebrar-nueva-fase-de-dialogo-con-rusia-en-azerbaiyan\/#primaryimage"},"thumbnailUrl":"https:\/\/fmgente.com.ar\/web\/wp-content\/uploads\/2026\/04\/720-1328.jpeg","datePublished":"2026-04-26T22:06:12+00:00","inLanguage":"es","potentialAction":[{"@type":"ReadAction","target":["https:\/\/fmgente.com.ar\/web\/zelenski-dispuesto-a-celebrar-nueva-fase-de-dialogo-con-rusia-en-azerbaiyan\/"]}]},{"@type":"ImageObject","inLanguage":"es","@id":"https:\/\/fmgente.com.ar\/web\/zelenski-dispuesto-a-celebrar-nueva-fase-de-dialogo-con-rusia-en-azerbaiyan\/#primaryimage","url":"https:\/\/fmgente.com.ar\/web\/wp-content\/uploads\/2026\/04\/720-1328.jpeg","contentUrl":"https:\/\/fmgente.com.ar\/web\/wp-content\/uploads\/2026\/04\/720-1328.jpeg","width":1079,"height":720},{"@type":"WebSite","@id":"https:\/\/fmgente.com.ar\/web\/#website","url":"https:\/\/fmgente.com.ar\/web\/","name":"Fm Gente","description":"- Jes\u00fas Mar\u00eda","publisher":{"@id":"https:\/\/fmgente.com.ar\/web\/#organization"},"potentialAction":[{"@type":"SearchAction","target":{"@type":"EntryPoint","urlTemplate":"https:\/\/fmgente.com.ar\/web\/?s={search_term_string}"},"query-input":{"@type":"PropertyValueSpecification","valueRequired":true,"valueName":"search_term_string"}}],"inLanguage":"es"},{"@type":"Organization","@id":"https:\/\/fmgente.com.ar\/web\/#organization","name":"Fm Gente","url":"https:\/\/fmgente.com.ar\/web\/","logo":{"@type":"ImageObject","inLanguage":"es","@id":"https:\/\/fmgente.com.ar\/web\/#\/schema\/logo\/image\/","url":"https:\/\/fmgente.com.ar\/web\/wp-content\/uploads\/2023\/07\/cropped-cropped-logo-sombra2.png","contentUrl":"https:\/\/fmgente.com.ar\/web\/wp-content\/uploads\/2023\/07\/cropped-cropped-logo-sombra2.png","width":1782,"height":1782,"caption":"Fm Gente"},"image":{"@id":"https:\/\/fmgente.com.ar\/web\/#\/schema\/logo\/image\/"}}]}},"_links":{"self":[{"href":"https:\/\/fmgente.com.ar\/web\/wp-json\/wp\/v2\/posts\/20843","targetHints":{"allow":["GET"]}}],"collection":[{"href":"https:\/\/fmgente.com.ar\/web\/wp-json\/wp\/v2\/posts"}],"about":[{"href":"https:\/\/fmgente.com.ar\/web\/wp-json\/wp\/v2\/types\/post"}],"replies":[{"embeddable":true,"href":"https:\/\/fmgente.com.ar\/web\/wp-json\/wp\/v2\/comments?post=20843"}],"version-history":[{"count":0,"href":"https:\/\/fmgente.com.ar\/web\/wp-json\/wp\/v2\/posts\/20843\/revisions"}],"wp:featuredmedia":[{"embeddable":true,"href":"https:\/\/fmgente.com.ar\/web\/wp-json\/wp\/v2\/media\/20844"}],"wp:attachment":[{"href":"https:\/\/fmgente.com.ar\/web\/wp-json\/wp\/v2\/media?parent=20843"}],"wp:term":[{"taxonomy":"category","embeddable":true,"href":"https:\/\/fmgente.com.ar\/web\/wp-json\/wp\/v2\/categories?post=20843"},{"taxonomy":"post_tag","embeddable":true,"href":"https:\/\/fmgente.com.ar\/web\/wp-json\/wp\/v2\/tags?post=20843"}],"curies":[{"name":"wp","href":"https:\/\/api.w.org\/{rel}","templated":true}]}}