{"id":20841,"date":"2026-04-26T18:05:48","date_gmt":"2026-04-26T21:05:48","guid":{"rendered":"https:\/\/fmgente.com.ar\/web\/sturzenegger-amenaza-con-pasar-la-motosierra-en-el-smn-y-echar-al-85-del-personal\/"},"modified":"2026-04-26T18:05:48","modified_gmt":"2026-04-26T21:05:48","slug":"sturzenegger-amenaza-con-pasar-la-motosierra-en-el-smn-y-echar-al-85-del-personal","status":"publish","type":"post","link":"https:\/\/fmgente.com.ar\/web\/sturzenegger-amenaza-con-pasar-la-motosierra-en-el-smn-y-echar-al-85-del-personal\/","title":{"rendered":"Sturzenegger amenaza con pasar la motosierra en el SMN y echar al 85% del personal"},"content":{"rendered":"<p>Buenos Aires, 26 abril (NA) &#8211; El Ministro de Desregulaci\u00f3n y Transformaci\u00f3n del Estado, Federico Sturzenegger, sacudi\u00f3 las redes sociales al exponer lo que describe como una \u00abhistoria incre\u00edble\u00bb de ineficiencia tecnol\u00f3gica en el Servicio Meteorol\u00f3gico Nacional (SMN). Seg\u00fan el funcionario, el organismo opera bajo un esquema que parece haberse detenido en el tiempo, priorizando procesos manuales por sobre la automatizaci\u00f3n que hoy es est\u00e1ndar global.<\/p>\n<p>EL DIAGN\u00d3STICO SEG\u00daN STURZENEGGER: MUCHO PERSONAL, POCA TECNOLOG\u00cdA<\/p>\n<p>La estructura actual del SMN, de acuerdo con los datos presentados por el ministro, revela una desproporci\u00f3n llamativa entre el personal de apoyo y el cuerpo profesional:<\/p>\n<p> * Dotaci\u00f3n: Unas 1.000 personas en total.<br \/>\n * Especialistas: Solo 20 meteor\u00f3logos.<br \/>\n * Infraestructura: Aproximadamente 100 estaciones meteorol\u00f3gicas, muchas con m\u00e1s de 50 a\u00f1os de antig\u00fcedad.<\/p>\n<p>Lo que m\u00e1s resalta en el relato es el m\u00e9todo de recolecci\u00f3n de datos. En plena era de sat\u00e9lites y Big Data, el SMN todav\u00eda depender\u00eda de operadores que anotan mediciones en planillas de papel. Luego, esa informaci\u00f3n se vuelca en un sistema operativo DOS (tecnolog\u00eda de los a\u00f1os 80) para ser enviada a los meteor\u00f3logos.<\/p>\n<p>EL COSTO DE LA INEFICIENCIA<\/p>\n<p>Sturzenegger plantea que este modelo no solo es obsoleto, sino extremadamente costoso:<\/p>\n<p>\u00abLos sueldos de esas 7 personas [por estaci\u00f3n] permiten pagar una estaci\u00f3n moderna (la mejor disponible a nivel mundial) que transmite esos datos en tiempo real y sin necesidad de personal alguno\u00bb.<\/p>\n<p>El ministro sostiene que el organismo podr\u00eda funcionar con mayor precisi\u00f3n y un presupuesto significativamente menor, operando con unas 150 personas en lugar de las 1.000 actuales, si se aplicara una modernizaci\u00f3n dr\u00e1stica.<\/p>\n<p>PRODUCTIVIDAD Y SEGURIDAD NACIONAL<\/p>\n<p>La cr\u00edtica no se queda solo en lo presupuestario. El ministro vincula la falta de modernizaci\u00f3n con una mayor vulnerabilidad ante desastres clim\u00e1ticos, citando tragedias pasadas en La Plata o Bah\u00eda Blanca. Para el gobierno actual, la desidia de gestiones anteriores en el \u00e1rea de Defensa dej\u00f3 a la poblaci\u00f3n desguarnecida en t\u00e9rminos de alertas tempranas.<\/p>\n<p>PUNTOS CLAVE DE LA PROPUESTA DE MODERNIZACI\u00d3N:<\/p>\n<p> 1. Automatizaci\u00f3n: Reemplazar instrumentos de hace medio siglo por sensores digitales de transmisi\u00f3n en tiempo real.<br \/>\n 2. Reducci\u00f3n de personal: Reconvertir la estructura para pasar de un modelo de \u00abrecolectores manuales\u00bb a uno de an\u00e1lisis t\u00e9cnico.<br \/>\n 3. Eficiencia fiscal: El ahorro generado por la reducci\u00f3n de salarios destinados a tareas mec\u00e1nicas podr\u00eda financiar la renovaci\u00f3n total de la red de estaciones.<\/p>\n<p>El cierre del mensaje del ministro refuerza el cambio de rumbo bajo la presidencia de Javier Milei, se\u00f1alando que esta gesti\u00f3n busca poner \u00abracionalidad\u00bb y \u00aborden\u00bb para mejorar tanto la productividad del Estado como la seguridad de los ciudadanos. #AgenciaNA<\/p>\n","protected":false},"excerpt":{"rendered":"<p>Buenos Aires, 26 abril (NA) &#8211; El Ministro de Desregulaci\u00f3n y Transformaci\u00f3n del Estado, Federico<\/p>\n","protected":false},"author":0,"featured_media":20842,"comment_status":"","ping_status":"","sticky":false,"template":"","format":"standard","meta":{"footnotes":""},"categories":[1],"tags":[],"class_list":["post-20841","post","type-post","status-publish","format-standard","has-post-thumbnail","hentry","category-regionales"],"yoast_head":"<!-- This site is optimized with the Yoast SEO plugin v27.4 - https:\/\/yoast.com\/product\/yoast-seo-wordpress\/ -->\n<title>Sturzenegger amenaza con pasar la motosierra en el SMN y echar al 85% del personal - Fm Gente<\/title>\n<meta name=\"robots\" content=\"index, follow, max-snippet:-1, max-image-preview:large, max-video-preview:-1\" \/>\n<link rel=\"canonical\" href=\"https:\/\/fmgente.com.ar\/web\/sturzenegger-amenaza-con-pasar-la-motosierra-en-el-smn-y-echar-al-85-del-personal\/\" \/>\n<meta property=\"og:locale\" content=\"es_ES\" \/>\n<meta property=\"og:type\" content=\"article\" \/>\n<meta property=\"og:title\" content=\"Sturzenegger amenaza con pasar la motosierra en el SMN y echar al 85% del personal - Fm Gente\" \/>\n<meta property=\"og:description\" content=\"Buenos Aires, 26 abril (NA) &#8211; El Ministro de Desregulaci\u00f3n y Transformaci\u00f3n del Estado, Federico\" \/>\n<meta property=\"og:url\" content=\"https:\/\/fmgente.com.ar\/web\/sturzenegger-amenaza-con-pasar-la-motosierra-en-el-smn-y-echar-al-85-del-personal\/\" \/>\n<meta property=\"og:site_name\" content=\"Fm Gente\" \/>\n<meta property=\"article:published_time\" content=\"2026-04-26T21:05:48+00:00\" \/>\n<meta name=\"twitter:card\" content=\"summary_large_image\" \/>\n<meta name=\"twitter:label1\" content=\"Tiempo de lectura\" \/>\n\t<meta name=\"twitter:data1\" content=\"2 minutos\" \/>\n<script type=\"application\/ld+json\" class=\"yoast-schema-graph\">{\"@context\":\"https:\\\/\\\/schema.org\",\"@graph\":[{\"@type\":\"Article\",\"@id\":\"https:\\\/\\\/fmgente.com.ar\\\/web\\\/sturzenegger-amenaza-con-pasar-la-motosierra-en-el-smn-y-echar-al-85-del-personal\\\/#article\",\"isPartOf\":{\"@id\":\"https:\\\/\\\/fmgente.com.ar\\\/web\\\/sturzenegger-amenaza-con-pasar-la-motosierra-en-el-smn-y-echar-al-85-del-personal\\\/\"},\"author\":{\"name\":\"\",\"@id\":\"\"},\"headline\":\"Sturzenegger amenaza con pasar la motosierra en el SMN y echar al 85% del personal\",\"datePublished\":\"2026-04-26T21:05:48+00:00\",\"mainEntityOfPage\":{\"@id\":\"https:\\\/\\\/fmgente.com.ar\\\/web\\\/sturzenegger-amenaza-con-pasar-la-motosierra-en-el-smn-y-echar-al-85-del-personal\\\/\"},\"wordCount\":484,\"publisher\":{\"@id\":\"https:\\\/\\\/fmgente.com.ar\\\/web\\\/#organization\"},\"image\":{\"@id\":\"https:\\\/\\\/fmgente.com.ar\\\/web\\\/sturzenegger-amenaza-con-pasar-la-motosierra-en-el-smn-y-echar-al-85-del-personal\\\/#primaryimage\"},\"thumbnailUrl\":\"https:\\\/\\\/fmgente.com.ar\\\/web\\\/wp-content\\\/uploads\\\/2026\\\/04\\\/720-1327.jpeg\",\"articleSection\":[\"REGIONALES\"],\"inLanguage\":\"es\"},{\"@type\":\"WebPage\",\"@id\":\"https:\\\/\\\/fmgente.com.ar\\\/web\\\/sturzenegger-amenaza-con-pasar-la-motosierra-en-el-smn-y-echar-al-85-del-personal\\\/\",\"url\":\"https:\\\/\\\/fmgente.com.ar\\\/web\\\/sturzenegger-amenaza-con-pasar-la-motosierra-en-el-smn-y-echar-al-85-del-personal\\\/\",\"name\":\"Sturzenegger amenaza con pasar la motosierra en el SMN y echar al 85% del personal - Fm Gente\",\"isPartOf\":{\"@id\":\"https:\\\/\\\/fmgente.com.ar\\\/web\\\/#website\"},\"primaryImageOfPage\":{\"@id\":\"https:\\\/\\\/fmgente.com.ar\\\/web\\\/sturzenegger-amenaza-con-pasar-la-motosierra-en-el-smn-y-echar-al-85-del-personal\\\/#primaryimage\"},\"image\":{\"@id\":\"https:\\\/\\\/fmgente.com.ar\\\/web\\\/sturzenegger-amenaza-con-pasar-la-motosierra-en-el-smn-y-echar-al-85-del-personal\\\/#primaryimage\"},\"thumbnailUrl\":\"https:\\\/\\\/fmgente.com.ar\\\/web\\\/wp-content\\\/uploads\\\/2026\\\/04\\\/720-1327.jpeg\",\"datePublished\":\"2026-04-26T21:05:48+00:00\",\"inLanguage\":\"es\",\"potentialAction\":[{\"@type\":\"ReadAction\",\"target\":[\"https:\\\/\\\/fmgente.com.ar\\\/web\\\/sturzenegger-amenaza-con-pasar-la-motosierra-en-el-smn-y-echar-al-85-del-personal\\\/\"]}]},{\"@type\":\"ImageObject\",\"inLanguage\":\"es\",\"@id\":\"https:\\\/\\\/fmgente.com.ar\\\/web\\\/sturzenegger-amenaza-con-pasar-la-motosierra-en-el-smn-y-echar-al-85-del-personal\\\/#primaryimage\",\"url\":\"https:\\\/\\\/fmgente.com.ar\\\/web\\\/wp-content\\\/uploads\\\/2026\\\/04\\\/720-1327.jpeg\",\"contentUrl\":\"https:\\\/\\\/fmgente.com.ar\\\/web\\\/wp-content\\\/uploads\\\/2026\\\/04\\\/720-1327.jpeg\",\"width\":1280,\"height\":680},{\"@type\":\"WebSite\",\"@id\":\"https:\\\/\\\/fmgente.com.ar\\\/web\\\/#website\",\"url\":\"https:\\\/\\\/fmgente.com.ar\\\/web\\\/\",\"name\":\"Fm Gente\",\"description\":\"- Jes\u00fas Mar\u00eda\",\"publisher\":{\"@id\":\"https:\\\/\\\/fmgente.com.ar\\\/web\\\/#organization\"},\"potentialAction\":[{\"@type\":\"SearchAction\",\"target\":{\"@type\":\"EntryPoint\",\"urlTemplate\":\"https:\\\/\\\/fmgente.com.ar\\\/web\\\/?s={search_term_string}\"},\"query-input\":{\"@type\":\"PropertyValueSpecification\",\"valueRequired\":true,\"valueName\":\"search_term_string\"}}],\"inLanguage\":\"es\"},{\"@type\":\"Organization\",\"@id\":\"https:\\\/\\\/fmgente.com.ar\\\/web\\\/#organization\",\"name\":\"Fm Gente\",\"url\":\"https:\\\/\\\/fmgente.com.ar\\\/web\\\/\",\"logo\":{\"@type\":\"ImageObject\",\"inLanguage\":\"es\",\"@id\":\"https:\\\/\\\/fmgente.com.ar\\\/web\\\/#\\\/schema\\\/logo\\\/image\\\/\",\"url\":\"https:\\\/\\\/fmgente.com.ar\\\/web\\\/wp-content\\\/uploads\\\/2023\\\/07\\\/cropped-cropped-logo-sombra2.png\",\"contentUrl\":\"https:\\\/\\\/fmgente.com.ar\\\/web\\\/wp-content\\\/uploads\\\/2023\\\/07\\\/cropped-cropped-logo-sombra2.png\",\"width\":1782,\"height\":1782,\"caption\":\"Fm Gente\"},\"image\":{\"@id\":\"https:\\\/\\\/fmgente.com.ar\\\/web\\\/#\\\/schema\\\/logo\\\/image\\\/\"}}]}<\/script>\n<!-- \/ Yoast SEO plugin. -->","yoast_head_json":{"title":"Sturzenegger amenaza con pasar la motosierra en el SMN y echar al 85% del personal - Fm Gente","robots":{"index":"index","follow":"follow","max-snippet":"max-snippet:-1","max-image-preview":"max-image-preview:large","max-video-preview":"max-video-preview:-1"},"canonical":"https:\/\/fmgente.com.ar\/web\/sturzenegger-amenaza-con-pasar-la-motosierra-en-el-smn-y-echar-al-85-del-personal\/","og_locale":"es_ES","og_type":"article","og_title":"Sturzenegger amenaza con pasar la motosierra en el SMN y echar al 85% del personal - Fm Gente","og_description":"Buenos Aires, 26 abril (NA) &#8211; El Ministro de Desregulaci\u00f3n y Transformaci\u00f3n del Estado, Federico","og_url":"https:\/\/fmgente.com.ar\/web\/sturzenegger-amenaza-con-pasar-la-motosierra-en-el-smn-y-echar-al-85-del-personal\/","og_site_name":"Fm Gente","article_published_time":"2026-04-26T21:05:48+00:00","twitter_card":"summary_large_image","twitter_misc":{"Tiempo de lectura":"2 minutos"},"schema":{"@context":"https:\/\/schema.org","@graph":[{"@type":"Article","@id":"https:\/\/fmgente.com.ar\/web\/sturzenegger-amenaza-con-pasar-la-motosierra-en-el-smn-y-echar-al-85-del-personal\/#article","isPartOf":{"@id":"https:\/\/fmgente.com.ar\/web\/sturzenegger-amenaza-con-pasar-la-motosierra-en-el-smn-y-echar-al-85-del-personal\/"},"author":{"name":"","@id":""},"headline":"Sturzenegger amenaza con pasar la motosierra en el SMN y echar al 85% del personal","datePublished":"2026-04-26T21:05:48+00:00","mainEntityOfPage":{"@id":"https:\/\/fmgente.com.ar\/web\/sturzenegger-amenaza-con-pasar-la-motosierra-en-el-smn-y-echar-al-85-del-personal\/"},"wordCount":484,"publisher":{"@id":"https:\/\/fmgente.com.ar\/web\/#organization"},"image":{"@id":"https:\/\/fmgente.com.ar\/web\/sturzenegger-amenaza-con-pasar-la-motosierra-en-el-smn-y-echar-al-85-del-personal\/#primaryimage"},"thumbnailUrl":"https:\/\/fmgente.com.ar\/web\/wp-content\/uploads\/2026\/04\/720-1327.jpeg","articleSection":["REGIONALES"],"inLanguage":"es"},{"@type":"WebPage","@id":"https:\/\/fmgente.com.ar\/web\/sturzenegger-amenaza-con-pasar-la-motosierra-en-el-smn-y-echar-al-85-del-personal\/","url":"https:\/\/fmgente.com.ar\/web\/sturzenegger-amenaza-con-pasar-la-motosierra-en-el-smn-y-echar-al-85-del-personal\/","name":"Sturzenegger amenaza con pasar la motosierra en el SMN y echar al 85% del personal - Fm Gente","isPartOf":{"@id":"https:\/\/fmgente.com.ar\/web\/#website"},"primaryImageOfPage":{"@id":"https:\/\/fmgente.com.ar\/web\/sturzenegger-amenaza-con-pasar-la-motosierra-en-el-smn-y-echar-al-85-del-personal\/#primaryimage"},"image":{"@id":"https:\/\/fmgente.com.ar\/web\/sturzenegger-amenaza-con-pasar-la-motosierra-en-el-smn-y-echar-al-85-del-personal\/#primaryimage"},"thumbnailUrl":"https:\/\/fmgente.com.ar\/web\/wp-content\/uploads\/2026\/04\/720-1327.jpeg","datePublished":"2026-04-26T21:05:48+00:00","inLanguage":"es","potentialAction":[{"@type":"ReadAction","target":["https:\/\/fmgente.com.ar\/web\/sturzenegger-amenaza-con-pasar-la-motosierra-en-el-smn-y-echar-al-85-del-personal\/"]}]},{"@type":"ImageObject","inLanguage":"es","@id":"https:\/\/fmgente.com.ar\/web\/sturzenegger-amenaza-con-pasar-la-motosierra-en-el-smn-y-echar-al-85-del-personal\/#primaryimage","url":"https:\/\/fmgente.com.ar\/web\/wp-content\/uploads\/2026\/04\/720-1327.jpeg","contentUrl":"https:\/\/fmgente.com.ar\/web\/wp-content\/uploads\/2026\/04\/720-1327.jpeg","width":1280,"height":680},{"@type":"WebSite","@id":"https:\/\/fmgente.com.ar\/web\/#website","url":"https:\/\/fmgente.com.ar\/web\/","name":"Fm Gente","description":"- Jes\u00fas Mar\u00eda","publisher":{"@id":"https:\/\/fmgente.com.ar\/web\/#organization"},"potentialAction":[{"@type":"SearchAction","target":{"@type":"EntryPoint","urlTemplate":"https:\/\/fmgente.com.ar\/web\/?s={search_term_string}"},"query-input":{"@type":"PropertyValueSpecification","valueRequired":true,"valueName":"search_term_string"}}],"inLanguage":"es"},{"@type":"Organization","@id":"https:\/\/fmgente.com.ar\/web\/#organization","name":"Fm Gente","url":"https:\/\/fmgente.com.ar\/web\/","logo":{"@type":"ImageObject","inLanguage":"es","@id":"https:\/\/fmgente.com.ar\/web\/#\/schema\/logo\/image\/","url":"https:\/\/fmgente.com.ar\/web\/wp-content\/uploads\/2023\/07\/cropped-cropped-logo-sombra2.png","contentUrl":"https:\/\/fmgente.com.ar\/web\/wp-content\/uploads\/2023\/07\/cropped-cropped-logo-sombra2.png","width":1782,"height":1782,"caption":"Fm Gente"},"image":{"@id":"https:\/\/fmgente.com.ar\/web\/#\/schema\/logo\/image\/"}}]}},"_links":{"self":[{"href":"https:\/\/fmgente.com.ar\/web\/wp-json\/wp\/v2\/posts\/20841","targetHints":{"allow":["GET"]}}],"collection":[{"href":"https:\/\/fmgente.com.ar\/web\/wp-json\/wp\/v2\/posts"}],"about":[{"href":"https:\/\/fmgente.com.ar\/web\/wp-json\/wp\/v2\/types\/post"}],"replies":[{"embeddable":true,"href":"https:\/\/fmgente.com.ar\/web\/wp-json\/wp\/v2\/comments?post=20841"}],"version-history":[{"count":0,"href":"https:\/\/fmgente.com.ar\/web\/wp-json\/wp\/v2\/posts\/20841\/revisions"}],"wp:featuredmedia":[{"embeddable":true,"href":"https:\/\/fmgente.com.ar\/web\/wp-json\/wp\/v2\/media\/20842"}],"wp:attachment":[{"href":"https:\/\/fmgente.com.ar\/web\/wp-json\/wp\/v2\/media?parent=20841"}],"wp:term":[{"taxonomy":"category","embeddable":true,"href":"https:\/\/fmgente.com.ar\/web\/wp-json\/wp\/v2\/categories?post=20841"},{"taxonomy":"post_tag","embeddable":true,"href":"https:\/\/fmgente.com.ar\/web\/wp-json\/wp\/v2\/tags?post=20841"}],"curies":[{"name":"wp","href":"https:\/\/api.w.org\/{rel}","templated":true}]}}