{"id":20833,"date":"2026-04-26T18:05:43","date_gmt":"2026-04-26T21:05:43","guid":{"rendered":"https:\/\/fmgente.com.ar\/web\/como-estara-el-clima-en-buenos-aires-este-lunes-27-de-abril-fuerte-baja-de-la-temperatura\/"},"modified":"2026-04-26T18:05:43","modified_gmt":"2026-04-26T21:05:43","slug":"como-estara-el-clima-en-buenos-aires-este-lunes-27-de-abril-fuerte-baja-de-la-temperatura","status":"publish","type":"post","link":"https:\/\/fmgente.com.ar\/web\/como-estara-el-clima-en-buenos-aires-este-lunes-27-de-abril-fuerte-baja-de-la-temperatura\/","title":{"rendered":"C\u00f3mo estar\u00e1 el clima en Buenos Aires este lunes 27 de abril: fuerte baja de la temperatura"},"content":{"rendered":"<p>Buenos Aires, 26 abril (NA) \u2013 El fr\u00edo comienza a instalarse en el \u00c1rea Metropolitana de Buenos Aires (AMBA) y marca el inicio de una semana con bajas temperaturas, aunque sin extremos polares, seg\u00fan lo inform\u00f3 de manera oficial el Servicio Meteorol\u00f3gico Nacional (SNN).<\/p>\n<p>Para este lunes, se prev\u00e9 una jornada con cielo parcialmente nublado y temperaturas que oscilar\u00e1n entre los 5 y los 17 grados. El arranque del d\u00eda ser\u00e1 especialmente fr\u00edo, con m\u00ednimas que obligar\u00e1n a abrigarse bien durante las primeras horas.<\/p>\n<p>De acuerdo con el organismo, con el correr de los d\u00edas se registrar\u00e1 un leve ascenso en las marcas t\u00e9rmicas. Si bien el ambiente fr\u00edo se mantendr\u00e1 en la regi\u00f3n, se espera que las condiciones sean m\u00e1s moderadas y lejos de un escenario de fr\u00edo polar.<\/p>\n<p>De esta manera, el AMBA atravesar\u00e1 una semana t\u00edpicamente oto\u00f1al, con ma\u00f1anas frescas y tardes algo m\u00e1s templadas, en un contexto de estabilidad clim\u00e1tica y sin fen\u00f3menos extremos a la vista.<\/p>\n<p>#AgenciaNA<\/p>\n","protected":false},"excerpt":{"rendered":"<p>Buenos Aires, 26 abril (NA) \u2013 El fr\u00edo comienza a instalarse en el \u00c1rea Metropolitana<\/p>\n","protected":false},"author":0,"featured_media":20834,"comment_status":"","ping_status":"","sticky":false,"template":"","format":"standard","meta":{"footnotes":""},"categories":[1],"tags":[],"class_list":["post-20833","post","type-post","status-publish","format-standard","has-post-thumbnail","hentry","category-regionales"],"yoast_head":"<!-- This site is optimized with the Yoast SEO plugin v27.4 - https:\/\/yoast.com\/product\/yoast-seo-wordpress\/ -->\n<title>C\u00f3mo estar\u00e1 el clima en Buenos Aires este lunes 27 de abril: fuerte baja de la temperatura - Fm Gente<\/title>\n<meta name=\"robots\" content=\"index, follow, max-snippet:-1, max-image-preview:large, max-video-preview:-1\" \/>\n<link rel=\"canonical\" href=\"https:\/\/fmgente.com.ar\/web\/como-estara-el-clima-en-buenos-aires-este-lunes-27-de-abril-fuerte-baja-de-la-temperatura\/\" \/>\n<meta property=\"og:locale\" content=\"es_ES\" \/>\n<meta property=\"og:type\" content=\"article\" \/>\n<meta property=\"og:title\" content=\"C\u00f3mo estar\u00e1 el clima en Buenos Aires este lunes 27 de abril: fuerte baja de la temperatura - Fm Gente\" \/>\n<meta property=\"og:description\" content=\"Buenos Aires, 26 abril (NA) \u2013 El fr\u00edo comienza a instalarse en el \u00c1rea Metropolitana\" \/>\n<meta property=\"og:url\" content=\"https:\/\/fmgente.com.ar\/web\/como-estara-el-clima-en-buenos-aires-este-lunes-27-de-abril-fuerte-baja-de-la-temperatura\/\" \/>\n<meta property=\"og:site_name\" content=\"Fm Gente\" \/>\n<meta property=\"article:published_time\" content=\"2026-04-26T21:05:43+00:00\" \/>\n<meta name=\"twitter:card\" content=\"summary_large_image\" \/>\n<meta name=\"twitter:label1\" content=\"Tiempo de lectura\" \/>\n\t<meta name=\"twitter:data1\" content=\"1 minuto\" \/>\n<script type=\"application\/ld+json\" class=\"yoast-schema-graph\">{\"@context\":\"https:\\\/\\\/schema.org\",\"@graph\":[{\"@type\":\"Article\",\"@id\":\"https:\\\/\\\/fmgente.com.ar\\\/web\\\/como-estara-el-clima-en-buenos-aires-este-lunes-27-de-abril-fuerte-baja-de-la-temperatura\\\/#article\",\"isPartOf\":{\"@id\":\"https:\\\/\\\/fmgente.com.ar\\\/web\\\/como-estara-el-clima-en-buenos-aires-este-lunes-27-de-abril-fuerte-baja-de-la-temperatura\\\/\"},\"author\":{\"name\":\"\",\"@id\":\"\"},\"headline\":\"C\u00f3mo estar\u00e1 el clima en Buenos Aires este lunes 27 de abril: fuerte baja de la temperatura\",\"datePublished\":\"2026-04-26T21:05:43+00:00\",\"mainEntityOfPage\":{\"@id\":\"https:\\\/\\\/fmgente.com.ar\\\/web\\\/como-estara-el-clima-en-buenos-aires-este-lunes-27-de-abril-fuerte-baja-de-la-temperatura\\\/\"},\"wordCount\":195,\"publisher\":{\"@id\":\"https:\\\/\\\/fmgente.com.ar\\\/web\\\/#organization\"},\"image\":{\"@id\":\"https:\\\/\\\/fmgente.com.ar\\\/web\\\/como-estara-el-clima-en-buenos-aires-este-lunes-27-de-abril-fuerte-baja-de-la-temperatura\\\/#primaryimage\"},\"thumbnailUrl\":\"https:\\\/\\\/fmgente.com.ar\\\/web\\\/wp-content\\\/uploads\\\/2026\\\/04\\\/720-1323.jpeg\",\"articleSection\":[\"REGIONALES\"],\"inLanguage\":\"es\"},{\"@type\":\"WebPage\",\"@id\":\"https:\\\/\\\/fmgente.com.ar\\\/web\\\/como-estara-el-clima-en-buenos-aires-este-lunes-27-de-abril-fuerte-baja-de-la-temperatura\\\/\",\"url\":\"https:\\\/\\\/fmgente.com.ar\\\/web\\\/como-estara-el-clima-en-buenos-aires-este-lunes-27-de-abril-fuerte-baja-de-la-temperatura\\\/\",\"name\":\"C\u00f3mo estar\u00e1 el clima en Buenos Aires este lunes 27 de abril: fuerte baja de la temperatura - Fm Gente\",\"isPartOf\":{\"@id\":\"https:\\\/\\\/fmgente.com.ar\\\/web\\\/#website\"},\"primaryImageOfPage\":{\"@id\":\"https:\\\/\\\/fmgente.com.ar\\\/web\\\/como-estara-el-clima-en-buenos-aires-este-lunes-27-de-abril-fuerte-baja-de-la-temperatura\\\/#primaryimage\"},\"image\":{\"@id\":\"https:\\\/\\\/fmgente.com.ar\\\/web\\\/como-estara-el-clima-en-buenos-aires-este-lunes-27-de-abril-fuerte-baja-de-la-temperatura\\\/#primaryimage\"},\"thumbnailUrl\":\"https:\\\/\\\/fmgente.com.ar\\\/web\\\/wp-content\\\/uploads\\\/2026\\\/04\\\/720-1323.jpeg\",\"datePublished\":\"2026-04-26T21:05:43+00:00\",\"inLanguage\":\"es\",\"potentialAction\":[{\"@type\":\"ReadAction\",\"target\":[\"https:\\\/\\\/fmgente.com.ar\\\/web\\\/como-estara-el-clima-en-buenos-aires-este-lunes-27-de-abril-fuerte-baja-de-la-temperatura\\\/\"]}]},{\"@type\":\"ImageObject\",\"inLanguage\":\"es\",\"@id\":\"https:\\\/\\\/fmgente.com.ar\\\/web\\\/como-estara-el-clima-en-buenos-aires-este-lunes-27-de-abril-fuerte-baja-de-la-temperatura\\\/#primaryimage\",\"url\":\"https:\\\/\\\/fmgente.com.ar\\\/web\\\/wp-content\\\/uploads\\\/2026\\\/04\\\/720-1323.jpeg\",\"contentUrl\":\"https:\\\/\\\/fmgente.com.ar\\\/web\\\/wp-content\\\/uploads\\\/2026\\\/04\\\/720-1323.jpeg\",\"width\":1134,\"height\":720},{\"@type\":\"WebSite\",\"@id\":\"https:\\\/\\\/fmgente.com.ar\\\/web\\\/#website\",\"url\":\"https:\\\/\\\/fmgente.com.ar\\\/web\\\/\",\"name\":\"Fm Gente\",\"description\":\"- Jes\u00fas Mar\u00eda\",\"publisher\":{\"@id\":\"https:\\\/\\\/fmgente.com.ar\\\/web\\\/#organization\"},\"potentialAction\":[{\"@type\":\"SearchAction\",\"target\":{\"@type\":\"EntryPoint\",\"urlTemplate\":\"https:\\\/\\\/fmgente.com.ar\\\/web\\\/?s={search_term_string}\"},\"query-input\":{\"@type\":\"PropertyValueSpecification\",\"valueRequired\":true,\"valueName\":\"search_term_string\"}}],\"inLanguage\":\"es\"},{\"@type\":\"Organization\",\"@id\":\"https:\\\/\\\/fmgente.com.ar\\\/web\\\/#organization\",\"name\":\"Fm Gente\",\"url\":\"https:\\\/\\\/fmgente.com.ar\\\/web\\\/\",\"logo\":{\"@type\":\"ImageObject\",\"inLanguage\":\"es\",\"@id\":\"https:\\\/\\\/fmgente.com.ar\\\/web\\\/#\\\/schema\\\/logo\\\/image\\\/\",\"url\":\"https:\\\/\\\/fmgente.com.ar\\\/web\\\/wp-content\\\/uploads\\\/2023\\\/07\\\/cropped-cropped-logo-sombra2.png\",\"contentUrl\":\"https:\\\/\\\/fmgente.com.ar\\\/web\\\/wp-content\\\/uploads\\\/2023\\\/07\\\/cropped-cropped-logo-sombra2.png\",\"width\":1782,\"height\":1782,\"caption\":\"Fm Gente\"},\"image\":{\"@id\":\"https:\\\/\\\/fmgente.com.ar\\\/web\\\/#\\\/schema\\\/logo\\\/image\\\/\"}}]}<\/script>\n<!-- \/ Yoast SEO plugin. -->","yoast_head_json":{"title":"C\u00f3mo estar\u00e1 el clima en Buenos Aires este lunes 27 de abril: fuerte baja de la temperatura - Fm Gente","robots":{"index":"index","follow":"follow","max-snippet":"max-snippet:-1","max-image-preview":"max-image-preview:large","max-video-preview":"max-video-preview:-1"},"canonical":"https:\/\/fmgente.com.ar\/web\/como-estara-el-clima-en-buenos-aires-este-lunes-27-de-abril-fuerte-baja-de-la-temperatura\/","og_locale":"es_ES","og_type":"article","og_title":"C\u00f3mo estar\u00e1 el clima en Buenos Aires este lunes 27 de abril: fuerte baja de la temperatura - Fm Gente","og_description":"Buenos Aires, 26 abril (NA) \u2013 El fr\u00edo comienza a instalarse en el \u00c1rea Metropolitana","og_url":"https:\/\/fmgente.com.ar\/web\/como-estara-el-clima-en-buenos-aires-este-lunes-27-de-abril-fuerte-baja-de-la-temperatura\/","og_site_name":"Fm Gente","article_published_time":"2026-04-26T21:05:43+00:00","twitter_card":"summary_large_image","twitter_misc":{"Tiempo de lectura":"1 minuto"},"schema":{"@context":"https:\/\/schema.org","@graph":[{"@type":"Article","@id":"https:\/\/fmgente.com.ar\/web\/como-estara-el-clima-en-buenos-aires-este-lunes-27-de-abril-fuerte-baja-de-la-temperatura\/#article","isPartOf":{"@id":"https:\/\/fmgente.com.ar\/web\/como-estara-el-clima-en-buenos-aires-este-lunes-27-de-abril-fuerte-baja-de-la-temperatura\/"},"author":{"name":"","@id":""},"headline":"C\u00f3mo estar\u00e1 el clima en Buenos Aires este lunes 27 de abril: fuerte baja de la temperatura","datePublished":"2026-04-26T21:05:43+00:00","mainEntityOfPage":{"@id":"https:\/\/fmgente.com.ar\/web\/como-estara-el-clima-en-buenos-aires-este-lunes-27-de-abril-fuerte-baja-de-la-temperatura\/"},"wordCount":195,"publisher":{"@id":"https:\/\/fmgente.com.ar\/web\/#organization"},"image":{"@id":"https:\/\/fmgente.com.ar\/web\/como-estara-el-clima-en-buenos-aires-este-lunes-27-de-abril-fuerte-baja-de-la-temperatura\/#primaryimage"},"thumbnailUrl":"https:\/\/fmgente.com.ar\/web\/wp-content\/uploads\/2026\/04\/720-1323.jpeg","articleSection":["REGIONALES"],"inLanguage":"es"},{"@type":"WebPage","@id":"https:\/\/fmgente.com.ar\/web\/como-estara-el-clima-en-buenos-aires-este-lunes-27-de-abril-fuerte-baja-de-la-temperatura\/","url":"https:\/\/fmgente.com.ar\/web\/como-estara-el-clima-en-buenos-aires-este-lunes-27-de-abril-fuerte-baja-de-la-temperatura\/","name":"C\u00f3mo estar\u00e1 el clima en Buenos Aires este lunes 27 de abril: fuerte baja de la temperatura - Fm Gente","isPartOf":{"@id":"https:\/\/fmgente.com.ar\/web\/#website"},"primaryImageOfPage":{"@id":"https:\/\/fmgente.com.ar\/web\/como-estara-el-clima-en-buenos-aires-este-lunes-27-de-abril-fuerte-baja-de-la-temperatura\/#primaryimage"},"image":{"@id":"https:\/\/fmgente.com.ar\/web\/como-estara-el-clima-en-buenos-aires-este-lunes-27-de-abril-fuerte-baja-de-la-temperatura\/#primaryimage"},"thumbnailUrl":"https:\/\/fmgente.com.ar\/web\/wp-content\/uploads\/2026\/04\/720-1323.jpeg","datePublished":"2026-04-26T21:05:43+00:00","inLanguage":"es","potentialAction":[{"@type":"ReadAction","target":["https:\/\/fmgente.com.ar\/web\/como-estara-el-clima-en-buenos-aires-este-lunes-27-de-abril-fuerte-baja-de-la-temperatura\/"]}]},{"@type":"ImageObject","inLanguage":"es","@id":"https:\/\/fmgente.com.ar\/web\/como-estara-el-clima-en-buenos-aires-este-lunes-27-de-abril-fuerte-baja-de-la-temperatura\/#primaryimage","url":"https:\/\/fmgente.com.ar\/web\/wp-content\/uploads\/2026\/04\/720-1323.jpeg","contentUrl":"https:\/\/fmgente.com.ar\/web\/wp-content\/uploads\/2026\/04\/720-1323.jpeg","width":1134,"height":720},{"@type":"WebSite","@id":"https:\/\/fmgente.com.ar\/web\/#website","url":"https:\/\/fmgente.com.ar\/web\/","name":"Fm Gente","description":"- Jes\u00fas Mar\u00eda","publisher":{"@id":"https:\/\/fmgente.com.ar\/web\/#organization"},"potentialAction":[{"@type":"SearchAction","target":{"@type":"EntryPoint","urlTemplate":"https:\/\/fmgente.com.ar\/web\/?s={search_term_string}"},"query-input":{"@type":"PropertyValueSpecification","valueRequired":true,"valueName":"search_term_string"}}],"inLanguage":"es"},{"@type":"Organization","@id":"https:\/\/fmgente.com.ar\/web\/#organization","name":"Fm Gente","url":"https:\/\/fmgente.com.ar\/web\/","logo":{"@type":"ImageObject","inLanguage":"es","@id":"https:\/\/fmgente.com.ar\/web\/#\/schema\/logo\/image\/","url":"https:\/\/fmgente.com.ar\/web\/wp-content\/uploads\/2023\/07\/cropped-cropped-logo-sombra2.png","contentUrl":"https:\/\/fmgente.com.ar\/web\/wp-content\/uploads\/2023\/07\/cropped-cropped-logo-sombra2.png","width":1782,"height":1782,"caption":"Fm Gente"},"image":{"@id":"https:\/\/fmgente.com.ar\/web\/#\/schema\/logo\/image\/"}}]}},"_links":{"self":[{"href":"https:\/\/fmgente.com.ar\/web\/wp-json\/wp\/v2\/posts\/20833","targetHints":{"allow":["GET"]}}],"collection":[{"href":"https:\/\/fmgente.com.ar\/web\/wp-json\/wp\/v2\/posts"}],"about":[{"href":"https:\/\/fmgente.com.ar\/web\/wp-json\/wp\/v2\/types\/post"}],"replies":[{"embeddable":true,"href":"https:\/\/fmgente.com.ar\/web\/wp-json\/wp\/v2\/comments?post=20833"}],"version-history":[{"count":0,"href":"https:\/\/fmgente.com.ar\/web\/wp-json\/wp\/v2\/posts\/20833\/revisions"}],"wp:featuredmedia":[{"embeddable":true,"href":"https:\/\/fmgente.com.ar\/web\/wp-json\/wp\/v2\/media\/20834"}],"wp:attachment":[{"href":"https:\/\/fmgente.com.ar\/web\/wp-json\/wp\/v2\/media?parent=20833"}],"wp:term":[{"taxonomy":"category","embeddable":true,"href":"https:\/\/fmgente.com.ar\/web\/wp-json\/wp\/v2\/categories?post=20833"},{"taxonomy":"post_tag","embeddable":true,"href":"https:\/\/fmgente.com.ar\/web\/wp-json\/wp\/v2\/tags?post=20833"}],"curies":[{"name":"wp","href":"https:\/\/api.w.org\/{rel}","templated":true}]}}