{"id":20827,"date":"2026-04-26T17:05:54","date_gmt":"2026-04-26T20:05:54","guid":{"rendered":"https:\/\/fmgente.com.ar\/web\/pato-sardelli-toco-una-poderosa-version-del-himno-argentino-y-desato-una-ovacion-inolvidable-en-parlemo\/"},"modified":"2026-04-26T17:05:54","modified_gmt":"2026-04-26T20:05:54","slug":"pato-sardelli-toco-una-poderosa-version-del-himno-argentino-y-desato-una-ovacion-inolvidable-en-parlemo","status":"publish","type":"post","link":"https:\/\/fmgente.com.ar\/web\/pato-sardelli-toco-una-poderosa-version-del-himno-argentino-y-desato-una-ovacion-inolvidable-en-parlemo\/","title":{"rendered":"Pato Sardelli toc\u00f3 una poderosa versi\u00f3n del himno argentino y desat\u00f3 una ovaci\u00f3n inolvidable en Parlemo"},"content":{"rendered":"<p>En la previa del hist\u00f3rico road show que Franco Colapinto protagoniz\u00f3 este domingo en Palermo, el l\u00edder de Airbag apareci\u00f3 para interpretar una versi\u00f3n muy particular del Himno Nacional Argentino. <\/p>\n<p>Antes de que el piloto de Alpine saliera a acelerar su monoplaza Sardelli mostr\u00f3 su impronta rockera y logr\u00f3 una interpretaci\u00f3n completamente personal.<\/p>\n<p>El artista apareci\u00f3 frente a una multitud estimada en cientos de miles de personas que cop\u00f3 desde temprano las inmediaciones de Avenida del Libertador y Sarmiento para vivir el \u201cRoad Show to BA 2026\u201d, el megaevento que marc\u00f3 el regreso de un auto de F\u00f3rmula 1 a las calles porte\u00f1as despu\u00e9s de 14 a\u00f1os.<\/p>\n","protected":false},"excerpt":{"rendered":"<p>En la previa del hist\u00f3rico road show que Franco Colapinto protagoniz\u00f3 este domingo en Palermo,<\/p>\n","protected":false},"author":0,"featured_media":20828,"comment_status":"","ping_status":"","sticky":false,"template":"","format":"standard","meta":{"footnotes":""},"categories":[11],"tags":[],"class_list":["post-20827","post","type-post","status-publish","format-standard","has-post-thumbnail","hentry","category-destacadas"],"yoast_head":"<!-- This site is optimized with the Yoast SEO plugin v27.4 - https:\/\/yoast.com\/product\/yoast-seo-wordpress\/ -->\n<title>Pato Sardelli toc\u00f3 una poderosa versi\u00f3n del himno argentino y desat\u00f3 una ovaci\u00f3n inolvidable en Parlemo - Fm Gente<\/title>\n<meta name=\"robots\" content=\"index, follow, max-snippet:-1, max-image-preview:large, max-video-preview:-1\" \/>\n<link rel=\"canonical\" href=\"https:\/\/fmgente.com.ar\/web\/pato-sardelli-toco-una-poderosa-version-del-himno-argentino-y-desato-una-ovacion-inolvidable-en-parlemo\/\" \/>\n<meta property=\"og:locale\" content=\"es_ES\" \/>\n<meta property=\"og:type\" content=\"article\" \/>\n<meta property=\"og:title\" content=\"Pato Sardelli toc\u00f3 una poderosa versi\u00f3n del himno argentino y desat\u00f3 una ovaci\u00f3n inolvidable en Parlemo - Fm Gente\" \/>\n<meta property=\"og:description\" content=\"En la previa del hist\u00f3rico road show que Franco Colapinto protagoniz\u00f3 este domingo en Palermo,\" \/>\n<meta property=\"og:url\" content=\"https:\/\/fmgente.com.ar\/web\/pato-sardelli-toco-una-poderosa-version-del-himno-argentino-y-desato-una-ovacion-inolvidable-en-parlemo\/\" \/>\n<meta property=\"og:site_name\" content=\"Fm Gente\" \/>\n<meta property=\"article:published_time\" content=\"2026-04-26T20:05:54+00:00\" \/>\n<meta name=\"twitter:card\" content=\"summary_large_image\" \/>\n<meta name=\"twitter:label1\" content=\"Tiempo de lectura\" \/>\n\t<meta name=\"twitter:data1\" content=\"1 minuto\" \/>\n<script type=\"application\/ld+json\" class=\"yoast-schema-graph\">{\"@context\":\"https:\\\/\\\/schema.org\",\"@graph\":[{\"@type\":\"Article\",\"@id\":\"https:\\\/\\\/fmgente.com.ar\\\/web\\\/pato-sardelli-toco-una-poderosa-version-del-himno-argentino-y-desato-una-ovacion-inolvidable-en-parlemo\\\/#article\",\"isPartOf\":{\"@id\":\"https:\\\/\\\/fmgente.com.ar\\\/web\\\/pato-sardelli-toco-una-poderosa-version-del-himno-argentino-y-desato-una-ovacion-inolvidable-en-parlemo\\\/\"},\"author\":{\"name\":\"\",\"@id\":\"\"},\"headline\":\"Pato Sardelli toc\u00f3 una poderosa versi\u00f3n del himno argentino y desat\u00f3 una ovaci\u00f3n inolvidable en Parlemo\",\"datePublished\":\"2026-04-26T20:05:54+00:00\",\"mainEntityOfPage\":{\"@id\":\"https:\\\/\\\/fmgente.com.ar\\\/web\\\/pato-sardelli-toco-una-poderosa-version-del-himno-argentino-y-desato-una-ovacion-inolvidable-en-parlemo\\\/\"},\"wordCount\":130,\"publisher\":{\"@id\":\"https:\\\/\\\/fmgente.com.ar\\\/web\\\/#organization\"},\"image\":{\"@id\":\"https:\\\/\\\/fmgente.com.ar\\\/web\\\/pato-sardelli-toco-una-poderosa-version-del-himno-argentino-y-desato-una-ovacion-inolvidable-en-parlemo\\\/#primaryimage\"},\"thumbnailUrl\":\"https:\\\/\\\/fmgente.com.ar\\\/web\\\/wp-content\\\/uploads\\\/2026\\\/04\\\/720-1320.jpeg\",\"articleSection\":[\"DESTACADAS\"],\"inLanguage\":\"es\"},{\"@type\":\"WebPage\",\"@id\":\"https:\\\/\\\/fmgente.com.ar\\\/web\\\/pato-sardelli-toco-una-poderosa-version-del-himno-argentino-y-desato-una-ovacion-inolvidable-en-parlemo\\\/\",\"url\":\"https:\\\/\\\/fmgente.com.ar\\\/web\\\/pato-sardelli-toco-una-poderosa-version-del-himno-argentino-y-desato-una-ovacion-inolvidable-en-parlemo\\\/\",\"name\":\"Pato Sardelli toc\u00f3 una poderosa versi\u00f3n del himno argentino y desat\u00f3 una ovaci\u00f3n inolvidable en Parlemo - Fm Gente\",\"isPartOf\":{\"@id\":\"https:\\\/\\\/fmgente.com.ar\\\/web\\\/#website\"},\"primaryImageOfPage\":{\"@id\":\"https:\\\/\\\/fmgente.com.ar\\\/web\\\/pato-sardelli-toco-una-poderosa-version-del-himno-argentino-y-desato-una-ovacion-inolvidable-en-parlemo\\\/#primaryimage\"},\"image\":{\"@id\":\"https:\\\/\\\/fmgente.com.ar\\\/web\\\/pato-sardelli-toco-una-poderosa-version-del-himno-argentino-y-desato-una-ovacion-inolvidable-en-parlemo\\\/#primaryimage\"},\"thumbnailUrl\":\"https:\\\/\\\/fmgente.com.ar\\\/web\\\/wp-content\\\/uploads\\\/2026\\\/04\\\/720-1320.jpeg\",\"datePublished\":\"2026-04-26T20:05:54+00:00\",\"inLanguage\":\"es\",\"potentialAction\":[{\"@type\":\"ReadAction\",\"target\":[\"https:\\\/\\\/fmgente.com.ar\\\/web\\\/pato-sardelli-toco-una-poderosa-version-del-himno-argentino-y-desato-una-ovacion-inolvidable-en-parlemo\\\/\"]}]},{\"@type\":\"ImageObject\",\"inLanguage\":\"es\",\"@id\":\"https:\\\/\\\/fmgente.com.ar\\\/web\\\/pato-sardelli-toco-una-poderosa-version-del-himno-argentino-y-desato-una-ovacion-inolvidable-en-parlemo\\\/#primaryimage\",\"url\":\"https:\\\/\\\/fmgente.com.ar\\\/web\\\/wp-content\\\/uploads\\\/2026\\\/04\\\/720-1320.jpeg\",\"contentUrl\":\"https:\\\/\\\/fmgente.com.ar\\\/web\\\/wp-content\\\/uploads\\\/2026\\\/04\\\/720-1320.jpeg\",\"width\":1280,\"height\":697},{\"@type\":\"WebSite\",\"@id\":\"https:\\\/\\\/fmgente.com.ar\\\/web\\\/#website\",\"url\":\"https:\\\/\\\/fmgente.com.ar\\\/web\\\/\",\"name\":\"Fm Gente\",\"description\":\"- Jes\u00fas Mar\u00eda\",\"publisher\":{\"@id\":\"https:\\\/\\\/fmgente.com.ar\\\/web\\\/#organization\"},\"potentialAction\":[{\"@type\":\"SearchAction\",\"target\":{\"@type\":\"EntryPoint\",\"urlTemplate\":\"https:\\\/\\\/fmgente.com.ar\\\/web\\\/?s={search_term_string}\"},\"query-input\":{\"@type\":\"PropertyValueSpecification\",\"valueRequired\":true,\"valueName\":\"search_term_string\"}}],\"inLanguage\":\"es\"},{\"@type\":\"Organization\",\"@id\":\"https:\\\/\\\/fmgente.com.ar\\\/web\\\/#organization\",\"name\":\"Fm Gente\",\"url\":\"https:\\\/\\\/fmgente.com.ar\\\/web\\\/\",\"logo\":{\"@type\":\"ImageObject\",\"inLanguage\":\"es\",\"@id\":\"https:\\\/\\\/fmgente.com.ar\\\/web\\\/#\\\/schema\\\/logo\\\/image\\\/\",\"url\":\"https:\\\/\\\/fmgente.com.ar\\\/web\\\/wp-content\\\/uploads\\\/2023\\\/07\\\/cropped-cropped-logo-sombra2.png\",\"contentUrl\":\"https:\\\/\\\/fmgente.com.ar\\\/web\\\/wp-content\\\/uploads\\\/2023\\\/07\\\/cropped-cropped-logo-sombra2.png\",\"width\":1782,\"height\":1782,\"caption\":\"Fm Gente\"},\"image\":{\"@id\":\"https:\\\/\\\/fmgente.com.ar\\\/web\\\/#\\\/schema\\\/logo\\\/image\\\/\"}}]}<\/script>\n<!-- \/ Yoast SEO plugin. -->","yoast_head_json":{"title":"Pato Sardelli toc\u00f3 una poderosa versi\u00f3n del himno argentino y desat\u00f3 una ovaci\u00f3n inolvidable en Parlemo - Fm Gente","robots":{"index":"index","follow":"follow","max-snippet":"max-snippet:-1","max-image-preview":"max-image-preview:large","max-video-preview":"max-video-preview:-1"},"canonical":"https:\/\/fmgente.com.ar\/web\/pato-sardelli-toco-una-poderosa-version-del-himno-argentino-y-desato-una-ovacion-inolvidable-en-parlemo\/","og_locale":"es_ES","og_type":"article","og_title":"Pato Sardelli toc\u00f3 una poderosa versi\u00f3n del himno argentino y desat\u00f3 una ovaci\u00f3n inolvidable en Parlemo - Fm Gente","og_description":"En la previa del hist\u00f3rico road show que Franco Colapinto protagoniz\u00f3 este domingo en Palermo,","og_url":"https:\/\/fmgente.com.ar\/web\/pato-sardelli-toco-una-poderosa-version-del-himno-argentino-y-desato-una-ovacion-inolvidable-en-parlemo\/","og_site_name":"Fm Gente","article_published_time":"2026-04-26T20:05:54+00:00","twitter_card":"summary_large_image","twitter_misc":{"Tiempo de lectura":"1 minuto"},"schema":{"@context":"https:\/\/schema.org","@graph":[{"@type":"Article","@id":"https:\/\/fmgente.com.ar\/web\/pato-sardelli-toco-una-poderosa-version-del-himno-argentino-y-desato-una-ovacion-inolvidable-en-parlemo\/#article","isPartOf":{"@id":"https:\/\/fmgente.com.ar\/web\/pato-sardelli-toco-una-poderosa-version-del-himno-argentino-y-desato-una-ovacion-inolvidable-en-parlemo\/"},"author":{"name":"","@id":""},"headline":"Pato Sardelli toc\u00f3 una poderosa versi\u00f3n del himno argentino y desat\u00f3 una ovaci\u00f3n inolvidable en Parlemo","datePublished":"2026-04-26T20:05:54+00:00","mainEntityOfPage":{"@id":"https:\/\/fmgente.com.ar\/web\/pato-sardelli-toco-una-poderosa-version-del-himno-argentino-y-desato-una-ovacion-inolvidable-en-parlemo\/"},"wordCount":130,"publisher":{"@id":"https:\/\/fmgente.com.ar\/web\/#organization"},"image":{"@id":"https:\/\/fmgente.com.ar\/web\/pato-sardelli-toco-una-poderosa-version-del-himno-argentino-y-desato-una-ovacion-inolvidable-en-parlemo\/#primaryimage"},"thumbnailUrl":"https:\/\/fmgente.com.ar\/web\/wp-content\/uploads\/2026\/04\/720-1320.jpeg","articleSection":["DESTACADAS"],"inLanguage":"es"},{"@type":"WebPage","@id":"https:\/\/fmgente.com.ar\/web\/pato-sardelli-toco-una-poderosa-version-del-himno-argentino-y-desato-una-ovacion-inolvidable-en-parlemo\/","url":"https:\/\/fmgente.com.ar\/web\/pato-sardelli-toco-una-poderosa-version-del-himno-argentino-y-desato-una-ovacion-inolvidable-en-parlemo\/","name":"Pato Sardelli toc\u00f3 una poderosa versi\u00f3n del himno argentino y desat\u00f3 una ovaci\u00f3n inolvidable en Parlemo - Fm Gente","isPartOf":{"@id":"https:\/\/fmgente.com.ar\/web\/#website"},"primaryImageOfPage":{"@id":"https:\/\/fmgente.com.ar\/web\/pato-sardelli-toco-una-poderosa-version-del-himno-argentino-y-desato-una-ovacion-inolvidable-en-parlemo\/#primaryimage"},"image":{"@id":"https:\/\/fmgente.com.ar\/web\/pato-sardelli-toco-una-poderosa-version-del-himno-argentino-y-desato-una-ovacion-inolvidable-en-parlemo\/#primaryimage"},"thumbnailUrl":"https:\/\/fmgente.com.ar\/web\/wp-content\/uploads\/2026\/04\/720-1320.jpeg","datePublished":"2026-04-26T20:05:54+00:00","inLanguage":"es","potentialAction":[{"@type":"ReadAction","target":["https:\/\/fmgente.com.ar\/web\/pato-sardelli-toco-una-poderosa-version-del-himno-argentino-y-desato-una-ovacion-inolvidable-en-parlemo\/"]}]},{"@type":"ImageObject","inLanguage":"es","@id":"https:\/\/fmgente.com.ar\/web\/pato-sardelli-toco-una-poderosa-version-del-himno-argentino-y-desato-una-ovacion-inolvidable-en-parlemo\/#primaryimage","url":"https:\/\/fmgente.com.ar\/web\/wp-content\/uploads\/2026\/04\/720-1320.jpeg","contentUrl":"https:\/\/fmgente.com.ar\/web\/wp-content\/uploads\/2026\/04\/720-1320.jpeg","width":1280,"height":697},{"@type":"WebSite","@id":"https:\/\/fmgente.com.ar\/web\/#website","url":"https:\/\/fmgente.com.ar\/web\/","name":"Fm Gente","description":"- Jes\u00fas Mar\u00eda","publisher":{"@id":"https:\/\/fmgente.com.ar\/web\/#organization"},"potentialAction":[{"@type":"SearchAction","target":{"@type":"EntryPoint","urlTemplate":"https:\/\/fmgente.com.ar\/web\/?s={search_term_string}"},"query-input":{"@type":"PropertyValueSpecification","valueRequired":true,"valueName":"search_term_string"}}],"inLanguage":"es"},{"@type":"Organization","@id":"https:\/\/fmgente.com.ar\/web\/#organization","name":"Fm Gente","url":"https:\/\/fmgente.com.ar\/web\/","logo":{"@type":"ImageObject","inLanguage":"es","@id":"https:\/\/fmgente.com.ar\/web\/#\/schema\/logo\/image\/","url":"https:\/\/fmgente.com.ar\/web\/wp-content\/uploads\/2023\/07\/cropped-cropped-logo-sombra2.png","contentUrl":"https:\/\/fmgente.com.ar\/web\/wp-content\/uploads\/2023\/07\/cropped-cropped-logo-sombra2.png","width":1782,"height":1782,"caption":"Fm Gente"},"image":{"@id":"https:\/\/fmgente.com.ar\/web\/#\/schema\/logo\/image\/"}}]}},"_links":{"self":[{"href":"https:\/\/fmgente.com.ar\/web\/wp-json\/wp\/v2\/posts\/20827","targetHints":{"allow":["GET"]}}],"collection":[{"href":"https:\/\/fmgente.com.ar\/web\/wp-json\/wp\/v2\/posts"}],"about":[{"href":"https:\/\/fmgente.com.ar\/web\/wp-json\/wp\/v2\/types\/post"}],"replies":[{"embeddable":true,"href":"https:\/\/fmgente.com.ar\/web\/wp-json\/wp\/v2\/comments?post=20827"}],"version-history":[{"count":0,"href":"https:\/\/fmgente.com.ar\/web\/wp-json\/wp\/v2\/posts\/20827\/revisions"}],"wp:featuredmedia":[{"embeddable":true,"href":"https:\/\/fmgente.com.ar\/web\/wp-json\/wp\/v2\/media\/20828"}],"wp:attachment":[{"href":"https:\/\/fmgente.com.ar\/web\/wp-json\/wp\/v2\/media?parent=20827"}],"wp:term":[{"taxonomy":"category","embeddable":true,"href":"https:\/\/fmgente.com.ar\/web\/wp-json\/wp\/v2\/categories?post=20827"},{"taxonomy":"post_tag","embeddable":true,"href":"https:\/\/fmgente.com.ar\/web\/wp-json\/wp\/v2\/tags?post=20827"}],"curies":[{"name":"wp","href":"https:\/\/api.w.org\/{rel}","templated":true}]}}