{"id":20817,"date":"2026-04-26T17:05:45","date_gmt":"2026-04-26T20:05:45","guid":{"rendered":"https:\/\/fmgente.com.ar\/web\/este-lunes-se-conocen-los-fundamentos-de-condena-a-felipe-pettinato-por-el-caso-melchor-rodrigo\/"},"modified":"2026-04-26T17:05:45","modified_gmt":"2026-04-26T20:05:45","slug":"este-lunes-se-conocen-los-fundamentos-de-condena-a-felipe-pettinato-por-el-caso-melchor-rodrigo","status":"publish","type":"post","link":"https:\/\/fmgente.com.ar\/web\/este-lunes-se-conocen-los-fundamentos-de-condena-a-felipe-pettinato-por-el-caso-melchor-rodrigo\/","title":{"rendered":"Este lunes se conocen los fundamentos de condena a Felipe Pettinato por el caso Melchor Rodrigo"},"content":{"rendered":"<p>Buenos Aires, 26 abril (NA) \u2013 El Tribunal Oral en lo Criminal y Correccional (TOCC) N\u00b014 dar\u00e1 a conocer ma\u00f1ana los fundamentos de la condena a tres a\u00f1os de prisi\u00f3n que recibi\u00f3 Felipe Pettinato por la muerte de su neur\u00f3logo Melchor Rodrigo en mayo de 2022. <\/p>\n<p>El pasado lunes 20 de abril los jueces Enrique Gamboa, Gabriel Vega y Gustavo Valle condenaron al artista a tres a\u00f1os de prisi\u00f3n en suspenso al considerarlo responsable del delito de \u201cincendio culposo seguido de muerte\u00bb. Dicha pena incluye la sentencia a 9 meses de prisi\u00f3n que se le hab\u00eda fijado en abril de 2024 por abuso sexual simple. <\/p>\n<p>En la audiencia se remarc\u00f3 que, al no ir preso, por tres a\u00f1os tiene la obligaci\u00f3n de fijar domicilio, someterse al cuidado de la Direcci\u00f3n de Control y Asistencia de Ejecuci\u00f3n Penal y continuar con su tratamiento de desintoxicaci\u00f3n y rehabilitaci\u00f3n del consumo de drogas. <\/p>\n<p>Adem\u00e1s, se orden\u00f3 que una vez que el fallo quede firme, se debe obtener y extraer el perfil gen\u00e9tico del hombre con el objetivo de que sea remitido al Banco de Datos Gen\u00e9ticos, de acuerdo a la Ley N\u00b026.879, que cre\u00f3 el Registro Nacional de Datos Gen\u00e9ticos vinculados a Delitos contra la Integridad Sexual.<\/p>\n<p>Durante todo el juicio el imitador de Michael Jackson se neg\u00f3 a declarar. #AgenciaNA<\/p>\n","protected":false},"excerpt":{"rendered":"<p>Buenos Aires, 26 abril (NA) \u2013 El Tribunal Oral en lo Criminal y Correccional (TOCC)<\/p>\n","protected":false},"author":0,"featured_media":20818,"comment_status":"","ping_status":"","sticky":false,"template":"","format":"standard","meta":{"footnotes":""},"categories":[1],"tags":[],"class_list":["post-20817","post","type-post","status-publish","format-standard","has-post-thumbnail","hentry","category-regionales"],"yoast_head":"<!-- This site is optimized with the Yoast SEO plugin v27.4 - https:\/\/yoast.com\/product\/yoast-seo-wordpress\/ -->\n<title>Este lunes se conocen los fundamentos de condena a Felipe Pettinato por el caso Melchor Rodrigo - Fm Gente<\/title>\n<meta name=\"robots\" content=\"index, follow, max-snippet:-1, max-image-preview:large, max-video-preview:-1\" \/>\n<link rel=\"canonical\" href=\"https:\/\/fmgente.com.ar\/web\/este-lunes-se-conocen-los-fundamentos-de-condena-a-felipe-pettinato-por-el-caso-melchor-rodrigo\/\" \/>\n<meta property=\"og:locale\" content=\"es_ES\" \/>\n<meta property=\"og:type\" content=\"article\" \/>\n<meta property=\"og:title\" content=\"Este lunes se conocen los fundamentos de condena a Felipe Pettinato por el caso Melchor Rodrigo - Fm Gente\" \/>\n<meta property=\"og:description\" content=\"Buenos Aires, 26 abril (NA) \u2013 El Tribunal Oral en lo Criminal y Correccional (TOCC)\" \/>\n<meta property=\"og:url\" content=\"https:\/\/fmgente.com.ar\/web\/este-lunes-se-conocen-los-fundamentos-de-condena-a-felipe-pettinato-por-el-caso-melchor-rodrigo\/\" \/>\n<meta property=\"og:site_name\" content=\"Fm Gente\" \/>\n<meta property=\"article:published_time\" content=\"2026-04-26T20:05:45+00:00\" \/>\n<meta name=\"twitter:card\" content=\"summary_large_image\" \/>\n<meta name=\"twitter:label1\" content=\"Tiempo de lectura\" \/>\n\t<meta name=\"twitter:data1\" content=\"1 minuto\" \/>\n<script type=\"application\/ld+json\" class=\"yoast-schema-graph\">{\"@context\":\"https:\\\/\\\/schema.org\",\"@graph\":[{\"@type\":\"Article\",\"@id\":\"https:\\\/\\\/fmgente.com.ar\\\/web\\\/este-lunes-se-conocen-los-fundamentos-de-condena-a-felipe-pettinato-por-el-caso-melchor-rodrigo\\\/#article\",\"isPartOf\":{\"@id\":\"https:\\\/\\\/fmgente.com.ar\\\/web\\\/este-lunes-se-conocen-los-fundamentos-de-condena-a-felipe-pettinato-por-el-caso-melchor-rodrigo\\\/\"},\"author\":{\"name\":\"\",\"@id\":\"\"},\"headline\":\"Este lunes se conocen los fundamentos de condena a Felipe Pettinato por el caso Melchor Rodrigo\",\"datePublished\":\"2026-04-26T20:05:45+00:00\",\"mainEntityOfPage\":{\"@id\":\"https:\\\/\\\/fmgente.com.ar\\\/web\\\/este-lunes-se-conocen-los-fundamentos-de-condena-a-felipe-pettinato-por-el-caso-melchor-rodrigo\\\/\"},\"wordCount\":246,\"publisher\":{\"@id\":\"https:\\\/\\\/fmgente.com.ar\\\/web\\\/#organization\"},\"image\":{\"@id\":\"https:\\\/\\\/fmgente.com.ar\\\/web\\\/este-lunes-se-conocen-los-fundamentos-de-condena-a-felipe-pettinato-por-el-caso-melchor-rodrigo\\\/#primaryimage\"},\"thumbnailUrl\":\"https:\\\/\\\/fmgente.com.ar\\\/web\\\/wp-content\\\/uploads\\\/2026\\\/04\\\/720-1317.jpeg\",\"articleSection\":[\"REGIONALES\"],\"inLanguage\":\"es\"},{\"@type\":\"WebPage\",\"@id\":\"https:\\\/\\\/fmgente.com.ar\\\/web\\\/este-lunes-se-conocen-los-fundamentos-de-condena-a-felipe-pettinato-por-el-caso-melchor-rodrigo\\\/\",\"url\":\"https:\\\/\\\/fmgente.com.ar\\\/web\\\/este-lunes-se-conocen-los-fundamentos-de-condena-a-felipe-pettinato-por-el-caso-melchor-rodrigo\\\/\",\"name\":\"Este lunes se conocen los fundamentos de condena a Felipe Pettinato por el caso Melchor Rodrigo - Fm Gente\",\"isPartOf\":{\"@id\":\"https:\\\/\\\/fmgente.com.ar\\\/web\\\/#website\"},\"primaryImageOfPage\":{\"@id\":\"https:\\\/\\\/fmgente.com.ar\\\/web\\\/este-lunes-se-conocen-los-fundamentos-de-condena-a-felipe-pettinato-por-el-caso-melchor-rodrigo\\\/#primaryimage\"},\"image\":{\"@id\":\"https:\\\/\\\/fmgente.com.ar\\\/web\\\/este-lunes-se-conocen-los-fundamentos-de-condena-a-felipe-pettinato-por-el-caso-melchor-rodrigo\\\/#primaryimage\"},\"thumbnailUrl\":\"https:\\\/\\\/fmgente.com.ar\\\/web\\\/wp-content\\\/uploads\\\/2026\\\/04\\\/720-1317.jpeg\",\"datePublished\":\"2026-04-26T20:05:45+00:00\",\"inLanguage\":\"es\",\"potentialAction\":[{\"@type\":\"ReadAction\",\"target\":[\"https:\\\/\\\/fmgente.com.ar\\\/web\\\/este-lunes-se-conocen-los-fundamentos-de-condena-a-felipe-pettinato-por-el-caso-melchor-rodrigo\\\/\"]}]},{\"@type\":\"ImageObject\",\"inLanguage\":\"es\",\"@id\":\"https:\\\/\\\/fmgente.com.ar\\\/web\\\/este-lunes-se-conocen-los-fundamentos-de-condena-a-felipe-pettinato-por-el-caso-melchor-rodrigo\\\/#primaryimage\",\"url\":\"https:\\\/\\\/fmgente.com.ar\\\/web\\\/wp-content\\\/uploads\\\/2026\\\/04\\\/720-1317.jpeg\",\"contentUrl\":\"https:\\\/\\\/fmgente.com.ar\\\/web\\\/wp-content\\\/uploads\\\/2026\\\/04\\\/720-1317.jpeg\",\"width\":1080,\"height\":720},{\"@type\":\"WebSite\",\"@id\":\"https:\\\/\\\/fmgente.com.ar\\\/web\\\/#website\",\"url\":\"https:\\\/\\\/fmgente.com.ar\\\/web\\\/\",\"name\":\"Fm Gente\",\"description\":\"- Jes\u00fas Mar\u00eda\",\"publisher\":{\"@id\":\"https:\\\/\\\/fmgente.com.ar\\\/web\\\/#organization\"},\"potentialAction\":[{\"@type\":\"SearchAction\",\"target\":{\"@type\":\"EntryPoint\",\"urlTemplate\":\"https:\\\/\\\/fmgente.com.ar\\\/web\\\/?s={search_term_string}\"},\"query-input\":{\"@type\":\"PropertyValueSpecification\",\"valueRequired\":true,\"valueName\":\"search_term_string\"}}],\"inLanguage\":\"es\"},{\"@type\":\"Organization\",\"@id\":\"https:\\\/\\\/fmgente.com.ar\\\/web\\\/#organization\",\"name\":\"Fm Gente\",\"url\":\"https:\\\/\\\/fmgente.com.ar\\\/web\\\/\",\"logo\":{\"@type\":\"ImageObject\",\"inLanguage\":\"es\",\"@id\":\"https:\\\/\\\/fmgente.com.ar\\\/web\\\/#\\\/schema\\\/logo\\\/image\\\/\",\"url\":\"https:\\\/\\\/fmgente.com.ar\\\/web\\\/wp-content\\\/uploads\\\/2023\\\/07\\\/cropped-cropped-logo-sombra2.png\",\"contentUrl\":\"https:\\\/\\\/fmgente.com.ar\\\/web\\\/wp-content\\\/uploads\\\/2023\\\/07\\\/cropped-cropped-logo-sombra2.png\",\"width\":1782,\"height\":1782,\"caption\":\"Fm Gente\"},\"image\":{\"@id\":\"https:\\\/\\\/fmgente.com.ar\\\/web\\\/#\\\/schema\\\/logo\\\/image\\\/\"}}]}<\/script>\n<!-- \/ Yoast SEO plugin. -->","yoast_head_json":{"title":"Este lunes se conocen los fundamentos de condena a Felipe Pettinato por el caso Melchor Rodrigo - Fm Gente","robots":{"index":"index","follow":"follow","max-snippet":"max-snippet:-1","max-image-preview":"max-image-preview:large","max-video-preview":"max-video-preview:-1"},"canonical":"https:\/\/fmgente.com.ar\/web\/este-lunes-se-conocen-los-fundamentos-de-condena-a-felipe-pettinato-por-el-caso-melchor-rodrigo\/","og_locale":"es_ES","og_type":"article","og_title":"Este lunes se conocen los fundamentos de condena a Felipe Pettinato por el caso Melchor Rodrigo - Fm Gente","og_description":"Buenos Aires, 26 abril (NA) \u2013 El Tribunal Oral en lo Criminal y Correccional (TOCC)","og_url":"https:\/\/fmgente.com.ar\/web\/este-lunes-se-conocen-los-fundamentos-de-condena-a-felipe-pettinato-por-el-caso-melchor-rodrigo\/","og_site_name":"Fm Gente","article_published_time":"2026-04-26T20:05:45+00:00","twitter_card":"summary_large_image","twitter_misc":{"Tiempo de lectura":"1 minuto"},"schema":{"@context":"https:\/\/schema.org","@graph":[{"@type":"Article","@id":"https:\/\/fmgente.com.ar\/web\/este-lunes-se-conocen-los-fundamentos-de-condena-a-felipe-pettinato-por-el-caso-melchor-rodrigo\/#article","isPartOf":{"@id":"https:\/\/fmgente.com.ar\/web\/este-lunes-se-conocen-los-fundamentos-de-condena-a-felipe-pettinato-por-el-caso-melchor-rodrigo\/"},"author":{"name":"","@id":""},"headline":"Este lunes se conocen los fundamentos de condena a Felipe Pettinato por el caso Melchor Rodrigo","datePublished":"2026-04-26T20:05:45+00:00","mainEntityOfPage":{"@id":"https:\/\/fmgente.com.ar\/web\/este-lunes-se-conocen-los-fundamentos-de-condena-a-felipe-pettinato-por-el-caso-melchor-rodrigo\/"},"wordCount":246,"publisher":{"@id":"https:\/\/fmgente.com.ar\/web\/#organization"},"image":{"@id":"https:\/\/fmgente.com.ar\/web\/este-lunes-se-conocen-los-fundamentos-de-condena-a-felipe-pettinato-por-el-caso-melchor-rodrigo\/#primaryimage"},"thumbnailUrl":"https:\/\/fmgente.com.ar\/web\/wp-content\/uploads\/2026\/04\/720-1317.jpeg","articleSection":["REGIONALES"],"inLanguage":"es"},{"@type":"WebPage","@id":"https:\/\/fmgente.com.ar\/web\/este-lunes-se-conocen-los-fundamentos-de-condena-a-felipe-pettinato-por-el-caso-melchor-rodrigo\/","url":"https:\/\/fmgente.com.ar\/web\/este-lunes-se-conocen-los-fundamentos-de-condena-a-felipe-pettinato-por-el-caso-melchor-rodrigo\/","name":"Este lunes se conocen los fundamentos de condena a Felipe Pettinato por el caso Melchor Rodrigo - Fm Gente","isPartOf":{"@id":"https:\/\/fmgente.com.ar\/web\/#website"},"primaryImageOfPage":{"@id":"https:\/\/fmgente.com.ar\/web\/este-lunes-se-conocen-los-fundamentos-de-condena-a-felipe-pettinato-por-el-caso-melchor-rodrigo\/#primaryimage"},"image":{"@id":"https:\/\/fmgente.com.ar\/web\/este-lunes-se-conocen-los-fundamentos-de-condena-a-felipe-pettinato-por-el-caso-melchor-rodrigo\/#primaryimage"},"thumbnailUrl":"https:\/\/fmgente.com.ar\/web\/wp-content\/uploads\/2026\/04\/720-1317.jpeg","datePublished":"2026-04-26T20:05:45+00:00","inLanguage":"es","potentialAction":[{"@type":"ReadAction","target":["https:\/\/fmgente.com.ar\/web\/este-lunes-se-conocen-los-fundamentos-de-condena-a-felipe-pettinato-por-el-caso-melchor-rodrigo\/"]}]},{"@type":"ImageObject","inLanguage":"es","@id":"https:\/\/fmgente.com.ar\/web\/este-lunes-se-conocen-los-fundamentos-de-condena-a-felipe-pettinato-por-el-caso-melchor-rodrigo\/#primaryimage","url":"https:\/\/fmgente.com.ar\/web\/wp-content\/uploads\/2026\/04\/720-1317.jpeg","contentUrl":"https:\/\/fmgente.com.ar\/web\/wp-content\/uploads\/2026\/04\/720-1317.jpeg","width":1080,"height":720},{"@type":"WebSite","@id":"https:\/\/fmgente.com.ar\/web\/#website","url":"https:\/\/fmgente.com.ar\/web\/","name":"Fm Gente","description":"- Jes\u00fas Mar\u00eda","publisher":{"@id":"https:\/\/fmgente.com.ar\/web\/#organization"},"potentialAction":[{"@type":"SearchAction","target":{"@type":"EntryPoint","urlTemplate":"https:\/\/fmgente.com.ar\/web\/?s={search_term_string}"},"query-input":{"@type":"PropertyValueSpecification","valueRequired":true,"valueName":"search_term_string"}}],"inLanguage":"es"},{"@type":"Organization","@id":"https:\/\/fmgente.com.ar\/web\/#organization","name":"Fm Gente","url":"https:\/\/fmgente.com.ar\/web\/","logo":{"@type":"ImageObject","inLanguage":"es","@id":"https:\/\/fmgente.com.ar\/web\/#\/schema\/logo\/image\/","url":"https:\/\/fmgente.com.ar\/web\/wp-content\/uploads\/2023\/07\/cropped-cropped-logo-sombra2.png","contentUrl":"https:\/\/fmgente.com.ar\/web\/wp-content\/uploads\/2023\/07\/cropped-cropped-logo-sombra2.png","width":1782,"height":1782,"caption":"Fm Gente"},"image":{"@id":"https:\/\/fmgente.com.ar\/web\/#\/schema\/logo\/image\/"}}]}},"_links":{"self":[{"href":"https:\/\/fmgente.com.ar\/web\/wp-json\/wp\/v2\/posts\/20817","targetHints":{"allow":["GET"]}}],"collection":[{"href":"https:\/\/fmgente.com.ar\/web\/wp-json\/wp\/v2\/posts"}],"about":[{"href":"https:\/\/fmgente.com.ar\/web\/wp-json\/wp\/v2\/types\/post"}],"replies":[{"embeddable":true,"href":"https:\/\/fmgente.com.ar\/web\/wp-json\/wp\/v2\/comments?post=20817"}],"version-history":[{"count":0,"href":"https:\/\/fmgente.com.ar\/web\/wp-json\/wp\/v2\/posts\/20817\/revisions"}],"wp:featuredmedia":[{"embeddable":true,"href":"https:\/\/fmgente.com.ar\/web\/wp-json\/wp\/v2\/media\/20818"}],"wp:attachment":[{"href":"https:\/\/fmgente.com.ar\/web\/wp-json\/wp\/v2\/media?parent=20817"}],"wp:term":[{"taxonomy":"category","embeddable":true,"href":"https:\/\/fmgente.com.ar\/web\/wp-json\/wp\/v2\/categories?post=20817"},{"taxonomy":"post_tag","embeddable":true,"href":"https:\/\/fmgente.com.ar\/web\/wp-json\/wp\/v2\/tags?post=20817"}],"curies":[{"name":"wp","href":"https:\/\/api.w.org\/{rel}","templated":true}]}}