{"id":20811,"date":"2026-04-26T16:05:14","date_gmt":"2026-04-26T19:05:14","guid":{"rendered":"https:\/\/fmgente.com.ar\/web\/no-les-importa-el-papa-son-peores-que-el-el-audio-de-luque-en-el-que-critica-a-las-hijas-de-maradona\/"},"modified":"2026-04-26T16:05:14","modified_gmt":"2026-04-26T19:05:14","slug":"no-les-importa-el-papa-son-peores-que-el-el-audio-de-luque-en-el-que-critica-a-las-hijas-de-maradona","status":"publish","type":"post","link":"https:\/\/fmgente.com.ar\/web\/no-les-importa-el-papa-son-peores-que-el-el-audio-de-luque-en-el-que-critica-a-las-hijas-de-maradona\/","title":{"rendered":"\u201cNo les importa el pap\u00e1; son peores que \u00e9l\u201d: el audio de Luque en el que critica a las hijas de Maradona"},"content":{"rendered":"<p>Buenos Aires, 26 abril (NA) \u2013 El neurocirujano Leopoldo Luque mostr\u00f3 un audio en el juicio por la muerte de Diego Armando Maradona donde se lo escucha afirmar que \u201ccumpli\u00f3 un ciclo\u201d como m\u00e9dico de cabecera del exjugador, al tiempo que critica a sus hijas, a quienes considera que \u201cno les importa el pap\u00e1\u201d y \u201cson peores que \u00e9l\u201d.<\/p>\n<p>Se trata de un mensaje de voz que Luque le envi\u00f3 a Maximiliano Pomargo -ex asistente personal de Maradona- el 14 de noviembre de 2020, cuando el ex director t\u00e9cnico ya se encontraba alojado en la vivienda del lote N\u00b045 del country San Andr\u00e9s, en Tigre, para cumplir con su internaci\u00f3n domiciliaria.<\/p>\n<p>\u201cY boludo, me la dejan picando porque est\u00e1n buscando un cl\u00ednico de cabecera, est\u00e1n manejando ellas las cosas, yo ya hice mi cirug\u00eda y mucho no pude aportar. Est\u00e1n discutiendo cuestiones personales, las quieren mezclar con cuestiones m\u00e9dicas que no existen. Mi impresi\u00f3n es que lo \u00fanico que les preocupa son sus peleas. Son tan egoc\u00e9ntricas que ponen primero sus nombres, sus peleas, en vez de pensar en la salud de su pap\u00e1\u201d, sostiene uno de los siete acusados en el audio.<\/p>\n<p>En este sentido, el neurocirujano resalta que corresponde comunicarle al paciente que \u201ccumpli\u00f3 un ciclo\u201d: \u201cSiento que lo hice bien, es el momento de quedar como amigos y que estoy al tel\u00e9fono para lo que necesite, boludo\u201d.<\/p>\n<p>Sin embargo, insisti\u00f3 en que \u201cno ten\u00eda que pertenecer a ese grupo\u201d, en el que \u201ctres imb\u00e9ciles\u201d -Jana, Dalma y Gianinna- \u201chablan estupideces\u201d y consider\u00f3 que \u201cno deb\u00eda soportarlo\u201d.<\/p>\n<p>\u201cTe lo digo por mi salud mental, boludo. Posta que estas minas son peor que el pap\u00e1\u201d, concluy\u00f3 Luque, quien exhibi\u00f3 el material ante los jueces Alberto Gaig, Alberto Ortolani y Pablo Rol\u00f3n en la \u00faltima audiencia donde sali\u00f3 a responder los dichos de Gianinna.<\/p>\n<p>LUQUE IRONIZA CON QUE \u201cSE QUED\u00d3 SIN TRABAJO\u201d<\/p>\n<p>El ex m\u00e9dico de confianza del astro argentino consign\u00f3 en otra conversaci\u00f3n entablada con el kinesi\u00f3logo Nicol\u00e1s Taffarel que \u201cse qued\u00f3 sin trabajo\u201d porque \u201cle metieron 400 m\u00e9dicos\u201d.<\/p>\n<p>\u201c\u00bfEst\u00e1s loco vos? \u00bfQu\u00e9 sin laburo, boludo? Tenemos m\u00e1s laburo que antes, olvidate\u2026 Vos sos re necesario, Maxi (Pomargo) tambi\u00e9n. Yo no, boludo. A m\u00ed me metieron 400 m\u00e9dicos y mejor la verdad. Mejor porque la cabeza me explotaba. El \u00fanico que qued\u00f3 desempleado me parece que soy yo\u201d, expres\u00f3 Luque.<\/p>\n<p>#AgenciaNA<\/p>\n","protected":false},"excerpt":{"rendered":"<p>Buenos Aires, 26 abril (NA) \u2013 El neurocirujano Leopoldo Luque mostr\u00f3 un audio en el<\/p>\n","protected":false},"author":0,"featured_media":20812,"comment_status":"","ping_status":"","sticky":false,"template":"","format":"standard","meta":{"footnotes":""},"categories":[1],"tags":[],"class_list":["post-20811","post","type-post","status-publish","format-standard","has-post-thumbnail","hentry","category-regionales"],"yoast_head":"<!-- This site is optimized with the Yoast SEO plugin v27.4 - https:\/\/yoast.com\/product\/yoast-seo-wordpress\/ -->\n<title>\u201cNo les importa el pap\u00e1; son peores que \u00e9l\u201d: el audio de Luque en el que critica a las hijas de Maradona - Fm Gente<\/title>\n<meta name=\"robots\" content=\"index, follow, max-snippet:-1, max-image-preview:large, max-video-preview:-1\" \/>\n<link rel=\"canonical\" href=\"https:\/\/fmgente.com.ar\/web\/no-les-importa-el-papa-son-peores-que-el-el-audio-de-luque-en-el-que-critica-a-las-hijas-de-maradona\/\" \/>\n<meta property=\"og:locale\" content=\"es_ES\" \/>\n<meta property=\"og:type\" content=\"article\" \/>\n<meta property=\"og:title\" content=\"\u201cNo les importa el pap\u00e1; son peores que \u00e9l\u201d: el audio de Luque en el que critica a las hijas de Maradona - Fm Gente\" \/>\n<meta property=\"og:description\" content=\"Buenos Aires, 26 abril (NA) \u2013 El neurocirujano Leopoldo Luque mostr\u00f3 un audio en el\" \/>\n<meta property=\"og:url\" content=\"https:\/\/fmgente.com.ar\/web\/no-les-importa-el-papa-son-peores-que-el-el-audio-de-luque-en-el-que-critica-a-las-hijas-de-maradona\/\" \/>\n<meta property=\"og:site_name\" content=\"Fm Gente\" \/>\n<meta property=\"article:published_time\" content=\"2026-04-26T19:05:14+00:00\" \/>\n<meta name=\"twitter:card\" content=\"summary_large_image\" \/>\n<meta name=\"twitter:label1\" content=\"Tiempo de lectura\" \/>\n\t<meta name=\"twitter:data1\" content=\"2 minutos\" \/>\n<script type=\"application\/ld+json\" class=\"yoast-schema-graph\">{\"@context\":\"https:\\\/\\\/schema.org\",\"@graph\":[{\"@type\":\"Article\",\"@id\":\"https:\\\/\\\/fmgente.com.ar\\\/web\\\/no-les-importa-el-papa-son-peores-que-el-el-audio-de-luque-en-el-que-critica-a-las-hijas-de-maradona\\\/#article\",\"isPartOf\":{\"@id\":\"https:\\\/\\\/fmgente.com.ar\\\/web\\\/no-les-importa-el-papa-son-peores-que-el-el-audio-de-luque-en-el-que-critica-a-las-hijas-de-maradona\\\/\"},\"author\":{\"name\":\"\",\"@id\":\"\"},\"headline\":\"\u201cNo les importa el pap\u00e1; son peores que \u00e9l\u201d: el audio de Luque en el que critica a las hijas de Maradona\",\"datePublished\":\"2026-04-26T19:05:14+00:00\",\"mainEntityOfPage\":{\"@id\":\"https:\\\/\\\/fmgente.com.ar\\\/web\\\/no-les-importa-el-papa-son-peores-que-el-el-audio-de-luque-en-el-que-critica-a-las-hijas-de-maradona\\\/\"},\"wordCount\":434,\"publisher\":{\"@id\":\"https:\\\/\\\/fmgente.com.ar\\\/web\\\/#organization\"},\"image\":{\"@id\":\"https:\\\/\\\/fmgente.com.ar\\\/web\\\/no-les-importa-el-papa-son-peores-que-el-el-audio-de-luque-en-el-que-critica-a-las-hijas-de-maradona\\\/#primaryimage\"},\"thumbnailUrl\":\"https:\\\/\\\/fmgente.com.ar\\\/web\\\/wp-content\\\/uploads\\\/2026\\\/04\\\/720-1314.jpeg\",\"articleSection\":[\"REGIONALES\"],\"inLanguage\":\"es\"},{\"@type\":\"WebPage\",\"@id\":\"https:\\\/\\\/fmgente.com.ar\\\/web\\\/no-les-importa-el-papa-son-peores-que-el-el-audio-de-luque-en-el-que-critica-a-las-hijas-de-maradona\\\/\",\"url\":\"https:\\\/\\\/fmgente.com.ar\\\/web\\\/no-les-importa-el-papa-son-peores-que-el-el-audio-de-luque-en-el-que-critica-a-las-hijas-de-maradona\\\/\",\"name\":\"\u201cNo les importa el pap\u00e1; son peores que \u00e9l\u201d: el audio de Luque en el que critica a las hijas de Maradona - Fm Gente\",\"isPartOf\":{\"@id\":\"https:\\\/\\\/fmgente.com.ar\\\/web\\\/#website\"},\"primaryImageOfPage\":{\"@id\":\"https:\\\/\\\/fmgente.com.ar\\\/web\\\/no-les-importa-el-papa-son-peores-que-el-el-audio-de-luque-en-el-que-critica-a-las-hijas-de-maradona\\\/#primaryimage\"},\"image\":{\"@id\":\"https:\\\/\\\/fmgente.com.ar\\\/web\\\/no-les-importa-el-papa-son-peores-que-el-el-audio-de-luque-en-el-que-critica-a-las-hijas-de-maradona\\\/#primaryimage\"},\"thumbnailUrl\":\"https:\\\/\\\/fmgente.com.ar\\\/web\\\/wp-content\\\/uploads\\\/2026\\\/04\\\/720-1314.jpeg\",\"datePublished\":\"2026-04-26T19:05:14+00:00\",\"inLanguage\":\"es\",\"potentialAction\":[{\"@type\":\"ReadAction\",\"target\":[\"https:\\\/\\\/fmgente.com.ar\\\/web\\\/no-les-importa-el-papa-son-peores-que-el-el-audio-de-luque-en-el-que-critica-a-las-hijas-de-maradona\\\/\"]}]},{\"@type\":\"ImageObject\",\"inLanguage\":\"es\",\"@id\":\"https:\\\/\\\/fmgente.com.ar\\\/web\\\/no-les-importa-el-papa-son-peores-que-el-el-audio-de-luque-en-el-que-critica-a-las-hijas-de-maradona\\\/#primaryimage\",\"url\":\"https:\\\/\\\/fmgente.com.ar\\\/web\\\/wp-content\\\/uploads\\\/2026\\\/04\\\/720-1314.jpeg\",\"contentUrl\":\"https:\\\/\\\/fmgente.com.ar\\\/web\\\/wp-content\\\/uploads\\\/2026\\\/04\\\/720-1314.jpeg\",\"width\":1039,\"height\":720},{\"@type\":\"WebSite\",\"@id\":\"https:\\\/\\\/fmgente.com.ar\\\/web\\\/#website\",\"url\":\"https:\\\/\\\/fmgente.com.ar\\\/web\\\/\",\"name\":\"Fm Gente\",\"description\":\"- Jes\u00fas Mar\u00eda\",\"publisher\":{\"@id\":\"https:\\\/\\\/fmgente.com.ar\\\/web\\\/#organization\"},\"potentialAction\":[{\"@type\":\"SearchAction\",\"target\":{\"@type\":\"EntryPoint\",\"urlTemplate\":\"https:\\\/\\\/fmgente.com.ar\\\/web\\\/?s={search_term_string}\"},\"query-input\":{\"@type\":\"PropertyValueSpecification\",\"valueRequired\":true,\"valueName\":\"search_term_string\"}}],\"inLanguage\":\"es\"},{\"@type\":\"Organization\",\"@id\":\"https:\\\/\\\/fmgente.com.ar\\\/web\\\/#organization\",\"name\":\"Fm Gente\",\"url\":\"https:\\\/\\\/fmgente.com.ar\\\/web\\\/\",\"logo\":{\"@type\":\"ImageObject\",\"inLanguage\":\"es\",\"@id\":\"https:\\\/\\\/fmgente.com.ar\\\/web\\\/#\\\/schema\\\/logo\\\/image\\\/\",\"url\":\"https:\\\/\\\/fmgente.com.ar\\\/web\\\/wp-content\\\/uploads\\\/2023\\\/07\\\/cropped-cropped-logo-sombra2.png\",\"contentUrl\":\"https:\\\/\\\/fmgente.com.ar\\\/web\\\/wp-content\\\/uploads\\\/2023\\\/07\\\/cropped-cropped-logo-sombra2.png\",\"width\":1782,\"height\":1782,\"caption\":\"Fm Gente\"},\"image\":{\"@id\":\"https:\\\/\\\/fmgente.com.ar\\\/web\\\/#\\\/schema\\\/logo\\\/image\\\/\"}}]}<\/script>\n<!-- \/ Yoast SEO plugin. -->","yoast_head_json":{"title":"\u201cNo les importa el pap\u00e1; son peores que \u00e9l\u201d: el audio de Luque en el que critica a las hijas de Maradona - Fm Gente","robots":{"index":"index","follow":"follow","max-snippet":"max-snippet:-1","max-image-preview":"max-image-preview:large","max-video-preview":"max-video-preview:-1"},"canonical":"https:\/\/fmgente.com.ar\/web\/no-les-importa-el-papa-son-peores-que-el-el-audio-de-luque-en-el-que-critica-a-las-hijas-de-maradona\/","og_locale":"es_ES","og_type":"article","og_title":"\u201cNo les importa el pap\u00e1; son peores que \u00e9l\u201d: el audio de Luque en el que critica a las hijas de Maradona - Fm Gente","og_description":"Buenos Aires, 26 abril (NA) \u2013 El neurocirujano Leopoldo Luque mostr\u00f3 un audio en el","og_url":"https:\/\/fmgente.com.ar\/web\/no-les-importa-el-papa-son-peores-que-el-el-audio-de-luque-en-el-que-critica-a-las-hijas-de-maradona\/","og_site_name":"Fm Gente","article_published_time":"2026-04-26T19:05:14+00:00","twitter_card":"summary_large_image","twitter_misc":{"Tiempo de lectura":"2 minutos"},"schema":{"@context":"https:\/\/schema.org","@graph":[{"@type":"Article","@id":"https:\/\/fmgente.com.ar\/web\/no-les-importa-el-papa-son-peores-que-el-el-audio-de-luque-en-el-que-critica-a-las-hijas-de-maradona\/#article","isPartOf":{"@id":"https:\/\/fmgente.com.ar\/web\/no-les-importa-el-papa-son-peores-que-el-el-audio-de-luque-en-el-que-critica-a-las-hijas-de-maradona\/"},"author":{"name":"","@id":""},"headline":"\u201cNo les importa el pap\u00e1; son peores que \u00e9l\u201d: el audio de Luque en el que critica a las hijas de Maradona","datePublished":"2026-04-26T19:05:14+00:00","mainEntityOfPage":{"@id":"https:\/\/fmgente.com.ar\/web\/no-les-importa-el-papa-son-peores-que-el-el-audio-de-luque-en-el-que-critica-a-las-hijas-de-maradona\/"},"wordCount":434,"publisher":{"@id":"https:\/\/fmgente.com.ar\/web\/#organization"},"image":{"@id":"https:\/\/fmgente.com.ar\/web\/no-les-importa-el-papa-son-peores-que-el-el-audio-de-luque-en-el-que-critica-a-las-hijas-de-maradona\/#primaryimage"},"thumbnailUrl":"https:\/\/fmgente.com.ar\/web\/wp-content\/uploads\/2026\/04\/720-1314.jpeg","articleSection":["REGIONALES"],"inLanguage":"es"},{"@type":"WebPage","@id":"https:\/\/fmgente.com.ar\/web\/no-les-importa-el-papa-son-peores-que-el-el-audio-de-luque-en-el-que-critica-a-las-hijas-de-maradona\/","url":"https:\/\/fmgente.com.ar\/web\/no-les-importa-el-papa-son-peores-que-el-el-audio-de-luque-en-el-que-critica-a-las-hijas-de-maradona\/","name":"\u201cNo les importa el pap\u00e1; son peores que \u00e9l\u201d: el audio de Luque en el que critica a las hijas de Maradona - Fm Gente","isPartOf":{"@id":"https:\/\/fmgente.com.ar\/web\/#website"},"primaryImageOfPage":{"@id":"https:\/\/fmgente.com.ar\/web\/no-les-importa-el-papa-son-peores-que-el-el-audio-de-luque-en-el-que-critica-a-las-hijas-de-maradona\/#primaryimage"},"image":{"@id":"https:\/\/fmgente.com.ar\/web\/no-les-importa-el-papa-son-peores-que-el-el-audio-de-luque-en-el-que-critica-a-las-hijas-de-maradona\/#primaryimage"},"thumbnailUrl":"https:\/\/fmgente.com.ar\/web\/wp-content\/uploads\/2026\/04\/720-1314.jpeg","datePublished":"2026-04-26T19:05:14+00:00","inLanguage":"es","potentialAction":[{"@type":"ReadAction","target":["https:\/\/fmgente.com.ar\/web\/no-les-importa-el-papa-son-peores-que-el-el-audio-de-luque-en-el-que-critica-a-las-hijas-de-maradona\/"]}]},{"@type":"ImageObject","inLanguage":"es","@id":"https:\/\/fmgente.com.ar\/web\/no-les-importa-el-papa-son-peores-que-el-el-audio-de-luque-en-el-que-critica-a-las-hijas-de-maradona\/#primaryimage","url":"https:\/\/fmgente.com.ar\/web\/wp-content\/uploads\/2026\/04\/720-1314.jpeg","contentUrl":"https:\/\/fmgente.com.ar\/web\/wp-content\/uploads\/2026\/04\/720-1314.jpeg","width":1039,"height":720},{"@type":"WebSite","@id":"https:\/\/fmgente.com.ar\/web\/#website","url":"https:\/\/fmgente.com.ar\/web\/","name":"Fm Gente","description":"- Jes\u00fas Mar\u00eda","publisher":{"@id":"https:\/\/fmgente.com.ar\/web\/#organization"},"potentialAction":[{"@type":"SearchAction","target":{"@type":"EntryPoint","urlTemplate":"https:\/\/fmgente.com.ar\/web\/?s={search_term_string}"},"query-input":{"@type":"PropertyValueSpecification","valueRequired":true,"valueName":"search_term_string"}}],"inLanguage":"es"},{"@type":"Organization","@id":"https:\/\/fmgente.com.ar\/web\/#organization","name":"Fm Gente","url":"https:\/\/fmgente.com.ar\/web\/","logo":{"@type":"ImageObject","inLanguage":"es","@id":"https:\/\/fmgente.com.ar\/web\/#\/schema\/logo\/image\/","url":"https:\/\/fmgente.com.ar\/web\/wp-content\/uploads\/2023\/07\/cropped-cropped-logo-sombra2.png","contentUrl":"https:\/\/fmgente.com.ar\/web\/wp-content\/uploads\/2023\/07\/cropped-cropped-logo-sombra2.png","width":1782,"height":1782,"caption":"Fm Gente"},"image":{"@id":"https:\/\/fmgente.com.ar\/web\/#\/schema\/logo\/image\/"}}]}},"_links":{"self":[{"href":"https:\/\/fmgente.com.ar\/web\/wp-json\/wp\/v2\/posts\/20811","targetHints":{"allow":["GET"]}}],"collection":[{"href":"https:\/\/fmgente.com.ar\/web\/wp-json\/wp\/v2\/posts"}],"about":[{"href":"https:\/\/fmgente.com.ar\/web\/wp-json\/wp\/v2\/types\/post"}],"replies":[{"embeddable":true,"href":"https:\/\/fmgente.com.ar\/web\/wp-json\/wp\/v2\/comments?post=20811"}],"version-history":[{"count":0,"href":"https:\/\/fmgente.com.ar\/web\/wp-json\/wp\/v2\/posts\/20811\/revisions"}],"wp:featuredmedia":[{"embeddable":true,"href":"https:\/\/fmgente.com.ar\/web\/wp-json\/wp\/v2\/media\/20812"}],"wp:attachment":[{"href":"https:\/\/fmgente.com.ar\/web\/wp-json\/wp\/v2\/media?parent=20811"}],"wp:term":[{"taxonomy":"category","embeddable":true,"href":"https:\/\/fmgente.com.ar\/web\/wp-json\/wp\/v2\/categories?post=20811"},{"taxonomy":"post_tag","embeddable":true,"href":"https:\/\/fmgente.com.ar\/web\/wp-json\/wp\/v2\/tags?post=20811"}],"curies":[{"name":"wp","href":"https:\/\/api.w.org\/{rel}","templated":true}]}}