{"id":20803,"date":"2026-04-26T15:06:02","date_gmt":"2026-04-26T18:06:02","guid":{"rendered":"https:\/\/fmgente.com.ar\/web\/scioli-tras-la-exhibicion-de-colapinto-estan-dadas-las-condiciones-para-que-la-f1-vuelva-a-la-argentina\/"},"modified":"2026-04-26T15:06:02","modified_gmt":"2026-04-26T18:06:02","slug":"scioli-tras-la-exhibicion-de-colapinto-estan-dadas-las-condiciones-para-que-la-f1-vuelva-a-la-argentina","status":"publish","type":"post","link":"https:\/\/fmgente.com.ar\/web\/scioli-tras-la-exhibicion-de-colapinto-estan-dadas-las-condiciones-para-que-la-f1-vuelva-a-la-argentina\/","title":{"rendered":"Scioli, tras la exhibici\u00f3n de Colapinto: &quot;Est\u00e1n dadas las condiciones para que la F1 vuelva a la Argentina&quot;"},"content":{"rendered":"<p>Buenos Aires, 26 abril (NA) \u2013 El rugido del motor de Franco Colapinto en las calles de Palermo no solo despert\u00f3 la pasi\u00f3n de miles de fan\u00e1ticos, sino que tambi\u00e9n reaviv\u00f3 oficialmente el sue\u00f1o del regreso de la F\u00f3rmula 1 a la Argentina. <\/p>\n<p>El Secretario de Turismo, Ambiente y Deportes de la Naci\u00f3n, Daniel Scioli, utiliz\u00f3 sus redes sociales para celebrar la exhibici\u00f3n del joven piloto y asegurar que el pa\u00eds se encuentra en un momento inmejorable para recuperar una fecha en el calendario mundial del automovilismo.<\/p>\n<p>\u00abFranco Colapinto se lanz\u00f3 con esta hist\u00f3rica exhibici\u00f3n con el gran objetivo de que la F\u00f3rmula 1 vuelva a la Argentina\u00bb, afirm\u00f3 Scioli, vinculando directamente el fen\u00f3meno deportivo con el contexto pol\u00edtico actual. <\/p>\n<p>Seg\u00fan el funcionario, el pa\u00eds ofrece hoy los pilares necesarios para una inversi\u00f3n de tal magnitud: \u00abestabilidad y seguridad, conectividad a\u00e9rea y un marco de pol\u00edticas que, bajo el liderazgo del presidente Javier Milei, busca fomentar las inversiones privadas tanto nacionales como extranjeras\u00bb.<\/p>\n<p>Scioli record\u00f3 que este camino comenz\u00f3 a trazarse hace dos a\u00f1os, durante una reuni\u00f3n en el Gran Premio de S\u00e3o Paulo 2024 junto a Stefano Domenicali (CEO de la F1) y el propio Colapinto. En ese sentido, el secretario se mostr\u00f3 optimista respecto a los avances logrados: \u00abCelebro que estemos cada vez m\u00e1s cerca de que esto se concrete en el aut\u00f3dromo Oscar y Juan G\u00e1lvez de la Ciudad de Buenos Aires\u00bb.<\/p>\n<p>El regreso de la m\u00e1xima categor\u00eda, que no pisa suelo argentino oficialmente desde 1998, es visto por el Gobierno como un motor de reactivaci\u00f3n clave. Para Scioli, el evento no solo responde a la hist\u00f3rica tradici\u00f3n fierrera del pa\u00eds, sino que representar\u00eda un \u00abenorme impacto tur\u00edstico, deportivo y econ\u00f3mico\u00bb, posicionando nuevamente a Buenos Aires como una de las grandes capitales del deporte global bajo un modelo de gesti\u00f3n que prioriza el financiamiento y la participaci\u00f3n del sector privado.<\/p>\n<p>#AgenciaNA<\/p>\n","protected":false},"excerpt":{"rendered":"<p>Buenos Aires, 26 abril (NA) \u2013 El rugido del motor de Franco Colapinto en las<\/p>\n","protected":false},"author":0,"featured_media":20804,"comment_status":"","ping_status":"","sticky":false,"template":"","format":"standard","meta":{"footnotes":""},"categories":[1],"tags":[],"class_list":["post-20803","post","type-post","status-publish","format-standard","has-post-thumbnail","hentry","category-regionales"],"yoast_head":"<!-- This site is optimized with the Yoast SEO plugin v27.4 - https:\/\/yoast.com\/product\/yoast-seo-wordpress\/ -->\n<title>Scioli, tras la exhibici\u00f3n de Colapinto: &quot;Est\u00e1n dadas las condiciones para que la F1 vuelva a la Argentina&quot; - Fm Gente<\/title>\n<meta name=\"robots\" content=\"index, follow, max-snippet:-1, max-image-preview:large, max-video-preview:-1\" \/>\n<link rel=\"canonical\" href=\"https:\/\/fmgente.com.ar\/web\/scioli-tras-la-exhibicion-de-colapinto-estan-dadas-las-condiciones-para-que-la-f1-vuelva-a-la-argentina\/\" \/>\n<meta property=\"og:locale\" content=\"es_ES\" \/>\n<meta property=\"og:type\" content=\"article\" \/>\n<meta property=\"og:title\" content=\"Scioli, tras la exhibici\u00f3n de Colapinto: &quot;Est\u00e1n dadas las condiciones para que la F1 vuelva a la Argentina&quot; - Fm Gente\" \/>\n<meta property=\"og:description\" content=\"Buenos Aires, 26 abril (NA) \u2013 El rugido del motor de Franco Colapinto en las\" \/>\n<meta property=\"og:url\" content=\"https:\/\/fmgente.com.ar\/web\/scioli-tras-la-exhibicion-de-colapinto-estan-dadas-las-condiciones-para-que-la-f1-vuelva-a-la-argentina\/\" \/>\n<meta property=\"og:site_name\" content=\"Fm Gente\" \/>\n<meta property=\"article:published_time\" content=\"2026-04-26T18:06:02+00:00\" \/>\n<meta name=\"twitter:card\" content=\"summary_large_image\" \/>\n<meta name=\"twitter:label1\" content=\"Tiempo de lectura\" \/>\n\t<meta name=\"twitter:data1\" content=\"2 minutos\" \/>\n<script type=\"application\/ld+json\" class=\"yoast-schema-graph\">{\"@context\":\"https:\\\/\\\/schema.org\",\"@graph\":[{\"@type\":\"Article\",\"@id\":\"https:\\\/\\\/fmgente.com.ar\\\/web\\\/scioli-tras-la-exhibicion-de-colapinto-estan-dadas-las-condiciones-para-que-la-f1-vuelva-a-la-argentina\\\/#article\",\"isPartOf\":{\"@id\":\"https:\\\/\\\/fmgente.com.ar\\\/web\\\/scioli-tras-la-exhibicion-de-colapinto-estan-dadas-las-condiciones-para-que-la-f1-vuelva-a-la-argentina\\\/\"},\"author\":{\"name\":\"\",\"@id\":\"\"},\"headline\":\"Scioli, tras la exhibici\u00f3n de Colapinto: &quot;Est\u00e1n dadas las condiciones para que la F1 vuelva a la Argentina&quot;\",\"datePublished\":\"2026-04-26T18:06:02+00:00\",\"mainEntityOfPage\":{\"@id\":\"https:\\\/\\\/fmgente.com.ar\\\/web\\\/scioli-tras-la-exhibicion-de-colapinto-estan-dadas-las-condiciones-para-que-la-f1-vuelva-a-la-argentina\\\/\"},\"wordCount\":365,\"publisher\":{\"@id\":\"https:\\\/\\\/fmgente.com.ar\\\/web\\\/#organization\"},\"image\":{\"@id\":\"https:\\\/\\\/fmgente.com.ar\\\/web\\\/scioli-tras-la-exhibicion-de-colapinto-estan-dadas-las-condiciones-para-que-la-f1-vuelva-a-la-argentina\\\/#primaryimage\"},\"thumbnailUrl\":\"https:\\\/\\\/fmgente.com.ar\\\/web\\\/wp-content\\\/uploads\\\/2026\\\/04\\\/720-1310.jpeg\",\"articleSection\":[\"REGIONALES\"],\"inLanguage\":\"es\"},{\"@type\":\"WebPage\",\"@id\":\"https:\\\/\\\/fmgente.com.ar\\\/web\\\/scioli-tras-la-exhibicion-de-colapinto-estan-dadas-las-condiciones-para-que-la-f1-vuelva-a-la-argentina\\\/\",\"url\":\"https:\\\/\\\/fmgente.com.ar\\\/web\\\/scioli-tras-la-exhibicion-de-colapinto-estan-dadas-las-condiciones-para-que-la-f1-vuelva-a-la-argentina\\\/\",\"name\":\"Scioli, tras la exhibici\u00f3n de Colapinto: &quot;Est\u00e1n dadas las condiciones para que la F1 vuelva a la Argentina&quot; - Fm Gente\",\"isPartOf\":{\"@id\":\"https:\\\/\\\/fmgente.com.ar\\\/web\\\/#website\"},\"primaryImageOfPage\":{\"@id\":\"https:\\\/\\\/fmgente.com.ar\\\/web\\\/scioli-tras-la-exhibicion-de-colapinto-estan-dadas-las-condiciones-para-que-la-f1-vuelva-a-la-argentina\\\/#primaryimage\"},\"image\":{\"@id\":\"https:\\\/\\\/fmgente.com.ar\\\/web\\\/scioli-tras-la-exhibicion-de-colapinto-estan-dadas-las-condiciones-para-que-la-f1-vuelva-a-la-argentina\\\/#primaryimage\"},\"thumbnailUrl\":\"https:\\\/\\\/fmgente.com.ar\\\/web\\\/wp-content\\\/uploads\\\/2026\\\/04\\\/720-1310.jpeg\",\"datePublished\":\"2026-04-26T18:06:02+00:00\",\"inLanguage\":\"es\",\"potentialAction\":[{\"@type\":\"ReadAction\",\"target\":[\"https:\\\/\\\/fmgente.com.ar\\\/web\\\/scioli-tras-la-exhibicion-de-colapinto-estan-dadas-las-condiciones-para-que-la-f1-vuelva-a-la-argentina\\\/\"]}]},{\"@type\":\"ImageObject\",\"inLanguage\":\"es\",\"@id\":\"https:\\\/\\\/fmgente.com.ar\\\/web\\\/scioli-tras-la-exhibicion-de-colapinto-estan-dadas-las-condiciones-para-que-la-f1-vuelva-a-la-argentina\\\/#primaryimage\",\"url\":\"https:\\\/\\\/fmgente.com.ar\\\/web\\\/wp-content\\\/uploads\\\/2026\\\/04\\\/720-1310.jpeg\",\"contentUrl\":\"https:\\\/\\\/fmgente.com.ar\\\/web\\\/wp-content\\\/uploads\\\/2026\\\/04\\\/720-1310.jpeg\",\"width\":1280,\"height\":720},{\"@type\":\"WebSite\",\"@id\":\"https:\\\/\\\/fmgente.com.ar\\\/web\\\/#website\",\"url\":\"https:\\\/\\\/fmgente.com.ar\\\/web\\\/\",\"name\":\"Fm Gente\",\"description\":\"- Jes\u00fas Mar\u00eda\",\"publisher\":{\"@id\":\"https:\\\/\\\/fmgente.com.ar\\\/web\\\/#organization\"},\"potentialAction\":[{\"@type\":\"SearchAction\",\"target\":{\"@type\":\"EntryPoint\",\"urlTemplate\":\"https:\\\/\\\/fmgente.com.ar\\\/web\\\/?s={search_term_string}\"},\"query-input\":{\"@type\":\"PropertyValueSpecification\",\"valueRequired\":true,\"valueName\":\"search_term_string\"}}],\"inLanguage\":\"es\"},{\"@type\":\"Organization\",\"@id\":\"https:\\\/\\\/fmgente.com.ar\\\/web\\\/#organization\",\"name\":\"Fm Gente\",\"url\":\"https:\\\/\\\/fmgente.com.ar\\\/web\\\/\",\"logo\":{\"@type\":\"ImageObject\",\"inLanguage\":\"es\",\"@id\":\"https:\\\/\\\/fmgente.com.ar\\\/web\\\/#\\\/schema\\\/logo\\\/image\\\/\",\"url\":\"https:\\\/\\\/fmgente.com.ar\\\/web\\\/wp-content\\\/uploads\\\/2023\\\/07\\\/cropped-cropped-logo-sombra2.png\",\"contentUrl\":\"https:\\\/\\\/fmgente.com.ar\\\/web\\\/wp-content\\\/uploads\\\/2023\\\/07\\\/cropped-cropped-logo-sombra2.png\",\"width\":1782,\"height\":1782,\"caption\":\"Fm Gente\"},\"image\":{\"@id\":\"https:\\\/\\\/fmgente.com.ar\\\/web\\\/#\\\/schema\\\/logo\\\/image\\\/\"}}]}<\/script>\n<!-- \/ Yoast SEO plugin. -->","yoast_head_json":{"title":"Scioli, tras la exhibici\u00f3n de Colapinto: &quot;Est\u00e1n dadas las condiciones para que la F1 vuelva a la Argentina&quot; - Fm Gente","robots":{"index":"index","follow":"follow","max-snippet":"max-snippet:-1","max-image-preview":"max-image-preview:large","max-video-preview":"max-video-preview:-1"},"canonical":"https:\/\/fmgente.com.ar\/web\/scioli-tras-la-exhibicion-de-colapinto-estan-dadas-las-condiciones-para-que-la-f1-vuelva-a-la-argentina\/","og_locale":"es_ES","og_type":"article","og_title":"Scioli, tras la exhibici\u00f3n de Colapinto: &quot;Est\u00e1n dadas las condiciones para que la F1 vuelva a la Argentina&quot; - Fm Gente","og_description":"Buenos Aires, 26 abril (NA) \u2013 El rugido del motor de Franco Colapinto en las","og_url":"https:\/\/fmgente.com.ar\/web\/scioli-tras-la-exhibicion-de-colapinto-estan-dadas-las-condiciones-para-que-la-f1-vuelva-a-la-argentina\/","og_site_name":"Fm Gente","article_published_time":"2026-04-26T18:06:02+00:00","twitter_card":"summary_large_image","twitter_misc":{"Tiempo de lectura":"2 minutos"},"schema":{"@context":"https:\/\/schema.org","@graph":[{"@type":"Article","@id":"https:\/\/fmgente.com.ar\/web\/scioli-tras-la-exhibicion-de-colapinto-estan-dadas-las-condiciones-para-que-la-f1-vuelva-a-la-argentina\/#article","isPartOf":{"@id":"https:\/\/fmgente.com.ar\/web\/scioli-tras-la-exhibicion-de-colapinto-estan-dadas-las-condiciones-para-que-la-f1-vuelva-a-la-argentina\/"},"author":{"name":"","@id":""},"headline":"Scioli, tras la exhibici\u00f3n de Colapinto: &quot;Est\u00e1n dadas las condiciones para que la F1 vuelva a la Argentina&quot;","datePublished":"2026-04-26T18:06:02+00:00","mainEntityOfPage":{"@id":"https:\/\/fmgente.com.ar\/web\/scioli-tras-la-exhibicion-de-colapinto-estan-dadas-las-condiciones-para-que-la-f1-vuelva-a-la-argentina\/"},"wordCount":365,"publisher":{"@id":"https:\/\/fmgente.com.ar\/web\/#organization"},"image":{"@id":"https:\/\/fmgente.com.ar\/web\/scioli-tras-la-exhibicion-de-colapinto-estan-dadas-las-condiciones-para-que-la-f1-vuelva-a-la-argentina\/#primaryimage"},"thumbnailUrl":"https:\/\/fmgente.com.ar\/web\/wp-content\/uploads\/2026\/04\/720-1310.jpeg","articleSection":["REGIONALES"],"inLanguage":"es"},{"@type":"WebPage","@id":"https:\/\/fmgente.com.ar\/web\/scioli-tras-la-exhibicion-de-colapinto-estan-dadas-las-condiciones-para-que-la-f1-vuelva-a-la-argentina\/","url":"https:\/\/fmgente.com.ar\/web\/scioli-tras-la-exhibicion-de-colapinto-estan-dadas-las-condiciones-para-que-la-f1-vuelva-a-la-argentina\/","name":"Scioli, tras la exhibici\u00f3n de Colapinto: &quot;Est\u00e1n dadas las condiciones para que la F1 vuelva a la Argentina&quot; - Fm Gente","isPartOf":{"@id":"https:\/\/fmgente.com.ar\/web\/#website"},"primaryImageOfPage":{"@id":"https:\/\/fmgente.com.ar\/web\/scioli-tras-la-exhibicion-de-colapinto-estan-dadas-las-condiciones-para-que-la-f1-vuelva-a-la-argentina\/#primaryimage"},"image":{"@id":"https:\/\/fmgente.com.ar\/web\/scioli-tras-la-exhibicion-de-colapinto-estan-dadas-las-condiciones-para-que-la-f1-vuelva-a-la-argentina\/#primaryimage"},"thumbnailUrl":"https:\/\/fmgente.com.ar\/web\/wp-content\/uploads\/2026\/04\/720-1310.jpeg","datePublished":"2026-04-26T18:06:02+00:00","inLanguage":"es","potentialAction":[{"@type":"ReadAction","target":["https:\/\/fmgente.com.ar\/web\/scioli-tras-la-exhibicion-de-colapinto-estan-dadas-las-condiciones-para-que-la-f1-vuelva-a-la-argentina\/"]}]},{"@type":"ImageObject","inLanguage":"es","@id":"https:\/\/fmgente.com.ar\/web\/scioli-tras-la-exhibicion-de-colapinto-estan-dadas-las-condiciones-para-que-la-f1-vuelva-a-la-argentina\/#primaryimage","url":"https:\/\/fmgente.com.ar\/web\/wp-content\/uploads\/2026\/04\/720-1310.jpeg","contentUrl":"https:\/\/fmgente.com.ar\/web\/wp-content\/uploads\/2026\/04\/720-1310.jpeg","width":1280,"height":720},{"@type":"WebSite","@id":"https:\/\/fmgente.com.ar\/web\/#website","url":"https:\/\/fmgente.com.ar\/web\/","name":"Fm Gente","description":"- Jes\u00fas Mar\u00eda","publisher":{"@id":"https:\/\/fmgente.com.ar\/web\/#organization"},"potentialAction":[{"@type":"SearchAction","target":{"@type":"EntryPoint","urlTemplate":"https:\/\/fmgente.com.ar\/web\/?s={search_term_string}"},"query-input":{"@type":"PropertyValueSpecification","valueRequired":true,"valueName":"search_term_string"}}],"inLanguage":"es"},{"@type":"Organization","@id":"https:\/\/fmgente.com.ar\/web\/#organization","name":"Fm Gente","url":"https:\/\/fmgente.com.ar\/web\/","logo":{"@type":"ImageObject","inLanguage":"es","@id":"https:\/\/fmgente.com.ar\/web\/#\/schema\/logo\/image\/","url":"https:\/\/fmgente.com.ar\/web\/wp-content\/uploads\/2023\/07\/cropped-cropped-logo-sombra2.png","contentUrl":"https:\/\/fmgente.com.ar\/web\/wp-content\/uploads\/2023\/07\/cropped-cropped-logo-sombra2.png","width":1782,"height":1782,"caption":"Fm Gente"},"image":{"@id":"https:\/\/fmgente.com.ar\/web\/#\/schema\/logo\/image\/"}}]}},"_links":{"self":[{"href":"https:\/\/fmgente.com.ar\/web\/wp-json\/wp\/v2\/posts\/20803","targetHints":{"allow":["GET"]}}],"collection":[{"href":"https:\/\/fmgente.com.ar\/web\/wp-json\/wp\/v2\/posts"}],"about":[{"href":"https:\/\/fmgente.com.ar\/web\/wp-json\/wp\/v2\/types\/post"}],"replies":[{"embeddable":true,"href":"https:\/\/fmgente.com.ar\/web\/wp-json\/wp\/v2\/comments?post=20803"}],"version-history":[{"count":0,"href":"https:\/\/fmgente.com.ar\/web\/wp-json\/wp\/v2\/posts\/20803\/revisions"}],"wp:featuredmedia":[{"embeddable":true,"href":"https:\/\/fmgente.com.ar\/web\/wp-json\/wp\/v2\/media\/20804"}],"wp:attachment":[{"href":"https:\/\/fmgente.com.ar\/web\/wp-json\/wp\/v2\/media?parent=20803"}],"wp:term":[{"taxonomy":"category","embeddable":true,"href":"https:\/\/fmgente.com.ar\/web\/wp-json\/wp\/v2\/categories?post=20803"},{"taxonomy":"post_tag","embeddable":true,"href":"https:\/\/fmgente.com.ar\/web\/wp-json\/wp\/v2\/tags?post=20803"}],"curies":[{"name":"wp","href":"https:\/\/api.w.org\/{rel}","templated":true}]}}