{"id":20801,"date":"2026-04-26T15:06:01","date_gmt":"2026-04-26T18:06:01","guid":{"rendered":"https:\/\/fmgente.com.ar\/web\/colapinto-emociono-a-los-nostalgicos-con-la-historica-flecha-de-plata-de-fangio\/"},"modified":"2026-04-26T15:06:01","modified_gmt":"2026-04-26T18:06:01","slug":"colapinto-emociono-a-los-nostalgicos-con-la-historica-flecha-de-plata-de-fangio","status":"publish","type":"post","link":"https:\/\/fmgente.com.ar\/web\/colapinto-emociono-a-los-nostalgicos-con-la-historica-flecha-de-plata-de-fangio\/","title":{"rendered":"Colapinto emocion\u00f3 a los nost\u00e1lgicos con la hist\u00f3rica \u201cFlecha de Plata\u201d de Fangio"},"content":{"rendered":"<p>Buenos Aires, 26 abril (NA) \u2014 El argentino Franco Colapinto hizo emocionar a los nost\u00e1lgicos de la F\u00f3rmula 1 al girar en la Ciudad de Buenos Aires en la hist\u00f3rica \u201cFlecha de Plata\u201d con la que Juan Manuel Fangio se consagr\u00f3 campe\u00f3n en 1954 y 1955.<\/p>\n<p>Se trata del Mercedes W196, con el que el cinco veces campe\u00f3n del mundo domin\u00f3 a mediados de la d\u00e9cada del 50, cuando la F\u00f3rmula 1 reci\u00e9n nac\u00eda.<\/p>\n<p>Durante el show a bordo de la \u201cFlecha de Plata\u201d, Colapinto no solo pudo saludar a la gente, que estaba visiblemente emocionada por ver uno de los autos m\u00e1s emblem\u00e1ticos de la carrera de Fangio, sino que tambi\u00e9n cumpli\u00f3 el sue\u00f1o de manejar el monoplaza de uno de sus m\u00e1ximos \u00eddolos.<\/p>\n<p>La hist\u00f3rica exhibici\u00f3n de Colapinto, que cuenta la con impresionante presencia de medio mill\u00f3n de personas, comenz\u00f3 al mediod\u00eda con su primera vuelta en el Lotus E20 de 2012 y se extender\u00e1 con otras dos pasadas durante la tarde.<\/p>\n<p>#AgenciaNA<\/p>\n","protected":false},"excerpt":{"rendered":"<p>Buenos Aires, 26 abril (NA) \u2014 El argentino Franco Colapinto hizo emocionar a los nost\u00e1lgicos<\/p>\n","protected":false},"author":0,"featured_media":20802,"comment_status":"","ping_status":"","sticky":false,"template":"","format":"standard","meta":{"footnotes":""},"categories":[1],"tags":[],"class_list":["post-20801","post","type-post","status-publish","format-standard","has-post-thumbnail","hentry","category-regionales"],"yoast_head":"<!-- This site is optimized with the Yoast SEO plugin v27.4 - https:\/\/yoast.com\/product\/yoast-seo-wordpress\/ -->\n<title>Colapinto emocion\u00f3 a los nost\u00e1lgicos con la hist\u00f3rica \u201cFlecha de Plata\u201d de Fangio - Fm Gente<\/title>\n<meta name=\"robots\" content=\"index, follow, max-snippet:-1, max-image-preview:large, max-video-preview:-1\" \/>\n<link rel=\"canonical\" href=\"https:\/\/fmgente.com.ar\/web\/colapinto-emociono-a-los-nostalgicos-con-la-historica-flecha-de-plata-de-fangio\/\" \/>\n<meta property=\"og:locale\" content=\"es_ES\" \/>\n<meta property=\"og:type\" content=\"article\" \/>\n<meta property=\"og:title\" content=\"Colapinto emocion\u00f3 a los nost\u00e1lgicos con la hist\u00f3rica \u201cFlecha de Plata\u201d de Fangio - Fm Gente\" \/>\n<meta property=\"og:description\" content=\"Buenos Aires, 26 abril (NA) \u2014 El argentino Franco Colapinto hizo emocionar a los nost\u00e1lgicos\" \/>\n<meta property=\"og:url\" content=\"https:\/\/fmgente.com.ar\/web\/colapinto-emociono-a-los-nostalgicos-con-la-historica-flecha-de-plata-de-fangio\/\" \/>\n<meta property=\"og:site_name\" content=\"Fm Gente\" \/>\n<meta property=\"article:published_time\" content=\"2026-04-26T18:06:01+00:00\" \/>\n<meta name=\"twitter:card\" content=\"summary_large_image\" \/>\n<meta name=\"twitter:label1\" content=\"Tiempo de lectura\" \/>\n\t<meta name=\"twitter:data1\" content=\"1 minuto\" \/>\n<script type=\"application\/ld+json\" class=\"yoast-schema-graph\">{\"@context\":\"https:\\\/\\\/schema.org\",\"@graph\":[{\"@type\":\"Article\",\"@id\":\"https:\\\/\\\/fmgente.com.ar\\\/web\\\/colapinto-emociono-a-los-nostalgicos-con-la-historica-flecha-de-plata-de-fangio\\\/#article\",\"isPartOf\":{\"@id\":\"https:\\\/\\\/fmgente.com.ar\\\/web\\\/colapinto-emociono-a-los-nostalgicos-con-la-historica-flecha-de-plata-de-fangio\\\/\"},\"author\":{\"name\":\"\",\"@id\":\"\"},\"headline\":\"Colapinto emocion\u00f3 a los nost\u00e1lgicos con la hist\u00f3rica \u201cFlecha de Plata\u201d de Fangio\",\"datePublished\":\"2026-04-26T18:06:01+00:00\",\"mainEntityOfPage\":{\"@id\":\"https:\\\/\\\/fmgente.com.ar\\\/web\\\/colapinto-emociono-a-los-nostalgicos-con-la-historica-flecha-de-plata-de-fangio\\\/\"},\"wordCount\":190,\"publisher\":{\"@id\":\"https:\\\/\\\/fmgente.com.ar\\\/web\\\/#organization\"},\"image\":{\"@id\":\"https:\\\/\\\/fmgente.com.ar\\\/web\\\/colapinto-emociono-a-los-nostalgicos-con-la-historica-flecha-de-plata-de-fangio\\\/#primaryimage\"},\"thumbnailUrl\":\"https:\\\/\\\/fmgente.com.ar\\\/web\\\/wp-content\\\/uploads\\\/2026\\\/04\\\/720-1309.jpeg\",\"articleSection\":[\"REGIONALES\"],\"inLanguage\":\"es\"},{\"@type\":\"WebPage\",\"@id\":\"https:\\\/\\\/fmgente.com.ar\\\/web\\\/colapinto-emociono-a-los-nostalgicos-con-la-historica-flecha-de-plata-de-fangio\\\/\",\"url\":\"https:\\\/\\\/fmgente.com.ar\\\/web\\\/colapinto-emociono-a-los-nostalgicos-con-la-historica-flecha-de-plata-de-fangio\\\/\",\"name\":\"Colapinto emocion\u00f3 a los nost\u00e1lgicos con la hist\u00f3rica \u201cFlecha de Plata\u201d de Fangio - Fm Gente\",\"isPartOf\":{\"@id\":\"https:\\\/\\\/fmgente.com.ar\\\/web\\\/#website\"},\"primaryImageOfPage\":{\"@id\":\"https:\\\/\\\/fmgente.com.ar\\\/web\\\/colapinto-emociono-a-los-nostalgicos-con-la-historica-flecha-de-plata-de-fangio\\\/#primaryimage\"},\"image\":{\"@id\":\"https:\\\/\\\/fmgente.com.ar\\\/web\\\/colapinto-emociono-a-los-nostalgicos-con-la-historica-flecha-de-plata-de-fangio\\\/#primaryimage\"},\"thumbnailUrl\":\"https:\\\/\\\/fmgente.com.ar\\\/web\\\/wp-content\\\/uploads\\\/2026\\\/04\\\/720-1309.jpeg\",\"datePublished\":\"2026-04-26T18:06:01+00:00\",\"inLanguage\":\"es\",\"potentialAction\":[{\"@type\":\"ReadAction\",\"target\":[\"https:\\\/\\\/fmgente.com.ar\\\/web\\\/colapinto-emociono-a-los-nostalgicos-con-la-historica-flecha-de-plata-de-fangio\\\/\"]}]},{\"@type\":\"ImageObject\",\"inLanguage\":\"es\",\"@id\":\"https:\\\/\\\/fmgente.com.ar\\\/web\\\/colapinto-emociono-a-los-nostalgicos-con-la-historica-flecha-de-plata-de-fangio\\\/#primaryimage\",\"url\":\"https:\\\/\\\/fmgente.com.ar\\\/web\\\/wp-content\\\/uploads\\\/2026\\\/04\\\/720-1309.jpeg\",\"contentUrl\":\"https:\\\/\\\/fmgente.com.ar\\\/web\\\/wp-content\\\/uploads\\\/2026\\\/04\\\/720-1309.jpeg\",\"width\":1080,\"height\":720},{\"@type\":\"WebSite\",\"@id\":\"https:\\\/\\\/fmgente.com.ar\\\/web\\\/#website\",\"url\":\"https:\\\/\\\/fmgente.com.ar\\\/web\\\/\",\"name\":\"Fm Gente\",\"description\":\"- Jes\u00fas Mar\u00eda\",\"publisher\":{\"@id\":\"https:\\\/\\\/fmgente.com.ar\\\/web\\\/#organization\"},\"potentialAction\":[{\"@type\":\"SearchAction\",\"target\":{\"@type\":\"EntryPoint\",\"urlTemplate\":\"https:\\\/\\\/fmgente.com.ar\\\/web\\\/?s={search_term_string}\"},\"query-input\":{\"@type\":\"PropertyValueSpecification\",\"valueRequired\":true,\"valueName\":\"search_term_string\"}}],\"inLanguage\":\"es\"},{\"@type\":\"Organization\",\"@id\":\"https:\\\/\\\/fmgente.com.ar\\\/web\\\/#organization\",\"name\":\"Fm Gente\",\"url\":\"https:\\\/\\\/fmgente.com.ar\\\/web\\\/\",\"logo\":{\"@type\":\"ImageObject\",\"inLanguage\":\"es\",\"@id\":\"https:\\\/\\\/fmgente.com.ar\\\/web\\\/#\\\/schema\\\/logo\\\/image\\\/\",\"url\":\"https:\\\/\\\/fmgente.com.ar\\\/web\\\/wp-content\\\/uploads\\\/2023\\\/07\\\/cropped-cropped-logo-sombra2.png\",\"contentUrl\":\"https:\\\/\\\/fmgente.com.ar\\\/web\\\/wp-content\\\/uploads\\\/2023\\\/07\\\/cropped-cropped-logo-sombra2.png\",\"width\":1782,\"height\":1782,\"caption\":\"Fm Gente\"},\"image\":{\"@id\":\"https:\\\/\\\/fmgente.com.ar\\\/web\\\/#\\\/schema\\\/logo\\\/image\\\/\"}}]}<\/script>\n<!-- \/ Yoast SEO plugin. -->","yoast_head_json":{"title":"Colapinto emocion\u00f3 a los nost\u00e1lgicos con la hist\u00f3rica \u201cFlecha de Plata\u201d de Fangio - Fm Gente","robots":{"index":"index","follow":"follow","max-snippet":"max-snippet:-1","max-image-preview":"max-image-preview:large","max-video-preview":"max-video-preview:-1"},"canonical":"https:\/\/fmgente.com.ar\/web\/colapinto-emociono-a-los-nostalgicos-con-la-historica-flecha-de-plata-de-fangio\/","og_locale":"es_ES","og_type":"article","og_title":"Colapinto emocion\u00f3 a los nost\u00e1lgicos con la hist\u00f3rica \u201cFlecha de Plata\u201d de Fangio - Fm Gente","og_description":"Buenos Aires, 26 abril (NA) \u2014 El argentino Franco Colapinto hizo emocionar a los nost\u00e1lgicos","og_url":"https:\/\/fmgente.com.ar\/web\/colapinto-emociono-a-los-nostalgicos-con-la-historica-flecha-de-plata-de-fangio\/","og_site_name":"Fm Gente","article_published_time":"2026-04-26T18:06:01+00:00","twitter_card":"summary_large_image","twitter_misc":{"Tiempo de lectura":"1 minuto"},"schema":{"@context":"https:\/\/schema.org","@graph":[{"@type":"Article","@id":"https:\/\/fmgente.com.ar\/web\/colapinto-emociono-a-los-nostalgicos-con-la-historica-flecha-de-plata-de-fangio\/#article","isPartOf":{"@id":"https:\/\/fmgente.com.ar\/web\/colapinto-emociono-a-los-nostalgicos-con-la-historica-flecha-de-plata-de-fangio\/"},"author":{"name":"","@id":""},"headline":"Colapinto emocion\u00f3 a los nost\u00e1lgicos con la hist\u00f3rica \u201cFlecha de Plata\u201d de Fangio","datePublished":"2026-04-26T18:06:01+00:00","mainEntityOfPage":{"@id":"https:\/\/fmgente.com.ar\/web\/colapinto-emociono-a-los-nostalgicos-con-la-historica-flecha-de-plata-de-fangio\/"},"wordCount":190,"publisher":{"@id":"https:\/\/fmgente.com.ar\/web\/#organization"},"image":{"@id":"https:\/\/fmgente.com.ar\/web\/colapinto-emociono-a-los-nostalgicos-con-la-historica-flecha-de-plata-de-fangio\/#primaryimage"},"thumbnailUrl":"https:\/\/fmgente.com.ar\/web\/wp-content\/uploads\/2026\/04\/720-1309.jpeg","articleSection":["REGIONALES"],"inLanguage":"es"},{"@type":"WebPage","@id":"https:\/\/fmgente.com.ar\/web\/colapinto-emociono-a-los-nostalgicos-con-la-historica-flecha-de-plata-de-fangio\/","url":"https:\/\/fmgente.com.ar\/web\/colapinto-emociono-a-los-nostalgicos-con-la-historica-flecha-de-plata-de-fangio\/","name":"Colapinto emocion\u00f3 a los nost\u00e1lgicos con la hist\u00f3rica \u201cFlecha de Plata\u201d de Fangio - Fm Gente","isPartOf":{"@id":"https:\/\/fmgente.com.ar\/web\/#website"},"primaryImageOfPage":{"@id":"https:\/\/fmgente.com.ar\/web\/colapinto-emociono-a-los-nostalgicos-con-la-historica-flecha-de-plata-de-fangio\/#primaryimage"},"image":{"@id":"https:\/\/fmgente.com.ar\/web\/colapinto-emociono-a-los-nostalgicos-con-la-historica-flecha-de-plata-de-fangio\/#primaryimage"},"thumbnailUrl":"https:\/\/fmgente.com.ar\/web\/wp-content\/uploads\/2026\/04\/720-1309.jpeg","datePublished":"2026-04-26T18:06:01+00:00","inLanguage":"es","potentialAction":[{"@type":"ReadAction","target":["https:\/\/fmgente.com.ar\/web\/colapinto-emociono-a-los-nostalgicos-con-la-historica-flecha-de-plata-de-fangio\/"]}]},{"@type":"ImageObject","inLanguage":"es","@id":"https:\/\/fmgente.com.ar\/web\/colapinto-emociono-a-los-nostalgicos-con-la-historica-flecha-de-plata-de-fangio\/#primaryimage","url":"https:\/\/fmgente.com.ar\/web\/wp-content\/uploads\/2026\/04\/720-1309.jpeg","contentUrl":"https:\/\/fmgente.com.ar\/web\/wp-content\/uploads\/2026\/04\/720-1309.jpeg","width":1080,"height":720},{"@type":"WebSite","@id":"https:\/\/fmgente.com.ar\/web\/#website","url":"https:\/\/fmgente.com.ar\/web\/","name":"Fm Gente","description":"- Jes\u00fas Mar\u00eda","publisher":{"@id":"https:\/\/fmgente.com.ar\/web\/#organization"},"potentialAction":[{"@type":"SearchAction","target":{"@type":"EntryPoint","urlTemplate":"https:\/\/fmgente.com.ar\/web\/?s={search_term_string}"},"query-input":{"@type":"PropertyValueSpecification","valueRequired":true,"valueName":"search_term_string"}}],"inLanguage":"es"},{"@type":"Organization","@id":"https:\/\/fmgente.com.ar\/web\/#organization","name":"Fm Gente","url":"https:\/\/fmgente.com.ar\/web\/","logo":{"@type":"ImageObject","inLanguage":"es","@id":"https:\/\/fmgente.com.ar\/web\/#\/schema\/logo\/image\/","url":"https:\/\/fmgente.com.ar\/web\/wp-content\/uploads\/2023\/07\/cropped-cropped-logo-sombra2.png","contentUrl":"https:\/\/fmgente.com.ar\/web\/wp-content\/uploads\/2023\/07\/cropped-cropped-logo-sombra2.png","width":1782,"height":1782,"caption":"Fm Gente"},"image":{"@id":"https:\/\/fmgente.com.ar\/web\/#\/schema\/logo\/image\/"}}]}},"_links":{"self":[{"href":"https:\/\/fmgente.com.ar\/web\/wp-json\/wp\/v2\/posts\/20801","targetHints":{"allow":["GET"]}}],"collection":[{"href":"https:\/\/fmgente.com.ar\/web\/wp-json\/wp\/v2\/posts"}],"about":[{"href":"https:\/\/fmgente.com.ar\/web\/wp-json\/wp\/v2\/types\/post"}],"replies":[{"embeddable":true,"href":"https:\/\/fmgente.com.ar\/web\/wp-json\/wp\/v2\/comments?post=20801"}],"version-history":[{"count":0,"href":"https:\/\/fmgente.com.ar\/web\/wp-json\/wp\/v2\/posts\/20801\/revisions"}],"wp:featuredmedia":[{"embeddable":true,"href":"https:\/\/fmgente.com.ar\/web\/wp-json\/wp\/v2\/media\/20802"}],"wp:attachment":[{"href":"https:\/\/fmgente.com.ar\/web\/wp-json\/wp\/v2\/media?parent=20801"}],"wp:term":[{"taxonomy":"category","embeddable":true,"href":"https:\/\/fmgente.com.ar\/web\/wp-json\/wp\/v2\/categories?post=20801"},{"taxonomy":"post_tag","embeddable":true,"href":"https:\/\/fmgente.com.ar\/web\/wp-json\/wp\/v2\/tags?post=20801"}],"curies":[{"name":"wp","href":"https:\/\/api.w.org\/{rel}","templated":true}]}}