{"id":20799,"date":"2026-04-26T15:06:00","date_gmt":"2026-04-26T18:06:00","guid":{"rendered":"https:\/\/fmgente.com.ar\/web\/dura-interna-en-el-pj-maximo-kirchner-cuestiona-el-armado-opositor-y-pide-propuestas-propias\/"},"modified":"2026-04-26T15:06:00","modified_gmt":"2026-04-26T18:06:00","slug":"dura-interna-en-el-pj-maximo-kirchner-cuestiona-el-armado-opositor-y-pide-propuestas-propias","status":"publish","type":"post","link":"https:\/\/fmgente.com.ar\/web\/dura-interna-en-el-pj-maximo-kirchner-cuestiona-el-armado-opositor-y-pide-propuestas-propias\/","title":{"rendered":"Dura interna en el PJ: M\u00e1ximo Kirchner cuestiona el armado opositor y pide &quot;propuestas propias&quot;"},"content":{"rendered":"<p>Buenos Aires, 26 abril (NA) \u2013 El diputado nacional y referente de La C\u00e1mpora, M\u00e1ximo Kirchner, volvi\u00f3 a sacudir la interna del peronismo al rechazar de plano la conformaci\u00f3n de un frente electoral cuyo \u00fanico objetivo sea enfrentar al presidente Javier Milei. <\/p>\n<p>Durante una recorrida pol\u00edtica por la provincia de Santa Fe, el legislador sostuvo que \u00abno sirve destruir al adversario para ganar una elecci\u00f3n\u00bb y que la estrategia del espacio no debe limitarse a una reacci\u00f3n defensiva, sino a la elaboraci\u00f3n de un proyecto pol\u00edtico propio que logre interpelar a la sociedad.<\/p>\n<p>\u00abCuando hablan del frente anti-Milei, no me convence\u00bb, sentenci\u00f3 Kirchner en una entrevista con el diario La Capital. Para el dirigente, reducir la pol\u00edtica a una confrontaci\u00f3n directa con el l\u00edder libertario es un error que impide discutir las causas profundas que llevaron al actual gobierno al poder. <\/p>\n<p>Seg\u00fan su an\u00e1lisis, el desaf\u00edo es construir una opci\u00f3n que permita que el pa\u00eds \u00abse libere del lugar donde lo est\u00e1n llevando\u00bb tras una d\u00e9cada de estancamiento econ\u00f3mico y p\u00e9rdida de expectativas sociales.<\/p>\n<p>Respecto a los liderazgos para las elecciones presidenciales de 2027, M\u00e1ximo Kirchner no dud\u00f3 en se\u00f1alar a Cristina Fern\u00e1ndez de Kirchner como la figura central, a pesar de su inhabilitaci\u00f3n judicial por la causa Vialidad. <\/p>\n<p>\u00abCristina es la primera candidata porque no hay qui\u00e9n le gane en una interna. Hace seis meses que simplemente tuitea y sigue teniendo el reconocimiento del pueblo\u00bb, afirm\u00f3, reforzando la narrativa de la \u00abproscripci\u00f3n\u00bb y enviando un mensaje directo a los sectores referenciados en el gobernador bonaerense, Axel Kicillof, que buscan renovar la c\u00fapula del partido.<\/p>\n<p>Las declaraciones de Kirchner se producen en un momento de fuerte reconfiguraci\u00f3n dentro de Uni\u00f3n por la Patria. El diputado insisti\u00f3 en que el peronismo debe dejar de lado el \u00abreduccionismo enorme\u00bb de enfocarse solo en ganarle a Milei y concentrarse en recuperar la capacidad de administrar el Estado y generar ideas. <\/p>\n<p>\u00abNo me interesa destruirlo, me interesa que en la elecci\u00f3n juntemos m\u00e1s votos y, cuando seamos gobierno, estemos a la altura de la circunstancia\u00bb, concluy\u00f3, marcando un camino de diferenciaci\u00f3n respecto a las estrategias de unidad opositora que se gestan en otros sectores del PJ.<\/p>\n<p>#AgenciaNA<\/p>\n","protected":false},"excerpt":{"rendered":"<p>Buenos Aires, 26 abril (NA) \u2013 El diputado nacional y referente de La C\u00e1mpora, M\u00e1ximo<\/p>\n","protected":false},"author":0,"featured_media":20800,"comment_status":"","ping_status":"","sticky":false,"template":"","format":"standard","meta":{"footnotes":""},"categories":[1],"tags":[],"class_list":["post-20799","post","type-post","status-publish","format-standard","has-post-thumbnail","hentry","category-regionales"],"yoast_head":"<!-- This site is optimized with the Yoast SEO plugin v27.4 - https:\/\/yoast.com\/product\/yoast-seo-wordpress\/ -->\n<title>Dura interna en el PJ: M\u00e1ximo Kirchner cuestiona el armado opositor y pide &quot;propuestas propias&quot; - Fm Gente<\/title>\n<meta name=\"robots\" content=\"index, follow, max-snippet:-1, max-image-preview:large, max-video-preview:-1\" \/>\n<link rel=\"canonical\" href=\"https:\/\/fmgente.com.ar\/web\/dura-interna-en-el-pj-maximo-kirchner-cuestiona-el-armado-opositor-y-pide-propuestas-propias\/\" \/>\n<meta property=\"og:locale\" content=\"es_ES\" \/>\n<meta property=\"og:type\" content=\"article\" \/>\n<meta property=\"og:title\" content=\"Dura interna en el PJ: M\u00e1ximo Kirchner cuestiona el armado opositor y pide &quot;propuestas propias&quot; - Fm Gente\" \/>\n<meta property=\"og:description\" content=\"Buenos Aires, 26 abril (NA) \u2013 El diputado nacional y referente de La C\u00e1mpora, M\u00e1ximo\" \/>\n<meta property=\"og:url\" content=\"https:\/\/fmgente.com.ar\/web\/dura-interna-en-el-pj-maximo-kirchner-cuestiona-el-armado-opositor-y-pide-propuestas-propias\/\" \/>\n<meta property=\"og:site_name\" content=\"Fm Gente\" \/>\n<meta property=\"article:published_time\" content=\"2026-04-26T18:06:00+00:00\" \/>\n<meta name=\"twitter:card\" content=\"summary_large_image\" \/>\n<meta name=\"twitter:label1\" content=\"Tiempo de lectura\" \/>\n\t<meta name=\"twitter:data1\" content=\"2 minutos\" \/>\n<script type=\"application\/ld+json\" class=\"yoast-schema-graph\">{\"@context\":\"https:\\\/\\\/schema.org\",\"@graph\":[{\"@type\":\"Article\",\"@id\":\"https:\\\/\\\/fmgente.com.ar\\\/web\\\/dura-interna-en-el-pj-maximo-kirchner-cuestiona-el-armado-opositor-y-pide-propuestas-propias\\\/#article\",\"isPartOf\":{\"@id\":\"https:\\\/\\\/fmgente.com.ar\\\/web\\\/dura-interna-en-el-pj-maximo-kirchner-cuestiona-el-armado-opositor-y-pide-propuestas-propias\\\/\"},\"author\":{\"name\":\"\",\"@id\":\"\"},\"headline\":\"Dura interna en el PJ: M\u00e1ximo Kirchner cuestiona el armado opositor y pide &quot;propuestas propias&quot;\",\"datePublished\":\"2026-04-26T18:06:00+00:00\",\"mainEntityOfPage\":{\"@id\":\"https:\\\/\\\/fmgente.com.ar\\\/web\\\/dura-interna-en-el-pj-maximo-kirchner-cuestiona-el-armado-opositor-y-pide-propuestas-propias\\\/\"},\"wordCount\":410,\"publisher\":{\"@id\":\"https:\\\/\\\/fmgente.com.ar\\\/web\\\/#organization\"},\"image\":{\"@id\":\"https:\\\/\\\/fmgente.com.ar\\\/web\\\/dura-interna-en-el-pj-maximo-kirchner-cuestiona-el-armado-opositor-y-pide-propuestas-propias\\\/#primaryimage\"},\"thumbnailUrl\":\"https:\\\/\\\/fmgente.com.ar\\\/web\\\/wp-content\\\/uploads\\\/2026\\\/04\\\/720-1308.jpeg\",\"articleSection\":[\"REGIONALES\"],\"inLanguage\":\"es\"},{\"@type\":\"WebPage\",\"@id\":\"https:\\\/\\\/fmgente.com.ar\\\/web\\\/dura-interna-en-el-pj-maximo-kirchner-cuestiona-el-armado-opositor-y-pide-propuestas-propias\\\/\",\"url\":\"https:\\\/\\\/fmgente.com.ar\\\/web\\\/dura-interna-en-el-pj-maximo-kirchner-cuestiona-el-armado-opositor-y-pide-propuestas-propias\\\/\",\"name\":\"Dura interna en el PJ: M\u00e1ximo Kirchner cuestiona el armado opositor y pide &quot;propuestas propias&quot; - Fm Gente\",\"isPartOf\":{\"@id\":\"https:\\\/\\\/fmgente.com.ar\\\/web\\\/#website\"},\"primaryImageOfPage\":{\"@id\":\"https:\\\/\\\/fmgente.com.ar\\\/web\\\/dura-interna-en-el-pj-maximo-kirchner-cuestiona-el-armado-opositor-y-pide-propuestas-propias\\\/#primaryimage\"},\"image\":{\"@id\":\"https:\\\/\\\/fmgente.com.ar\\\/web\\\/dura-interna-en-el-pj-maximo-kirchner-cuestiona-el-armado-opositor-y-pide-propuestas-propias\\\/#primaryimage\"},\"thumbnailUrl\":\"https:\\\/\\\/fmgente.com.ar\\\/web\\\/wp-content\\\/uploads\\\/2026\\\/04\\\/720-1308.jpeg\",\"datePublished\":\"2026-04-26T18:06:00+00:00\",\"inLanguage\":\"es\",\"potentialAction\":[{\"@type\":\"ReadAction\",\"target\":[\"https:\\\/\\\/fmgente.com.ar\\\/web\\\/dura-interna-en-el-pj-maximo-kirchner-cuestiona-el-armado-opositor-y-pide-propuestas-propias\\\/\"]}]},{\"@type\":\"ImageObject\",\"inLanguage\":\"es\",\"@id\":\"https:\\\/\\\/fmgente.com.ar\\\/web\\\/dura-interna-en-el-pj-maximo-kirchner-cuestiona-el-armado-opositor-y-pide-propuestas-propias\\\/#primaryimage\",\"url\":\"https:\\\/\\\/fmgente.com.ar\\\/web\\\/wp-content\\\/uploads\\\/2026\\\/04\\\/720-1308.jpeg\",\"contentUrl\":\"https:\\\/\\\/fmgente.com.ar\\\/web\\\/wp-content\\\/uploads\\\/2026\\\/04\\\/720-1308.jpeg\",\"width\":1080,\"height\":720},{\"@type\":\"WebSite\",\"@id\":\"https:\\\/\\\/fmgente.com.ar\\\/web\\\/#website\",\"url\":\"https:\\\/\\\/fmgente.com.ar\\\/web\\\/\",\"name\":\"Fm Gente\",\"description\":\"- Jes\u00fas Mar\u00eda\",\"publisher\":{\"@id\":\"https:\\\/\\\/fmgente.com.ar\\\/web\\\/#organization\"},\"potentialAction\":[{\"@type\":\"SearchAction\",\"target\":{\"@type\":\"EntryPoint\",\"urlTemplate\":\"https:\\\/\\\/fmgente.com.ar\\\/web\\\/?s={search_term_string}\"},\"query-input\":{\"@type\":\"PropertyValueSpecification\",\"valueRequired\":true,\"valueName\":\"search_term_string\"}}],\"inLanguage\":\"es\"},{\"@type\":\"Organization\",\"@id\":\"https:\\\/\\\/fmgente.com.ar\\\/web\\\/#organization\",\"name\":\"Fm Gente\",\"url\":\"https:\\\/\\\/fmgente.com.ar\\\/web\\\/\",\"logo\":{\"@type\":\"ImageObject\",\"inLanguage\":\"es\",\"@id\":\"https:\\\/\\\/fmgente.com.ar\\\/web\\\/#\\\/schema\\\/logo\\\/image\\\/\",\"url\":\"https:\\\/\\\/fmgente.com.ar\\\/web\\\/wp-content\\\/uploads\\\/2023\\\/07\\\/cropped-cropped-logo-sombra2.png\",\"contentUrl\":\"https:\\\/\\\/fmgente.com.ar\\\/web\\\/wp-content\\\/uploads\\\/2023\\\/07\\\/cropped-cropped-logo-sombra2.png\",\"width\":1782,\"height\":1782,\"caption\":\"Fm Gente\"},\"image\":{\"@id\":\"https:\\\/\\\/fmgente.com.ar\\\/web\\\/#\\\/schema\\\/logo\\\/image\\\/\"}}]}<\/script>\n<!-- \/ Yoast SEO plugin. -->","yoast_head_json":{"title":"Dura interna en el PJ: M\u00e1ximo Kirchner cuestiona el armado opositor y pide &quot;propuestas propias&quot; - Fm Gente","robots":{"index":"index","follow":"follow","max-snippet":"max-snippet:-1","max-image-preview":"max-image-preview:large","max-video-preview":"max-video-preview:-1"},"canonical":"https:\/\/fmgente.com.ar\/web\/dura-interna-en-el-pj-maximo-kirchner-cuestiona-el-armado-opositor-y-pide-propuestas-propias\/","og_locale":"es_ES","og_type":"article","og_title":"Dura interna en el PJ: M\u00e1ximo Kirchner cuestiona el armado opositor y pide &quot;propuestas propias&quot; - Fm Gente","og_description":"Buenos Aires, 26 abril (NA) \u2013 El diputado nacional y referente de La C\u00e1mpora, M\u00e1ximo","og_url":"https:\/\/fmgente.com.ar\/web\/dura-interna-en-el-pj-maximo-kirchner-cuestiona-el-armado-opositor-y-pide-propuestas-propias\/","og_site_name":"Fm Gente","article_published_time":"2026-04-26T18:06:00+00:00","twitter_card":"summary_large_image","twitter_misc":{"Tiempo de lectura":"2 minutos"},"schema":{"@context":"https:\/\/schema.org","@graph":[{"@type":"Article","@id":"https:\/\/fmgente.com.ar\/web\/dura-interna-en-el-pj-maximo-kirchner-cuestiona-el-armado-opositor-y-pide-propuestas-propias\/#article","isPartOf":{"@id":"https:\/\/fmgente.com.ar\/web\/dura-interna-en-el-pj-maximo-kirchner-cuestiona-el-armado-opositor-y-pide-propuestas-propias\/"},"author":{"name":"","@id":""},"headline":"Dura interna en el PJ: M\u00e1ximo Kirchner cuestiona el armado opositor y pide &quot;propuestas propias&quot;","datePublished":"2026-04-26T18:06:00+00:00","mainEntityOfPage":{"@id":"https:\/\/fmgente.com.ar\/web\/dura-interna-en-el-pj-maximo-kirchner-cuestiona-el-armado-opositor-y-pide-propuestas-propias\/"},"wordCount":410,"publisher":{"@id":"https:\/\/fmgente.com.ar\/web\/#organization"},"image":{"@id":"https:\/\/fmgente.com.ar\/web\/dura-interna-en-el-pj-maximo-kirchner-cuestiona-el-armado-opositor-y-pide-propuestas-propias\/#primaryimage"},"thumbnailUrl":"https:\/\/fmgente.com.ar\/web\/wp-content\/uploads\/2026\/04\/720-1308.jpeg","articleSection":["REGIONALES"],"inLanguage":"es"},{"@type":"WebPage","@id":"https:\/\/fmgente.com.ar\/web\/dura-interna-en-el-pj-maximo-kirchner-cuestiona-el-armado-opositor-y-pide-propuestas-propias\/","url":"https:\/\/fmgente.com.ar\/web\/dura-interna-en-el-pj-maximo-kirchner-cuestiona-el-armado-opositor-y-pide-propuestas-propias\/","name":"Dura interna en el PJ: M\u00e1ximo Kirchner cuestiona el armado opositor y pide &quot;propuestas propias&quot; - Fm Gente","isPartOf":{"@id":"https:\/\/fmgente.com.ar\/web\/#website"},"primaryImageOfPage":{"@id":"https:\/\/fmgente.com.ar\/web\/dura-interna-en-el-pj-maximo-kirchner-cuestiona-el-armado-opositor-y-pide-propuestas-propias\/#primaryimage"},"image":{"@id":"https:\/\/fmgente.com.ar\/web\/dura-interna-en-el-pj-maximo-kirchner-cuestiona-el-armado-opositor-y-pide-propuestas-propias\/#primaryimage"},"thumbnailUrl":"https:\/\/fmgente.com.ar\/web\/wp-content\/uploads\/2026\/04\/720-1308.jpeg","datePublished":"2026-04-26T18:06:00+00:00","inLanguage":"es","potentialAction":[{"@type":"ReadAction","target":["https:\/\/fmgente.com.ar\/web\/dura-interna-en-el-pj-maximo-kirchner-cuestiona-el-armado-opositor-y-pide-propuestas-propias\/"]}]},{"@type":"ImageObject","inLanguage":"es","@id":"https:\/\/fmgente.com.ar\/web\/dura-interna-en-el-pj-maximo-kirchner-cuestiona-el-armado-opositor-y-pide-propuestas-propias\/#primaryimage","url":"https:\/\/fmgente.com.ar\/web\/wp-content\/uploads\/2026\/04\/720-1308.jpeg","contentUrl":"https:\/\/fmgente.com.ar\/web\/wp-content\/uploads\/2026\/04\/720-1308.jpeg","width":1080,"height":720},{"@type":"WebSite","@id":"https:\/\/fmgente.com.ar\/web\/#website","url":"https:\/\/fmgente.com.ar\/web\/","name":"Fm Gente","description":"- Jes\u00fas Mar\u00eda","publisher":{"@id":"https:\/\/fmgente.com.ar\/web\/#organization"},"potentialAction":[{"@type":"SearchAction","target":{"@type":"EntryPoint","urlTemplate":"https:\/\/fmgente.com.ar\/web\/?s={search_term_string}"},"query-input":{"@type":"PropertyValueSpecification","valueRequired":true,"valueName":"search_term_string"}}],"inLanguage":"es"},{"@type":"Organization","@id":"https:\/\/fmgente.com.ar\/web\/#organization","name":"Fm Gente","url":"https:\/\/fmgente.com.ar\/web\/","logo":{"@type":"ImageObject","inLanguage":"es","@id":"https:\/\/fmgente.com.ar\/web\/#\/schema\/logo\/image\/","url":"https:\/\/fmgente.com.ar\/web\/wp-content\/uploads\/2023\/07\/cropped-cropped-logo-sombra2.png","contentUrl":"https:\/\/fmgente.com.ar\/web\/wp-content\/uploads\/2023\/07\/cropped-cropped-logo-sombra2.png","width":1782,"height":1782,"caption":"Fm Gente"},"image":{"@id":"https:\/\/fmgente.com.ar\/web\/#\/schema\/logo\/image\/"}}]}},"_links":{"self":[{"href":"https:\/\/fmgente.com.ar\/web\/wp-json\/wp\/v2\/posts\/20799","targetHints":{"allow":["GET"]}}],"collection":[{"href":"https:\/\/fmgente.com.ar\/web\/wp-json\/wp\/v2\/posts"}],"about":[{"href":"https:\/\/fmgente.com.ar\/web\/wp-json\/wp\/v2\/types\/post"}],"replies":[{"embeddable":true,"href":"https:\/\/fmgente.com.ar\/web\/wp-json\/wp\/v2\/comments?post=20799"}],"version-history":[{"count":0,"href":"https:\/\/fmgente.com.ar\/web\/wp-json\/wp\/v2\/posts\/20799\/revisions"}],"wp:featuredmedia":[{"embeddable":true,"href":"https:\/\/fmgente.com.ar\/web\/wp-json\/wp\/v2\/media\/20800"}],"wp:attachment":[{"href":"https:\/\/fmgente.com.ar\/web\/wp-json\/wp\/v2\/media?parent=20799"}],"wp:term":[{"taxonomy":"category","embeddable":true,"href":"https:\/\/fmgente.com.ar\/web\/wp-json\/wp\/v2\/categories?post=20799"},{"taxonomy":"post_tag","embeddable":true,"href":"https:\/\/fmgente.com.ar\/web\/wp-json\/wp\/v2\/tags?post=20799"}],"curies":[{"name":"wp","href":"https:\/\/api.w.org\/{rel}","templated":true}]}}