{"id":20797,"date":"2026-04-26T15:05:58","date_gmt":"2026-04-26T18:05:58","guid":{"rendered":"https:\/\/fmgente.com.ar\/web\/cuando-son-las-vacaciones-de-invierno-2026-provincia-por-provincia-las-fechas-oficiales\/"},"modified":"2026-04-26T15:05:58","modified_gmt":"2026-04-26T18:05:58","slug":"cuando-son-las-vacaciones-de-invierno-2026-provincia-por-provincia-las-fechas-oficiales","status":"publish","type":"post","link":"https:\/\/fmgente.com.ar\/web\/cuando-son-las-vacaciones-de-invierno-2026-provincia-por-provincia-las-fechas-oficiales\/","title":{"rendered":"Cuando son las vacaciones de invierno 2026: provincia por provincia las fechas oficiales"},"content":{"rendered":"<p>Buenos Aires, 26 abril (NA) \u2013 El calendario escolar 2026 tiene definidas las fechas del receso invernal en todo el pa\u00eds, con diferencias seg\u00fan cada jurisdicci\u00f3n. De acuerdo con el cronograma oficial, las vacaciones de invierno se repartir\u00e1n en tres per\u00edodos distintos a lo largo de julio.<\/p>\n<p>Seg\u00fan pudo confirmar la Agencia Noticias Argentinas, en la Ciudad y Provincia de Buenos Aires, las vacaciones de invierno comenzar\u00e1n lunes 20 de julio finalizan el \u00faltimo d\u00eda del mes.<\/p>\n<p>Por un lado, un grupo de provincias iniciar\u00e1 el receso entre el 6 y el 17 de julio. En otra franja, varias jurisdicciones tendr\u00e1n su descanso del 13 al 24 de julio. Finalmente, un tercer grupo comenzar\u00e1 las vacaciones m\u00e1s tarde, del 20 al 31 de julio.<\/p>\n<p>Estas fechas escalonadas responden a la organizaci\u00f3n habitual del calendario educativo, que busca tambi\u00e9n favorecer la distribuci\u00f3n del turismo interno durante la temporada invernal.<\/p>\n<p>RECESO INVERNAL 2026 POR JURISDICCI\u00d3N<\/p>\n<p>Jurisdicci\u00f3nReceso invernalBuenos Aires20 al 31\/07\/26CABA20 al 31\/07\/26Catamarca13 al 24\/07\/26Chaco20 al 31\/07\/26Chubut13 al 24\/07\/26C\u00f3rdoba06 al 17\/07\/26Corrientes13 al 24\/07\/26Entre R\u00edos06 al 17\/07\/26Formosa13 al 24\/07\/26Jujuy13 al 24\/07\/26La Pampa13 al 24\/07\/26La Rioja13 al 24\/07\/26Mendoza06 al 17\/07\/26Misiones13 al 24\/07\/26Neuqu\u00e9n13 al 24\/07\/26R\u00edo Negro13 al 24\/07\/26Salta13 al 24\/07\/26San Juan06 al 17\/07\/26San Luis06 al 17\/07\/26Santa Cruz13 al 24\/07\/26Santa Fe06 al 17\/07\/26Santiago del Estero20 al 31\/07\/26Tierra del Fuego13 al 24\/07\/26Tucum\u00e1n13 al 24\/07\/26<\/p>\n<p>De esta manera, el receso invernal se extender\u00e1 a lo largo de pr\u00e1cticamente todo julio, dependiendo de la provincia, con fechas que van desde la primera hasta la \u00faltima semana del mes.<\/p>\n<p>#AgenciaNA<\/p>\n","protected":false},"excerpt":{"rendered":"<p>Buenos Aires, 26 abril (NA) \u2013 El calendario escolar 2026 tiene definidas las fechas del<\/p>\n","protected":false},"author":0,"featured_media":20798,"comment_status":"","ping_status":"","sticky":false,"template":"","format":"standard","meta":{"footnotes":""},"categories":[1],"tags":[],"class_list":["post-20797","post","type-post","status-publish","format-standard","has-post-thumbnail","hentry","category-regionales"],"yoast_head":"<!-- This site is optimized with the Yoast SEO plugin v27.4 - https:\/\/yoast.com\/product\/yoast-seo-wordpress\/ -->\n<title>Cuando son las vacaciones de invierno 2026: provincia por provincia las fechas oficiales - Fm Gente<\/title>\n<meta name=\"robots\" content=\"index, follow, max-snippet:-1, max-image-preview:large, max-video-preview:-1\" \/>\n<link rel=\"canonical\" href=\"https:\/\/fmgente.com.ar\/web\/cuando-son-las-vacaciones-de-invierno-2026-provincia-por-provincia-las-fechas-oficiales\/\" \/>\n<meta property=\"og:locale\" content=\"es_ES\" \/>\n<meta property=\"og:type\" content=\"article\" \/>\n<meta property=\"og:title\" content=\"Cuando son las vacaciones de invierno 2026: provincia por provincia las fechas oficiales - Fm Gente\" \/>\n<meta property=\"og:description\" content=\"Buenos Aires, 26 abril (NA) \u2013 El calendario escolar 2026 tiene definidas las fechas del\" \/>\n<meta property=\"og:url\" content=\"https:\/\/fmgente.com.ar\/web\/cuando-son-las-vacaciones-de-invierno-2026-provincia-por-provincia-las-fechas-oficiales\/\" \/>\n<meta property=\"og:site_name\" content=\"Fm Gente\" \/>\n<meta property=\"article:published_time\" content=\"2026-04-26T18:05:58+00:00\" \/>\n<meta name=\"twitter:card\" content=\"summary_large_image\" \/>\n<meta name=\"twitter:label1\" content=\"Tiempo de lectura\" \/>\n\t<meta name=\"twitter:data1\" content=\"1 minuto\" \/>\n<script type=\"application\/ld+json\" class=\"yoast-schema-graph\">{\"@context\":\"https:\\\/\\\/schema.org\",\"@graph\":[{\"@type\":\"Article\",\"@id\":\"https:\\\/\\\/fmgente.com.ar\\\/web\\\/cuando-son-las-vacaciones-de-invierno-2026-provincia-por-provincia-las-fechas-oficiales\\\/#article\",\"isPartOf\":{\"@id\":\"https:\\\/\\\/fmgente.com.ar\\\/web\\\/cuando-son-las-vacaciones-de-invierno-2026-provincia-por-provincia-las-fechas-oficiales\\\/\"},\"author\":{\"name\":\"\",\"@id\":\"\"},\"headline\":\"Cuando son las vacaciones de invierno 2026: provincia por provincia las fechas oficiales\",\"datePublished\":\"2026-04-26T18:05:58+00:00\",\"mainEntityOfPage\":{\"@id\":\"https:\\\/\\\/fmgente.com.ar\\\/web\\\/cuando-son-las-vacaciones-de-invierno-2026-provincia-por-provincia-las-fechas-oficiales\\\/\"},\"wordCount\":270,\"publisher\":{\"@id\":\"https:\\\/\\\/fmgente.com.ar\\\/web\\\/#organization\"},\"image\":{\"@id\":\"https:\\\/\\\/fmgente.com.ar\\\/web\\\/cuando-son-las-vacaciones-de-invierno-2026-provincia-por-provincia-las-fechas-oficiales\\\/#primaryimage\"},\"thumbnailUrl\":\"https:\\\/\\\/fmgente.com.ar\\\/web\\\/wp-content\\\/uploads\\\/2026\\\/04\\\/720-1307.jpeg\",\"articleSection\":[\"REGIONALES\"],\"inLanguage\":\"es\"},{\"@type\":\"WebPage\",\"@id\":\"https:\\\/\\\/fmgente.com.ar\\\/web\\\/cuando-son-las-vacaciones-de-invierno-2026-provincia-por-provincia-las-fechas-oficiales\\\/\",\"url\":\"https:\\\/\\\/fmgente.com.ar\\\/web\\\/cuando-son-las-vacaciones-de-invierno-2026-provincia-por-provincia-las-fechas-oficiales\\\/\",\"name\":\"Cuando son las vacaciones de invierno 2026: provincia por provincia las fechas oficiales - Fm Gente\",\"isPartOf\":{\"@id\":\"https:\\\/\\\/fmgente.com.ar\\\/web\\\/#website\"},\"primaryImageOfPage\":{\"@id\":\"https:\\\/\\\/fmgente.com.ar\\\/web\\\/cuando-son-las-vacaciones-de-invierno-2026-provincia-por-provincia-las-fechas-oficiales\\\/#primaryimage\"},\"image\":{\"@id\":\"https:\\\/\\\/fmgente.com.ar\\\/web\\\/cuando-son-las-vacaciones-de-invierno-2026-provincia-por-provincia-las-fechas-oficiales\\\/#primaryimage\"},\"thumbnailUrl\":\"https:\\\/\\\/fmgente.com.ar\\\/web\\\/wp-content\\\/uploads\\\/2026\\\/04\\\/720-1307.jpeg\",\"datePublished\":\"2026-04-26T18:05:58+00:00\",\"inLanguage\":\"es\",\"potentialAction\":[{\"@type\":\"ReadAction\",\"target\":[\"https:\\\/\\\/fmgente.com.ar\\\/web\\\/cuando-son-las-vacaciones-de-invierno-2026-provincia-por-provincia-las-fechas-oficiales\\\/\"]}]},{\"@type\":\"ImageObject\",\"inLanguage\":\"es\",\"@id\":\"https:\\\/\\\/fmgente.com.ar\\\/web\\\/cuando-son-las-vacaciones-de-invierno-2026-provincia-por-provincia-las-fechas-oficiales\\\/#primaryimage\",\"url\":\"https:\\\/\\\/fmgente.com.ar\\\/web\\\/wp-content\\\/uploads\\\/2026\\\/04\\\/720-1307.jpeg\",\"contentUrl\":\"https:\\\/\\\/fmgente.com.ar\\\/web\\\/wp-content\\\/uploads\\\/2026\\\/04\\\/720-1307.jpeg\",\"width\":1064,\"height\":720},{\"@type\":\"WebSite\",\"@id\":\"https:\\\/\\\/fmgente.com.ar\\\/web\\\/#website\",\"url\":\"https:\\\/\\\/fmgente.com.ar\\\/web\\\/\",\"name\":\"Fm Gente\",\"description\":\"- Jes\u00fas Mar\u00eda\",\"publisher\":{\"@id\":\"https:\\\/\\\/fmgente.com.ar\\\/web\\\/#organization\"},\"potentialAction\":[{\"@type\":\"SearchAction\",\"target\":{\"@type\":\"EntryPoint\",\"urlTemplate\":\"https:\\\/\\\/fmgente.com.ar\\\/web\\\/?s={search_term_string}\"},\"query-input\":{\"@type\":\"PropertyValueSpecification\",\"valueRequired\":true,\"valueName\":\"search_term_string\"}}],\"inLanguage\":\"es\"},{\"@type\":\"Organization\",\"@id\":\"https:\\\/\\\/fmgente.com.ar\\\/web\\\/#organization\",\"name\":\"Fm Gente\",\"url\":\"https:\\\/\\\/fmgente.com.ar\\\/web\\\/\",\"logo\":{\"@type\":\"ImageObject\",\"inLanguage\":\"es\",\"@id\":\"https:\\\/\\\/fmgente.com.ar\\\/web\\\/#\\\/schema\\\/logo\\\/image\\\/\",\"url\":\"https:\\\/\\\/fmgente.com.ar\\\/web\\\/wp-content\\\/uploads\\\/2023\\\/07\\\/cropped-cropped-logo-sombra2.png\",\"contentUrl\":\"https:\\\/\\\/fmgente.com.ar\\\/web\\\/wp-content\\\/uploads\\\/2023\\\/07\\\/cropped-cropped-logo-sombra2.png\",\"width\":1782,\"height\":1782,\"caption\":\"Fm Gente\"},\"image\":{\"@id\":\"https:\\\/\\\/fmgente.com.ar\\\/web\\\/#\\\/schema\\\/logo\\\/image\\\/\"}}]}<\/script>\n<!-- \/ Yoast SEO plugin. -->","yoast_head_json":{"title":"Cuando son las vacaciones de invierno 2026: provincia por provincia las fechas oficiales - Fm Gente","robots":{"index":"index","follow":"follow","max-snippet":"max-snippet:-1","max-image-preview":"max-image-preview:large","max-video-preview":"max-video-preview:-1"},"canonical":"https:\/\/fmgente.com.ar\/web\/cuando-son-las-vacaciones-de-invierno-2026-provincia-por-provincia-las-fechas-oficiales\/","og_locale":"es_ES","og_type":"article","og_title":"Cuando son las vacaciones de invierno 2026: provincia por provincia las fechas oficiales - Fm Gente","og_description":"Buenos Aires, 26 abril (NA) \u2013 El calendario escolar 2026 tiene definidas las fechas del","og_url":"https:\/\/fmgente.com.ar\/web\/cuando-son-las-vacaciones-de-invierno-2026-provincia-por-provincia-las-fechas-oficiales\/","og_site_name":"Fm Gente","article_published_time":"2026-04-26T18:05:58+00:00","twitter_card":"summary_large_image","twitter_misc":{"Tiempo de lectura":"1 minuto"},"schema":{"@context":"https:\/\/schema.org","@graph":[{"@type":"Article","@id":"https:\/\/fmgente.com.ar\/web\/cuando-son-las-vacaciones-de-invierno-2026-provincia-por-provincia-las-fechas-oficiales\/#article","isPartOf":{"@id":"https:\/\/fmgente.com.ar\/web\/cuando-son-las-vacaciones-de-invierno-2026-provincia-por-provincia-las-fechas-oficiales\/"},"author":{"name":"","@id":""},"headline":"Cuando son las vacaciones de invierno 2026: provincia por provincia las fechas oficiales","datePublished":"2026-04-26T18:05:58+00:00","mainEntityOfPage":{"@id":"https:\/\/fmgente.com.ar\/web\/cuando-son-las-vacaciones-de-invierno-2026-provincia-por-provincia-las-fechas-oficiales\/"},"wordCount":270,"publisher":{"@id":"https:\/\/fmgente.com.ar\/web\/#organization"},"image":{"@id":"https:\/\/fmgente.com.ar\/web\/cuando-son-las-vacaciones-de-invierno-2026-provincia-por-provincia-las-fechas-oficiales\/#primaryimage"},"thumbnailUrl":"https:\/\/fmgente.com.ar\/web\/wp-content\/uploads\/2026\/04\/720-1307.jpeg","articleSection":["REGIONALES"],"inLanguage":"es"},{"@type":"WebPage","@id":"https:\/\/fmgente.com.ar\/web\/cuando-son-las-vacaciones-de-invierno-2026-provincia-por-provincia-las-fechas-oficiales\/","url":"https:\/\/fmgente.com.ar\/web\/cuando-son-las-vacaciones-de-invierno-2026-provincia-por-provincia-las-fechas-oficiales\/","name":"Cuando son las vacaciones de invierno 2026: provincia por provincia las fechas oficiales - Fm Gente","isPartOf":{"@id":"https:\/\/fmgente.com.ar\/web\/#website"},"primaryImageOfPage":{"@id":"https:\/\/fmgente.com.ar\/web\/cuando-son-las-vacaciones-de-invierno-2026-provincia-por-provincia-las-fechas-oficiales\/#primaryimage"},"image":{"@id":"https:\/\/fmgente.com.ar\/web\/cuando-son-las-vacaciones-de-invierno-2026-provincia-por-provincia-las-fechas-oficiales\/#primaryimage"},"thumbnailUrl":"https:\/\/fmgente.com.ar\/web\/wp-content\/uploads\/2026\/04\/720-1307.jpeg","datePublished":"2026-04-26T18:05:58+00:00","inLanguage":"es","potentialAction":[{"@type":"ReadAction","target":["https:\/\/fmgente.com.ar\/web\/cuando-son-las-vacaciones-de-invierno-2026-provincia-por-provincia-las-fechas-oficiales\/"]}]},{"@type":"ImageObject","inLanguage":"es","@id":"https:\/\/fmgente.com.ar\/web\/cuando-son-las-vacaciones-de-invierno-2026-provincia-por-provincia-las-fechas-oficiales\/#primaryimage","url":"https:\/\/fmgente.com.ar\/web\/wp-content\/uploads\/2026\/04\/720-1307.jpeg","contentUrl":"https:\/\/fmgente.com.ar\/web\/wp-content\/uploads\/2026\/04\/720-1307.jpeg","width":1064,"height":720},{"@type":"WebSite","@id":"https:\/\/fmgente.com.ar\/web\/#website","url":"https:\/\/fmgente.com.ar\/web\/","name":"Fm Gente","description":"- Jes\u00fas Mar\u00eda","publisher":{"@id":"https:\/\/fmgente.com.ar\/web\/#organization"},"potentialAction":[{"@type":"SearchAction","target":{"@type":"EntryPoint","urlTemplate":"https:\/\/fmgente.com.ar\/web\/?s={search_term_string}"},"query-input":{"@type":"PropertyValueSpecification","valueRequired":true,"valueName":"search_term_string"}}],"inLanguage":"es"},{"@type":"Organization","@id":"https:\/\/fmgente.com.ar\/web\/#organization","name":"Fm Gente","url":"https:\/\/fmgente.com.ar\/web\/","logo":{"@type":"ImageObject","inLanguage":"es","@id":"https:\/\/fmgente.com.ar\/web\/#\/schema\/logo\/image\/","url":"https:\/\/fmgente.com.ar\/web\/wp-content\/uploads\/2023\/07\/cropped-cropped-logo-sombra2.png","contentUrl":"https:\/\/fmgente.com.ar\/web\/wp-content\/uploads\/2023\/07\/cropped-cropped-logo-sombra2.png","width":1782,"height":1782,"caption":"Fm Gente"},"image":{"@id":"https:\/\/fmgente.com.ar\/web\/#\/schema\/logo\/image\/"}}]}},"_links":{"self":[{"href":"https:\/\/fmgente.com.ar\/web\/wp-json\/wp\/v2\/posts\/20797","targetHints":{"allow":["GET"]}}],"collection":[{"href":"https:\/\/fmgente.com.ar\/web\/wp-json\/wp\/v2\/posts"}],"about":[{"href":"https:\/\/fmgente.com.ar\/web\/wp-json\/wp\/v2\/types\/post"}],"replies":[{"embeddable":true,"href":"https:\/\/fmgente.com.ar\/web\/wp-json\/wp\/v2\/comments?post=20797"}],"version-history":[{"count":0,"href":"https:\/\/fmgente.com.ar\/web\/wp-json\/wp\/v2\/posts\/20797\/revisions"}],"wp:featuredmedia":[{"embeddable":true,"href":"https:\/\/fmgente.com.ar\/web\/wp-json\/wp\/v2\/media\/20798"}],"wp:attachment":[{"href":"https:\/\/fmgente.com.ar\/web\/wp-json\/wp\/v2\/media?parent=20797"}],"wp:term":[{"taxonomy":"category","embeddable":true,"href":"https:\/\/fmgente.com.ar\/web\/wp-json\/wp\/v2\/categories?post=20797"},{"taxonomy":"post_tag","embeddable":true,"href":"https:\/\/fmgente.com.ar\/web\/wp-json\/wp\/v2\/tags?post=20797"}],"curies":[{"name":"wp","href":"https:\/\/api.w.org\/{rel}","templated":true}]}}