{"id":20795,"date":"2026-04-26T14:07:28","date_gmt":"2026-04-26T17:07:28","guid":{"rendered":"https:\/\/fmgente.com.ar\/web\/conflicto-en-el-subte-liberaran-molinetes-en-la-linea-b-por-el-despido-de-una-trabajadora\/"},"modified":"2026-04-26T14:07:28","modified_gmt":"2026-04-26T17:07:28","slug":"conflicto-en-el-subte-liberaran-molinetes-en-la-linea-b-por-el-despido-de-una-trabajadora","status":"publish","type":"post","link":"https:\/\/fmgente.com.ar\/web\/conflicto-en-el-subte-liberaran-molinetes-en-la-linea-b-por-el-despido-de-una-trabajadora\/","title":{"rendered":"Conflicto en el Subte: liberar\u00e1n molinetes en la L\u00ednea B por el despido de una trabajadora"},"content":{"rendered":"<p>Buenos Aires, 26 abril (NA) \u2013 Los trabajadores del subte llevar\u00e1n a cabo una liberaci\u00f3n de molinetes este lunes 27 de abril, a partir de las 7:00, en la estaci\u00f3n Federico Lacroze de la L\u00ednea B. <\/p>\n<p>La medida de fuerza tiene como objetivo principal exigir la inmediata reincorporaci\u00f3n de Araceli Pintos, una empleada de la concesionaria Emova que fue despedida tras haber denunciado una situaci\u00f3n de acoso sexual en su puesto de trabajo.<\/p>\n<p>La protesta es impulsada por la Asociaci\u00f3n de Trabajadores del Subte y Premetro (Metrodelegados), en conjunto con el Comit\u00e9 por la Reincorporaci\u00f3n de Araceli, integrado por organizaciones sociales, pol\u00edticas y feministas. <\/p>\n<p>Seg\u00fan el comunicado firmado por el dirigente Claudio Dellecarbonara, Pintos fue desvinculada luego de denunciar el acoso sexual de un efectivo de la Polic\u00eda de la Ciudad ocurrido durante su horario laboral, hecho que fue seguido por episodios de violencia laboral por parte de personal jer\u00e1rquico de la empresa.<\/p>\n<p>\u201cContinuaremos peleando por la reincorporaci\u00f3n de Araceli y exigiendo que Emova deje de encubrir acosadores y violentos\u201d, se\u00f1alaron desde el gremio, calificando el despido como \u00abpersecutorio, ilegal y discriminatorio\u00bb. <\/p>\n<p>Seg\u00fan pudo saber la Agencia Noticias Argentinas, la modalidad de la protesta permitir\u00e1 el ingreso gratuito de los pasajeros durante la ma\u00f1ana, una herramienta habitual del sindicato para visibilizar sus reclamos sin afectar directamente el bolsillo del usuario, aunque no se descarta que el conflicto escale si no hay respuestas de la concesionaria.<\/p>\n<p>El caso ya cuenta con denuncias penales que tramitan ante la Justicia, mientras que los trabajadores mantienen el estado de alerta. Esta medida se suma a un historial de reclamos de los metrodelegados por mejores condiciones de seguridad y protocolos m\u00e1s estrictos ante casos de violencia de g\u00e9nero dentro de la red de transporte subterr\u00e1neo. Por el momento, la empresa Emova no ha emitido un descargo oficial sobre la desvinculaci\u00f3n de la trabajadora.<\/p>\n<p>Por si parte, Emova asegur\u00f3 que se decidi\u00f3 \u201cno incorporar de manera efectiva a una empleada tras su per\u00edodo de prueba\u201d.<\/p>\n<p>\u201cEmova informa, ante la medida anunciada en estaci\u00f3n Lacroze para este lunes por parte de un grupo de delegados, que este tipo de acciones que viene realizando el gremio, responde a la decisi\u00f3n de no incorporar de manera efectiva a una empleada tras su per\u00edodo de prueba por reiterados incumplimientos en sus tareas. La empresa cumpli\u00f3 con todas las instancias posibles para evitar dicha situaci\u00f3n\u201d, se\u00f1al\u00f3 la consecionaria.<\/p>\n<p>#AgenciaNA<\/p>\n","protected":false},"excerpt":{"rendered":"<p>Buenos Aires, 26 abril (NA) \u2013 Los trabajadores del subte llevar\u00e1n a cabo una liberaci\u00f3n<\/p>\n","protected":false},"author":0,"featured_media":20796,"comment_status":"","ping_status":"","sticky":false,"template":"","format":"standard","meta":{"footnotes":""},"categories":[1],"tags":[],"class_list":["post-20795","post","type-post","status-publish","format-standard","has-post-thumbnail","hentry","category-regionales"],"yoast_head":"<!-- This site is optimized with the Yoast SEO plugin v27.4 - https:\/\/yoast.com\/product\/yoast-seo-wordpress\/ -->\n<title>Conflicto en el Subte: liberar\u00e1n molinetes en la L\u00ednea B por el despido de una trabajadora - Fm Gente<\/title>\n<meta name=\"robots\" content=\"index, follow, max-snippet:-1, max-image-preview:large, max-video-preview:-1\" \/>\n<link rel=\"canonical\" href=\"https:\/\/fmgente.com.ar\/web\/conflicto-en-el-subte-liberaran-molinetes-en-la-linea-b-por-el-despido-de-una-trabajadora\/\" \/>\n<meta property=\"og:locale\" content=\"es_ES\" \/>\n<meta property=\"og:type\" content=\"article\" \/>\n<meta property=\"og:title\" content=\"Conflicto en el Subte: liberar\u00e1n molinetes en la L\u00ednea B por el despido de una trabajadora - Fm Gente\" \/>\n<meta property=\"og:description\" content=\"Buenos Aires, 26 abril (NA) \u2013 Los trabajadores del subte llevar\u00e1n a cabo una liberaci\u00f3n\" \/>\n<meta property=\"og:url\" content=\"https:\/\/fmgente.com.ar\/web\/conflicto-en-el-subte-liberaran-molinetes-en-la-linea-b-por-el-despido-de-una-trabajadora\/\" \/>\n<meta property=\"og:site_name\" content=\"Fm Gente\" \/>\n<meta property=\"article:published_time\" content=\"2026-04-26T17:07:28+00:00\" \/>\n<meta name=\"twitter:card\" content=\"summary_large_image\" \/>\n<meta name=\"twitter:label1\" content=\"Tiempo de lectura\" \/>\n\t<meta name=\"twitter:data1\" content=\"2 minutos\" \/>\n<script type=\"application\/ld+json\" class=\"yoast-schema-graph\">{\"@context\":\"https:\\\/\\\/schema.org\",\"@graph\":[{\"@type\":\"Article\",\"@id\":\"https:\\\/\\\/fmgente.com.ar\\\/web\\\/conflicto-en-el-subte-liberaran-molinetes-en-la-linea-b-por-el-despido-de-una-trabajadora\\\/#article\",\"isPartOf\":{\"@id\":\"https:\\\/\\\/fmgente.com.ar\\\/web\\\/conflicto-en-el-subte-liberaran-molinetes-en-la-linea-b-por-el-despido-de-una-trabajadora\\\/\"},\"author\":{\"name\":\"\",\"@id\":\"\"},\"headline\":\"Conflicto en el Subte: liberar\u00e1n molinetes en la L\u00ednea B por el despido de una trabajadora\",\"datePublished\":\"2026-04-26T17:07:28+00:00\",\"mainEntityOfPage\":{\"@id\":\"https:\\\/\\\/fmgente.com.ar\\\/web\\\/conflicto-en-el-subte-liberaran-molinetes-en-la-linea-b-por-el-despido-de-una-trabajadora\\\/\"},\"wordCount\":438,\"publisher\":{\"@id\":\"https:\\\/\\\/fmgente.com.ar\\\/web\\\/#organization\"},\"image\":{\"@id\":\"https:\\\/\\\/fmgente.com.ar\\\/web\\\/conflicto-en-el-subte-liberaran-molinetes-en-la-linea-b-por-el-despido-de-una-trabajadora\\\/#primaryimage\"},\"thumbnailUrl\":\"https:\\\/\\\/fmgente.com.ar\\\/web\\\/wp-content\\\/uploads\\\/2026\\\/04\\\/720-1306.jpeg\",\"articleSection\":[\"REGIONALES\"],\"inLanguage\":\"es\"},{\"@type\":\"WebPage\",\"@id\":\"https:\\\/\\\/fmgente.com.ar\\\/web\\\/conflicto-en-el-subte-liberaran-molinetes-en-la-linea-b-por-el-despido-de-una-trabajadora\\\/\",\"url\":\"https:\\\/\\\/fmgente.com.ar\\\/web\\\/conflicto-en-el-subte-liberaran-molinetes-en-la-linea-b-por-el-despido-de-una-trabajadora\\\/\",\"name\":\"Conflicto en el Subte: liberar\u00e1n molinetes en la L\u00ednea B por el despido de una trabajadora - Fm Gente\",\"isPartOf\":{\"@id\":\"https:\\\/\\\/fmgente.com.ar\\\/web\\\/#website\"},\"primaryImageOfPage\":{\"@id\":\"https:\\\/\\\/fmgente.com.ar\\\/web\\\/conflicto-en-el-subte-liberaran-molinetes-en-la-linea-b-por-el-despido-de-una-trabajadora\\\/#primaryimage\"},\"image\":{\"@id\":\"https:\\\/\\\/fmgente.com.ar\\\/web\\\/conflicto-en-el-subte-liberaran-molinetes-en-la-linea-b-por-el-despido-de-una-trabajadora\\\/#primaryimage\"},\"thumbnailUrl\":\"https:\\\/\\\/fmgente.com.ar\\\/web\\\/wp-content\\\/uploads\\\/2026\\\/04\\\/720-1306.jpeg\",\"datePublished\":\"2026-04-26T17:07:28+00:00\",\"inLanguage\":\"es\",\"potentialAction\":[{\"@type\":\"ReadAction\",\"target\":[\"https:\\\/\\\/fmgente.com.ar\\\/web\\\/conflicto-en-el-subte-liberaran-molinetes-en-la-linea-b-por-el-despido-de-una-trabajadora\\\/\"]}]},{\"@type\":\"ImageObject\",\"inLanguage\":\"es\",\"@id\":\"https:\\\/\\\/fmgente.com.ar\\\/web\\\/conflicto-en-el-subte-liberaran-molinetes-en-la-linea-b-por-el-despido-de-una-trabajadora\\\/#primaryimage\",\"url\":\"https:\\\/\\\/fmgente.com.ar\\\/web\\\/wp-content\\\/uploads\\\/2026\\\/04\\\/720-1306.jpeg\",\"contentUrl\":\"https:\\\/\\\/fmgente.com.ar\\\/web\\\/wp-content\\\/uploads\\\/2026\\\/04\\\/720-1306.jpeg\",\"width\":1280,\"height\":720},{\"@type\":\"WebSite\",\"@id\":\"https:\\\/\\\/fmgente.com.ar\\\/web\\\/#website\",\"url\":\"https:\\\/\\\/fmgente.com.ar\\\/web\\\/\",\"name\":\"Fm Gente\",\"description\":\"- Jes\u00fas Mar\u00eda\",\"publisher\":{\"@id\":\"https:\\\/\\\/fmgente.com.ar\\\/web\\\/#organization\"},\"potentialAction\":[{\"@type\":\"SearchAction\",\"target\":{\"@type\":\"EntryPoint\",\"urlTemplate\":\"https:\\\/\\\/fmgente.com.ar\\\/web\\\/?s={search_term_string}\"},\"query-input\":{\"@type\":\"PropertyValueSpecification\",\"valueRequired\":true,\"valueName\":\"search_term_string\"}}],\"inLanguage\":\"es\"},{\"@type\":\"Organization\",\"@id\":\"https:\\\/\\\/fmgente.com.ar\\\/web\\\/#organization\",\"name\":\"Fm Gente\",\"url\":\"https:\\\/\\\/fmgente.com.ar\\\/web\\\/\",\"logo\":{\"@type\":\"ImageObject\",\"inLanguage\":\"es\",\"@id\":\"https:\\\/\\\/fmgente.com.ar\\\/web\\\/#\\\/schema\\\/logo\\\/image\\\/\",\"url\":\"https:\\\/\\\/fmgente.com.ar\\\/web\\\/wp-content\\\/uploads\\\/2023\\\/07\\\/cropped-cropped-logo-sombra2.png\",\"contentUrl\":\"https:\\\/\\\/fmgente.com.ar\\\/web\\\/wp-content\\\/uploads\\\/2023\\\/07\\\/cropped-cropped-logo-sombra2.png\",\"width\":1782,\"height\":1782,\"caption\":\"Fm Gente\"},\"image\":{\"@id\":\"https:\\\/\\\/fmgente.com.ar\\\/web\\\/#\\\/schema\\\/logo\\\/image\\\/\"}}]}<\/script>\n<!-- \/ Yoast SEO plugin. -->","yoast_head_json":{"title":"Conflicto en el Subte: liberar\u00e1n molinetes en la L\u00ednea B por el despido de una trabajadora - Fm Gente","robots":{"index":"index","follow":"follow","max-snippet":"max-snippet:-1","max-image-preview":"max-image-preview:large","max-video-preview":"max-video-preview:-1"},"canonical":"https:\/\/fmgente.com.ar\/web\/conflicto-en-el-subte-liberaran-molinetes-en-la-linea-b-por-el-despido-de-una-trabajadora\/","og_locale":"es_ES","og_type":"article","og_title":"Conflicto en el Subte: liberar\u00e1n molinetes en la L\u00ednea B por el despido de una trabajadora - Fm Gente","og_description":"Buenos Aires, 26 abril (NA) \u2013 Los trabajadores del subte llevar\u00e1n a cabo una liberaci\u00f3n","og_url":"https:\/\/fmgente.com.ar\/web\/conflicto-en-el-subte-liberaran-molinetes-en-la-linea-b-por-el-despido-de-una-trabajadora\/","og_site_name":"Fm Gente","article_published_time":"2026-04-26T17:07:28+00:00","twitter_card":"summary_large_image","twitter_misc":{"Tiempo de lectura":"2 minutos"},"schema":{"@context":"https:\/\/schema.org","@graph":[{"@type":"Article","@id":"https:\/\/fmgente.com.ar\/web\/conflicto-en-el-subte-liberaran-molinetes-en-la-linea-b-por-el-despido-de-una-trabajadora\/#article","isPartOf":{"@id":"https:\/\/fmgente.com.ar\/web\/conflicto-en-el-subte-liberaran-molinetes-en-la-linea-b-por-el-despido-de-una-trabajadora\/"},"author":{"name":"","@id":""},"headline":"Conflicto en el Subte: liberar\u00e1n molinetes en la L\u00ednea B por el despido de una trabajadora","datePublished":"2026-04-26T17:07:28+00:00","mainEntityOfPage":{"@id":"https:\/\/fmgente.com.ar\/web\/conflicto-en-el-subte-liberaran-molinetes-en-la-linea-b-por-el-despido-de-una-trabajadora\/"},"wordCount":438,"publisher":{"@id":"https:\/\/fmgente.com.ar\/web\/#organization"},"image":{"@id":"https:\/\/fmgente.com.ar\/web\/conflicto-en-el-subte-liberaran-molinetes-en-la-linea-b-por-el-despido-de-una-trabajadora\/#primaryimage"},"thumbnailUrl":"https:\/\/fmgente.com.ar\/web\/wp-content\/uploads\/2026\/04\/720-1306.jpeg","articleSection":["REGIONALES"],"inLanguage":"es"},{"@type":"WebPage","@id":"https:\/\/fmgente.com.ar\/web\/conflicto-en-el-subte-liberaran-molinetes-en-la-linea-b-por-el-despido-de-una-trabajadora\/","url":"https:\/\/fmgente.com.ar\/web\/conflicto-en-el-subte-liberaran-molinetes-en-la-linea-b-por-el-despido-de-una-trabajadora\/","name":"Conflicto en el Subte: liberar\u00e1n molinetes en la L\u00ednea B por el despido de una trabajadora - Fm Gente","isPartOf":{"@id":"https:\/\/fmgente.com.ar\/web\/#website"},"primaryImageOfPage":{"@id":"https:\/\/fmgente.com.ar\/web\/conflicto-en-el-subte-liberaran-molinetes-en-la-linea-b-por-el-despido-de-una-trabajadora\/#primaryimage"},"image":{"@id":"https:\/\/fmgente.com.ar\/web\/conflicto-en-el-subte-liberaran-molinetes-en-la-linea-b-por-el-despido-de-una-trabajadora\/#primaryimage"},"thumbnailUrl":"https:\/\/fmgente.com.ar\/web\/wp-content\/uploads\/2026\/04\/720-1306.jpeg","datePublished":"2026-04-26T17:07:28+00:00","inLanguage":"es","potentialAction":[{"@type":"ReadAction","target":["https:\/\/fmgente.com.ar\/web\/conflicto-en-el-subte-liberaran-molinetes-en-la-linea-b-por-el-despido-de-una-trabajadora\/"]}]},{"@type":"ImageObject","inLanguage":"es","@id":"https:\/\/fmgente.com.ar\/web\/conflicto-en-el-subte-liberaran-molinetes-en-la-linea-b-por-el-despido-de-una-trabajadora\/#primaryimage","url":"https:\/\/fmgente.com.ar\/web\/wp-content\/uploads\/2026\/04\/720-1306.jpeg","contentUrl":"https:\/\/fmgente.com.ar\/web\/wp-content\/uploads\/2026\/04\/720-1306.jpeg","width":1280,"height":720},{"@type":"WebSite","@id":"https:\/\/fmgente.com.ar\/web\/#website","url":"https:\/\/fmgente.com.ar\/web\/","name":"Fm Gente","description":"- Jes\u00fas Mar\u00eda","publisher":{"@id":"https:\/\/fmgente.com.ar\/web\/#organization"},"potentialAction":[{"@type":"SearchAction","target":{"@type":"EntryPoint","urlTemplate":"https:\/\/fmgente.com.ar\/web\/?s={search_term_string}"},"query-input":{"@type":"PropertyValueSpecification","valueRequired":true,"valueName":"search_term_string"}}],"inLanguage":"es"},{"@type":"Organization","@id":"https:\/\/fmgente.com.ar\/web\/#organization","name":"Fm Gente","url":"https:\/\/fmgente.com.ar\/web\/","logo":{"@type":"ImageObject","inLanguage":"es","@id":"https:\/\/fmgente.com.ar\/web\/#\/schema\/logo\/image\/","url":"https:\/\/fmgente.com.ar\/web\/wp-content\/uploads\/2023\/07\/cropped-cropped-logo-sombra2.png","contentUrl":"https:\/\/fmgente.com.ar\/web\/wp-content\/uploads\/2023\/07\/cropped-cropped-logo-sombra2.png","width":1782,"height":1782,"caption":"Fm Gente"},"image":{"@id":"https:\/\/fmgente.com.ar\/web\/#\/schema\/logo\/image\/"}}]}},"_links":{"self":[{"href":"https:\/\/fmgente.com.ar\/web\/wp-json\/wp\/v2\/posts\/20795","targetHints":{"allow":["GET"]}}],"collection":[{"href":"https:\/\/fmgente.com.ar\/web\/wp-json\/wp\/v2\/posts"}],"about":[{"href":"https:\/\/fmgente.com.ar\/web\/wp-json\/wp\/v2\/types\/post"}],"replies":[{"embeddable":true,"href":"https:\/\/fmgente.com.ar\/web\/wp-json\/wp\/v2\/comments?post=20795"}],"version-history":[{"count":0,"href":"https:\/\/fmgente.com.ar\/web\/wp-json\/wp\/v2\/posts\/20795\/revisions"}],"wp:featuredmedia":[{"embeddable":true,"href":"https:\/\/fmgente.com.ar\/web\/wp-json\/wp\/v2\/media\/20796"}],"wp:attachment":[{"href":"https:\/\/fmgente.com.ar\/web\/wp-json\/wp\/v2\/media?parent=20795"}],"wp:term":[{"taxonomy":"category","embeddable":true,"href":"https:\/\/fmgente.com.ar\/web\/wp-json\/wp\/v2\/categories?post=20795"},{"taxonomy":"post_tag","embeddable":true,"href":"https:\/\/fmgente.com.ar\/web\/wp-json\/wp\/v2\/tags?post=20795"}],"curies":[{"name":"wp","href":"https:\/\/api.w.org\/{rel}","templated":true}]}}