{"id":20791,"date":"2026-04-26T14:07:24","date_gmt":"2026-04-26T17:07:24","guid":{"rendered":"https:\/\/fmgente.com.ar\/web\/chelsea-gano-en-wembley-y-se-metio-en-la-final-de-la-fa-cup\/"},"modified":"2026-04-26T14:07:24","modified_gmt":"2026-04-26T17:07:24","slug":"chelsea-gano-en-wembley-y-se-metio-en-la-final-de-la-fa-cup","status":"publish","type":"post","link":"https:\/\/fmgente.com.ar\/web\/chelsea-gano-en-wembley-y-se-metio-en-la-final-de-la-fa-cup\/","title":{"rendered":"Chelsea gan\u00f3 en Wembley y se meti\u00f3 en la final de la FA Cup"},"content":{"rendered":"<p>Buenos Aires, 26 abril (NA) \u2013 Chelsea logr\u00f3 imponerse ante el Leeds United para sellar su clasificaci\u00f3n a la final de la FA Cup en el mitico estadio Wembley.<\/p>\n<p>El conjunto londinense tuvo que trabajar m\u00e1s de la cuenta para quebrar la resistencia de un equipo que, pese a la diferencia de categor\u00eda, plant\u00f3 cara y estuvo cerca de forzar el tiempo suplementario.<\/p>\n<p>Con Enzo Fern\u00e1ndez como estandarte, el argentino cambio indiferencia con aplausos tras convertir el \u00fanico tanto del encuentro que deposita al Chelsea en la gran final ante el Manchester City, el domingo 16 de mayo.<\/p>\n<p>Los \u201cBlue\u201d arribaron a este compromiso sumergido en una profunda crisis futbol\u00edstica, tras acumular una seguidilla de cinco encuentros sin conocer la victoria ni lograr conversiones. Esta racha negativa precipit\u00f3 el final de la corta gesti\u00f3n de Liam Rosenior, quien no consigui\u00f3 replicar el \u00e9xito alcanzado por su predecesor, Enzo Maresca, t\u00e9cnico que hab\u00eda llevado a la instituci\u00f3n a la cima del mundo al conquistar el Mundial de Clubes.<\/p>\n<p>Seg\u00fan pudo saber la Agencia Noticias Argentinas, ante la ausencia de un sucesor definitivo, la conducci\u00f3n del equipo para este duelo de la FA Cup qued\u00f3 de forma provisoria bajo el mando de Calum McFarlane.<\/p>\n<p>En este complejo escenario, una de las notas salientes fue el retorno a la consideraci\u00f3n de Enzo Fern\u00e1ndez. Cabe recordar que el volante de la Selecci\u00f3n argentina se hab\u00eda ausentado en gran parte de las \u00faltimas derrotas de su equipo debido a un castigo disciplinario impuesto por el entrenador saliente.<\/p>\n<p>#AgenciaNA<\/p>\n","protected":false},"excerpt":{"rendered":"<p>Buenos Aires, 26 abril (NA) \u2013 Chelsea logr\u00f3 imponerse ante el Leeds United para sellar<\/p>\n","protected":false},"author":0,"featured_media":20792,"comment_status":"","ping_status":"","sticky":false,"template":"","format":"standard","meta":{"footnotes":""},"categories":[1],"tags":[],"class_list":["post-20791","post","type-post","status-publish","format-standard","has-post-thumbnail","hentry","category-regionales"],"yoast_head":"<!-- This site is optimized with the Yoast SEO plugin v27.4 - https:\/\/yoast.com\/product\/yoast-seo-wordpress\/ -->\n<title>Chelsea gan\u00f3 en Wembley y se meti\u00f3 en la final de la FA Cup - Fm Gente<\/title>\n<meta name=\"robots\" content=\"index, follow, max-snippet:-1, max-image-preview:large, max-video-preview:-1\" \/>\n<link rel=\"canonical\" href=\"https:\/\/fmgente.com.ar\/web\/chelsea-gano-en-wembley-y-se-metio-en-la-final-de-la-fa-cup\/\" \/>\n<meta property=\"og:locale\" content=\"es_ES\" \/>\n<meta property=\"og:type\" content=\"article\" \/>\n<meta property=\"og:title\" content=\"Chelsea gan\u00f3 en Wembley y se meti\u00f3 en la final de la FA Cup - Fm Gente\" \/>\n<meta property=\"og:description\" content=\"Buenos Aires, 26 abril (NA) \u2013 Chelsea logr\u00f3 imponerse ante el Leeds United para sellar\" \/>\n<meta property=\"og:url\" content=\"https:\/\/fmgente.com.ar\/web\/chelsea-gano-en-wembley-y-se-metio-en-la-final-de-la-fa-cup\/\" \/>\n<meta property=\"og:site_name\" content=\"Fm Gente\" \/>\n<meta property=\"article:published_time\" content=\"2026-04-26T17:07:24+00:00\" \/>\n<meta name=\"twitter:card\" content=\"summary_large_image\" \/>\n<meta name=\"twitter:label1\" content=\"Tiempo de lectura\" \/>\n\t<meta name=\"twitter:data1\" content=\"1 minuto\" \/>\n<script type=\"application\/ld+json\" class=\"yoast-schema-graph\">{\"@context\":\"https:\\\/\\\/schema.org\",\"@graph\":[{\"@type\":\"Article\",\"@id\":\"https:\\\/\\\/fmgente.com.ar\\\/web\\\/chelsea-gano-en-wembley-y-se-metio-en-la-final-de-la-fa-cup\\\/#article\",\"isPartOf\":{\"@id\":\"https:\\\/\\\/fmgente.com.ar\\\/web\\\/chelsea-gano-en-wembley-y-se-metio-en-la-final-de-la-fa-cup\\\/\"},\"author\":{\"name\":\"\",\"@id\":\"\"},\"headline\":\"Chelsea gan\u00f3 en Wembley y se meti\u00f3 en la final de la FA Cup\",\"datePublished\":\"2026-04-26T17:07:24+00:00\",\"mainEntityOfPage\":{\"@id\":\"https:\\\/\\\/fmgente.com.ar\\\/web\\\/chelsea-gano-en-wembley-y-se-metio-en-la-final-de-la-fa-cup\\\/\"},\"wordCount\":279,\"publisher\":{\"@id\":\"https:\\\/\\\/fmgente.com.ar\\\/web\\\/#organization\"},\"image\":{\"@id\":\"https:\\\/\\\/fmgente.com.ar\\\/web\\\/chelsea-gano-en-wembley-y-se-metio-en-la-final-de-la-fa-cup\\\/#primaryimage\"},\"thumbnailUrl\":\"https:\\\/\\\/fmgente.com.ar\\\/web\\\/wp-content\\\/uploads\\\/2026\\\/04\\\/720-1304.jpeg\",\"articleSection\":[\"REGIONALES\"],\"inLanguage\":\"es\"},{\"@type\":\"WebPage\",\"@id\":\"https:\\\/\\\/fmgente.com.ar\\\/web\\\/chelsea-gano-en-wembley-y-se-metio-en-la-final-de-la-fa-cup\\\/\",\"url\":\"https:\\\/\\\/fmgente.com.ar\\\/web\\\/chelsea-gano-en-wembley-y-se-metio-en-la-final-de-la-fa-cup\\\/\",\"name\":\"Chelsea gan\u00f3 en Wembley y se meti\u00f3 en la final de la FA Cup - Fm Gente\",\"isPartOf\":{\"@id\":\"https:\\\/\\\/fmgente.com.ar\\\/web\\\/#website\"},\"primaryImageOfPage\":{\"@id\":\"https:\\\/\\\/fmgente.com.ar\\\/web\\\/chelsea-gano-en-wembley-y-se-metio-en-la-final-de-la-fa-cup\\\/#primaryimage\"},\"image\":{\"@id\":\"https:\\\/\\\/fmgente.com.ar\\\/web\\\/chelsea-gano-en-wembley-y-se-metio-en-la-final-de-la-fa-cup\\\/#primaryimage\"},\"thumbnailUrl\":\"https:\\\/\\\/fmgente.com.ar\\\/web\\\/wp-content\\\/uploads\\\/2026\\\/04\\\/720-1304.jpeg\",\"datePublished\":\"2026-04-26T17:07:24+00:00\",\"inLanguage\":\"es\",\"potentialAction\":[{\"@type\":\"ReadAction\",\"target\":[\"https:\\\/\\\/fmgente.com.ar\\\/web\\\/chelsea-gano-en-wembley-y-se-metio-en-la-final-de-la-fa-cup\\\/\"]}]},{\"@type\":\"ImageObject\",\"inLanguage\":\"es\",\"@id\":\"https:\\\/\\\/fmgente.com.ar\\\/web\\\/chelsea-gano-en-wembley-y-se-metio-en-la-final-de-la-fa-cup\\\/#primaryimage\",\"url\":\"https:\\\/\\\/fmgente.com.ar\\\/web\\\/wp-content\\\/uploads\\\/2026\\\/04\\\/720-1304.jpeg\",\"contentUrl\":\"https:\\\/\\\/fmgente.com.ar\\\/web\\\/wp-content\\\/uploads\\\/2026\\\/04\\\/720-1304.jpeg\",\"width\":900,\"height\":720},{\"@type\":\"WebSite\",\"@id\":\"https:\\\/\\\/fmgente.com.ar\\\/web\\\/#website\",\"url\":\"https:\\\/\\\/fmgente.com.ar\\\/web\\\/\",\"name\":\"Fm Gente\",\"description\":\"- Jes\u00fas Mar\u00eda\",\"publisher\":{\"@id\":\"https:\\\/\\\/fmgente.com.ar\\\/web\\\/#organization\"},\"potentialAction\":[{\"@type\":\"SearchAction\",\"target\":{\"@type\":\"EntryPoint\",\"urlTemplate\":\"https:\\\/\\\/fmgente.com.ar\\\/web\\\/?s={search_term_string}\"},\"query-input\":{\"@type\":\"PropertyValueSpecification\",\"valueRequired\":true,\"valueName\":\"search_term_string\"}}],\"inLanguage\":\"es\"},{\"@type\":\"Organization\",\"@id\":\"https:\\\/\\\/fmgente.com.ar\\\/web\\\/#organization\",\"name\":\"Fm Gente\",\"url\":\"https:\\\/\\\/fmgente.com.ar\\\/web\\\/\",\"logo\":{\"@type\":\"ImageObject\",\"inLanguage\":\"es\",\"@id\":\"https:\\\/\\\/fmgente.com.ar\\\/web\\\/#\\\/schema\\\/logo\\\/image\\\/\",\"url\":\"https:\\\/\\\/fmgente.com.ar\\\/web\\\/wp-content\\\/uploads\\\/2023\\\/07\\\/cropped-cropped-logo-sombra2.png\",\"contentUrl\":\"https:\\\/\\\/fmgente.com.ar\\\/web\\\/wp-content\\\/uploads\\\/2023\\\/07\\\/cropped-cropped-logo-sombra2.png\",\"width\":1782,\"height\":1782,\"caption\":\"Fm Gente\"},\"image\":{\"@id\":\"https:\\\/\\\/fmgente.com.ar\\\/web\\\/#\\\/schema\\\/logo\\\/image\\\/\"}}]}<\/script>\n<!-- \/ Yoast SEO plugin. -->","yoast_head_json":{"title":"Chelsea gan\u00f3 en Wembley y se meti\u00f3 en la final de la FA Cup - Fm Gente","robots":{"index":"index","follow":"follow","max-snippet":"max-snippet:-1","max-image-preview":"max-image-preview:large","max-video-preview":"max-video-preview:-1"},"canonical":"https:\/\/fmgente.com.ar\/web\/chelsea-gano-en-wembley-y-se-metio-en-la-final-de-la-fa-cup\/","og_locale":"es_ES","og_type":"article","og_title":"Chelsea gan\u00f3 en Wembley y se meti\u00f3 en la final de la FA Cup - Fm Gente","og_description":"Buenos Aires, 26 abril (NA) \u2013 Chelsea logr\u00f3 imponerse ante el Leeds United para sellar","og_url":"https:\/\/fmgente.com.ar\/web\/chelsea-gano-en-wembley-y-se-metio-en-la-final-de-la-fa-cup\/","og_site_name":"Fm Gente","article_published_time":"2026-04-26T17:07:24+00:00","twitter_card":"summary_large_image","twitter_misc":{"Tiempo de lectura":"1 minuto"},"schema":{"@context":"https:\/\/schema.org","@graph":[{"@type":"Article","@id":"https:\/\/fmgente.com.ar\/web\/chelsea-gano-en-wembley-y-se-metio-en-la-final-de-la-fa-cup\/#article","isPartOf":{"@id":"https:\/\/fmgente.com.ar\/web\/chelsea-gano-en-wembley-y-se-metio-en-la-final-de-la-fa-cup\/"},"author":{"name":"","@id":""},"headline":"Chelsea gan\u00f3 en Wembley y se meti\u00f3 en la final de la FA Cup","datePublished":"2026-04-26T17:07:24+00:00","mainEntityOfPage":{"@id":"https:\/\/fmgente.com.ar\/web\/chelsea-gano-en-wembley-y-se-metio-en-la-final-de-la-fa-cup\/"},"wordCount":279,"publisher":{"@id":"https:\/\/fmgente.com.ar\/web\/#organization"},"image":{"@id":"https:\/\/fmgente.com.ar\/web\/chelsea-gano-en-wembley-y-se-metio-en-la-final-de-la-fa-cup\/#primaryimage"},"thumbnailUrl":"https:\/\/fmgente.com.ar\/web\/wp-content\/uploads\/2026\/04\/720-1304.jpeg","articleSection":["REGIONALES"],"inLanguage":"es"},{"@type":"WebPage","@id":"https:\/\/fmgente.com.ar\/web\/chelsea-gano-en-wembley-y-se-metio-en-la-final-de-la-fa-cup\/","url":"https:\/\/fmgente.com.ar\/web\/chelsea-gano-en-wembley-y-se-metio-en-la-final-de-la-fa-cup\/","name":"Chelsea gan\u00f3 en Wembley y se meti\u00f3 en la final de la FA Cup - Fm Gente","isPartOf":{"@id":"https:\/\/fmgente.com.ar\/web\/#website"},"primaryImageOfPage":{"@id":"https:\/\/fmgente.com.ar\/web\/chelsea-gano-en-wembley-y-se-metio-en-la-final-de-la-fa-cup\/#primaryimage"},"image":{"@id":"https:\/\/fmgente.com.ar\/web\/chelsea-gano-en-wembley-y-se-metio-en-la-final-de-la-fa-cup\/#primaryimage"},"thumbnailUrl":"https:\/\/fmgente.com.ar\/web\/wp-content\/uploads\/2026\/04\/720-1304.jpeg","datePublished":"2026-04-26T17:07:24+00:00","inLanguage":"es","potentialAction":[{"@type":"ReadAction","target":["https:\/\/fmgente.com.ar\/web\/chelsea-gano-en-wembley-y-se-metio-en-la-final-de-la-fa-cup\/"]}]},{"@type":"ImageObject","inLanguage":"es","@id":"https:\/\/fmgente.com.ar\/web\/chelsea-gano-en-wembley-y-se-metio-en-la-final-de-la-fa-cup\/#primaryimage","url":"https:\/\/fmgente.com.ar\/web\/wp-content\/uploads\/2026\/04\/720-1304.jpeg","contentUrl":"https:\/\/fmgente.com.ar\/web\/wp-content\/uploads\/2026\/04\/720-1304.jpeg","width":900,"height":720},{"@type":"WebSite","@id":"https:\/\/fmgente.com.ar\/web\/#website","url":"https:\/\/fmgente.com.ar\/web\/","name":"Fm Gente","description":"- Jes\u00fas Mar\u00eda","publisher":{"@id":"https:\/\/fmgente.com.ar\/web\/#organization"},"potentialAction":[{"@type":"SearchAction","target":{"@type":"EntryPoint","urlTemplate":"https:\/\/fmgente.com.ar\/web\/?s={search_term_string}"},"query-input":{"@type":"PropertyValueSpecification","valueRequired":true,"valueName":"search_term_string"}}],"inLanguage":"es"},{"@type":"Organization","@id":"https:\/\/fmgente.com.ar\/web\/#organization","name":"Fm Gente","url":"https:\/\/fmgente.com.ar\/web\/","logo":{"@type":"ImageObject","inLanguage":"es","@id":"https:\/\/fmgente.com.ar\/web\/#\/schema\/logo\/image\/","url":"https:\/\/fmgente.com.ar\/web\/wp-content\/uploads\/2023\/07\/cropped-cropped-logo-sombra2.png","contentUrl":"https:\/\/fmgente.com.ar\/web\/wp-content\/uploads\/2023\/07\/cropped-cropped-logo-sombra2.png","width":1782,"height":1782,"caption":"Fm Gente"},"image":{"@id":"https:\/\/fmgente.com.ar\/web\/#\/schema\/logo\/image\/"}}]}},"_links":{"self":[{"href":"https:\/\/fmgente.com.ar\/web\/wp-json\/wp\/v2\/posts\/20791","targetHints":{"allow":["GET"]}}],"collection":[{"href":"https:\/\/fmgente.com.ar\/web\/wp-json\/wp\/v2\/posts"}],"about":[{"href":"https:\/\/fmgente.com.ar\/web\/wp-json\/wp\/v2\/types\/post"}],"replies":[{"embeddable":true,"href":"https:\/\/fmgente.com.ar\/web\/wp-json\/wp\/v2\/comments?post=20791"}],"version-history":[{"count":0,"href":"https:\/\/fmgente.com.ar\/web\/wp-json\/wp\/v2\/posts\/20791\/revisions"}],"wp:featuredmedia":[{"embeddable":true,"href":"https:\/\/fmgente.com.ar\/web\/wp-json\/wp\/v2\/media\/20792"}],"wp:attachment":[{"href":"https:\/\/fmgente.com.ar\/web\/wp-json\/wp\/v2\/media?parent=20791"}],"wp:term":[{"taxonomy":"category","embeddable":true,"href":"https:\/\/fmgente.com.ar\/web\/wp-json\/wp\/v2\/categories?post=20791"},{"taxonomy":"post_tag","embeddable":true,"href":"https:\/\/fmgente.com.ar\/web\/wp-json\/wp\/v2\/tags?post=20791"}],"curies":[{"name":"wp","href":"https:\/\/api.w.org\/{rel}","templated":true}]}}