{"id":20789,"date":"2026-04-26T14:07:22","date_gmt":"2026-04-26T17:07:22","guid":{"rendered":"https:\/\/fmgente.com.ar\/web\/orgullo-argentino-el-mensaje-de-patricia-bullrich-tras-la-exhibicion-de-franco-colapinto-en-buenos-aires\/"},"modified":"2026-04-26T14:07:22","modified_gmt":"2026-04-26T17:07:22","slug":"orgullo-argentino-el-mensaje-de-patricia-bullrich-tras-la-exhibicion-de-franco-colapinto-en-buenos-aires","status":"publish","type":"post","link":"https:\/\/fmgente.com.ar\/web\/orgullo-argentino-el-mensaje-de-patricia-bullrich-tras-la-exhibicion-de-franco-colapinto-en-buenos-aires\/","title":{"rendered":"&quot;Orgullo argentino&quot;: el mensaje de Patricia Bullrich tras la exhibici\u00f3n de Franco Colapinto en Buenos Aires"},"content":{"rendered":"<p>Buenos Aires, 26 de abril (NA) \u2014 La ministra de Seguridad, Patricia Bullrich, destac\u00f3 este domingo el impacto de la figura de Franco Colapinto, luego de que el piloto de F\u00f3rmula 1 protagonizara un multitudinario \u00abRoad Show\u00bb por las calles de la Ciudad de Buenos Aires. A trav\u00e9s de sus redes sociales, la funcionaria subray\u00f3 la capacidad del joven deportista para movilizar a las nuevas generaciones.<\/p>\n<p>Seg\u00fan pudo reconstruir la Agencia Noticias Argentinas, la ministra calific\u00f3 como \u00abimpresionante\u00bb el fen\u00f3meno que genera el piloto de Alpine en todo el territorio nacional. \u00abLos chicos so\u00f1ando, emocionados, queriendo cumplir sus sue\u00f1os como hizo \u00e9l. Estas cosas hacen bien. Orgullo \u00e9l y ser argentino\u00bb, expres\u00f3 Bullrich en su cuenta oficial de la plataforma X.<\/p>\n<p>El evento \u2014que reuni\u00f3 a miles de fan\u00e1ticos en un circuito callejero dise\u00f1ado especialmente para la ocasi\u00f3n\u2014 no solo fue un hito deportivo, sino que tambi\u00e9n capt\u00f3 la atenci\u00f3n por la magnitud de la convocatoria. El \u00abRoad Show\u00bb permiti\u00f3 que el p\u00fablico viera de cerca el funcionamiento de un monoplaza de la m\u00e1xima categor\u00eda, en un espect\u00e1culo que paraliz\u00f3 parte de la Ciudad.<\/p>\n<p>La ministra puso el foco en el valor inspirador del deportista, se\u00f1alando que su trayectoria sirve como espejo para la juventud que busca alcanzar metas de alto rendimiento en el exterior representando al pa\u00eds.<\/p>\n","protected":false},"excerpt":{"rendered":"<p>Buenos Aires, 26 de abril (NA) \u2014 La ministra de Seguridad, Patricia Bullrich, destac\u00f3 este<\/p>\n","protected":false},"author":0,"featured_media":20790,"comment_status":"","ping_status":"","sticky":false,"template":"","format":"standard","meta":{"footnotes":""},"categories":[1],"tags":[],"class_list":["post-20789","post","type-post","status-publish","format-standard","has-post-thumbnail","hentry","category-regionales"],"yoast_head":"<!-- This site is optimized with the Yoast SEO plugin v27.4 - https:\/\/yoast.com\/product\/yoast-seo-wordpress\/ -->\n<title>&quot;Orgullo argentino&quot;: el mensaje de Patricia Bullrich tras la exhibici\u00f3n de Franco Colapinto en Buenos Aires - Fm Gente<\/title>\n<meta name=\"robots\" content=\"index, follow, max-snippet:-1, max-image-preview:large, max-video-preview:-1\" \/>\n<link rel=\"canonical\" href=\"https:\/\/fmgente.com.ar\/web\/orgullo-argentino-el-mensaje-de-patricia-bullrich-tras-la-exhibicion-de-franco-colapinto-en-buenos-aires\/\" \/>\n<meta property=\"og:locale\" content=\"es_ES\" \/>\n<meta property=\"og:type\" content=\"article\" \/>\n<meta property=\"og:title\" content=\"&quot;Orgullo argentino&quot;: el mensaje de Patricia Bullrich tras la exhibici\u00f3n de Franco Colapinto en Buenos Aires - Fm Gente\" \/>\n<meta property=\"og:description\" content=\"Buenos Aires, 26 de abril (NA) \u2014 La ministra de Seguridad, Patricia Bullrich, destac\u00f3 este\" \/>\n<meta property=\"og:url\" content=\"https:\/\/fmgente.com.ar\/web\/orgullo-argentino-el-mensaje-de-patricia-bullrich-tras-la-exhibicion-de-franco-colapinto-en-buenos-aires\/\" \/>\n<meta property=\"og:site_name\" content=\"Fm Gente\" \/>\n<meta property=\"article:published_time\" content=\"2026-04-26T17:07:22+00:00\" \/>\n<meta name=\"twitter:card\" content=\"summary_large_image\" \/>\n<meta name=\"twitter:label1\" content=\"Tiempo de lectura\" \/>\n\t<meta name=\"twitter:data1\" content=\"1 minuto\" \/>\n<script type=\"application\/ld+json\" class=\"yoast-schema-graph\">{\"@context\":\"https:\\\/\\\/schema.org\",\"@graph\":[{\"@type\":\"Article\",\"@id\":\"https:\\\/\\\/fmgente.com.ar\\\/web\\\/orgullo-argentino-el-mensaje-de-patricia-bullrich-tras-la-exhibicion-de-franco-colapinto-en-buenos-aires\\\/#article\",\"isPartOf\":{\"@id\":\"https:\\\/\\\/fmgente.com.ar\\\/web\\\/orgullo-argentino-el-mensaje-de-patricia-bullrich-tras-la-exhibicion-de-franco-colapinto-en-buenos-aires\\\/\"},\"author\":{\"name\":\"\",\"@id\":\"\"},\"headline\":\"&quot;Orgullo argentino&quot;: el mensaje de Patricia Bullrich tras la exhibici\u00f3n de Franco Colapinto en Buenos Aires\",\"datePublished\":\"2026-04-26T17:07:22+00:00\",\"mainEntityOfPage\":{\"@id\":\"https:\\\/\\\/fmgente.com.ar\\\/web\\\/orgullo-argentino-el-mensaje-de-patricia-bullrich-tras-la-exhibicion-de-franco-colapinto-en-buenos-aires\\\/\"},\"wordCount\":251,\"publisher\":{\"@id\":\"https:\\\/\\\/fmgente.com.ar\\\/web\\\/#organization\"},\"image\":{\"@id\":\"https:\\\/\\\/fmgente.com.ar\\\/web\\\/orgullo-argentino-el-mensaje-de-patricia-bullrich-tras-la-exhibicion-de-franco-colapinto-en-buenos-aires\\\/#primaryimage\"},\"thumbnailUrl\":\"https:\\\/\\\/fmgente.com.ar\\\/web\\\/wp-content\\\/uploads\\\/2026\\\/04\\\/720-1303.jpeg\",\"articleSection\":[\"REGIONALES\"],\"inLanguage\":\"es\"},{\"@type\":\"WebPage\",\"@id\":\"https:\\\/\\\/fmgente.com.ar\\\/web\\\/orgullo-argentino-el-mensaje-de-patricia-bullrich-tras-la-exhibicion-de-franco-colapinto-en-buenos-aires\\\/\",\"url\":\"https:\\\/\\\/fmgente.com.ar\\\/web\\\/orgullo-argentino-el-mensaje-de-patricia-bullrich-tras-la-exhibicion-de-franco-colapinto-en-buenos-aires\\\/\",\"name\":\"&quot;Orgullo argentino&quot;: el mensaje de Patricia Bullrich tras la exhibici\u00f3n de Franco Colapinto en Buenos Aires - Fm Gente\",\"isPartOf\":{\"@id\":\"https:\\\/\\\/fmgente.com.ar\\\/web\\\/#website\"},\"primaryImageOfPage\":{\"@id\":\"https:\\\/\\\/fmgente.com.ar\\\/web\\\/orgullo-argentino-el-mensaje-de-patricia-bullrich-tras-la-exhibicion-de-franco-colapinto-en-buenos-aires\\\/#primaryimage\"},\"image\":{\"@id\":\"https:\\\/\\\/fmgente.com.ar\\\/web\\\/orgullo-argentino-el-mensaje-de-patricia-bullrich-tras-la-exhibicion-de-franco-colapinto-en-buenos-aires\\\/#primaryimage\"},\"thumbnailUrl\":\"https:\\\/\\\/fmgente.com.ar\\\/web\\\/wp-content\\\/uploads\\\/2026\\\/04\\\/720-1303.jpeg\",\"datePublished\":\"2026-04-26T17:07:22+00:00\",\"inLanguage\":\"es\",\"potentialAction\":[{\"@type\":\"ReadAction\",\"target\":[\"https:\\\/\\\/fmgente.com.ar\\\/web\\\/orgullo-argentino-el-mensaje-de-patricia-bullrich-tras-la-exhibicion-de-franco-colapinto-en-buenos-aires\\\/\"]}]},{\"@type\":\"ImageObject\",\"inLanguage\":\"es\",\"@id\":\"https:\\\/\\\/fmgente.com.ar\\\/web\\\/orgullo-argentino-el-mensaje-de-patricia-bullrich-tras-la-exhibicion-de-franco-colapinto-en-buenos-aires\\\/#primaryimage\",\"url\":\"https:\\\/\\\/fmgente.com.ar\\\/web\\\/wp-content\\\/uploads\\\/2026\\\/04\\\/720-1303.jpeg\",\"contentUrl\":\"https:\\\/\\\/fmgente.com.ar\\\/web\\\/wp-content\\\/uploads\\\/2026\\\/04\\\/720-1303.jpeg\",\"width\":1132,\"height\":720},{\"@type\":\"WebSite\",\"@id\":\"https:\\\/\\\/fmgente.com.ar\\\/web\\\/#website\",\"url\":\"https:\\\/\\\/fmgente.com.ar\\\/web\\\/\",\"name\":\"Fm Gente\",\"description\":\"- Jes\u00fas Mar\u00eda\",\"publisher\":{\"@id\":\"https:\\\/\\\/fmgente.com.ar\\\/web\\\/#organization\"},\"potentialAction\":[{\"@type\":\"SearchAction\",\"target\":{\"@type\":\"EntryPoint\",\"urlTemplate\":\"https:\\\/\\\/fmgente.com.ar\\\/web\\\/?s={search_term_string}\"},\"query-input\":{\"@type\":\"PropertyValueSpecification\",\"valueRequired\":true,\"valueName\":\"search_term_string\"}}],\"inLanguage\":\"es\"},{\"@type\":\"Organization\",\"@id\":\"https:\\\/\\\/fmgente.com.ar\\\/web\\\/#organization\",\"name\":\"Fm Gente\",\"url\":\"https:\\\/\\\/fmgente.com.ar\\\/web\\\/\",\"logo\":{\"@type\":\"ImageObject\",\"inLanguage\":\"es\",\"@id\":\"https:\\\/\\\/fmgente.com.ar\\\/web\\\/#\\\/schema\\\/logo\\\/image\\\/\",\"url\":\"https:\\\/\\\/fmgente.com.ar\\\/web\\\/wp-content\\\/uploads\\\/2023\\\/07\\\/cropped-cropped-logo-sombra2.png\",\"contentUrl\":\"https:\\\/\\\/fmgente.com.ar\\\/web\\\/wp-content\\\/uploads\\\/2023\\\/07\\\/cropped-cropped-logo-sombra2.png\",\"width\":1782,\"height\":1782,\"caption\":\"Fm Gente\"},\"image\":{\"@id\":\"https:\\\/\\\/fmgente.com.ar\\\/web\\\/#\\\/schema\\\/logo\\\/image\\\/\"}}]}<\/script>\n<!-- \/ Yoast SEO plugin. -->","yoast_head_json":{"title":"&quot;Orgullo argentino&quot;: el mensaje de Patricia Bullrich tras la exhibici\u00f3n de Franco Colapinto en Buenos Aires - Fm Gente","robots":{"index":"index","follow":"follow","max-snippet":"max-snippet:-1","max-image-preview":"max-image-preview:large","max-video-preview":"max-video-preview:-1"},"canonical":"https:\/\/fmgente.com.ar\/web\/orgullo-argentino-el-mensaje-de-patricia-bullrich-tras-la-exhibicion-de-franco-colapinto-en-buenos-aires\/","og_locale":"es_ES","og_type":"article","og_title":"&quot;Orgullo argentino&quot;: el mensaje de Patricia Bullrich tras la exhibici\u00f3n de Franco Colapinto en Buenos Aires - Fm Gente","og_description":"Buenos Aires, 26 de abril (NA) \u2014 La ministra de Seguridad, Patricia Bullrich, destac\u00f3 este","og_url":"https:\/\/fmgente.com.ar\/web\/orgullo-argentino-el-mensaje-de-patricia-bullrich-tras-la-exhibicion-de-franco-colapinto-en-buenos-aires\/","og_site_name":"Fm Gente","article_published_time":"2026-04-26T17:07:22+00:00","twitter_card":"summary_large_image","twitter_misc":{"Tiempo de lectura":"1 minuto"},"schema":{"@context":"https:\/\/schema.org","@graph":[{"@type":"Article","@id":"https:\/\/fmgente.com.ar\/web\/orgullo-argentino-el-mensaje-de-patricia-bullrich-tras-la-exhibicion-de-franco-colapinto-en-buenos-aires\/#article","isPartOf":{"@id":"https:\/\/fmgente.com.ar\/web\/orgullo-argentino-el-mensaje-de-patricia-bullrich-tras-la-exhibicion-de-franco-colapinto-en-buenos-aires\/"},"author":{"name":"","@id":""},"headline":"&quot;Orgullo argentino&quot;: el mensaje de Patricia Bullrich tras la exhibici\u00f3n de Franco Colapinto en Buenos Aires","datePublished":"2026-04-26T17:07:22+00:00","mainEntityOfPage":{"@id":"https:\/\/fmgente.com.ar\/web\/orgullo-argentino-el-mensaje-de-patricia-bullrich-tras-la-exhibicion-de-franco-colapinto-en-buenos-aires\/"},"wordCount":251,"publisher":{"@id":"https:\/\/fmgente.com.ar\/web\/#organization"},"image":{"@id":"https:\/\/fmgente.com.ar\/web\/orgullo-argentino-el-mensaje-de-patricia-bullrich-tras-la-exhibicion-de-franco-colapinto-en-buenos-aires\/#primaryimage"},"thumbnailUrl":"https:\/\/fmgente.com.ar\/web\/wp-content\/uploads\/2026\/04\/720-1303.jpeg","articleSection":["REGIONALES"],"inLanguage":"es"},{"@type":"WebPage","@id":"https:\/\/fmgente.com.ar\/web\/orgullo-argentino-el-mensaje-de-patricia-bullrich-tras-la-exhibicion-de-franco-colapinto-en-buenos-aires\/","url":"https:\/\/fmgente.com.ar\/web\/orgullo-argentino-el-mensaje-de-patricia-bullrich-tras-la-exhibicion-de-franco-colapinto-en-buenos-aires\/","name":"&quot;Orgullo argentino&quot;: el mensaje de Patricia Bullrich tras la exhibici\u00f3n de Franco Colapinto en Buenos Aires - Fm Gente","isPartOf":{"@id":"https:\/\/fmgente.com.ar\/web\/#website"},"primaryImageOfPage":{"@id":"https:\/\/fmgente.com.ar\/web\/orgullo-argentino-el-mensaje-de-patricia-bullrich-tras-la-exhibicion-de-franco-colapinto-en-buenos-aires\/#primaryimage"},"image":{"@id":"https:\/\/fmgente.com.ar\/web\/orgullo-argentino-el-mensaje-de-patricia-bullrich-tras-la-exhibicion-de-franco-colapinto-en-buenos-aires\/#primaryimage"},"thumbnailUrl":"https:\/\/fmgente.com.ar\/web\/wp-content\/uploads\/2026\/04\/720-1303.jpeg","datePublished":"2026-04-26T17:07:22+00:00","inLanguage":"es","potentialAction":[{"@type":"ReadAction","target":["https:\/\/fmgente.com.ar\/web\/orgullo-argentino-el-mensaje-de-patricia-bullrich-tras-la-exhibicion-de-franco-colapinto-en-buenos-aires\/"]}]},{"@type":"ImageObject","inLanguage":"es","@id":"https:\/\/fmgente.com.ar\/web\/orgullo-argentino-el-mensaje-de-patricia-bullrich-tras-la-exhibicion-de-franco-colapinto-en-buenos-aires\/#primaryimage","url":"https:\/\/fmgente.com.ar\/web\/wp-content\/uploads\/2026\/04\/720-1303.jpeg","contentUrl":"https:\/\/fmgente.com.ar\/web\/wp-content\/uploads\/2026\/04\/720-1303.jpeg","width":1132,"height":720},{"@type":"WebSite","@id":"https:\/\/fmgente.com.ar\/web\/#website","url":"https:\/\/fmgente.com.ar\/web\/","name":"Fm Gente","description":"- Jes\u00fas Mar\u00eda","publisher":{"@id":"https:\/\/fmgente.com.ar\/web\/#organization"},"potentialAction":[{"@type":"SearchAction","target":{"@type":"EntryPoint","urlTemplate":"https:\/\/fmgente.com.ar\/web\/?s={search_term_string}"},"query-input":{"@type":"PropertyValueSpecification","valueRequired":true,"valueName":"search_term_string"}}],"inLanguage":"es"},{"@type":"Organization","@id":"https:\/\/fmgente.com.ar\/web\/#organization","name":"Fm Gente","url":"https:\/\/fmgente.com.ar\/web\/","logo":{"@type":"ImageObject","inLanguage":"es","@id":"https:\/\/fmgente.com.ar\/web\/#\/schema\/logo\/image\/","url":"https:\/\/fmgente.com.ar\/web\/wp-content\/uploads\/2023\/07\/cropped-cropped-logo-sombra2.png","contentUrl":"https:\/\/fmgente.com.ar\/web\/wp-content\/uploads\/2023\/07\/cropped-cropped-logo-sombra2.png","width":1782,"height":1782,"caption":"Fm Gente"},"image":{"@id":"https:\/\/fmgente.com.ar\/web\/#\/schema\/logo\/image\/"}}]}},"_links":{"self":[{"href":"https:\/\/fmgente.com.ar\/web\/wp-json\/wp\/v2\/posts\/20789","targetHints":{"allow":["GET"]}}],"collection":[{"href":"https:\/\/fmgente.com.ar\/web\/wp-json\/wp\/v2\/posts"}],"about":[{"href":"https:\/\/fmgente.com.ar\/web\/wp-json\/wp\/v2\/types\/post"}],"replies":[{"embeddable":true,"href":"https:\/\/fmgente.com.ar\/web\/wp-json\/wp\/v2\/comments?post=20789"}],"version-history":[{"count":0,"href":"https:\/\/fmgente.com.ar\/web\/wp-json\/wp\/v2\/posts\/20789\/revisions"}],"wp:featuredmedia":[{"embeddable":true,"href":"https:\/\/fmgente.com.ar\/web\/wp-json\/wp\/v2\/media\/20790"}],"wp:attachment":[{"href":"https:\/\/fmgente.com.ar\/web\/wp-json\/wp\/v2\/media?parent=20789"}],"wp:term":[{"taxonomy":"category","embeddable":true,"href":"https:\/\/fmgente.com.ar\/web\/wp-json\/wp\/v2\/categories?post=20789"},{"taxonomy":"post_tag","embeddable":true,"href":"https:\/\/fmgente.com.ar\/web\/wp-json\/wp\/v2\/tags?post=20789"}],"curies":[{"name":"wp","href":"https:\/\/api.w.org\/{rel}","templated":true}]}}