{"id":20783,"date":"2026-04-26T10:04:46","date_gmt":"2026-04-26T13:04:46","guid":{"rendered":"https:\/\/fmgente.com.ar\/web\/?p=20783"},"modified":"2026-04-26T10:04:46","modified_gmt":"2026-04-26T13:04:46","slug":"quilino-encontraron-sin-vida-a-una-abuela-de-82-anos","status":"publish","type":"post","link":"https:\/\/fmgente.com.ar\/web\/quilino-encontraron-sin-vida-a-una-abuela-de-82-anos\/","title":{"rendered":"Quilino: Encontraron sin vida a una abuela de 82 a\u00f1os"},"content":{"rendered":"<p>La cr\u00f3nica indica que una vecina de la localidad de Quilino, fue encontrada sin vida\u00a0 y maniatada en su vivienda. Al momento del hallazgo, su cuerpo presentaba importantes lesiones.<\/p>\n<p>Las primeras investigaciones indicar\u00edan que se trat\u00f3 de un asalto.<\/p>\n<p>la Fiscal\u00eda de Instrucci\u00f3n de De\u00e1n Funes orden\u00f3 la inmediata intervenci\u00f3n del Gabinete Cient\u00edfico de Polic\u00eda Judicial para realizar las pericias correspondientes y el posterior levantamiento del cuerpo.<\/p>\n<p>Por su parte seg\u00fan datos esgrimidos por la autoridad policial, ya habr\u00eda un detenido, sindicado como el autor del crimen. Se trata de un joven de 30 a\u00f1os de edad, oriundo de Lucio V. Mansilla, pero que estar\u00eda viendo en Quilino.<\/p>\n<p>El caso se encuentra en investigaci\u00f3n por lo que podr\u00eda haber mas detenidos por el hecho.<\/p>\n<p>Por otro lado, los trascendidos indicar\u00edan que la vecina habr\u00eda vendido un veh\u00edculo, por lo que ten\u00eda el dinero en su propiedad y este habr\u00eda sido el m\u00f3vil del crimen.<\/p>\n<audio class=\"wp-audio-shortcode\" id=\"audio-20783-1\" preload=\"none\" style=\"width: 100%;\" controls=\"controls\"><source type=\"audio\/mpeg\" src=\"https:\/\/fmgente.com.ar\/web\/wp-content\/uploads\/2026\/04\/cepeda.mp3?_=1\" \/><a href=\"https:\/\/fmgente.com.ar\/web\/wp-content\/uploads\/2026\/04\/cepeda.mp3\">https:\/\/fmgente.com.ar\/web\/wp-content\/uploads\/2026\/04\/cepeda.mp3<\/a><\/audio>\n<p>&nbsp;<\/p>\n","protected":false},"excerpt":{"rendered":"<p>La cr\u00f3nica indica que una vecina de la localidad de Quilino, fue encontrada sin vida\u00a0<\/p>\n","protected":false},"author":2,"featured_media":1678,"comment_status":"closed","ping_status":"closed","sticky":false,"template":"","format":"standard","meta":{"footnotes":""},"categories":[40],"tags":[],"class_list":["post-20783","post","type-post","status-publish","format-standard","has-post-thumbnail","hentry","category-principales"],"yoast_head":"<!-- This site is optimized with the Yoast SEO plugin v27.4 - https:\/\/yoast.com\/product\/yoast-seo-wordpress\/ -->\n<title>Quilino: Encontraron sin vida a una abuela de 82 a\u00f1os - Fm Gente<\/title>\n<meta name=\"robots\" content=\"index, follow, max-snippet:-1, max-image-preview:large, max-video-preview:-1\" \/>\n<link rel=\"canonical\" href=\"https:\/\/fmgente.com.ar\/web\/quilino-encontraron-sin-vida-a-una-abuela-de-82-anos\/\" \/>\n<meta property=\"og:locale\" content=\"es_ES\" \/>\n<meta property=\"og:type\" content=\"article\" \/>\n<meta property=\"og:title\" content=\"Quilino: Encontraron sin vida a una abuela de 82 a\u00f1os - Fm Gente\" \/>\n<meta property=\"og:description\" content=\"La cr\u00f3nica indica que una vecina de la localidad de Quilino, fue encontrada sin vida\u00a0\" \/>\n<meta property=\"og:url\" content=\"https:\/\/fmgente.com.ar\/web\/quilino-encontraron-sin-vida-a-una-abuela-de-82-anos\/\" \/>\n<meta property=\"og:site_name\" content=\"Fm Gente\" \/>\n<meta property=\"article:published_time\" content=\"2026-04-26T13:04:46+00:00\" \/>\n<meta property=\"og:image\" content=\"https:\/\/fmgente.com.ar\/web\/wp-content\/uploads\/2024\/01\/policia-jm.jpg\" \/>\n\t<meta property=\"og:image:width\" content=\"1000\" \/>\n\t<meta property=\"og:image:height\" content=\"667\" \/>\n\t<meta property=\"og:image:type\" content=\"image\/jpeg\" \/>\n<meta name=\"author\" content=\"Adri\u00e1n Hern\u00e1ndez\" \/>\n<meta name=\"twitter:card\" content=\"summary_large_image\" \/>\n<meta name=\"twitter:label1\" content=\"Escrito por\" \/>\n\t<meta name=\"twitter:data1\" content=\"Adri\u00e1n Hern\u00e1ndez\" \/>\n\t<meta name=\"twitter:label2\" content=\"Tiempo de lectura\" \/>\n\t<meta name=\"twitter:data2\" content=\"1 minuto\" \/>\n<script type=\"application\/ld+json\" class=\"yoast-schema-graph\">{\"@context\":\"https:\\\/\\\/schema.org\",\"@graph\":[{\"@type\":\"Article\",\"@id\":\"https:\\\/\\\/fmgente.com.ar\\\/web\\\/quilino-encontraron-sin-vida-a-una-abuela-de-82-anos\\\/#article\",\"isPartOf\":{\"@id\":\"https:\\\/\\\/fmgente.com.ar\\\/web\\\/quilino-encontraron-sin-vida-a-una-abuela-de-82-anos\\\/\"},\"author\":{\"name\":\"Adri\u00e1n Hern\u00e1ndez\",\"@id\":\"https:\\\/\\\/fmgente.com.ar\\\/web\\\/#\\\/schema\\\/person\\\/ba03fa75c17effdaafbd6daa1d78c508\"},\"headline\":\"Quilino: Encontraron sin vida a una abuela de 82 a\u00f1os\",\"datePublished\":\"2026-04-26T13:04:46+00:00\",\"mainEntityOfPage\":{\"@id\":\"https:\\\/\\\/fmgente.com.ar\\\/web\\\/quilino-encontraron-sin-vida-a-una-abuela-de-82-anos\\\/\"},\"wordCount\":196,\"publisher\":{\"@id\":\"https:\\\/\\\/fmgente.com.ar\\\/web\\\/#organization\"},\"image\":{\"@id\":\"https:\\\/\\\/fmgente.com.ar\\\/web\\\/quilino-encontraron-sin-vida-a-una-abuela-de-82-anos\\\/#primaryimage\"},\"thumbnailUrl\":\"https:\\\/\\\/fmgente.com.ar\\\/web\\\/wp-content\\\/uploads\\\/2024\\\/01\\\/policia-jm.jpg\",\"articleSection\":[\"PRINCIPALES\"],\"inLanguage\":\"es\"},{\"@type\":\"WebPage\",\"@id\":\"https:\\\/\\\/fmgente.com.ar\\\/web\\\/quilino-encontraron-sin-vida-a-una-abuela-de-82-anos\\\/\",\"url\":\"https:\\\/\\\/fmgente.com.ar\\\/web\\\/quilino-encontraron-sin-vida-a-una-abuela-de-82-anos\\\/\",\"name\":\"Quilino: Encontraron sin vida a una abuela de 82 a\u00f1os - Fm Gente\",\"isPartOf\":{\"@id\":\"https:\\\/\\\/fmgente.com.ar\\\/web\\\/#website\"},\"primaryImageOfPage\":{\"@id\":\"https:\\\/\\\/fmgente.com.ar\\\/web\\\/quilino-encontraron-sin-vida-a-una-abuela-de-82-anos\\\/#primaryimage\"},\"image\":{\"@id\":\"https:\\\/\\\/fmgente.com.ar\\\/web\\\/quilino-encontraron-sin-vida-a-una-abuela-de-82-anos\\\/#primaryimage\"},\"thumbnailUrl\":\"https:\\\/\\\/fmgente.com.ar\\\/web\\\/wp-content\\\/uploads\\\/2024\\\/01\\\/policia-jm.jpg\",\"datePublished\":\"2026-04-26T13:04:46+00:00\",\"inLanguage\":\"es\",\"potentialAction\":[{\"@type\":\"ReadAction\",\"target\":[\"https:\\\/\\\/fmgente.com.ar\\\/web\\\/quilino-encontraron-sin-vida-a-una-abuela-de-82-anos\\\/\"]}]},{\"@type\":\"ImageObject\",\"inLanguage\":\"es\",\"@id\":\"https:\\\/\\\/fmgente.com.ar\\\/web\\\/quilino-encontraron-sin-vida-a-una-abuela-de-82-anos\\\/#primaryimage\",\"url\":\"https:\\\/\\\/fmgente.com.ar\\\/web\\\/wp-content\\\/uploads\\\/2024\\\/01\\\/policia-jm.jpg\",\"contentUrl\":\"https:\\\/\\\/fmgente.com.ar\\\/web\\\/wp-content\\\/uploads\\\/2024\\\/01\\\/policia-jm.jpg\",\"width\":1000,\"height\":667},{\"@type\":\"WebSite\",\"@id\":\"https:\\\/\\\/fmgente.com.ar\\\/web\\\/#website\",\"url\":\"https:\\\/\\\/fmgente.com.ar\\\/web\\\/\",\"name\":\"Fm Gente\",\"description\":\"- Jes\u00fas Mar\u00eda\",\"publisher\":{\"@id\":\"https:\\\/\\\/fmgente.com.ar\\\/web\\\/#organization\"},\"potentialAction\":[{\"@type\":\"SearchAction\",\"target\":{\"@type\":\"EntryPoint\",\"urlTemplate\":\"https:\\\/\\\/fmgente.com.ar\\\/web\\\/?s={search_term_string}\"},\"query-input\":{\"@type\":\"PropertyValueSpecification\",\"valueRequired\":true,\"valueName\":\"search_term_string\"}}],\"inLanguage\":\"es\"},{\"@type\":\"Organization\",\"@id\":\"https:\\\/\\\/fmgente.com.ar\\\/web\\\/#organization\",\"name\":\"Fm Gente\",\"url\":\"https:\\\/\\\/fmgente.com.ar\\\/web\\\/\",\"logo\":{\"@type\":\"ImageObject\",\"inLanguage\":\"es\",\"@id\":\"https:\\\/\\\/fmgente.com.ar\\\/web\\\/#\\\/schema\\\/logo\\\/image\\\/\",\"url\":\"https:\\\/\\\/fmgente.com.ar\\\/web\\\/wp-content\\\/uploads\\\/2023\\\/07\\\/cropped-cropped-logo-sombra2.png\",\"contentUrl\":\"https:\\\/\\\/fmgente.com.ar\\\/web\\\/wp-content\\\/uploads\\\/2023\\\/07\\\/cropped-cropped-logo-sombra2.png\",\"width\":1782,\"height\":1782,\"caption\":\"Fm Gente\"},\"image\":{\"@id\":\"https:\\\/\\\/fmgente.com.ar\\\/web\\\/#\\\/schema\\\/logo\\\/image\\\/\"}},{\"@type\":\"Person\",\"@id\":\"https:\\\/\\\/fmgente.com.ar\\\/web\\\/#\\\/schema\\\/person\\\/ba03fa75c17effdaafbd6daa1d78c508\",\"name\":\"Adri\u00e1n Hern\u00e1ndez\",\"url\":\"https:\\\/\\\/fmgente.com.ar\\\/web\\\/author\\\/c1601891\\\/\"}]}<\/script>\n<!-- \/ Yoast SEO plugin. -->","yoast_head_json":{"title":"Quilino: Encontraron sin vida a una abuela de 82 a\u00f1os - Fm Gente","robots":{"index":"index","follow":"follow","max-snippet":"max-snippet:-1","max-image-preview":"max-image-preview:large","max-video-preview":"max-video-preview:-1"},"canonical":"https:\/\/fmgente.com.ar\/web\/quilino-encontraron-sin-vida-a-una-abuela-de-82-anos\/","og_locale":"es_ES","og_type":"article","og_title":"Quilino: Encontraron sin vida a una abuela de 82 a\u00f1os - Fm Gente","og_description":"La cr\u00f3nica indica que una vecina de la localidad de Quilino, fue encontrada sin vida\u00a0","og_url":"https:\/\/fmgente.com.ar\/web\/quilino-encontraron-sin-vida-a-una-abuela-de-82-anos\/","og_site_name":"Fm Gente","article_published_time":"2026-04-26T13:04:46+00:00","og_image":[{"width":1000,"height":667,"url":"https:\/\/fmgente.com.ar\/web\/wp-content\/uploads\/2024\/01\/policia-jm.jpg","type":"image\/jpeg"}],"author":"Adri\u00e1n Hern\u00e1ndez","twitter_card":"summary_large_image","twitter_misc":{"Escrito por":"Adri\u00e1n Hern\u00e1ndez","Tiempo de lectura":"1 minuto"},"schema":{"@context":"https:\/\/schema.org","@graph":[{"@type":"Article","@id":"https:\/\/fmgente.com.ar\/web\/quilino-encontraron-sin-vida-a-una-abuela-de-82-anos\/#article","isPartOf":{"@id":"https:\/\/fmgente.com.ar\/web\/quilino-encontraron-sin-vida-a-una-abuela-de-82-anos\/"},"author":{"name":"Adri\u00e1n Hern\u00e1ndez","@id":"https:\/\/fmgente.com.ar\/web\/#\/schema\/person\/ba03fa75c17effdaafbd6daa1d78c508"},"headline":"Quilino: Encontraron sin vida a una abuela de 82 a\u00f1os","datePublished":"2026-04-26T13:04:46+00:00","mainEntityOfPage":{"@id":"https:\/\/fmgente.com.ar\/web\/quilino-encontraron-sin-vida-a-una-abuela-de-82-anos\/"},"wordCount":196,"publisher":{"@id":"https:\/\/fmgente.com.ar\/web\/#organization"},"image":{"@id":"https:\/\/fmgente.com.ar\/web\/quilino-encontraron-sin-vida-a-una-abuela-de-82-anos\/#primaryimage"},"thumbnailUrl":"https:\/\/fmgente.com.ar\/web\/wp-content\/uploads\/2024\/01\/policia-jm.jpg","articleSection":["PRINCIPALES"],"inLanguage":"es"},{"@type":"WebPage","@id":"https:\/\/fmgente.com.ar\/web\/quilino-encontraron-sin-vida-a-una-abuela-de-82-anos\/","url":"https:\/\/fmgente.com.ar\/web\/quilino-encontraron-sin-vida-a-una-abuela-de-82-anos\/","name":"Quilino: Encontraron sin vida a una abuela de 82 a\u00f1os - Fm Gente","isPartOf":{"@id":"https:\/\/fmgente.com.ar\/web\/#website"},"primaryImageOfPage":{"@id":"https:\/\/fmgente.com.ar\/web\/quilino-encontraron-sin-vida-a-una-abuela-de-82-anos\/#primaryimage"},"image":{"@id":"https:\/\/fmgente.com.ar\/web\/quilino-encontraron-sin-vida-a-una-abuela-de-82-anos\/#primaryimage"},"thumbnailUrl":"https:\/\/fmgente.com.ar\/web\/wp-content\/uploads\/2024\/01\/policia-jm.jpg","datePublished":"2026-04-26T13:04:46+00:00","inLanguage":"es","potentialAction":[{"@type":"ReadAction","target":["https:\/\/fmgente.com.ar\/web\/quilino-encontraron-sin-vida-a-una-abuela-de-82-anos\/"]}]},{"@type":"ImageObject","inLanguage":"es","@id":"https:\/\/fmgente.com.ar\/web\/quilino-encontraron-sin-vida-a-una-abuela-de-82-anos\/#primaryimage","url":"https:\/\/fmgente.com.ar\/web\/wp-content\/uploads\/2024\/01\/policia-jm.jpg","contentUrl":"https:\/\/fmgente.com.ar\/web\/wp-content\/uploads\/2024\/01\/policia-jm.jpg","width":1000,"height":667},{"@type":"WebSite","@id":"https:\/\/fmgente.com.ar\/web\/#website","url":"https:\/\/fmgente.com.ar\/web\/","name":"Fm Gente","description":"- Jes\u00fas Mar\u00eda","publisher":{"@id":"https:\/\/fmgente.com.ar\/web\/#organization"},"potentialAction":[{"@type":"SearchAction","target":{"@type":"EntryPoint","urlTemplate":"https:\/\/fmgente.com.ar\/web\/?s={search_term_string}"},"query-input":{"@type":"PropertyValueSpecification","valueRequired":true,"valueName":"search_term_string"}}],"inLanguage":"es"},{"@type":"Organization","@id":"https:\/\/fmgente.com.ar\/web\/#organization","name":"Fm Gente","url":"https:\/\/fmgente.com.ar\/web\/","logo":{"@type":"ImageObject","inLanguage":"es","@id":"https:\/\/fmgente.com.ar\/web\/#\/schema\/logo\/image\/","url":"https:\/\/fmgente.com.ar\/web\/wp-content\/uploads\/2023\/07\/cropped-cropped-logo-sombra2.png","contentUrl":"https:\/\/fmgente.com.ar\/web\/wp-content\/uploads\/2023\/07\/cropped-cropped-logo-sombra2.png","width":1782,"height":1782,"caption":"Fm Gente"},"image":{"@id":"https:\/\/fmgente.com.ar\/web\/#\/schema\/logo\/image\/"}},{"@type":"Person","@id":"https:\/\/fmgente.com.ar\/web\/#\/schema\/person\/ba03fa75c17effdaafbd6daa1d78c508","name":"Adri\u00e1n Hern\u00e1ndez","url":"https:\/\/fmgente.com.ar\/web\/author\/c1601891\/"}]}},"_links":{"self":[{"href":"https:\/\/fmgente.com.ar\/web\/wp-json\/wp\/v2\/posts\/20783","targetHints":{"allow":["GET"]}}],"collection":[{"href":"https:\/\/fmgente.com.ar\/web\/wp-json\/wp\/v2\/posts"}],"about":[{"href":"https:\/\/fmgente.com.ar\/web\/wp-json\/wp\/v2\/types\/post"}],"author":[{"embeddable":true,"href":"https:\/\/fmgente.com.ar\/web\/wp-json\/wp\/v2\/users\/2"}],"replies":[{"embeddable":true,"href":"https:\/\/fmgente.com.ar\/web\/wp-json\/wp\/v2\/comments?post=20783"}],"version-history":[{"count":1,"href":"https:\/\/fmgente.com.ar\/web\/wp-json\/wp\/v2\/posts\/20783\/revisions"}],"predecessor-version":[{"id":20786,"href":"https:\/\/fmgente.com.ar\/web\/wp-json\/wp\/v2\/posts\/20783\/revisions\/20786"}],"wp:featuredmedia":[{"embeddable":true,"href":"https:\/\/fmgente.com.ar\/web\/wp-json\/wp\/v2\/media\/1678"}],"wp:attachment":[{"href":"https:\/\/fmgente.com.ar\/web\/wp-json\/wp\/v2\/media?parent=20783"}],"wp:term":[{"taxonomy":"category","embeddable":true,"href":"https:\/\/fmgente.com.ar\/web\/wp-json\/wp\/v2\/categories?post=20783"},{"taxonomy":"post_tag","embeddable":true,"href":"https:\/\/fmgente.com.ar\/web\/wp-json\/wp\/v2\/tags?post=20783"}],"curies":[{"name":"wp","href":"https:\/\/api.w.org\/{rel}","templated":true}]}}