{"id":20778,"date":"2026-04-26T08:06:14","date_gmt":"2026-04-26T11:06:14","guid":{"rendered":"https:\/\/fmgente.com.ar\/web\/senado-la-libertad-avanza-frena-el-debate-de-las-paso-y-apuntala-la-agenda-economica\/"},"modified":"2026-04-26T08:06:14","modified_gmt":"2026-04-26T11:06:14","slug":"senado-la-libertad-avanza-frena-el-debate-de-las-paso-y-apuntala-la-agenda-economica","status":"publish","type":"post","link":"https:\/\/fmgente.com.ar\/web\/senado-la-libertad-avanza-frena-el-debate-de-las-paso-y-apuntala-la-agenda-economica\/","title":{"rendered":"Senado: La Libertad Avanza frena el debate de las PASO y apuntala la agenda econ\u00f3mica"},"content":{"rendered":"<p>Buenos Aires, 26 de Abril (NA) \u2013 La Libertad Avanza frenar\u00e1 el debate en el Senado de la reforma electoral que propone la eliminaci\u00f3n de las PASO hasta que alcance un acuerdo con los bloques dialoguistas. En tanto, se abocar\u00e1 ahora al tratamiento de los proyectos sobre los Fondos Buitre y de reformas a la ley de Salud Mental.<\/p>\n<p>La decisi\u00f3n del oficialismo es abrir el tratamiento en la comisi\u00f3n de  Asuntos Constitucionales, que preside Agust\u00edn Coto, cuando hayan alcanzados \u201cconsensos m\u00ednimos\u201d con los bloques opositores que se oponen a anular las elecciones primarias, seg\u00fan informaron fuentes parlamentarias a la Agencia Noticias Argentinas.<\/p>\n<p>EL FUTURO DE LAS PASO<\/p>\n<p>La UCR, un aliado central porque tiene 10 votos claves, no apoya la eliminaci\u00f3n de las PASO. Est\u00e1n de acuerdo en su modificaci\u00f3n para que sean optativas en las alianzas o partidos donde hay lista \u00fanica y que se mantenga el aporte estatal en esos casos. Tambi\u00e9n quieren mantener aporte estatal y no comparten aumentar hasta el 35% los aportes privados.<\/p>\n<p>Las elecciones primarias que el radicalismo no acept\u00f3 votar en el 2009 esa fuerza opositora porque consider\u00f3 que fue creada para solucionar los problemas internas del kirchnerismo, termin\u00f3 siendo una herramienta \u00fatil para la oposici\u00f3n y en especial en el 2023 cuando defini\u00f3 su f\u00f3rmula presidencial.  <\/p>\n<p>\u201cAc\u00e1 mandan los n\u00fameros\u201d, dijo un representante del oficialismo a NA, quien adem\u00e1s se\u00f1al\u00f3 que los acuerdos que no se hicieron antes de enviar la ley se deber\u00e1n hacer en el Senado, como sucedi\u00f3 con la reforma laboral y la Ley de Glaciares.<\/p>\n<p>La LLA necesita 37 votos en el Senado y 129 en Diputados que solo los puedo lograr con los bloques aliados. <\/p>\n<p>LAS PRIORIDADES: FONDOS BUITRES<\/p>\n<p>Por ese motivo, la bancada de LLA que preside Patricia Bullrich demorar\u00e1 por lo menos hasta junio la discusi\u00f3n y buscar\u00e1 en mayo aprobar avanzar con la sanci\u00f3n de los proyectos sobre Fondos Buitres, Salud Mental, Propiedad Privada y la aprobaci\u00f3n de casi 90 pliegos de jueces, fiscales y defensores.<\/p>\n<p>Tambi\u00e9n quedar\u00e1n para m\u00e1s adelante el debate del proyecto de reforma de la Ley de Discapacidad, que genera fuertes resistencias, y la mayor\u00eda de los bloques acompa\u00f1aron el a\u00f1o pasado la iniciativa que luego fue vetada por el Gobierno nacional.<\/p>\n<p>Sobre el Proyecto de Propiedad Privada, el oficialismo mantiene conversaciones para introducir cambios sobre los art\u00edculos que eliminan los topes para que los extranjeros compren tierras y sobre la ley de barrios populares, donde se concentran las mayores criticas de la oposici\u00f3n.<\/p>\n<p>Por lo pronto, la prioridad de esta semana ser\u00e1 emitir dictamen sobre el proyecto que autoriza a pagar USD$171 millones a los fondos Buitre Bainbridge Ltd. y el grupo de acreedores encabezado por Attestor Value Master Fund LP.<\/p>\n<p>Se trata de bonistas que comenzaron sus demandas en el 2001 pero no ingresaron en el acuerdo firmando en  2016 entre el gobierno de Mauricio Macri y la mayor\u00eda de los fondos buitres.<\/p>\n<p>La Casa Rosada necesita dar una se\u00f1al que podr\u00e1 pagar a esos bonistas de su predisposici\u00f3n de cancelar la deuda, aunque no cumpla con la fecha tope del 30 de abril, y por eso el oficialismo convoc\u00f3 para este mi\u00e9rcoles para firmar el respectivo dictamen al plenario de las comisiones de Econom\u00eda Nacional e Inversiones y de Presupuesto.<\/p>\n<p>La intenci\u00f3n es poder hacer el 6 de mayo una sesi\u00f3n ordinaria para tratar el pago a los bonistas, el pliego de Carlos Mahiques para que pueda continuar cinco a\u00f1os como juez en la C\u00e1mara Federal de Casaci\u00f3n Penal, pliegos internacionales y si hay consenso el dictamen sobre falsas denuncias.<\/p>\n<p>Paralelamente, este mi\u00e9rcoles 29 de Abril se realizar\u00e1 la reuni\u00f3n constitutiva de la comisi\u00f3n de Salud-que ser\u00e1 presidida por la libertaria Ivana Arrascaeta- y luego junto a Legislaci\u00f3n General- que preside Nadia M\u00e1rquez- debatir\u00e1 la reforma a la ley de Salud Mental.<\/p>\n<p>Tambi\u00e9n el jueves abrir\u00e1 las Audiencias P\u00fablicas donde expondr\u00e1n los jueces propuestos por el Poder Ejecutivo, aunque los pliegos de los generan mayor atenci\u00f3n medi\u00e1tica reci\u00e9n se realizar\u00e1n entre el 7 de 14 de mayo.<\/p>\n<p>Se trata de las postulaciones de Emilio Rosatti, hijo del presidente de la Corte Suprema, Horacio Rosatti; de Mar\u00eda Julia Sosa, secretaria del juzgado de Juli\u00e1n Ercolini; y de Cristina Mar\u00eda Juan, esposa del juez Marcelo Mart\u00ednez Giorgi -que esta a carg\u00f3 del Caso Libra-, para el juzgado de primera instancia de Hurlingham.<\/p>\n<p>LOS PUNTOS SOBRESALIENTES DE SALUD MENTAL<\/p>\n<p> * Dispone que la atenci\u00f3n deber\u00e1 estar a cargo de equipos interdisciplinarios, y pone como requisito la presencia obligatoria del m\u00e9dico psiquiatra<br \/>\n * Tendr\u00e1 mayor peso la evaluaci\u00f3n m\u00e9dica en decisiones clave como diagn\u00f3sticos, tratamientos e internaciones, lo que no suced\u00eda en la legislaci\u00f3n vigente.<br \/>\n * Mantiene que la internaci\u00f3n como recursos excepcional, pero permite la internaciones no voluntarias, que en la anterior ley era una situaci\u00f3n que se contemplaba en casos extremos.<br \/>\n * Las internaciones no voluntarias solo permitir\u00e1n en \u00absituaci\u00f3n de riesgo grave de da\u00f1o para la vida o la integridad f\u00edsica de la persona o de terceros\u201d.<br \/>\n * El consumo problem\u00e1tico de sustancias se integra formalmente a las pol\u00edticas de salud mental y la autoridad de aplicaci\u00f3n podr\u00e1 definir dispositivos espec\u00edficos, ambulatorios o de internaci\u00f3n. #AgenciaNA<\/p>\n","protected":false},"excerpt":{"rendered":"<p>Buenos Aires, 26 de Abril (NA) \u2013 La Libertad Avanza frenar\u00e1 el debate en el<\/p>\n","protected":false},"author":0,"featured_media":20779,"comment_status":"","ping_status":"","sticky":false,"template":"","format":"standard","meta":{"footnotes":""},"categories":[1],"tags":[],"class_list":["post-20778","post","type-post","status-publish","format-standard","has-post-thumbnail","hentry","category-regionales"],"yoast_head":"<!-- This site is optimized with the Yoast SEO plugin v27.4 - https:\/\/yoast.com\/product\/yoast-seo-wordpress\/ -->\n<title>Senado: La Libertad Avanza frena el debate de las PASO y apuntala la agenda econ\u00f3mica - Fm Gente<\/title>\n<meta name=\"robots\" content=\"index, follow, max-snippet:-1, max-image-preview:large, max-video-preview:-1\" \/>\n<link rel=\"canonical\" href=\"https:\/\/fmgente.com.ar\/web\/senado-la-libertad-avanza-frena-el-debate-de-las-paso-y-apuntala-la-agenda-economica\/\" \/>\n<meta property=\"og:locale\" content=\"es_ES\" \/>\n<meta property=\"og:type\" content=\"article\" \/>\n<meta property=\"og:title\" content=\"Senado: La Libertad Avanza frena el debate de las PASO y apuntala la agenda econ\u00f3mica - Fm Gente\" \/>\n<meta property=\"og:description\" content=\"Buenos Aires, 26 de Abril (NA) \u2013 La Libertad Avanza frenar\u00e1 el debate en el\" \/>\n<meta property=\"og:url\" content=\"https:\/\/fmgente.com.ar\/web\/senado-la-libertad-avanza-frena-el-debate-de-las-paso-y-apuntala-la-agenda-economica\/\" \/>\n<meta property=\"og:site_name\" content=\"Fm Gente\" \/>\n<meta property=\"article:published_time\" content=\"2026-04-26T11:06:14+00:00\" \/>\n<meta name=\"twitter:card\" content=\"summary_large_image\" \/>\n<meta name=\"twitter:label1\" content=\"Tiempo de lectura\" \/>\n\t<meta name=\"twitter:data1\" content=\"5 minutos\" \/>\n<script type=\"application\/ld+json\" class=\"yoast-schema-graph\">{\"@context\":\"https:\\\/\\\/schema.org\",\"@graph\":[{\"@type\":\"Article\",\"@id\":\"https:\\\/\\\/fmgente.com.ar\\\/web\\\/senado-la-libertad-avanza-frena-el-debate-de-las-paso-y-apuntala-la-agenda-economica\\\/#article\",\"isPartOf\":{\"@id\":\"https:\\\/\\\/fmgente.com.ar\\\/web\\\/senado-la-libertad-avanza-frena-el-debate-de-las-paso-y-apuntala-la-agenda-economica\\\/\"},\"author\":{\"name\":\"\",\"@id\":\"\"},\"headline\":\"Senado: La Libertad Avanza frena el debate de las PASO y apuntala la agenda econ\u00f3mica\",\"datePublished\":\"2026-04-26T11:06:14+00:00\",\"mainEntityOfPage\":{\"@id\":\"https:\\\/\\\/fmgente.com.ar\\\/web\\\/senado-la-libertad-avanza-frena-el-debate-de-las-paso-y-apuntala-la-agenda-economica\\\/\"},\"wordCount\":925,\"publisher\":{\"@id\":\"https:\\\/\\\/fmgente.com.ar\\\/web\\\/#organization\"},\"image\":{\"@id\":\"https:\\\/\\\/fmgente.com.ar\\\/web\\\/senado-la-libertad-avanza-frena-el-debate-de-las-paso-y-apuntala-la-agenda-economica\\\/#primaryimage\"},\"thumbnailUrl\":\"https:\\\/\\\/fmgente.com.ar\\\/web\\\/wp-content\\\/uploads\\\/2026\\\/04\\\/720-1300.jpeg\",\"articleSection\":[\"REGIONALES\"],\"inLanguage\":\"es\"},{\"@type\":\"WebPage\",\"@id\":\"https:\\\/\\\/fmgente.com.ar\\\/web\\\/senado-la-libertad-avanza-frena-el-debate-de-las-paso-y-apuntala-la-agenda-economica\\\/\",\"url\":\"https:\\\/\\\/fmgente.com.ar\\\/web\\\/senado-la-libertad-avanza-frena-el-debate-de-las-paso-y-apuntala-la-agenda-economica\\\/\",\"name\":\"Senado: La Libertad Avanza frena el debate de las PASO y apuntala la agenda econ\u00f3mica - Fm Gente\",\"isPartOf\":{\"@id\":\"https:\\\/\\\/fmgente.com.ar\\\/web\\\/#website\"},\"primaryImageOfPage\":{\"@id\":\"https:\\\/\\\/fmgente.com.ar\\\/web\\\/senado-la-libertad-avanza-frena-el-debate-de-las-paso-y-apuntala-la-agenda-economica\\\/#primaryimage\"},\"image\":{\"@id\":\"https:\\\/\\\/fmgente.com.ar\\\/web\\\/senado-la-libertad-avanza-frena-el-debate-de-las-paso-y-apuntala-la-agenda-economica\\\/#primaryimage\"},\"thumbnailUrl\":\"https:\\\/\\\/fmgente.com.ar\\\/web\\\/wp-content\\\/uploads\\\/2026\\\/04\\\/720-1300.jpeg\",\"datePublished\":\"2026-04-26T11:06:14+00:00\",\"inLanguage\":\"es\",\"potentialAction\":[{\"@type\":\"ReadAction\",\"target\":[\"https:\\\/\\\/fmgente.com.ar\\\/web\\\/senado-la-libertad-avanza-frena-el-debate-de-las-paso-y-apuntala-la-agenda-economica\\\/\"]}]},{\"@type\":\"ImageObject\",\"inLanguage\":\"es\",\"@id\":\"https:\\\/\\\/fmgente.com.ar\\\/web\\\/senado-la-libertad-avanza-frena-el-debate-de-las-paso-y-apuntala-la-agenda-economica\\\/#primaryimage\",\"url\":\"https:\\\/\\\/fmgente.com.ar\\\/web\\\/wp-content\\\/uploads\\\/2026\\\/04\\\/720-1300.jpeg\",\"contentUrl\":\"https:\\\/\\\/fmgente.com.ar\\\/web\\\/wp-content\\\/uploads\\\/2026\\\/04\\\/720-1300.jpeg\",\"width\":1079,\"height\":720},{\"@type\":\"WebSite\",\"@id\":\"https:\\\/\\\/fmgente.com.ar\\\/web\\\/#website\",\"url\":\"https:\\\/\\\/fmgente.com.ar\\\/web\\\/\",\"name\":\"Fm Gente\",\"description\":\"- Jes\u00fas Mar\u00eda\",\"publisher\":{\"@id\":\"https:\\\/\\\/fmgente.com.ar\\\/web\\\/#organization\"},\"potentialAction\":[{\"@type\":\"SearchAction\",\"target\":{\"@type\":\"EntryPoint\",\"urlTemplate\":\"https:\\\/\\\/fmgente.com.ar\\\/web\\\/?s={search_term_string}\"},\"query-input\":{\"@type\":\"PropertyValueSpecification\",\"valueRequired\":true,\"valueName\":\"search_term_string\"}}],\"inLanguage\":\"es\"},{\"@type\":\"Organization\",\"@id\":\"https:\\\/\\\/fmgente.com.ar\\\/web\\\/#organization\",\"name\":\"Fm Gente\",\"url\":\"https:\\\/\\\/fmgente.com.ar\\\/web\\\/\",\"logo\":{\"@type\":\"ImageObject\",\"inLanguage\":\"es\",\"@id\":\"https:\\\/\\\/fmgente.com.ar\\\/web\\\/#\\\/schema\\\/logo\\\/image\\\/\",\"url\":\"https:\\\/\\\/fmgente.com.ar\\\/web\\\/wp-content\\\/uploads\\\/2023\\\/07\\\/cropped-cropped-logo-sombra2.png\",\"contentUrl\":\"https:\\\/\\\/fmgente.com.ar\\\/web\\\/wp-content\\\/uploads\\\/2023\\\/07\\\/cropped-cropped-logo-sombra2.png\",\"width\":1782,\"height\":1782,\"caption\":\"Fm Gente\"},\"image\":{\"@id\":\"https:\\\/\\\/fmgente.com.ar\\\/web\\\/#\\\/schema\\\/logo\\\/image\\\/\"}}]}<\/script>\n<!-- \/ Yoast SEO plugin. -->","yoast_head_json":{"title":"Senado: La Libertad Avanza frena el debate de las PASO y apuntala la agenda econ\u00f3mica - Fm Gente","robots":{"index":"index","follow":"follow","max-snippet":"max-snippet:-1","max-image-preview":"max-image-preview:large","max-video-preview":"max-video-preview:-1"},"canonical":"https:\/\/fmgente.com.ar\/web\/senado-la-libertad-avanza-frena-el-debate-de-las-paso-y-apuntala-la-agenda-economica\/","og_locale":"es_ES","og_type":"article","og_title":"Senado: La Libertad Avanza frena el debate de las PASO y apuntala la agenda econ\u00f3mica - Fm Gente","og_description":"Buenos Aires, 26 de Abril (NA) \u2013 La Libertad Avanza frenar\u00e1 el debate en el","og_url":"https:\/\/fmgente.com.ar\/web\/senado-la-libertad-avanza-frena-el-debate-de-las-paso-y-apuntala-la-agenda-economica\/","og_site_name":"Fm Gente","article_published_time":"2026-04-26T11:06:14+00:00","twitter_card":"summary_large_image","twitter_misc":{"Tiempo de lectura":"5 minutos"},"schema":{"@context":"https:\/\/schema.org","@graph":[{"@type":"Article","@id":"https:\/\/fmgente.com.ar\/web\/senado-la-libertad-avanza-frena-el-debate-de-las-paso-y-apuntala-la-agenda-economica\/#article","isPartOf":{"@id":"https:\/\/fmgente.com.ar\/web\/senado-la-libertad-avanza-frena-el-debate-de-las-paso-y-apuntala-la-agenda-economica\/"},"author":{"name":"","@id":""},"headline":"Senado: La Libertad Avanza frena el debate de las PASO y apuntala la agenda econ\u00f3mica","datePublished":"2026-04-26T11:06:14+00:00","mainEntityOfPage":{"@id":"https:\/\/fmgente.com.ar\/web\/senado-la-libertad-avanza-frena-el-debate-de-las-paso-y-apuntala-la-agenda-economica\/"},"wordCount":925,"publisher":{"@id":"https:\/\/fmgente.com.ar\/web\/#organization"},"image":{"@id":"https:\/\/fmgente.com.ar\/web\/senado-la-libertad-avanza-frena-el-debate-de-las-paso-y-apuntala-la-agenda-economica\/#primaryimage"},"thumbnailUrl":"https:\/\/fmgente.com.ar\/web\/wp-content\/uploads\/2026\/04\/720-1300.jpeg","articleSection":["REGIONALES"],"inLanguage":"es"},{"@type":"WebPage","@id":"https:\/\/fmgente.com.ar\/web\/senado-la-libertad-avanza-frena-el-debate-de-las-paso-y-apuntala-la-agenda-economica\/","url":"https:\/\/fmgente.com.ar\/web\/senado-la-libertad-avanza-frena-el-debate-de-las-paso-y-apuntala-la-agenda-economica\/","name":"Senado: La Libertad Avanza frena el debate de las PASO y apuntala la agenda econ\u00f3mica - Fm Gente","isPartOf":{"@id":"https:\/\/fmgente.com.ar\/web\/#website"},"primaryImageOfPage":{"@id":"https:\/\/fmgente.com.ar\/web\/senado-la-libertad-avanza-frena-el-debate-de-las-paso-y-apuntala-la-agenda-economica\/#primaryimage"},"image":{"@id":"https:\/\/fmgente.com.ar\/web\/senado-la-libertad-avanza-frena-el-debate-de-las-paso-y-apuntala-la-agenda-economica\/#primaryimage"},"thumbnailUrl":"https:\/\/fmgente.com.ar\/web\/wp-content\/uploads\/2026\/04\/720-1300.jpeg","datePublished":"2026-04-26T11:06:14+00:00","inLanguage":"es","potentialAction":[{"@type":"ReadAction","target":["https:\/\/fmgente.com.ar\/web\/senado-la-libertad-avanza-frena-el-debate-de-las-paso-y-apuntala-la-agenda-economica\/"]}]},{"@type":"ImageObject","inLanguage":"es","@id":"https:\/\/fmgente.com.ar\/web\/senado-la-libertad-avanza-frena-el-debate-de-las-paso-y-apuntala-la-agenda-economica\/#primaryimage","url":"https:\/\/fmgente.com.ar\/web\/wp-content\/uploads\/2026\/04\/720-1300.jpeg","contentUrl":"https:\/\/fmgente.com.ar\/web\/wp-content\/uploads\/2026\/04\/720-1300.jpeg","width":1079,"height":720},{"@type":"WebSite","@id":"https:\/\/fmgente.com.ar\/web\/#website","url":"https:\/\/fmgente.com.ar\/web\/","name":"Fm Gente","description":"- Jes\u00fas Mar\u00eda","publisher":{"@id":"https:\/\/fmgente.com.ar\/web\/#organization"},"potentialAction":[{"@type":"SearchAction","target":{"@type":"EntryPoint","urlTemplate":"https:\/\/fmgente.com.ar\/web\/?s={search_term_string}"},"query-input":{"@type":"PropertyValueSpecification","valueRequired":true,"valueName":"search_term_string"}}],"inLanguage":"es"},{"@type":"Organization","@id":"https:\/\/fmgente.com.ar\/web\/#organization","name":"Fm Gente","url":"https:\/\/fmgente.com.ar\/web\/","logo":{"@type":"ImageObject","inLanguage":"es","@id":"https:\/\/fmgente.com.ar\/web\/#\/schema\/logo\/image\/","url":"https:\/\/fmgente.com.ar\/web\/wp-content\/uploads\/2023\/07\/cropped-cropped-logo-sombra2.png","contentUrl":"https:\/\/fmgente.com.ar\/web\/wp-content\/uploads\/2023\/07\/cropped-cropped-logo-sombra2.png","width":1782,"height":1782,"caption":"Fm Gente"},"image":{"@id":"https:\/\/fmgente.com.ar\/web\/#\/schema\/logo\/image\/"}}]}},"_links":{"self":[{"href":"https:\/\/fmgente.com.ar\/web\/wp-json\/wp\/v2\/posts\/20778","targetHints":{"allow":["GET"]}}],"collection":[{"href":"https:\/\/fmgente.com.ar\/web\/wp-json\/wp\/v2\/posts"}],"about":[{"href":"https:\/\/fmgente.com.ar\/web\/wp-json\/wp\/v2\/types\/post"}],"replies":[{"embeddable":true,"href":"https:\/\/fmgente.com.ar\/web\/wp-json\/wp\/v2\/comments?post=20778"}],"version-history":[{"count":0,"href":"https:\/\/fmgente.com.ar\/web\/wp-json\/wp\/v2\/posts\/20778\/revisions"}],"wp:featuredmedia":[{"embeddable":true,"href":"https:\/\/fmgente.com.ar\/web\/wp-json\/wp\/v2\/media\/20779"}],"wp:attachment":[{"href":"https:\/\/fmgente.com.ar\/web\/wp-json\/wp\/v2\/media?parent=20778"}],"wp:term":[{"taxonomy":"category","embeddable":true,"href":"https:\/\/fmgente.com.ar\/web\/wp-json\/wp\/v2\/categories?post=20778"},{"taxonomy":"post_tag","embeddable":true,"href":"https:\/\/fmgente.com.ar\/web\/wp-json\/wp\/v2\/tags?post=20778"}],"curies":[{"name":"wp","href":"https:\/\/api.w.org\/{rel}","templated":true}]}}