{"id":20772,"date":"2026-04-26T04:05:36","date_gmt":"2026-04-26T07:05:36","guid":{"rendered":"https:\/\/fmgente.com.ar\/web\/polemica-alpine-elimino-una-referencia-a-malvinas-en-un-video-de-franco-colapinto\/"},"modified":"2026-04-26T04:05:36","modified_gmt":"2026-04-26T07:05:36","slug":"polemica-alpine-elimino-una-referencia-a-malvinas-en-un-video-de-franco-colapinto","status":"publish","type":"post","link":"https:\/\/fmgente.com.ar\/web\/polemica-alpine-elimino-una-referencia-a-malvinas-en-un-video-de-franco-colapinto\/","title":{"rendered":"Pol\u00e9mica: Alpine elimin\u00f3 una referencia a Malvinas en un video de Franco Colapinto"},"content":{"rendered":"<p>La soberan\u00eda de las Islas siempre est\u00e1 en discusi\u00f3n, y m\u00e1s con los recientes cruces diplom\u00e1ticos entre Estados Unidos, el Reino Unido y Argentina. <\/p>\n<p>En ese contexto apareci\u00f3 el viernes esta publicaci\u00f3n de Alpine en redes sociales. La escuder\u00eda donde corre Franco Colapinto decidi\u00f3 recortar un fragmento de un video que subi\u00f3 el viernes en el que aparec\u00eda el piloto argentino cantando la canci\u00f3n Pa&#8217; la Selecci\u00f3n, de La T y la M. <\/p>\n<p>\u00bfQu\u00e9 dec\u00eda? Inclu\u00eda una referencia a las Islas Malvinas \u00bfQu\u00e9 pas\u00f3? Alpine la elimin\u00f3 este s\u00e1bado. \u201cComo en Malvinas preparado para la guerra\u201d, cantaba Franco. <\/p>\n<p>&gt; Pongan la version completa donde nombra la malvinas que la tienen adentro. pic.twitter.com\/GORGhEkq9Z<br \/>\n&gt;<br \/>\n&gt; \u2014 Julian Epherra (@julianepherra8) April 25, 2026<\/p>\n<p>Seg\u00fan TyC, las im\u00e1genes hab\u00edan sido registradas en marzo, en la previa del Gran Premio de Jap\u00f3n, durante una serie de producciones promocionales con un Alpine A110R. <\/p>\n<p>D\u00edas antes ya se hab\u00eda difundido otro clip del mismo protagonista con un tono m\u00e1s distendido. El video formaba parte de la previa de la exhibici\u00f3n que el corredor protagonizar\u00e1 en Buenos Aires este domingo. En los comentarios, varios usuarios advirtieron la ausencia del fragmento y cuestionaron la decisi\u00f3n de la escuder\u00eda. <\/p>\n<p>Este domingo, Colapinto su subir\u00e1 a un F\u00f3rmula 1 y desfilar\u00e1 en un circuito en Buenos Aires As\u00ed.<\/p>\n","protected":false},"excerpt":{"rendered":"<p>La soberan\u00eda de las Islas siempre est\u00e1 en discusi\u00f3n, y m\u00e1s con los recientes cruces<\/p>\n","protected":false},"author":0,"featured_media":20773,"comment_status":"","ping_status":"","sticky":false,"template":"","format":"standard","meta":{"footnotes":""},"categories":[11],"tags":[],"class_list":["post-20772","post","type-post","status-publish","format-standard","has-post-thumbnail","hentry","category-destacadas"],"yoast_head":"<!-- This site is optimized with the Yoast SEO plugin v27.4 - https:\/\/yoast.com\/product\/yoast-seo-wordpress\/ -->\n<title>Pol\u00e9mica: Alpine elimin\u00f3 una referencia a Malvinas en un video de Franco Colapinto - Fm Gente<\/title>\n<meta name=\"robots\" content=\"index, follow, max-snippet:-1, max-image-preview:large, max-video-preview:-1\" \/>\n<link rel=\"canonical\" href=\"https:\/\/fmgente.com.ar\/web\/polemica-alpine-elimino-una-referencia-a-malvinas-en-un-video-de-franco-colapinto\/\" \/>\n<meta property=\"og:locale\" content=\"es_ES\" \/>\n<meta property=\"og:type\" content=\"article\" \/>\n<meta property=\"og:title\" content=\"Pol\u00e9mica: Alpine elimin\u00f3 una referencia a Malvinas en un video de Franco Colapinto - Fm Gente\" \/>\n<meta property=\"og:description\" content=\"La soberan\u00eda de las Islas siempre est\u00e1 en discusi\u00f3n, y m\u00e1s con los recientes cruces\" \/>\n<meta property=\"og:url\" content=\"https:\/\/fmgente.com.ar\/web\/polemica-alpine-elimino-una-referencia-a-malvinas-en-un-video-de-franco-colapinto\/\" \/>\n<meta property=\"og:site_name\" content=\"Fm Gente\" \/>\n<meta property=\"article:published_time\" content=\"2026-04-26T07:05:36+00:00\" \/>\n<meta name=\"twitter:card\" content=\"summary_large_image\" \/>\n<meta name=\"twitter:label1\" content=\"Tiempo de lectura\" \/>\n\t<meta name=\"twitter:data1\" content=\"1 minuto\" \/>\n<script type=\"application\/ld+json\" class=\"yoast-schema-graph\">{\"@context\":\"https:\\\/\\\/schema.org\",\"@graph\":[{\"@type\":\"Article\",\"@id\":\"https:\\\/\\\/fmgente.com.ar\\\/web\\\/polemica-alpine-elimino-una-referencia-a-malvinas-en-un-video-de-franco-colapinto\\\/#article\",\"isPartOf\":{\"@id\":\"https:\\\/\\\/fmgente.com.ar\\\/web\\\/polemica-alpine-elimino-una-referencia-a-malvinas-en-un-video-de-franco-colapinto\\\/\"},\"author\":{\"name\":\"\",\"@id\":\"\"},\"headline\":\"Pol\u00e9mica: Alpine elimin\u00f3 una referencia a Malvinas en un video de Franco Colapinto\",\"datePublished\":\"2026-04-26T07:05:36+00:00\",\"mainEntityOfPage\":{\"@id\":\"https:\\\/\\\/fmgente.com.ar\\\/web\\\/polemica-alpine-elimino-una-referencia-a-malvinas-en-un-video-de-franco-colapinto\\\/\"},\"wordCount\":256,\"publisher\":{\"@id\":\"https:\\\/\\\/fmgente.com.ar\\\/web\\\/#organization\"},\"image\":{\"@id\":\"https:\\\/\\\/fmgente.com.ar\\\/web\\\/polemica-alpine-elimino-una-referencia-a-malvinas-en-un-video-de-franco-colapinto\\\/#primaryimage\"},\"thumbnailUrl\":\"https:\\\/\\\/fmgente.com.ar\\\/web\\\/wp-content\\\/uploads\\\/2026\\\/04\\\/720-1297.jpeg\",\"articleSection\":[\"DESTACADAS\"],\"inLanguage\":\"es\"},{\"@type\":\"WebPage\",\"@id\":\"https:\\\/\\\/fmgente.com.ar\\\/web\\\/polemica-alpine-elimino-una-referencia-a-malvinas-en-un-video-de-franco-colapinto\\\/\",\"url\":\"https:\\\/\\\/fmgente.com.ar\\\/web\\\/polemica-alpine-elimino-una-referencia-a-malvinas-en-un-video-de-franco-colapinto\\\/\",\"name\":\"Pol\u00e9mica: Alpine elimin\u00f3 una referencia a Malvinas en un video de Franco Colapinto - Fm Gente\",\"isPartOf\":{\"@id\":\"https:\\\/\\\/fmgente.com.ar\\\/web\\\/#website\"},\"primaryImageOfPage\":{\"@id\":\"https:\\\/\\\/fmgente.com.ar\\\/web\\\/polemica-alpine-elimino-una-referencia-a-malvinas-en-un-video-de-franco-colapinto\\\/#primaryimage\"},\"image\":{\"@id\":\"https:\\\/\\\/fmgente.com.ar\\\/web\\\/polemica-alpine-elimino-una-referencia-a-malvinas-en-un-video-de-franco-colapinto\\\/#primaryimage\"},\"thumbnailUrl\":\"https:\\\/\\\/fmgente.com.ar\\\/web\\\/wp-content\\\/uploads\\\/2026\\\/04\\\/720-1297.jpeg\",\"datePublished\":\"2026-04-26T07:05:36+00:00\",\"inLanguage\":\"es\",\"potentialAction\":[{\"@type\":\"ReadAction\",\"target\":[\"https:\\\/\\\/fmgente.com.ar\\\/web\\\/polemica-alpine-elimino-una-referencia-a-malvinas-en-un-video-de-franco-colapinto\\\/\"]}]},{\"@type\":\"ImageObject\",\"inLanguage\":\"es\",\"@id\":\"https:\\\/\\\/fmgente.com.ar\\\/web\\\/polemica-alpine-elimino-una-referencia-a-malvinas-en-un-video-de-franco-colapinto\\\/#primaryimage\",\"url\":\"https:\\\/\\\/fmgente.com.ar\\\/web\\\/wp-content\\\/uploads\\\/2026\\\/04\\\/720-1297.jpeg\",\"contentUrl\":\"https:\\\/\\\/fmgente.com.ar\\\/web\\\/wp-content\\\/uploads\\\/2026\\\/04\\\/720-1297.jpeg\",\"width\":1280,\"height\":716},{\"@type\":\"WebSite\",\"@id\":\"https:\\\/\\\/fmgente.com.ar\\\/web\\\/#website\",\"url\":\"https:\\\/\\\/fmgente.com.ar\\\/web\\\/\",\"name\":\"Fm Gente\",\"description\":\"- Jes\u00fas Mar\u00eda\",\"publisher\":{\"@id\":\"https:\\\/\\\/fmgente.com.ar\\\/web\\\/#organization\"},\"potentialAction\":[{\"@type\":\"SearchAction\",\"target\":{\"@type\":\"EntryPoint\",\"urlTemplate\":\"https:\\\/\\\/fmgente.com.ar\\\/web\\\/?s={search_term_string}\"},\"query-input\":{\"@type\":\"PropertyValueSpecification\",\"valueRequired\":true,\"valueName\":\"search_term_string\"}}],\"inLanguage\":\"es\"},{\"@type\":\"Organization\",\"@id\":\"https:\\\/\\\/fmgente.com.ar\\\/web\\\/#organization\",\"name\":\"Fm Gente\",\"url\":\"https:\\\/\\\/fmgente.com.ar\\\/web\\\/\",\"logo\":{\"@type\":\"ImageObject\",\"inLanguage\":\"es\",\"@id\":\"https:\\\/\\\/fmgente.com.ar\\\/web\\\/#\\\/schema\\\/logo\\\/image\\\/\",\"url\":\"https:\\\/\\\/fmgente.com.ar\\\/web\\\/wp-content\\\/uploads\\\/2023\\\/07\\\/cropped-cropped-logo-sombra2.png\",\"contentUrl\":\"https:\\\/\\\/fmgente.com.ar\\\/web\\\/wp-content\\\/uploads\\\/2023\\\/07\\\/cropped-cropped-logo-sombra2.png\",\"width\":1782,\"height\":1782,\"caption\":\"Fm Gente\"},\"image\":{\"@id\":\"https:\\\/\\\/fmgente.com.ar\\\/web\\\/#\\\/schema\\\/logo\\\/image\\\/\"}}]}<\/script>\n<!-- \/ Yoast SEO plugin. -->","yoast_head_json":{"title":"Pol\u00e9mica: Alpine elimin\u00f3 una referencia a Malvinas en un video de Franco Colapinto - Fm Gente","robots":{"index":"index","follow":"follow","max-snippet":"max-snippet:-1","max-image-preview":"max-image-preview:large","max-video-preview":"max-video-preview:-1"},"canonical":"https:\/\/fmgente.com.ar\/web\/polemica-alpine-elimino-una-referencia-a-malvinas-en-un-video-de-franco-colapinto\/","og_locale":"es_ES","og_type":"article","og_title":"Pol\u00e9mica: Alpine elimin\u00f3 una referencia a Malvinas en un video de Franco Colapinto - Fm Gente","og_description":"La soberan\u00eda de las Islas siempre est\u00e1 en discusi\u00f3n, y m\u00e1s con los recientes cruces","og_url":"https:\/\/fmgente.com.ar\/web\/polemica-alpine-elimino-una-referencia-a-malvinas-en-un-video-de-franco-colapinto\/","og_site_name":"Fm Gente","article_published_time":"2026-04-26T07:05:36+00:00","twitter_card":"summary_large_image","twitter_misc":{"Tiempo de lectura":"1 minuto"},"schema":{"@context":"https:\/\/schema.org","@graph":[{"@type":"Article","@id":"https:\/\/fmgente.com.ar\/web\/polemica-alpine-elimino-una-referencia-a-malvinas-en-un-video-de-franco-colapinto\/#article","isPartOf":{"@id":"https:\/\/fmgente.com.ar\/web\/polemica-alpine-elimino-una-referencia-a-malvinas-en-un-video-de-franco-colapinto\/"},"author":{"name":"","@id":""},"headline":"Pol\u00e9mica: Alpine elimin\u00f3 una referencia a Malvinas en un video de Franco Colapinto","datePublished":"2026-04-26T07:05:36+00:00","mainEntityOfPage":{"@id":"https:\/\/fmgente.com.ar\/web\/polemica-alpine-elimino-una-referencia-a-malvinas-en-un-video-de-franco-colapinto\/"},"wordCount":256,"publisher":{"@id":"https:\/\/fmgente.com.ar\/web\/#organization"},"image":{"@id":"https:\/\/fmgente.com.ar\/web\/polemica-alpine-elimino-una-referencia-a-malvinas-en-un-video-de-franco-colapinto\/#primaryimage"},"thumbnailUrl":"https:\/\/fmgente.com.ar\/web\/wp-content\/uploads\/2026\/04\/720-1297.jpeg","articleSection":["DESTACADAS"],"inLanguage":"es"},{"@type":"WebPage","@id":"https:\/\/fmgente.com.ar\/web\/polemica-alpine-elimino-una-referencia-a-malvinas-en-un-video-de-franco-colapinto\/","url":"https:\/\/fmgente.com.ar\/web\/polemica-alpine-elimino-una-referencia-a-malvinas-en-un-video-de-franco-colapinto\/","name":"Pol\u00e9mica: Alpine elimin\u00f3 una referencia a Malvinas en un video de Franco Colapinto - Fm Gente","isPartOf":{"@id":"https:\/\/fmgente.com.ar\/web\/#website"},"primaryImageOfPage":{"@id":"https:\/\/fmgente.com.ar\/web\/polemica-alpine-elimino-una-referencia-a-malvinas-en-un-video-de-franco-colapinto\/#primaryimage"},"image":{"@id":"https:\/\/fmgente.com.ar\/web\/polemica-alpine-elimino-una-referencia-a-malvinas-en-un-video-de-franco-colapinto\/#primaryimage"},"thumbnailUrl":"https:\/\/fmgente.com.ar\/web\/wp-content\/uploads\/2026\/04\/720-1297.jpeg","datePublished":"2026-04-26T07:05:36+00:00","inLanguage":"es","potentialAction":[{"@type":"ReadAction","target":["https:\/\/fmgente.com.ar\/web\/polemica-alpine-elimino-una-referencia-a-malvinas-en-un-video-de-franco-colapinto\/"]}]},{"@type":"ImageObject","inLanguage":"es","@id":"https:\/\/fmgente.com.ar\/web\/polemica-alpine-elimino-una-referencia-a-malvinas-en-un-video-de-franco-colapinto\/#primaryimage","url":"https:\/\/fmgente.com.ar\/web\/wp-content\/uploads\/2026\/04\/720-1297.jpeg","contentUrl":"https:\/\/fmgente.com.ar\/web\/wp-content\/uploads\/2026\/04\/720-1297.jpeg","width":1280,"height":716},{"@type":"WebSite","@id":"https:\/\/fmgente.com.ar\/web\/#website","url":"https:\/\/fmgente.com.ar\/web\/","name":"Fm Gente","description":"- Jes\u00fas Mar\u00eda","publisher":{"@id":"https:\/\/fmgente.com.ar\/web\/#organization"},"potentialAction":[{"@type":"SearchAction","target":{"@type":"EntryPoint","urlTemplate":"https:\/\/fmgente.com.ar\/web\/?s={search_term_string}"},"query-input":{"@type":"PropertyValueSpecification","valueRequired":true,"valueName":"search_term_string"}}],"inLanguage":"es"},{"@type":"Organization","@id":"https:\/\/fmgente.com.ar\/web\/#organization","name":"Fm Gente","url":"https:\/\/fmgente.com.ar\/web\/","logo":{"@type":"ImageObject","inLanguage":"es","@id":"https:\/\/fmgente.com.ar\/web\/#\/schema\/logo\/image\/","url":"https:\/\/fmgente.com.ar\/web\/wp-content\/uploads\/2023\/07\/cropped-cropped-logo-sombra2.png","contentUrl":"https:\/\/fmgente.com.ar\/web\/wp-content\/uploads\/2023\/07\/cropped-cropped-logo-sombra2.png","width":1782,"height":1782,"caption":"Fm Gente"},"image":{"@id":"https:\/\/fmgente.com.ar\/web\/#\/schema\/logo\/image\/"}}]}},"_links":{"self":[{"href":"https:\/\/fmgente.com.ar\/web\/wp-json\/wp\/v2\/posts\/20772","targetHints":{"allow":["GET"]}}],"collection":[{"href":"https:\/\/fmgente.com.ar\/web\/wp-json\/wp\/v2\/posts"}],"about":[{"href":"https:\/\/fmgente.com.ar\/web\/wp-json\/wp\/v2\/types\/post"}],"replies":[{"embeddable":true,"href":"https:\/\/fmgente.com.ar\/web\/wp-json\/wp\/v2\/comments?post=20772"}],"version-history":[{"count":0,"href":"https:\/\/fmgente.com.ar\/web\/wp-json\/wp\/v2\/posts\/20772\/revisions"}],"wp:featuredmedia":[{"embeddable":true,"href":"https:\/\/fmgente.com.ar\/web\/wp-json\/wp\/v2\/media\/20773"}],"wp:attachment":[{"href":"https:\/\/fmgente.com.ar\/web\/wp-json\/wp\/v2\/media?parent=20772"}],"wp:term":[{"taxonomy":"category","embeddable":true,"href":"https:\/\/fmgente.com.ar\/web\/wp-json\/wp\/v2\/categories?post=20772"},{"taxonomy":"post_tag","embeddable":true,"href":"https:\/\/fmgente.com.ar\/web\/wp-json\/wp\/v2\/tags?post=20772"}],"curies":[{"name":"wp","href":"https:\/\/api.w.org\/{rel}","templated":true}]}}