{"id":20664,"date":"2026-04-25T02:05:18","date_gmt":"2026-04-25T05:05:18","guid":{"rendered":"https:\/\/fmgente.com.ar\/web\/fui-ministro-de-cuatro-presidentes-tan-pelotudo-no-debo-ser-anibal-fernandez-a-nacho-giron\/"},"modified":"2026-04-25T02:05:18","modified_gmt":"2026-04-25T05:05:18","slug":"fui-ministro-de-cuatro-presidentes-tan-pelotudo-no-debo-ser-anibal-fernandez-a-nacho-giron","status":"publish","type":"post","link":"https:\/\/fmgente.com.ar\/web\/fui-ministro-de-cuatro-presidentes-tan-pelotudo-no-debo-ser-anibal-fernandez-a-nacho-giron\/","title":{"rendered":"\u201cFui ministro de cuatro presidentes, tan pelotudo no debo ser\u201d: An\u00edbal Fern\u00e1ndez a Nacho Gir\u00f3n"},"content":{"rendered":"<p>An\u00edbal Fern\u00e1ndez fue entrevistado en Infobae, donde habl\u00f3 de pol\u00edtica claro, de las chances del peronismo de volver a gobernar y de la gesti\u00f3n libertaria. <\/p>\n<p>Y tuvo un picante ida y vuelta con Nacho Gir\u00f3n, uno de los conductores del ciclo Al Amanecer. \u201cFui ministro de cuatro presidentes, tan pelotudo no debo ser\u201d, asegur\u00f3 ante tan repregunta sobre el peronismo y sus funciones. <\/p>\n<p>Incluso, el ex ministro de Seguridad se anim\u00f3 a afirmar que la oposici\u00f3n ser\u00e1 qui\u00e9n gane las elecciones presidenciales de 2027. \u201cLa oposici\u00f3n va a ganar\u201d, dijo An\u00edbal y admiti\u00f3 estar \u201cconvencido\u201d de su pron\u00f3stico. <\/p>\n<p>Fern\u00e1ndez ponder\u00f3 la figura de Axel Kicillof como candidato presidenciable y pidi\u00f3 que se acabe \u201cla era del dedo\u201d en el peronismo al referirse a la interna primaria de su partido. <\/p>\n<p>El peronista habl\u00f3 de su rol en el gobierno de Cristina Kirchner, por qu\u00e9 acept\u00f3 integrar el de Alberto Fern\u00e1ndez y hasta de su buena relaci\u00f3n con Horacio Rodriguez Larreta. <\/p>\n<p>LA ENTREVISTA COMPLETA <\/p>\n<p>En Infobae al Amanecer, Nacho Gir\u00f3n, Luciana Rubinska y Bel\u00e9n Escobar entrevistaron a An\u00edbal Fern\u00e1ndez.<\/p>\n","protected":false},"excerpt":{"rendered":"<p>An\u00edbal Fern\u00e1ndez fue entrevistado en Infobae, donde habl\u00f3 de pol\u00edtica claro, de las chances del<\/p>\n","protected":false},"author":0,"featured_media":20665,"comment_status":"","ping_status":"","sticky":false,"template":"","format":"standard","meta":{"footnotes":""},"categories":[11],"tags":[],"class_list":["post-20664","post","type-post","status-publish","format-standard","has-post-thumbnail","hentry","category-destacadas"],"yoast_head":"<!-- This site is optimized with the Yoast SEO plugin v27.4 - https:\/\/yoast.com\/product\/yoast-seo-wordpress\/ -->\n<title>\u201cFui ministro de cuatro presidentes, tan pelotudo no debo ser\u201d: An\u00edbal Fern\u00e1ndez a Nacho Gir\u00f3n - Fm Gente<\/title>\n<meta name=\"robots\" content=\"index, follow, max-snippet:-1, max-image-preview:large, max-video-preview:-1\" \/>\n<link rel=\"canonical\" href=\"https:\/\/fmgente.com.ar\/web\/fui-ministro-de-cuatro-presidentes-tan-pelotudo-no-debo-ser-anibal-fernandez-a-nacho-giron\/\" \/>\n<meta property=\"og:locale\" content=\"es_ES\" \/>\n<meta property=\"og:type\" content=\"article\" \/>\n<meta property=\"og:title\" content=\"\u201cFui ministro de cuatro presidentes, tan pelotudo no debo ser\u201d: An\u00edbal Fern\u00e1ndez a Nacho Gir\u00f3n - Fm Gente\" \/>\n<meta property=\"og:description\" content=\"An\u00edbal Fern\u00e1ndez fue entrevistado en Infobae, donde habl\u00f3 de pol\u00edtica claro, de las chances del\" \/>\n<meta property=\"og:url\" content=\"https:\/\/fmgente.com.ar\/web\/fui-ministro-de-cuatro-presidentes-tan-pelotudo-no-debo-ser-anibal-fernandez-a-nacho-giron\/\" \/>\n<meta property=\"og:site_name\" content=\"Fm Gente\" \/>\n<meta property=\"article:published_time\" content=\"2026-04-25T05:05:18+00:00\" \/>\n<meta name=\"twitter:card\" content=\"summary_large_image\" \/>\n<meta name=\"twitter:label1\" content=\"Tiempo de lectura\" \/>\n\t<meta name=\"twitter:data1\" content=\"1 minuto\" \/>\n<script type=\"application\/ld+json\" class=\"yoast-schema-graph\">{\"@context\":\"https:\\\/\\\/schema.org\",\"@graph\":[{\"@type\":\"Article\",\"@id\":\"https:\\\/\\\/fmgente.com.ar\\\/web\\\/fui-ministro-de-cuatro-presidentes-tan-pelotudo-no-debo-ser-anibal-fernandez-a-nacho-giron\\\/#article\",\"isPartOf\":{\"@id\":\"https:\\\/\\\/fmgente.com.ar\\\/web\\\/fui-ministro-de-cuatro-presidentes-tan-pelotudo-no-debo-ser-anibal-fernandez-a-nacho-giron\\\/\"},\"author\":{\"name\":\"\",\"@id\":\"\"},\"headline\":\"\u201cFui ministro de cuatro presidentes, tan pelotudo no debo ser\u201d: An\u00edbal Fern\u00e1ndez a Nacho Gir\u00f3n\",\"datePublished\":\"2026-04-25T05:05:18+00:00\",\"mainEntityOfPage\":{\"@id\":\"https:\\\/\\\/fmgente.com.ar\\\/web\\\/fui-ministro-de-cuatro-presidentes-tan-pelotudo-no-debo-ser-anibal-fernandez-a-nacho-giron\\\/\"},\"wordCount\":211,\"publisher\":{\"@id\":\"https:\\\/\\\/fmgente.com.ar\\\/web\\\/#organization\"},\"image\":{\"@id\":\"https:\\\/\\\/fmgente.com.ar\\\/web\\\/fui-ministro-de-cuatro-presidentes-tan-pelotudo-no-debo-ser-anibal-fernandez-a-nacho-giron\\\/#primaryimage\"},\"thumbnailUrl\":\"https:\\\/\\\/fmgente.com.ar\\\/web\\\/wp-content\\\/uploads\\\/2026\\\/04\\\/720-1269.jpeg\",\"articleSection\":[\"DESTACADAS\"],\"inLanguage\":\"es\"},{\"@type\":\"WebPage\",\"@id\":\"https:\\\/\\\/fmgente.com.ar\\\/web\\\/fui-ministro-de-cuatro-presidentes-tan-pelotudo-no-debo-ser-anibal-fernandez-a-nacho-giron\\\/\",\"url\":\"https:\\\/\\\/fmgente.com.ar\\\/web\\\/fui-ministro-de-cuatro-presidentes-tan-pelotudo-no-debo-ser-anibal-fernandez-a-nacho-giron\\\/\",\"name\":\"\u201cFui ministro de cuatro presidentes, tan pelotudo no debo ser\u201d: An\u00edbal Fern\u00e1ndez a Nacho Gir\u00f3n - Fm Gente\",\"isPartOf\":{\"@id\":\"https:\\\/\\\/fmgente.com.ar\\\/web\\\/#website\"},\"primaryImageOfPage\":{\"@id\":\"https:\\\/\\\/fmgente.com.ar\\\/web\\\/fui-ministro-de-cuatro-presidentes-tan-pelotudo-no-debo-ser-anibal-fernandez-a-nacho-giron\\\/#primaryimage\"},\"image\":{\"@id\":\"https:\\\/\\\/fmgente.com.ar\\\/web\\\/fui-ministro-de-cuatro-presidentes-tan-pelotudo-no-debo-ser-anibal-fernandez-a-nacho-giron\\\/#primaryimage\"},\"thumbnailUrl\":\"https:\\\/\\\/fmgente.com.ar\\\/web\\\/wp-content\\\/uploads\\\/2026\\\/04\\\/720-1269.jpeg\",\"datePublished\":\"2026-04-25T05:05:18+00:00\",\"inLanguage\":\"es\",\"potentialAction\":[{\"@type\":\"ReadAction\",\"target\":[\"https:\\\/\\\/fmgente.com.ar\\\/web\\\/fui-ministro-de-cuatro-presidentes-tan-pelotudo-no-debo-ser-anibal-fernandez-a-nacho-giron\\\/\"]}]},{\"@type\":\"ImageObject\",\"inLanguage\":\"es\",\"@id\":\"https:\\\/\\\/fmgente.com.ar\\\/web\\\/fui-ministro-de-cuatro-presidentes-tan-pelotudo-no-debo-ser-anibal-fernandez-a-nacho-giron\\\/#primaryimage\",\"url\":\"https:\\\/\\\/fmgente.com.ar\\\/web\\\/wp-content\\\/uploads\\\/2026\\\/04\\\/720-1269.jpeg\",\"contentUrl\":\"https:\\\/\\\/fmgente.com.ar\\\/web\\\/wp-content\\\/uploads\\\/2026\\\/04\\\/720-1269.jpeg\",\"width\":1206,\"height\":720},{\"@type\":\"WebSite\",\"@id\":\"https:\\\/\\\/fmgente.com.ar\\\/web\\\/#website\",\"url\":\"https:\\\/\\\/fmgente.com.ar\\\/web\\\/\",\"name\":\"Fm Gente\",\"description\":\"- Jes\u00fas Mar\u00eda\",\"publisher\":{\"@id\":\"https:\\\/\\\/fmgente.com.ar\\\/web\\\/#organization\"},\"potentialAction\":[{\"@type\":\"SearchAction\",\"target\":{\"@type\":\"EntryPoint\",\"urlTemplate\":\"https:\\\/\\\/fmgente.com.ar\\\/web\\\/?s={search_term_string}\"},\"query-input\":{\"@type\":\"PropertyValueSpecification\",\"valueRequired\":true,\"valueName\":\"search_term_string\"}}],\"inLanguage\":\"es\"},{\"@type\":\"Organization\",\"@id\":\"https:\\\/\\\/fmgente.com.ar\\\/web\\\/#organization\",\"name\":\"Fm Gente\",\"url\":\"https:\\\/\\\/fmgente.com.ar\\\/web\\\/\",\"logo\":{\"@type\":\"ImageObject\",\"inLanguage\":\"es\",\"@id\":\"https:\\\/\\\/fmgente.com.ar\\\/web\\\/#\\\/schema\\\/logo\\\/image\\\/\",\"url\":\"https:\\\/\\\/fmgente.com.ar\\\/web\\\/wp-content\\\/uploads\\\/2023\\\/07\\\/cropped-cropped-logo-sombra2.png\",\"contentUrl\":\"https:\\\/\\\/fmgente.com.ar\\\/web\\\/wp-content\\\/uploads\\\/2023\\\/07\\\/cropped-cropped-logo-sombra2.png\",\"width\":1782,\"height\":1782,\"caption\":\"Fm Gente\"},\"image\":{\"@id\":\"https:\\\/\\\/fmgente.com.ar\\\/web\\\/#\\\/schema\\\/logo\\\/image\\\/\"}}]}<\/script>\n<!-- \/ Yoast SEO plugin. -->","yoast_head_json":{"title":"\u201cFui ministro de cuatro presidentes, tan pelotudo no debo ser\u201d: An\u00edbal Fern\u00e1ndez a Nacho Gir\u00f3n - Fm Gente","robots":{"index":"index","follow":"follow","max-snippet":"max-snippet:-1","max-image-preview":"max-image-preview:large","max-video-preview":"max-video-preview:-1"},"canonical":"https:\/\/fmgente.com.ar\/web\/fui-ministro-de-cuatro-presidentes-tan-pelotudo-no-debo-ser-anibal-fernandez-a-nacho-giron\/","og_locale":"es_ES","og_type":"article","og_title":"\u201cFui ministro de cuatro presidentes, tan pelotudo no debo ser\u201d: An\u00edbal Fern\u00e1ndez a Nacho Gir\u00f3n - Fm Gente","og_description":"An\u00edbal Fern\u00e1ndez fue entrevistado en Infobae, donde habl\u00f3 de pol\u00edtica claro, de las chances del","og_url":"https:\/\/fmgente.com.ar\/web\/fui-ministro-de-cuatro-presidentes-tan-pelotudo-no-debo-ser-anibal-fernandez-a-nacho-giron\/","og_site_name":"Fm Gente","article_published_time":"2026-04-25T05:05:18+00:00","twitter_card":"summary_large_image","twitter_misc":{"Tiempo de lectura":"1 minuto"},"schema":{"@context":"https:\/\/schema.org","@graph":[{"@type":"Article","@id":"https:\/\/fmgente.com.ar\/web\/fui-ministro-de-cuatro-presidentes-tan-pelotudo-no-debo-ser-anibal-fernandez-a-nacho-giron\/#article","isPartOf":{"@id":"https:\/\/fmgente.com.ar\/web\/fui-ministro-de-cuatro-presidentes-tan-pelotudo-no-debo-ser-anibal-fernandez-a-nacho-giron\/"},"author":{"name":"","@id":""},"headline":"\u201cFui ministro de cuatro presidentes, tan pelotudo no debo ser\u201d: An\u00edbal Fern\u00e1ndez a Nacho Gir\u00f3n","datePublished":"2026-04-25T05:05:18+00:00","mainEntityOfPage":{"@id":"https:\/\/fmgente.com.ar\/web\/fui-ministro-de-cuatro-presidentes-tan-pelotudo-no-debo-ser-anibal-fernandez-a-nacho-giron\/"},"wordCount":211,"publisher":{"@id":"https:\/\/fmgente.com.ar\/web\/#organization"},"image":{"@id":"https:\/\/fmgente.com.ar\/web\/fui-ministro-de-cuatro-presidentes-tan-pelotudo-no-debo-ser-anibal-fernandez-a-nacho-giron\/#primaryimage"},"thumbnailUrl":"https:\/\/fmgente.com.ar\/web\/wp-content\/uploads\/2026\/04\/720-1269.jpeg","articleSection":["DESTACADAS"],"inLanguage":"es"},{"@type":"WebPage","@id":"https:\/\/fmgente.com.ar\/web\/fui-ministro-de-cuatro-presidentes-tan-pelotudo-no-debo-ser-anibal-fernandez-a-nacho-giron\/","url":"https:\/\/fmgente.com.ar\/web\/fui-ministro-de-cuatro-presidentes-tan-pelotudo-no-debo-ser-anibal-fernandez-a-nacho-giron\/","name":"\u201cFui ministro de cuatro presidentes, tan pelotudo no debo ser\u201d: An\u00edbal Fern\u00e1ndez a Nacho Gir\u00f3n - Fm Gente","isPartOf":{"@id":"https:\/\/fmgente.com.ar\/web\/#website"},"primaryImageOfPage":{"@id":"https:\/\/fmgente.com.ar\/web\/fui-ministro-de-cuatro-presidentes-tan-pelotudo-no-debo-ser-anibal-fernandez-a-nacho-giron\/#primaryimage"},"image":{"@id":"https:\/\/fmgente.com.ar\/web\/fui-ministro-de-cuatro-presidentes-tan-pelotudo-no-debo-ser-anibal-fernandez-a-nacho-giron\/#primaryimage"},"thumbnailUrl":"https:\/\/fmgente.com.ar\/web\/wp-content\/uploads\/2026\/04\/720-1269.jpeg","datePublished":"2026-04-25T05:05:18+00:00","inLanguage":"es","potentialAction":[{"@type":"ReadAction","target":["https:\/\/fmgente.com.ar\/web\/fui-ministro-de-cuatro-presidentes-tan-pelotudo-no-debo-ser-anibal-fernandez-a-nacho-giron\/"]}]},{"@type":"ImageObject","inLanguage":"es","@id":"https:\/\/fmgente.com.ar\/web\/fui-ministro-de-cuatro-presidentes-tan-pelotudo-no-debo-ser-anibal-fernandez-a-nacho-giron\/#primaryimage","url":"https:\/\/fmgente.com.ar\/web\/wp-content\/uploads\/2026\/04\/720-1269.jpeg","contentUrl":"https:\/\/fmgente.com.ar\/web\/wp-content\/uploads\/2026\/04\/720-1269.jpeg","width":1206,"height":720},{"@type":"WebSite","@id":"https:\/\/fmgente.com.ar\/web\/#website","url":"https:\/\/fmgente.com.ar\/web\/","name":"Fm Gente","description":"- Jes\u00fas Mar\u00eda","publisher":{"@id":"https:\/\/fmgente.com.ar\/web\/#organization"},"potentialAction":[{"@type":"SearchAction","target":{"@type":"EntryPoint","urlTemplate":"https:\/\/fmgente.com.ar\/web\/?s={search_term_string}"},"query-input":{"@type":"PropertyValueSpecification","valueRequired":true,"valueName":"search_term_string"}}],"inLanguage":"es"},{"@type":"Organization","@id":"https:\/\/fmgente.com.ar\/web\/#organization","name":"Fm Gente","url":"https:\/\/fmgente.com.ar\/web\/","logo":{"@type":"ImageObject","inLanguage":"es","@id":"https:\/\/fmgente.com.ar\/web\/#\/schema\/logo\/image\/","url":"https:\/\/fmgente.com.ar\/web\/wp-content\/uploads\/2023\/07\/cropped-cropped-logo-sombra2.png","contentUrl":"https:\/\/fmgente.com.ar\/web\/wp-content\/uploads\/2023\/07\/cropped-cropped-logo-sombra2.png","width":1782,"height":1782,"caption":"Fm Gente"},"image":{"@id":"https:\/\/fmgente.com.ar\/web\/#\/schema\/logo\/image\/"}}]}},"_links":{"self":[{"href":"https:\/\/fmgente.com.ar\/web\/wp-json\/wp\/v2\/posts\/20664","targetHints":{"allow":["GET"]}}],"collection":[{"href":"https:\/\/fmgente.com.ar\/web\/wp-json\/wp\/v2\/posts"}],"about":[{"href":"https:\/\/fmgente.com.ar\/web\/wp-json\/wp\/v2\/types\/post"}],"replies":[{"embeddable":true,"href":"https:\/\/fmgente.com.ar\/web\/wp-json\/wp\/v2\/comments?post=20664"}],"version-history":[{"count":0,"href":"https:\/\/fmgente.com.ar\/web\/wp-json\/wp\/v2\/posts\/20664\/revisions"}],"wp:featuredmedia":[{"embeddable":true,"href":"https:\/\/fmgente.com.ar\/web\/wp-json\/wp\/v2\/media\/20665"}],"wp:attachment":[{"href":"https:\/\/fmgente.com.ar\/web\/wp-json\/wp\/v2\/media?parent=20664"}],"wp:term":[{"taxonomy":"category","embeddable":true,"href":"https:\/\/fmgente.com.ar\/web\/wp-json\/wp\/v2\/categories?post=20664"},{"taxonomy":"post_tag","embeddable":true,"href":"https:\/\/fmgente.com.ar\/web\/wp-json\/wp\/v2\/tags?post=20664"}],"curies":[{"name":"wp","href":"https:\/\/api.w.org\/{rel}","templated":true}]}}