{"id":20658,"date":"2026-04-25T02:05:15","date_gmt":"2026-04-25T05:05:15","guid":{"rendered":"https:\/\/fmgente.com.ar\/web\/quinteros-le-apunto-al-var-tras-la-derrota-ante-riestra-y-los-hincahs-del-rojo-explotaron\/"},"modified":"2026-04-25T02:05:15","modified_gmt":"2026-04-25T05:05:15","slug":"quinteros-le-apunto-al-var-tras-la-derrota-ante-riestra-y-los-hincahs-del-rojo-explotaron","status":"publish","type":"post","link":"https:\/\/fmgente.com.ar\/web\/quinteros-le-apunto-al-var-tras-la-derrota-ante-riestra-y-los-hincahs-del-rojo-explotaron\/","title":{"rendered":"Quinteros le apunt\u00f3 al VAR tras la derrota ante Riestra y los hincahs del Rojo explotaron"},"content":{"rendered":"<p>Deportivo Riestra gan\u00f3 su primer partido en el Torneo Apertura, en la ante\u00faltima fecha, contra Independiente, 2 a 0 por los goles de Mariano Bracamonte y Pedro Ram\u00edrez. <\/p>\n<p>Con la derrota, el Rojo no pudo asegurar su clasificaci\u00f3n a los octavos de final por la Zona A y deber\u00e1 definir su lugar en la \u00faltima jornada ante San Lorenzo. <\/p>\n<p>GOLES Y RESUMEN DEL PARTIDO <\/p>\n<p>El Malevo tuvo su primera alegr\u00eda. <\/p>\n<p>El equipo de Avellaneda no jug\u00f3 bien pero en conferencia de prensa el entrenador Gustavo Quinteros le apunt\u00f3 al arbitraje. \u201cAc\u00e1 el VAR no te llama, olv\u00eddate. En las dudosas nunca  es para Independiente\u201d, dijo. Y agreg\u00f3: \u201cMe duele que nos ganaron sin superarnos, sin proponer\u201d. <\/p>\n<p>Sobre el futuro, el DT declar\u00f3: \u201cNo se me cruza por la cabeza no clasificar. Es una obligaci\u00f3n. La responsabilidad es de todos, sobretodo m\u00eda\u201d. <\/p>\n<p>Y los hinchas reaccionaron:<\/p>\n","protected":false},"excerpt":{"rendered":"<p>Deportivo Riestra gan\u00f3 su primer partido en el Torneo Apertura, en la ante\u00faltima fecha, contra<\/p>\n","protected":false},"author":0,"featured_media":20659,"comment_status":"","ping_status":"","sticky":false,"template":"","format":"standard","meta":{"footnotes":""},"categories":[11],"tags":[],"class_list":["post-20658","post","type-post","status-publish","format-standard","has-post-thumbnail","hentry","category-destacadas"],"yoast_head":"<!-- This site is optimized with the Yoast SEO plugin v27.4 - https:\/\/yoast.com\/product\/yoast-seo-wordpress\/ -->\n<title>Quinteros le apunt\u00f3 al VAR tras la derrota ante Riestra y los hincahs del Rojo explotaron - Fm Gente<\/title>\n<meta name=\"robots\" content=\"index, follow, max-snippet:-1, max-image-preview:large, max-video-preview:-1\" \/>\n<link rel=\"canonical\" href=\"https:\/\/fmgente.com.ar\/web\/quinteros-le-apunto-al-var-tras-la-derrota-ante-riestra-y-los-hincahs-del-rojo-explotaron\/\" \/>\n<meta property=\"og:locale\" content=\"es_ES\" \/>\n<meta property=\"og:type\" content=\"article\" \/>\n<meta property=\"og:title\" content=\"Quinteros le apunt\u00f3 al VAR tras la derrota ante Riestra y los hincahs del Rojo explotaron - Fm Gente\" \/>\n<meta property=\"og:description\" content=\"Deportivo Riestra gan\u00f3 su primer partido en el Torneo Apertura, en la ante\u00faltima fecha, contra\" \/>\n<meta property=\"og:url\" content=\"https:\/\/fmgente.com.ar\/web\/quinteros-le-apunto-al-var-tras-la-derrota-ante-riestra-y-los-hincahs-del-rojo-explotaron\/\" \/>\n<meta property=\"og:site_name\" content=\"Fm Gente\" \/>\n<meta property=\"article:published_time\" content=\"2026-04-25T05:05:15+00:00\" \/>\n<meta name=\"twitter:card\" content=\"summary_large_image\" \/>\n<meta name=\"twitter:label1\" content=\"Tiempo de lectura\" \/>\n\t<meta name=\"twitter:data1\" content=\"1 minuto\" \/>\n<script type=\"application\/ld+json\" class=\"yoast-schema-graph\">{\"@context\":\"https:\\\/\\\/schema.org\",\"@graph\":[{\"@type\":\"Article\",\"@id\":\"https:\\\/\\\/fmgente.com.ar\\\/web\\\/quinteros-le-apunto-al-var-tras-la-derrota-ante-riestra-y-los-hincahs-del-rojo-explotaron\\\/#article\",\"isPartOf\":{\"@id\":\"https:\\\/\\\/fmgente.com.ar\\\/web\\\/quinteros-le-apunto-al-var-tras-la-derrota-ante-riestra-y-los-hincahs-del-rojo-explotaron\\\/\"},\"author\":{\"name\":\"\",\"@id\":\"\"},\"headline\":\"Quinteros le apunt\u00f3 al VAR tras la derrota ante Riestra y los hincahs del Rojo explotaron\",\"datePublished\":\"2026-04-25T05:05:15+00:00\",\"mainEntityOfPage\":{\"@id\":\"https:\\\/\\\/fmgente.com.ar\\\/web\\\/quinteros-le-apunto-al-var-tras-la-derrota-ante-riestra-y-los-hincahs-del-rojo-explotaron\\\/\"},\"wordCount\":166,\"publisher\":{\"@id\":\"https:\\\/\\\/fmgente.com.ar\\\/web\\\/#organization\"},\"image\":{\"@id\":\"https:\\\/\\\/fmgente.com.ar\\\/web\\\/quinteros-le-apunto-al-var-tras-la-derrota-ante-riestra-y-los-hincahs-del-rojo-explotaron\\\/#primaryimage\"},\"thumbnailUrl\":\"https:\\\/\\\/fmgente.com.ar\\\/web\\\/wp-content\\\/uploads\\\/2026\\\/04\\\/720-1266.jpeg\",\"articleSection\":[\"DESTACADAS\"],\"inLanguage\":\"es\"},{\"@type\":\"WebPage\",\"@id\":\"https:\\\/\\\/fmgente.com.ar\\\/web\\\/quinteros-le-apunto-al-var-tras-la-derrota-ante-riestra-y-los-hincahs-del-rojo-explotaron\\\/\",\"url\":\"https:\\\/\\\/fmgente.com.ar\\\/web\\\/quinteros-le-apunto-al-var-tras-la-derrota-ante-riestra-y-los-hincahs-del-rojo-explotaron\\\/\",\"name\":\"Quinteros le apunt\u00f3 al VAR tras la derrota ante Riestra y los hincahs del Rojo explotaron - Fm Gente\",\"isPartOf\":{\"@id\":\"https:\\\/\\\/fmgente.com.ar\\\/web\\\/#website\"},\"primaryImageOfPage\":{\"@id\":\"https:\\\/\\\/fmgente.com.ar\\\/web\\\/quinteros-le-apunto-al-var-tras-la-derrota-ante-riestra-y-los-hincahs-del-rojo-explotaron\\\/#primaryimage\"},\"image\":{\"@id\":\"https:\\\/\\\/fmgente.com.ar\\\/web\\\/quinteros-le-apunto-al-var-tras-la-derrota-ante-riestra-y-los-hincahs-del-rojo-explotaron\\\/#primaryimage\"},\"thumbnailUrl\":\"https:\\\/\\\/fmgente.com.ar\\\/web\\\/wp-content\\\/uploads\\\/2026\\\/04\\\/720-1266.jpeg\",\"datePublished\":\"2026-04-25T05:05:15+00:00\",\"inLanguage\":\"es\",\"potentialAction\":[{\"@type\":\"ReadAction\",\"target\":[\"https:\\\/\\\/fmgente.com.ar\\\/web\\\/quinteros-le-apunto-al-var-tras-la-derrota-ante-riestra-y-los-hincahs-del-rojo-explotaron\\\/\"]}]},{\"@type\":\"ImageObject\",\"inLanguage\":\"es\",\"@id\":\"https:\\\/\\\/fmgente.com.ar\\\/web\\\/quinteros-le-apunto-al-var-tras-la-derrota-ante-riestra-y-los-hincahs-del-rojo-explotaron\\\/#primaryimage\",\"url\":\"https:\\\/\\\/fmgente.com.ar\\\/web\\\/wp-content\\\/uploads\\\/2026\\\/04\\\/720-1266.jpeg\",\"contentUrl\":\"https:\\\/\\\/fmgente.com.ar\\\/web\\\/wp-content\\\/uploads\\\/2026\\\/04\\\/720-1266.jpeg\",\"width\":1280,\"height\":593},{\"@type\":\"WebSite\",\"@id\":\"https:\\\/\\\/fmgente.com.ar\\\/web\\\/#website\",\"url\":\"https:\\\/\\\/fmgente.com.ar\\\/web\\\/\",\"name\":\"Fm Gente\",\"description\":\"- Jes\u00fas Mar\u00eda\",\"publisher\":{\"@id\":\"https:\\\/\\\/fmgente.com.ar\\\/web\\\/#organization\"},\"potentialAction\":[{\"@type\":\"SearchAction\",\"target\":{\"@type\":\"EntryPoint\",\"urlTemplate\":\"https:\\\/\\\/fmgente.com.ar\\\/web\\\/?s={search_term_string}\"},\"query-input\":{\"@type\":\"PropertyValueSpecification\",\"valueRequired\":true,\"valueName\":\"search_term_string\"}}],\"inLanguage\":\"es\"},{\"@type\":\"Organization\",\"@id\":\"https:\\\/\\\/fmgente.com.ar\\\/web\\\/#organization\",\"name\":\"Fm Gente\",\"url\":\"https:\\\/\\\/fmgente.com.ar\\\/web\\\/\",\"logo\":{\"@type\":\"ImageObject\",\"inLanguage\":\"es\",\"@id\":\"https:\\\/\\\/fmgente.com.ar\\\/web\\\/#\\\/schema\\\/logo\\\/image\\\/\",\"url\":\"https:\\\/\\\/fmgente.com.ar\\\/web\\\/wp-content\\\/uploads\\\/2023\\\/07\\\/cropped-cropped-logo-sombra2.png\",\"contentUrl\":\"https:\\\/\\\/fmgente.com.ar\\\/web\\\/wp-content\\\/uploads\\\/2023\\\/07\\\/cropped-cropped-logo-sombra2.png\",\"width\":1782,\"height\":1782,\"caption\":\"Fm Gente\"},\"image\":{\"@id\":\"https:\\\/\\\/fmgente.com.ar\\\/web\\\/#\\\/schema\\\/logo\\\/image\\\/\"}}]}<\/script>\n<!-- \/ Yoast SEO plugin. -->","yoast_head_json":{"title":"Quinteros le apunt\u00f3 al VAR tras la derrota ante Riestra y los hincahs del Rojo explotaron - Fm Gente","robots":{"index":"index","follow":"follow","max-snippet":"max-snippet:-1","max-image-preview":"max-image-preview:large","max-video-preview":"max-video-preview:-1"},"canonical":"https:\/\/fmgente.com.ar\/web\/quinteros-le-apunto-al-var-tras-la-derrota-ante-riestra-y-los-hincahs-del-rojo-explotaron\/","og_locale":"es_ES","og_type":"article","og_title":"Quinteros le apunt\u00f3 al VAR tras la derrota ante Riestra y los hincahs del Rojo explotaron - Fm Gente","og_description":"Deportivo Riestra gan\u00f3 su primer partido en el Torneo Apertura, en la ante\u00faltima fecha, contra","og_url":"https:\/\/fmgente.com.ar\/web\/quinteros-le-apunto-al-var-tras-la-derrota-ante-riestra-y-los-hincahs-del-rojo-explotaron\/","og_site_name":"Fm Gente","article_published_time":"2026-04-25T05:05:15+00:00","twitter_card":"summary_large_image","twitter_misc":{"Tiempo de lectura":"1 minuto"},"schema":{"@context":"https:\/\/schema.org","@graph":[{"@type":"Article","@id":"https:\/\/fmgente.com.ar\/web\/quinteros-le-apunto-al-var-tras-la-derrota-ante-riestra-y-los-hincahs-del-rojo-explotaron\/#article","isPartOf":{"@id":"https:\/\/fmgente.com.ar\/web\/quinteros-le-apunto-al-var-tras-la-derrota-ante-riestra-y-los-hincahs-del-rojo-explotaron\/"},"author":{"name":"","@id":""},"headline":"Quinteros le apunt\u00f3 al VAR tras la derrota ante Riestra y los hincahs del Rojo explotaron","datePublished":"2026-04-25T05:05:15+00:00","mainEntityOfPage":{"@id":"https:\/\/fmgente.com.ar\/web\/quinteros-le-apunto-al-var-tras-la-derrota-ante-riestra-y-los-hincahs-del-rojo-explotaron\/"},"wordCount":166,"publisher":{"@id":"https:\/\/fmgente.com.ar\/web\/#organization"},"image":{"@id":"https:\/\/fmgente.com.ar\/web\/quinteros-le-apunto-al-var-tras-la-derrota-ante-riestra-y-los-hincahs-del-rojo-explotaron\/#primaryimage"},"thumbnailUrl":"https:\/\/fmgente.com.ar\/web\/wp-content\/uploads\/2026\/04\/720-1266.jpeg","articleSection":["DESTACADAS"],"inLanguage":"es"},{"@type":"WebPage","@id":"https:\/\/fmgente.com.ar\/web\/quinteros-le-apunto-al-var-tras-la-derrota-ante-riestra-y-los-hincahs-del-rojo-explotaron\/","url":"https:\/\/fmgente.com.ar\/web\/quinteros-le-apunto-al-var-tras-la-derrota-ante-riestra-y-los-hincahs-del-rojo-explotaron\/","name":"Quinteros le apunt\u00f3 al VAR tras la derrota ante Riestra y los hincahs del Rojo explotaron - Fm Gente","isPartOf":{"@id":"https:\/\/fmgente.com.ar\/web\/#website"},"primaryImageOfPage":{"@id":"https:\/\/fmgente.com.ar\/web\/quinteros-le-apunto-al-var-tras-la-derrota-ante-riestra-y-los-hincahs-del-rojo-explotaron\/#primaryimage"},"image":{"@id":"https:\/\/fmgente.com.ar\/web\/quinteros-le-apunto-al-var-tras-la-derrota-ante-riestra-y-los-hincahs-del-rojo-explotaron\/#primaryimage"},"thumbnailUrl":"https:\/\/fmgente.com.ar\/web\/wp-content\/uploads\/2026\/04\/720-1266.jpeg","datePublished":"2026-04-25T05:05:15+00:00","inLanguage":"es","potentialAction":[{"@type":"ReadAction","target":["https:\/\/fmgente.com.ar\/web\/quinteros-le-apunto-al-var-tras-la-derrota-ante-riestra-y-los-hincahs-del-rojo-explotaron\/"]}]},{"@type":"ImageObject","inLanguage":"es","@id":"https:\/\/fmgente.com.ar\/web\/quinteros-le-apunto-al-var-tras-la-derrota-ante-riestra-y-los-hincahs-del-rojo-explotaron\/#primaryimage","url":"https:\/\/fmgente.com.ar\/web\/wp-content\/uploads\/2026\/04\/720-1266.jpeg","contentUrl":"https:\/\/fmgente.com.ar\/web\/wp-content\/uploads\/2026\/04\/720-1266.jpeg","width":1280,"height":593},{"@type":"WebSite","@id":"https:\/\/fmgente.com.ar\/web\/#website","url":"https:\/\/fmgente.com.ar\/web\/","name":"Fm Gente","description":"- Jes\u00fas Mar\u00eda","publisher":{"@id":"https:\/\/fmgente.com.ar\/web\/#organization"},"potentialAction":[{"@type":"SearchAction","target":{"@type":"EntryPoint","urlTemplate":"https:\/\/fmgente.com.ar\/web\/?s={search_term_string}"},"query-input":{"@type":"PropertyValueSpecification","valueRequired":true,"valueName":"search_term_string"}}],"inLanguage":"es"},{"@type":"Organization","@id":"https:\/\/fmgente.com.ar\/web\/#organization","name":"Fm Gente","url":"https:\/\/fmgente.com.ar\/web\/","logo":{"@type":"ImageObject","inLanguage":"es","@id":"https:\/\/fmgente.com.ar\/web\/#\/schema\/logo\/image\/","url":"https:\/\/fmgente.com.ar\/web\/wp-content\/uploads\/2023\/07\/cropped-cropped-logo-sombra2.png","contentUrl":"https:\/\/fmgente.com.ar\/web\/wp-content\/uploads\/2023\/07\/cropped-cropped-logo-sombra2.png","width":1782,"height":1782,"caption":"Fm Gente"},"image":{"@id":"https:\/\/fmgente.com.ar\/web\/#\/schema\/logo\/image\/"}}]}},"_links":{"self":[{"href":"https:\/\/fmgente.com.ar\/web\/wp-json\/wp\/v2\/posts\/20658","targetHints":{"allow":["GET"]}}],"collection":[{"href":"https:\/\/fmgente.com.ar\/web\/wp-json\/wp\/v2\/posts"}],"about":[{"href":"https:\/\/fmgente.com.ar\/web\/wp-json\/wp\/v2\/types\/post"}],"replies":[{"embeddable":true,"href":"https:\/\/fmgente.com.ar\/web\/wp-json\/wp\/v2\/comments?post=20658"}],"version-history":[{"count":0,"href":"https:\/\/fmgente.com.ar\/web\/wp-json\/wp\/v2\/posts\/20658\/revisions"}],"wp:featuredmedia":[{"embeddable":true,"href":"https:\/\/fmgente.com.ar\/web\/wp-json\/wp\/v2\/media\/20659"}],"wp:attachment":[{"href":"https:\/\/fmgente.com.ar\/web\/wp-json\/wp\/v2\/media?parent=20658"}],"wp:term":[{"taxonomy":"category","embeddable":true,"href":"https:\/\/fmgente.com.ar\/web\/wp-json\/wp\/v2\/categories?post=20658"},{"taxonomy":"post_tag","embeddable":true,"href":"https:\/\/fmgente.com.ar\/web\/wp-json\/wp\/v2\/tags?post=20658"}],"curies":[{"name":"wp","href":"https:\/\/api.w.org\/{rel}","templated":true}]}}