{"id":20652,"date":"2026-04-25T00:07:36","date_gmt":"2026-04-25T03:07:36","guid":{"rendered":"https:\/\/fmgente.com.ar\/web\/quinteros-exploto-tras-la-derrota-de-independiente-criticas-a-riestra-al-arbitraje-y-al-var\/"},"modified":"2026-04-25T00:07:36","modified_gmt":"2026-04-25T03:07:36","slug":"quinteros-exploto-tras-la-derrota-de-independiente-criticas-a-riestra-al-arbitraje-y-al-var","status":"publish","type":"post","link":"https:\/\/fmgente.com.ar\/web\/quinteros-exploto-tras-la-derrota-de-independiente-criticas-a-riestra-al-arbitraje-y-al-var\/","title":{"rendered":"Quinteros explot\u00f3 tras la derrota de Independiente: cr\u00edticas a Riestra, al arbitraje y al VAR"},"content":{"rendered":"<p>Buenos Aires, 24 Abril (NA) \u2013 El entrenador de Independiente, Gustavo Quinteros, expres\u00f3 su bronca tras la derrota por 2-0 ante Deportivo Riestra, en el Bajo Flores, y dej\u00f3 fuertes cuestionamientos tanto para el planteo del rival como para el arbitraje.<\/p>\n<p>El \u201cRojo\u201d dej\u00f3 pasar una buena oportunidad para acercarse a la clasificaci\u00f3n a los playoffs del Torneo Apertura y su t\u00e9cnico no ocult\u00f3 la frustraci\u00f3n por el desarrollo del encuentro, aunque tambi\u00e9n reconoci\u00f3 que el equipo debe elevar su nivel futbol\u00edstico.<\/p>\n<p>\u201cTenemos que jugar mejor\u201d, admiti\u00f3 Quinteros en conferencia de prensa, en una autocr\u00edtica breve, pero contundente, despu\u00e9s de un partido en el que sus dirigidos no pudieron romper el orden defensivo de Riestra.<\/p>\n<p>Sin embargo, el entrenador fue m\u00e1s all\u00e1 y apunt\u00f3 directamente contra el estilo del conjunto local, al considerar que el ganador se sostuvo a partir de la fricci\u00f3n, los cortes permanentes y las segundas jugadas.<\/p>\n<p>Seg\u00fan Quinteros, Riestra logr\u00f3 lastimar a Independiente sin dominar el tr\u00e1mite ni imponer condiciones desde el juego, algo que profundiz\u00f3 el malestar del cuerpo t\u00e9cnico visitante.<\/p>\n<p>El DT sostuvo que su equipo perdi\u00f3 ante un rival que gan\u00f3 \u201csin proponer f\u00fatbol\u201d, y remarc\u00f3 que Riestra se defendi\u00f3, cerr\u00f3 espacios y cort\u00f3 el ritmo del partido con muchas infracciones.<\/p>\n<p>La mayor queja lleg\u00f3 por el segundo gol de Pedro Ram\u00edrez, acci\u00f3n en la que Quinteros reclam\u00f3 una posible posici\u00f3n adelantada previa. All\u00ed carg\u00f3 contra el uso del VAR y dej\u00f3 una frase fuerte por la falta de revisi\u00f3n.<\/p>\n<p>\u201cOlvidate que te van a llamar\u201d, lanz\u00f3 el t\u00e9cnico en declaraciones a las que accedi\u00f3 la Agencia Noticias Argentinas, molesto porque entendi\u00f3 que la jugada merec\u00eda ser analizada con mayor detenimiento.<\/p>\n<p>M\u00e1s all\u00e1 del enojo, Quinteros intent\u00f3 enfocarse en lo que viene: Independiente deber\u00e1 afrontar un partido clave ante San Lorenzo, en el que se jugar\u00e1 buena parte de sus chances de meterse en la pr\u00f3xima instancia.<\/p>\n<p>\u201cFue un golpe duro\u201d, reconoci\u00f3 el entrenador, que buscar\u00e1 una r\u00e1pida reacci\u00f3n de su equipo para no quedar condicionado en la recta final de la fase regular.<\/p>\n<p>#AgenciaNA<\/p>\n","protected":false},"excerpt":{"rendered":"<p>Buenos Aires, 24 Abril (NA) \u2013 El entrenador de Independiente, Gustavo Quinteros, expres\u00f3 su bronca<\/p>\n","protected":false},"author":0,"featured_media":20653,"comment_status":"","ping_status":"","sticky":false,"template":"","format":"standard","meta":{"footnotes":""},"categories":[1],"tags":[],"class_list":["post-20652","post","type-post","status-publish","format-standard","has-post-thumbnail","hentry","category-regionales"],"yoast_head":"<!-- This site is optimized with the Yoast SEO plugin v27.4 - https:\/\/yoast.com\/product\/yoast-seo-wordpress\/ -->\n<title>Quinteros explot\u00f3 tras la derrota de Independiente: cr\u00edticas a Riestra, al arbitraje y al VAR - Fm Gente<\/title>\n<meta name=\"robots\" content=\"index, follow, max-snippet:-1, max-image-preview:large, max-video-preview:-1\" \/>\n<link rel=\"canonical\" href=\"https:\/\/fmgente.com.ar\/web\/quinteros-exploto-tras-la-derrota-de-independiente-criticas-a-riestra-al-arbitraje-y-al-var\/\" \/>\n<meta property=\"og:locale\" content=\"es_ES\" \/>\n<meta property=\"og:type\" content=\"article\" \/>\n<meta property=\"og:title\" content=\"Quinteros explot\u00f3 tras la derrota de Independiente: cr\u00edticas a Riestra, al arbitraje y al VAR - Fm Gente\" \/>\n<meta property=\"og:description\" content=\"Buenos Aires, 24 Abril (NA) \u2013 El entrenador de Independiente, Gustavo Quinteros, expres\u00f3 su bronca\" \/>\n<meta property=\"og:url\" content=\"https:\/\/fmgente.com.ar\/web\/quinteros-exploto-tras-la-derrota-de-independiente-criticas-a-riestra-al-arbitraje-y-al-var\/\" \/>\n<meta property=\"og:site_name\" content=\"Fm Gente\" \/>\n<meta property=\"article:published_time\" content=\"2026-04-25T03:07:36+00:00\" \/>\n<meta name=\"twitter:card\" content=\"summary_large_image\" \/>\n<meta name=\"twitter:label1\" content=\"Tiempo de lectura\" \/>\n\t<meta name=\"twitter:data1\" content=\"2 minutos\" \/>\n<script type=\"application\/ld+json\" class=\"yoast-schema-graph\">{\"@context\":\"https:\\\/\\\/schema.org\",\"@graph\":[{\"@type\":\"Article\",\"@id\":\"https:\\\/\\\/fmgente.com.ar\\\/web\\\/quinteros-exploto-tras-la-derrota-de-independiente-criticas-a-riestra-al-arbitraje-y-al-var\\\/#article\",\"isPartOf\":{\"@id\":\"https:\\\/\\\/fmgente.com.ar\\\/web\\\/quinteros-exploto-tras-la-derrota-de-independiente-criticas-a-riestra-al-arbitraje-y-al-var\\\/\"},\"author\":{\"name\":\"\",\"@id\":\"\"},\"headline\":\"Quinteros explot\u00f3 tras la derrota de Independiente: cr\u00edticas a Riestra, al arbitraje y al VAR\",\"datePublished\":\"2026-04-25T03:07:36+00:00\",\"mainEntityOfPage\":{\"@id\":\"https:\\\/\\\/fmgente.com.ar\\\/web\\\/quinteros-exploto-tras-la-derrota-de-independiente-criticas-a-riestra-al-arbitraje-y-al-var\\\/\"},\"wordCount\":379,\"publisher\":{\"@id\":\"https:\\\/\\\/fmgente.com.ar\\\/web\\\/#organization\"},\"image\":{\"@id\":\"https:\\\/\\\/fmgente.com.ar\\\/web\\\/quinteros-exploto-tras-la-derrota-de-independiente-criticas-a-riestra-al-arbitraje-y-al-var\\\/#primaryimage\"},\"thumbnailUrl\":\"https:\\\/\\\/fmgente.com.ar\\\/web\\\/wp-content\\\/uploads\\\/2026\\\/04\\\/720-1264.jpeg\",\"articleSection\":[\"REGIONALES\"],\"inLanguage\":\"es\"},{\"@type\":\"WebPage\",\"@id\":\"https:\\\/\\\/fmgente.com.ar\\\/web\\\/quinteros-exploto-tras-la-derrota-de-independiente-criticas-a-riestra-al-arbitraje-y-al-var\\\/\",\"url\":\"https:\\\/\\\/fmgente.com.ar\\\/web\\\/quinteros-exploto-tras-la-derrota-de-independiente-criticas-a-riestra-al-arbitraje-y-al-var\\\/\",\"name\":\"Quinteros explot\u00f3 tras la derrota de Independiente: cr\u00edticas a Riestra, al arbitraje y al VAR - Fm Gente\",\"isPartOf\":{\"@id\":\"https:\\\/\\\/fmgente.com.ar\\\/web\\\/#website\"},\"primaryImageOfPage\":{\"@id\":\"https:\\\/\\\/fmgente.com.ar\\\/web\\\/quinteros-exploto-tras-la-derrota-de-independiente-criticas-a-riestra-al-arbitraje-y-al-var\\\/#primaryimage\"},\"image\":{\"@id\":\"https:\\\/\\\/fmgente.com.ar\\\/web\\\/quinteros-exploto-tras-la-derrota-de-independiente-criticas-a-riestra-al-arbitraje-y-al-var\\\/#primaryimage\"},\"thumbnailUrl\":\"https:\\\/\\\/fmgente.com.ar\\\/web\\\/wp-content\\\/uploads\\\/2026\\\/04\\\/720-1264.jpeg\",\"datePublished\":\"2026-04-25T03:07:36+00:00\",\"inLanguage\":\"es\",\"potentialAction\":[{\"@type\":\"ReadAction\",\"target\":[\"https:\\\/\\\/fmgente.com.ar\\\/web\\\/quinteros-exploto-tras-la-derrota-de-independiente-criticas-a-riestra-al-arbitraje-y-al-var\\\/\"]}]},{\"@type\":\"ImageObject\",\"inLanguage\":\"es\",\"@id\":\"https:\\\/\\\/fmgente.com.ar\\\/web\\\/quinteros-exploto-tras-la-derrota-de-independiente-criticas-a-riestra-al-arbitraje-y-al-var\\\/#primaryimage\",\"url\":\"https:\\\/\\\/fmgente.com.ar\\\/web\\\/wp-content\\\/uploads\\\/2026\\\/04\\\/720-1264.jpeg\",\"contentUrl\":\"https:\\\/\\\/fmgente.com.ar\\\/web\\\/wp-content\\\/uploads\\\/2026\\\/04\\\/720-1264.jpeg\",\"width\":960,\"height\":720},{\"@type\":\"WebSite\",\"@id\":\"https:\\\/\\\/fmgente.com.ar\\\/web\\\/#website\",\"url\":\"https:\\\/\\\/fmgente.com.ar\\\/web\\\/\",\"name\":\"Fm Gente\",\"description\":\"- Jes\u00fas Mar\u00eda\",\"publisher\":{\"@id\":\"https:\\\/\\\/fmgente.com.ar\\\/web\\\/#organization\"},\"potentialAction\":[{\"@type\":\"SearchAction\",\"target\":{\"@type\":\"EntryPoint\",\"urlTemplate\":\"https:\\\/\\\/fmgente.com.ar\\\/web\\\/?s={search_term_string}\"},\"query-input\":{\"@type\":\"PropertyValueSpecification\",\"valueRequired\":true,\"valueName\":\"search_term_string\"}}],\"inLanguage\":\"es\"},{\"@type\":\"Organization\",\"@id\":\"https:\\\/\\\/fmgente.com.ar\\\/web\\\/#organization\",\"name\":\"Fm Gente\",\"url\":\"https:\\\/\\\/fmgente.com.ar\\\/web\\\/\",\"logo\":{\"@type\":\"ImageObject\",\"inLanguage\":\"es\",\"@id\":\"https:\\\/\\\/fmgente.com.ar\\\/web\\\/#\\\/schema\\\/logo\\\/image\\\/\",\"url\":\"https:\\\/\\\/fmgente.com.ar\\\/web\\\/wp-content\\\/uploads\\\/2023\\\/07\\\/cropped-cropped-logo-sombra2.png\",\"contentUrl\":\"https:\\\/\\\/fmgente.com.ar\\\/web\\\/wp-content\\\/uploads\\\/2023\\\/07\\\/cropped-cropped-logo-sombra2.png\",\"width\":1782,\"height\":1782,\"caption\":\"Fm Gente\"},\"image\":{\"@id\":\"https:\\\/\\\/fmgente.com.ar\\\/web\\\/#\\\/schema\\\/logo\\\/image\\\/\"}}]}<\/script>\n<!-- \/ Yoast SEO plugin. -->","yoast_head_json":{"title":"Quinteros explot\u00f3 tras la derrota de Independiente: cr\u00edticas a Riestra, al arbitraje y al VAR - Fm Gente","robots":{"index":"index","follow":"follow","max-snippet":"max-snippet:-1","max-image-preview":"max-image-preview:large","max-video-preview":"max-video-preview:-1"},"canonical":"https:\/\/fmgente.com.ar\/web\/quinteros-exploto-tras-la-derrota-de-independiente-criticas-a-riestra-al-arbitraje-y-al-var\/","og_locale":"es_ES","og_type":"article","og_title":"Quinteros explot\u00f3 tras la derrota de Independiente: cr\u00edticas a Riestra, al arbitraje y al VAR - Fm Gente","og_description":"Buenos Aires, 24 Abril (NA) \u2013 El entrenador de Independiente, Gustavo Quinteros, expres\u00f3 su bronca","og_url":"https:\/\/fmgente.com.ar\/web\/quinteros-exploto-tras-la-derrota-de-independiente-criticas-a-riestra-al-arbitraje-y-al-var\/","og_site_name":"Fm Gente","article_published_time":"2026-04-25T03:07:36+00:00","twitter_card":"summary_large_image","twitter_misc":{"Tiempo de lectura":"2 minutos"},"schema":{"@context":"https:\/\/schema.org","@graph":[{"@type":"Article","@id":"https:\/\/fmgente.com.ar\/web\/quinteros-exploto-tras-la-derrota-de-independiente-criticas-a-riestra-al-arbitraje-y-al-var\/#article","isPartOf":{"@id":"https:\/\/fmgente.com.ar\/web\/quinteros-exploto-tras-la-derrota-de-independiente-criticas-a-riestra-al-arbitraje-y-al-var\/"},"author":{"name":"","@id":""},"headline":"Quinteros explot\u00f3 tras la derrota de Independiente: cr\u00edticas a Riestra, al arbitraje y al VAR","datePublished":"2026-04-25T03:07:36+00:00","mainEntityOfPage":{"@id":"https:\/\/fmgente.com.ar\/web\/quinteros-exploto-tras-la-derrota-de-independiente-criticas-a-riestra-al-arbitraje-y-al-var\/"},"wordCount":379,"publisher":{"@id":"https:\/\/fmgente.com.ar\/web\/#organization"},"image":{"@id":"https:\/\/fmgente.com.ar\/web\/quinteros-exploto-tras-la-derrota-de-independiente-criticas-a-riestra-al-arbitraje-y-al-var\/#primaryimage"},"thumbnailUrl":"https:\/\/fmgente.com.ar\/web\/wp-content\/uploads\/2026\/04\/720-1264.jpeg","articleSection":["REGIONALES"],"inLanguage":"es"},{"@type":"WebPage","@id":"https:\/\/fmgente.com.ar\/web\/quinteros-exploto-tras-la-derrota-de-independiente-criticas-a-riestra-al-arbitraje-y-al-var\/","url":"https:\/\/fmgente.com.ar\/web\/quinteros-exploto-tras-la-derrota-de-independiente-criticas-a-riestra-al-arbitraje-y-al-var\/","name":"Quinteros explot\u00f3 tras la derrota de Independiente: cr\u00edticas a Riestra, al arbitraje y al VAR - Fm Gente","isPartOf":{"@id":"https:\/\/fmgente.com.ar\/web\/#website"},"primaryImageOfPage":{"@id":"https:\/\/fmgente.com.ar\/web\/quinteros-exploto-tras-la-derrota-de-independiente-criticas-a-riestra-al-arbitraje-y-al-var\/#primaryimage"},"image":{"@id":"https:\/\/fmgente.com.ar\/web\/quinteros-exploto-tras-la-derrota-de-independiente-criticas-a-riestra-al-arbitraje-y-al-var\/#primaryimage"},"thumbnailUrl":"https:\/\/fmgente.com.ar\/web\/wp-content\/uploads\/2026\/04\/720-1264.jpeg","datePublished":"2026-04-25T03:07:36+00:00","inLanguage":"es","potentialAction":[{"@type":"ReadAction","target":["https:\/\/fmgente.com.ar\/web\/quinteros-exploto-tras-la-derrota-de-independiente-criticas-a-riestra-al-arbitraje-y-al-var\/"]}]},{"@type":"ImageObject","inLanguage":"es","@id":"https:\/\/fmgente.com.ar\/web\/quinteros-exploto-tras-la-derrota-de-independiente-criticas-a-riestra-al-arbitraje-y-al-var\/#primaryimage","url":"https:\/\/fmgente.com.ar\/web\/wp-content\/uploads\/2026\/04\/720-1264.jpeg","contentUrl":"https:\/\/fmgente.com.ar\/web\/wp-content\/uploads\/2026\/04\/720-1264.jpeg","width":960,"height":720},{"@type":"WebSite","@id":"https:\/\/fmgente.com.ar\/web\/#website","url":"https:\/\/fmgente.com.ar\/web\/","name":"Fm Gente","description":"- Jes\u00fas Mar\u00eda","publisher":{"@id":"https:\/\/fmgente.com.ar\/web\/#organization"},"potentialAction":[{"@type":"SearchAction","target":{"@type":"EntryPoint","urlTemplate":"https:\/\/fmgente.com.ar\/web\/?s={search_term_string}"},"query-input":{"@type":"PropertyValueSpecification","valueRequired":true,"valueName":"search_term_string"}}],"inLanguage":"es"},{"@type":"Organization","@id":"https:\/\/fmgente.com.ar\/web\/#organization","name":"Fm Gente","url":"https:\/\/fmgente.com.ar\/web\/","logo":{"@type":"ImageObject","inLanguage":"es","@id":"https:\/\/fmgente.com.ar\/web\/#\/schema\/logo\/image\/","url":"https:\/\/fmgente.com.ar\/web\/wp-content\/uploads\/2023\/07\/cropped-cropped-logo-sombra2.png","contentUrl":"https:\/\/fmgente.com.ar\/web\/wp-content\/uploads\/2023\/07\/cropped-cropped-logo-sombra2.png","width":1782,"height":1782,"caption":"Fm Gente"},"image":{"@id":"https:\/\/fmgente.com.ar\/web\/#\/schema\/logo\/image\/"}}]}},"_links":{"self":[{"href":"https:\/\/fmgente.com.ar\/web\/wp-json\/wp\/v2\/posts\/20652","targetHints":{"allow":["GET"]}}],"collection":[{"href":"https:\/\/fmgente.com.ar\/web\/wp-json\/wp\/v2\/posts"}],"about":[{"href":"https:\/\/fmgente.com.ar\/web\/wp-json\/wp\/v2\/types\/post"}],"replies":[{"embeddable":true,"href":"https:\/\/fmgente.com.ar\/web\/wp-json\/wp\/v2\/comments?post=20652"}],"version-history":[{"count":0,"href":"https:\/\/fmgente.com.ar\/web\/wp-json\/wp\/v2\/posts\/20652\/revisions"}],"wp:featuredmedia":[{"embeddable":true,"href":"https:\/\/fmgente.com.ar\/web\/wp-json\/wp\/v2\/media\/20653"}],"wp:attachment":[{"href":"https:\/\/fmgente.com.ar\/web\/wp-json\/wp\/v2\/media?parent=20652"}],"wp:term":[{"taxonomy":"category","embeddable":true,"href":"https:\/\/fmgente.com.ar\/web\/wp-json\/wp\/v2\/categories?post=20652"},{"taxonomy":"post_tag","embeddable":true,"href":"https:\/\/fmgente.com.ar\/web\/wp-json\/wp\/v2\/tags?post=20652"}],"curies":[{"name":"wp","href":"https:\/\/api.w.org\/{rel}","templated":true}]}}