{"id":20638,"date":"2026-04-24T23:06:03","date_gmt":"2026-04-25T02:06:03","guid":{"rendered":"https:\/\/fmgente.com.ar\/web\/river-se-prepara-para-recibir-a-aldosivi-con-otra-ausencia-fuerte-de-castano-y-una-sorpresa-juvenil\/"},"modified":"2026-04-24T23:06:03","modified_gmt":"2026-04-25T02:06:03","slug":"river-se-prepara-para-recibir-a-aldosivi-con-otra-ausencia-fuerte-de-castano-y-una-sorpresa-juvenil","status":"publish","type":"post","link":"https:\/\/fmgente.com.ar\/web\/river-se-prepara-para-recibir-a-aldosivi-con-otra-ausencia-fuerte-de-castano-y-una-sorpresa-juvenil\/","title":{"rendered":"River se prepara para recibir a Aldosivi con otra ausencia fuerte de Casta\u00f1o y una sorpresa juvenil"},"content":{"rendered":"<p>Buenos Aires, 24 Abril (NA) \u2013 River recibir\u00e1 este s\u00e1bado a Aldosivi, desde las 21.30 en el estadio Monumental, por la decimosexta fecha del Torneo Apertura, con una lista de convocados que dej\u00f3 dos se\u00f1ales claras del momento que atraviesa el plantel: la nueva ausencia de Kevin Casta\u00f1o y la aparici\u00f3n del juvenil Lucas Silva.<\/p>\n<p>Seg\u00fan supo la Agencia Noticias Argentinas, el entrenador Eduardo Coudet defini\u00f3 la n\u00f3mina para enfrentar al equipo marplatense y volvi\u00f3 a prescindir de Casta\u00f1o por segundo partido consecutivo, luego de que el colombiano tampoco estuviera citado en el Supercl\u00e1sico ante Boca.<\/p>\n<p>La decisi\u00f3n llama la atenci\u00f3n porque River todav\u00eda no cuenta con Fausto Vera, quien contin\u00faa recuper\u00e1ndose de su lesi\u00f3n, y porque Casta\u00f1o hab\u00eda llegado como una alternativa importante para la mitad de la cancha. Sin embargo, desde la llegada de Coudet apenas acumul\u00f3 67 minutos en tres partidos, con una sola titularidad en el a\u00f1o.<\/p>\n<p>En contrapartida, la gran novedad de la convocatoria es Lucas Silva, volante central de 19 a\u00f1os que fue promovido esta semana a Primera y que podr\u00eda tener su primera chance con el plantel profesional. El juvenil, oriundo de La Dulce, lleg\u00f3 al club en 2016 y forma parte de la lista de buena fe para la Copa Sudamericana.<\/p>\n<p>Silva, que ven\u00eda siendo observado por el cuerpo t\u00e9cnico desde la mini pretemporada realizada en Cardales, aparece como una opci\u00f3n m\u00e1s para una zona del campo en la que Coudet todav\u00eda busca variantes, sobre todo por las bajas y los rendimientos irregulares.<\/p>\n<p>Adem\u00e1s de Casta\u00f1o, tampoco fueron convocados Sebasti\u00e1n Driussi y Fausto Vera, ambos lesionados. En tanto, Franco Armani y Maximiliano Meza ya recibieron el alta m\u00e9dica, pero contin\u00faan con su puesta a punto f\u00edsica y futbol\u00edstica, por lo que podr\u00edan reaparecer en la pr\u00f3xima fecha ante Atl\u00e9tico Tucum\u00e1n.<\/p>\n<p>La posible formaci\u00f3n de River para enfrentar a Aldosivi ser\u00eda con Santiago Beltr\u00e1n; Gonzalo Montiel, Lucas Mart\u00ednez Quarta o Germ\u00e1n Pezzella, Lautaro Rivero, Marcos Acu\u00f1a; An\u00edbal Moreno, Juan Cruz Meza, Tom\u00e1s Galv\u00e1n; Ian Subiabre o Kendry P\u00e1ez, Facundo Colidio y Maximiliano Salas.<\/p>\n<p>#AgenciaNA<\/p>\n","protected":false},"excerpt":{"rendered":"<p>Buenos Aires, 24 Abril (NA) \u2013 River recibir\u00e1 este s\u00e1bado a Aldosivi, desde las 21.30<\/p>\n","protected":false},"author":0,"featured_media":20639,"comment_status":"","ping_status":"","sticky":false,"template":"","format":"standard","meta":{"footnotes":""},"categories":[1],"tags":[],"class_list":["post-20638","post","type-post","status-publish","format-standard","has-post-thumbnail","hentry","category-regionales"],"yoast_head":"<!-- This site is optimized with the Yoast SEO plugin v27.4 - https:\/\/yoast.com\/product\/yoast-seo-wordpress\/ -->\n<title>River se prepara para recibir a Aldosivi con otra ausencia fuerte de Casta\u00f1o y una sorpresa juvenil - Fm Gente<\/title>\n<meta name=\"robots\" content=\"index, follow, max-snippet:-1, max-image-preview:large, max-video-preview:-1\" \/>\n<link rel=\"canonical\" href=\"https:\/\/fmgente.com.ar\/web\/river-se-prepara-para-recibir-a-aldosivi-con-otra-ausencia-fuerte-de-castano-y-una-sorpresa-juvenil\/\" \/>\n<meta property=\"og:locale\" content=\"es_ES\" \/>\n<meta property=\"og:type\" content=\"article\" \/>\n<meta property=\"og:title\" content=\"River se prepara para recibir a Aldosivi con otra ausencia fuerte de Casta\u00f1o y una sorpresa juvenil - Fm Gente\" \/>\n<meta property=\"og:description\" content=\"Buenos Aires, 24 Abril (NA) \u2013 River recibir\u00e1 este s\u00e1bado a Aldosivi, desde las 21.30\" \/>\n<meta property=\"og:url\" content=\"https:\/\/fmgente.com.ar\/web\/river-se-prepara-para-recibir-a-aldosivi-con-otra-ausencia-fuerte-de-castano-y-una-sorpresa-juvenil\/\" \/>\n<meta property=\"og:site_name\" content=\"Fm Gente\" \/>\n<meta property=\"article:published_time\" content=\"2026-04-25T02:06:03+00:00\" \/>\n<meta name=\"twitter:card\" content=\"summary_large_image\" \/>\n<meta name=\"twitter:label1\" content=\"Tiempo de lectura\" \/>\n\t<meta name=\"twitter:data1\" content=\"2 minutos\" \/>\n<script type=\"application\/ld+json\" class=\"yoast-schema-graph\">{\"@context\":\"https:\\\/\\\/schema.org\",\"@graph\":[{\"@type\":\"Article\",\"@id\":\"https:\\\/\\\/fmgente.com.ar\\\/web\\\/river-se-prepara-para-recibir-a-aldosivi-con-otra-ausencia-fuerte-de-castano-y-una-sorpresa-juvenil\\\/#article\",\"isPartOf\":{\"@id\":\"https:\\\/\\\/fmgente.com.ar\\\/web\\\/river-se-prepara-para-recibir-a-aldosivi-con-otra-ausencia-fuerte-de-castano-y-una-sorpresa-juvenil\\\/\"},\"author\":{\"name\":\"\",\"@id\":\"\"},\"headline\":\"River se prepara para recibir a Aldosivi con otra ausencia fuerte de Casta\u00f1o y una sorpresa juvenil\",\"datePublished\":\"2026-04-25T02:06:03+00:00\",\"mainEntityOfPage\":{\"@id\":\"https:\\\/\\\/fmgente.com.ar\\\/web\\\/river-se-prepara-para-recibir-a-aldosivi-con-otra-ausencia-fuerte-de-castano-y-una-sorpresa-juvenil\\\/\"},\"wordCount\":398,\"publisher\":{\"@id\":\"https:\\\/\\\/fmgente.com.ar\\\/web\\\/#organization\"},\"image\":{\"@id\":\"https:\\\/\\\/fmgente.com.ar\\\/web\\\/river-se-prepara-para-recibir-a-aldosivi-con-otra-ausencia-fuerte-de-castano-y-una-sorpresa-juvenil\\\/#primaryimage\"},\"thumbnailUrl\":\"https:\\\/\\\/fmgente.com.ar\\\/web\\\/wp-content\\\/uploads\\\/2026\\\/04\\\/720-1257.jpeg\",\"articleSection\":[\"REGIONALES\"],\"inLanguage\":\"es\"},{\"@type\":\"WebPage\",\"@id\":\"https:\\\/\\\/fmgente.com.ar\\\/web\\\/river-se-prepara-para-recibir-a-aldosivi-con-otra-ausencia-fuerte-de-castano-y-una-sorpresa-juvenil\\\/\",\"url\":\"https:\\\/\\\/fmgente.com.ar\\\/web\\\/river-se-prepara-para-recibir-a-aldosivi-con-otra-ausencia-fuerte-de-castano-y-una-sorpresa-juvenil\\\/\",\"name\":\"River se prepara para recibir a Aldosivi con otra ausencia fuerte de Casta\u00f1o y una sorpresa juvenil - Fm Gente\",\"isPartOf\":{\"@id\":\"https:\\\/\\\/fmgente.com.ar\\\/web\\\/#website\"},\"primaryImageOfPage\":{\"@id\":\"https:\\\/\\\/fmgente.com.ar\\\/web\\\/river-se-prepara-para-recibir-a-aldosivi-con-otra-ausencia-fuerte-de-castano-y-una-sorpresa-juvenil\\\/#primaryimage\"},\"image\":{\"@id\":\"https:\\\/\\\/fmgente.com.ar\\\/web\\\/river-se-prepara-para-recibir-a-aldosivi-con-otra-ausencia-fuerte-de-castano-y-una-sorpresa-juvenil\\\/#primaryimage\"},\"thumbnailUrl\":\"https:\\\/\\\/fmgente.com.ar\\\/web\\\/wp-content\\\/uploads\\\/2026\\\/04\\\/720-1257.jpeg\",\"datePublished\":\"2026-04-25T02:06:03+00:00\",\"inLanguage\":\"es\",\"potentialAction\":[{\"@type\":\"ReadAction\",\"target\":[\"https:\\\/\\\/fmgente.com.ar\\\/web\\\/river-se-prepara-para-recibir-a-aldosivi-con-otra-ausencia-fuerte-de-castano-y-una-sorpresa-juvenil\\\/\"]}]},{\"@type\":\"ImageObject\",\"inLanguage\":\"es\",\"@id\":\"https:\\\/\\\/fmgente.com.ar\\\/web\\\/river-se-prepara-para-recibir-a-aldosivi-con-otra-ausencia-fuerte-de-castano-y-una-sorpresa-juvenil\\\/#primaryimage\",\"url\":\"https:\\\/\\\/fmgente.com.ar\\\/web\\\/wp-content\\\/uploads\\\/2026\\\/04\\\/720-1257.jpeg\",\"contentUrl\":\"https:\\\/\\\/fmgente.com.ar\\\/web\\\/wp-content\\\/uploads\\\/2026\\\/04\\\/720-1257.jpeg\",\"width\":843,\"height\":720},{\"@type\":\"WebSite\",\"@id\":\"https:\\\/\\\/fmgente.com.ar\\\/web\\\/#website\",\"url\":\"https:\\\/\\\/fmgente.com.ar\\\/web\\\/\",\"name\":\"Fm Gente\",\"description\":\"- Jes\u00fas Mar\u00eda\",\"publisher\":{\"@id\":\"https:\\\/\\\/fmgente.com.ar\\\/web\\\/#organization\"},\"potentialAction\":[{\"@type\":\"SearchAction\",\"target\":{\"@type\":\"EntryPoint\",\"urlTemplate\":\"https:\\\/\\\/fmgente.com.ar\\\/web\\\/?s={search_term_string}\"},\"query-input\":{\"@type\":\"PropertyValueSpecification\",\"valueRequired\":true,\"valueName\":\"search_term_string\"}}],\"inLanguage\":\"es\"},{\"@type\":\"Organization\",\"@id\":\"https:\\\/\\\/fmgente.com.ar\\\/web\\\/#organization\",\"name\":\"Fm Gente\",\"url\":\"https:\\\/\\\/fmgente.com.ar\\\/web\\\/\",\"logo\":{\"@type\":\"ImageObject\",\"inLanguage\":\"es\",\"@id\":\"https:\\\/\\\/fmgente.com.ar\\\/web\\\/#\\\/schema\\\/logo\\\/image\\\/\",\"url\":\"https:\\\/\\\/fmgente.com.ar\\\/web\\\/wp-content\\\/uploads\\\/2023\\\/07\\\/cropped-cropped-logo-sombra2.png\",\"contentUrl\":\"https:\\\/\\\/fmgente.com.ar\\\/web\\\/wp-content\\\/uploads\\\/2023\\\/07\\\/cropped-cropped-logo-sombra2.png\",\"width\":1782,\"height\":1782,\"caption\":\"Fm Gente\"},\"image\":{\"@id\":\"https:\\\/\\\/fmgente.com.ar\\\/web\\\/#\\\/schema\\\/logo\\\/image\\\/\"}}]}<\/script>\n<!-- \/ Yoast SEO plugin. -->","yoast_head_json":{"title":"River se prepara para recibir a Aldosivi con otra ausencia fuerte de Casta\u00f1o y una sorpresa juvenil - Fm Gente","robots":{"index":"index","follow":"follow","max-snippet":"max-snippet:-1","max-image-preview":"max-image-preview:large","max-video-preview":"max-video-preview:-1"},"canonical":"https:\/\/fmgente.com.ar\/web\/river-se-prepara-para-recibir-a-aldosivi-con-otra-ausencia-fuerte-de-castano-y-una-sorpresa-juvenil\/","og_locale":"es_ES","og_type":"article","og_title":"River se prepara para recibir a Aldosivi con otra ausencia fuerte de Casta\u00f1o y una sorpresa juvenil - Fm Gente","og_description":"Buenos Aires, 24 Abril (NA) \u2013 River recibir\u00e1 este s\u00e1bado a Aldosivi, desde las 21.30","og_url":"https:\/\/fmgente.com.ar\/web\/river-se-prepara-para-recibir-a-aldosivi-con-otra-ausencia-fuerte-de-castano-y-una-sorpresa-juvenil\/","og_site_name":"Fm Gente","article_published_time":"2026-04-25T02:06:03+00:00","twitter_card":"summary_large_image","twitter_misc":{"Tiempo de lectura":"2 minutos"},"schema":{"@context":"https:\/\/schema.org","@graph":[{"@type":"Article","@id":"https:\/\/fmgente.com.ar\/web\/river-se-prepara-para-recibir-a-aldosivi-con-otra-ausencia-fuerte-de-castano-y-una-sorpresa-juvenil\/#article","isPartOf":{"@id":"https:\/\/fmgente.com.ar\/web\/river-se-prepara-para-recibir-a-aldosivi-con-otra-ausencia-fuerte-de-castano-y-una-sorpresa-juvenil\/"},"author":{"name":"","@id":""},"headline":"River se prepara para recibir a Aldosivi con otra ausencia fuerte de Casta\u00f1o y una sorpresa juvenil","datePublished":"2026-04-25T02:06:03+00:00","mainEntityOfPage":{"@id":"https:\/\/fmgente.com.ar\/web\/river-se-prepara-para-recibir-a-aldosivi-con-otra-ausencia-fuerte-de-castano-y-una-sorpresa-juvenil\/"},"wordCount":398,"publisher":{"@id":"https:\/\/fmgente.com.ar\/web\/#organization"},"image":{"@id":"https:\/\/fmgente.com.ar\/web\/river-se-prepara-para-recibir-a-aldosivi-con-otra-ausencia-fuerte-de-castano-y-una-sorpresa-juvenil\/#primaryimage"},"thumbnailUrl":"https:\/\/fmgente.com.ar\/web\/wp-content\/uploads\/2026\/04\/720-1257.jpeg","articleSection":["REGIONALES"],"inLanguage":"es"},{"@type":"WebPage","@id":"https:\/\/fmgente.com.ar\/web\/river-se-prepara-para-recibir-a-aldosivi-con-otra-ausencia-fuerte-de-castano-y-una-sorpresa-juvenil\/","url":"https:\/\/fmgente.com.ar\/web\/river-se-prepara-para-recibir-a-aldosivi-con-otra-ausencia-fuerte-de-castano-y-una-sorpresa-juvenil\/","name":"River se prepara para recibir a Aldosivi con otra ausencia fuerte de Casta\u00f1o y una sorpresa juvenil - Fm Gente","isPartOf":{"@id":"https:\/\/fmgente.com.ar\/web\/#website"},"primaryImageOfPage":{"@id":"https:\/\/fmgente.com.ar\/web\/river-se-prepara-para-recibir-a-aldosivi-con-otra-ausencia-fuerte-de-castano-y-una-sorpresa-juvenil\/#primaryimage"},"image":{"@id":"https:\/\/fmgente.com.ar\/web\/river-se-prepara-para-recibir-a-aldosivi-con-otra-ausencia-fuerte-de-castano-y-una-sorpresa-juvenil\/#primaryimage"},"thumbnailUrl":"https:\/\/fmgente.com.ar\/web\/wp-content\/uploads\/2026\/04\/720-1257.jpeg","datePublished":"2026-04-25T02:06:03+00:00","inLanguage":"es","potentialAction":[{"@type":"ReadAction","target":["https:\/\/fmgente.com.ar\/web\/river-se-prepara-para-recibir-a-aldosivi-con-otra-ausencia-fuerte-de-castano-y-una-sorpresa-juvenil\/"]}]},{"@type":"ImageObject","inLanguage":"es","@id":"https:\/\/fmgente.com.ar\/web\/river-se-prepara-para-recibir-a-aldosivi-con-otra-ausencia-fuerte-de-castano-y-una-sorpresa-juvenil\/#primaryimage","url":"https:\/\/fmgente.com.ar\/web\/wp-content\/uploads\/2026\/04\/720-1257.jpeg","contentUrl":"https:\/\/fmgente.com.ar\/web\/wp-content\/uploads\/2026\/04\/720-1257.jpeg","width":843,"height":720},{"@type":"WebSite","@id":"https:\/\/fmgente.com.ar\/web\/#website","url":"https:\/\/fmgente.com.ar\/web\/","name":"Fm Gente","description":"- Jes\u00fas Mar\u00eda","publisher":{"@id":"https:\/\/fmgente.com.ar\/web\/#organization"},"potentialAction":[{"@type":"SearchAction","target":{"@type":"EntryPoint","urlTemplate":"https:\/\/fmgente.com.ar\/web\/?s={search_term_string}"},"query-input":{"@type":"PropertyValueSpecification","valueRequired":true,"valueName":"search_term_string"}}],"inLanguage":"es"},{"@type":"Organization","@id":"https:\/\/fmgente.com.ar\/web\/#organization","name":"Fm Gente","url":"https:\/\/fmgente.com.ar\/web\/","logo":{"@type":"ImageObject","inLanguage":"es","@id":"https:\/\/fmgente.com.ar\/web\/#\/schema\/logo\/image\/","url":"https:\/\/fmgente.com.ar\/web\/wp-content\/uploads\/2023\/07\/cropped-cropped-logo-sombra2.png","contentUrl":"https:\/\/fmgente.com.ar\/web\/wp-content\/uploads\/2023\/07\/cropped-cropped-logo-sombra2.png","width":1782,"height":1782,"caption":"Fm Gente"},"image":{"@id":"https:\/\/fmgente.com.ar\/web\/#\/schema\/logo\/image\/"}}]}},"_links":{"self":[{"href":"https:\/\/fmgente.com.ar\/web\/wp-json\/wp\/v2\/posts\/20638","targetHints":{"allow":["GET"]}}],"collection":[{"href":"https:\/\/fmgente.com.ar\/web\/wp-json\/wp\/v2\/posts"}],"about":[{"href":"https:\/\/fmgente.com.ar\/web\/wp-json\/wp\/v2\/types\/post"}],"replies":[{"embeddable":true,"href":"https:\/\/fmgente.com.ar\/web\/wp-json\/wp\/v2\/comments?post=20638"}],"version-history":[{"count":0,"href":"https:\/\/fmgente.com.ar\/web\/wp-json\/wp\/v2\/posts\/20638\/revisions"}],"wp:featuredmedia":[{"embeddable":true,"href":"https:\/\/fmgente.com.ar\/web\/wp-json\/wp\/v2\/media\/20639"}],"wp:attachment":[{"href":"https:\/\/fmgente.com.ar\/web\/wp-json\/wp\/v2\/media?parent=20638"}],"wp:term":[{"taxonomy":"category","embeddable":true,"href":"https:\/\/fmgente.com.ar\/web\/wp-json\/wp\/v2\/categories?post=20638"},{"taxonomy":"post_tag","embeddable":true,"href":"https:\/\/fmgente.com.ar\/web\/wp-json\/wp\/v2\/tags?post=20638"}],"curies":[{"name":"wp","href":"https:\/\/api.w.org\/{rel}","templated":true}]}}