{"id":20628,"date":"2026-04-24T22:05:10","date_gmt":"2026-04-25T01:05:10","guid":{"rendered":"https:\/\/fmgente.com.ar\/web\/el-planetario-le-da-la-bienvenida-a-franco-colapinto-y-la-ciudad-palpita-la-fiesta-de-la-f1\/"},"modified":"2026-04-24T22:05:10","modified_gmt":"2026-04-25T01:05:10","slug":"el-planetario-le-da-la-bienvenida-a-franco-colapinto-y-la-ciudad-palpita-la-fiesta-de-la-f1","status":"publish","type":"post","link":"https:\/\/fmgente.com.ar\/web\/el-planetario-le-da-la-bienvenida-a-franco-colapinto-y-la-ciudad-palpita-la-fiesta-de-la-f1\/","title":{"rendered":"El Planetario le da la bienvenida a Franco Colapinto y la Ciudad palpita la fiesta de la F1"},"content":{"rendered":"<p>Buenos Aires, 24 Abril (NA) \u2013 La Ciudad ya palpita la gran fiesta de la F\u00f3rmula 1 que se vivir\u00e1 este fin de semana en Palermo: desde hoy y hasta la noche del domingo el Planetario se ilumina con los colores celeste, blanco y rosa del casco que usa Franco Colapinto, con la leyenda \u201cBienvenido Franco a la ciudad m\u00e1s linda del mundo\u201d y el n\u00famero 43 que lo caracteriza.<\/p>\n<p>El domingo, cuando acelere su monoplaza con motor V8, el piloto de la escuder\u00eda Alpine se convertir\u00e1 en el primer argentino en manejar un F1 por las calles porte\u00f1as. La exhibici\u00f3n marcar\u00e1 el regreso de la m\u00e1xima categor\u00eda del automovilismo mundial a la Ciudad despu\u00e9s de 14 a\u00f1os.<\/p>\n<p>\u201cEn Palermo vamos a vivir la pasi\u00f3n por Franco y por los fierros en la ciudad m\u00e1s linda del mundo. Estamos atr\u00e1s de un sue\u00f1o, queremos que vuelva la F\u00f3rmula 1. El domingo la vamos a sentir en las calles\u201d, sostuvo el Jefe de Gobierno, Jorge Macri.<\/p>\n<p>Desde las 9, los vecinos y turistas podr\u00e1n ingresar al circuito: el Road Show se har\u00e1 en la Avenida del Libertador, entre Bullrich y Casares\/Ugarteche, y en la Avenida Sarmiento, entre Avenida del Libertador y Figueroa Alcorta, pasando por el Monumento a los Espa\u00f1oles, en Palermo.<\/p>\n<p>#AgenciaNA<\/p>\n","protected":false},"excerpt":{"rendered":"<p>Buenos Aires, 24 Abril (NA) \u2013 La Ciudad ya palpita la gran fiesta de la<\/p>\n","protected":false},"author":0,"featured_media":20629,"comment_status":"","ping_status":"","sticky":false,"template":"","format":"standard","meta":{"footnotes":""},"categories":[1],"tags":[],"class_list":["post-20628","post","type-post","status-publish","format-standard","has-post-thumbnail","hentry","category-regionales"],"yoast_head":"<!-- This site is optimized with the Yoast SEO plugin v27.4 - https:\/\/yoast.com\/product\/yoast-seo-wordpress\/ -->\n<title>El Planetario le da la bienvenida a Franco Colapinto y la Ciudad palpita la fiesta de la F1 - Fm Gente<\/title>\n<meta name=\"robots\" content=\"index, follow, max-snippet:-1, max-image-preview:large, max-video-preview:-1\" \/>\n<link rel=\"canonical\" href=\"https:\/\/fmgente.com.ar\/web\/el-planetario-le-da-la-bienvenida-a-franco-colapinto-y-la-ciudad-palpita-la-fiesta-de-la-f1\/\" \/>\n<meta property=\"og:locale\" content=\"es_ES\" \/>\n<meta property=\"og:type\" content=\"article\" \/>\n<meta property=\"og:title\" content=\"El Planetario le da la bienvenida a Franco Colapinto y la Ciudad palpita la fiesta de la F1 - Fm Gente\" \/>\n<meta property=\"og:description\" content=\"Buenos Aires, 24 Abril (NA) \u2013 La Ciudad ya palpita la gran fiesta de la\" \/>\n<meta property=\"og:url\" content=\"https:\/\/fmgente.com.ar\/web\/el-planetario-le-da-la-bienvenida-a-franco-colapinto-y-la-ciudad-palpita-la-fiesta-de-la-f1\/\" \/>\n<meta property=\"og:site_name\" content=\"Fm Gente\" \/>\n<meta property=\"article:published_time\" content=\"2026-04-25T01:05:10+00:00\" \/>\n<meta name=\"twitter:card\" content=\"summary_large_image\" \/>\n<meta name=\"twitter:label1\" content=\"Tiempo de lectura\" \/>\n\t<meta name=\"twitter:data1\" content=\"1 minuto\" \/>\n<script type=\"application\/ld+json\" class=\"yoast-schema-graph\">{\"@context\":\"https:\\\/\\\/schema.org\",\"@graph\":[{\"@type\":\"Article\",\"@id\":\"https:\\\/\\\/fmgente.com.ar\\\/web\\\/el-planetario-le-da-la-bienvenida-a-franco-colapinto-y-la-ciudad-palpita-la-fiesta-de-la-f1\\\/#article\",\"isPartOf\":{\"@id\":\"https:\\\/\\\/fmgente.com.ar\\\/web\\\/el-planetario-le-da-la-bienvenida-a-franco-colapinto-y-la-ciudad-palpita-la-fiesta-de-la-f1\\\/\"},\"author\":{\"name\":\"\",\"@id\":\"\"},\"headline\":\"El Planetario le da la bienvenida a Franco Colapinto y la Ciudad palpita la fiesta de la F1\",\"datePublished\":\"2026-04-25T01:05:10+00:00\",\"mainEntityOfPage\":{\"@id\":\"https:\\\/\\\/fmgente.com.ar\\\/web\\\/el-planetario-le-da-la-bienvenida-a-franco-colapinto-y-la-ciudad-palpita-la-fiesta-de-la-f1\\\/\"},\"wordCount\":241,\"publisher\":{\"@id\":\"https:\\\/\\\/fmgente.com.ar\\\/web\\\/#organization\"},\"image\":{\"@id\":\"https:\\\/\\\/fmgente.com.ar\\\/web\\\/el-planetario-le-da-la-bienvenida-a-franco-colapinto-y-la-ciudad-palpita-la-fiesta-de-la-f1\\\/#primaryimage\"},\"thumbnailUrl\":\"https:\\\/\\\/fmgente.com.ar\\\/web\\\/wp-content\\\/uploads\\\/2026\\\/04\\\/720-1252.jpeg\",\"articleSection\":[\"REGIONALES\"],\"inLanguage\":\"es\"},{\"@type\":\"WebPage\",\"@id\":\"https:\\\/\\\/fmgente.com.ar\\\/web\\\/el-planetario-le-da-la-bienvenida-a-franco-colapinto-y-la-ciudad-palpita-la-fiesta-de-la-f1\\\/\",\"url\":\"https:\\\/\\\/fmgente.com.ar\\\/web\\\/el-planetario-le-da-la-bienvenida-a-franco-colapinto-y-la-ciudad-palpita-la-fiesta-de-la-f1\\\/\",\"name\":\"El Planetario le da la bienvenida a Franco Colapinto y la Ciudad palpita la fiesta de la F1 - Fm Gente\",\"isPartOf\":{\"@id\":\"https:\\\/\\\/fmgente.com.ar\\\/web\\\/#website\"},\"primaryImageOfPage\":{\"@id\":\"https:\\\/\\\/fmgente.com.ar\\\/web\\\/el-planetario-le-da-la-bienvenida-a-franco-colapinto-y-la-ciudad-palpita-la-fiesta-de-la-f1\\\/#primaryimage\"},\"image\":{\"@id\":\"https:\\\/\\\/fmgente.com.ar\\\/web\\\/el-planetario-le-da-la-bienvenida-a-franco-colapinto-y-la-ciudad-palpita-la-fiesta-de-la-f1\\\/#primaryimage\"},\"thumbnailUrl\":\"https:\\\/\\\/fmgente.com.ar\\\/web\\\/wp-content\\\/uploads\\\/2026\\\/04\\\/720-1252.jpeg\",\"datePublished\":\"2026-04-25T01:05:10+00:00\",\"inLanguage\":\"es\",\"potentialAction\":[{\"@type\":\"ReadAction\",\"target\":[\"https:\\\/\\\/fmgente.com.ar\\\/web\\\/el-planetario-le-da-la-bienvenida-a-franco-colapinto-y-la-ciudad-palpita-la-fiesta-de-la-f1\\\/\"]}]},{\"@type\":\"ImageObject\",\"inLanguage\":\"es\",\"@id\":\"https:\\\/\\\/fmgente.com.ar\\\/web\\\/el-planetario-le-da-la-bienvenida-a-franco-colapinto-y-la-ciudad-palpita-la-fiesta-de-la-f1\\\/#primaryimage\",\"url\":\"https:\\\/\\\/fmgente.com.ar\\\/web\\\/wp-content\\\/uploads\\\/2026\\\/04\\\/720-1252.jpeg\",\"contentUrl\":\"https:\\\/\\\/fmgente.com.ar\\\/web\\\/wp-content\\\/uploads\\\/2026\\\/04\\\/720-1252.jpeg\",\"width\":540,\"height\":720},{\"@type\":\"WebSite\",\"@id\":\"https:\\\/\\\/fmgente.com.ar\\\/web\\\/#website\",\"url\":\"https:\\\/\\\/fmgente.com.ar\\\/web\\\/\",\"name\":\"Fm Gente\",\"description\":\"- Jes\u00fas Mar\u00eda\",\"publisher\":{\"@id\":\"https:\\\/\\\/fmgente.com.ar\\\/web\\\/#organization\"},\"potentialAction\":[{\"@type\":\"SearchAction\",\"target\":{\"@type\":\"EntryPoint\",\"urlTemplate\":\"https:\\\/\\\/fmgente.com.ar\\\/web\\\/?s={search_term_string}\"},\"query-input\":{\"@type\":\"PropertyValueSpecification\",\"valueRequired\":true,\"valueName\":\"search_term_string\"}}],\"inLanguage\":\"es\"},{\"@type\":\"Organization\",\"@id\":\"https:\\\/\\\/fmgente.com.ar\\\/web\\\/#organization\",\"name\":\"Fm Gente\",\"url\":\"https:\\\/\\\/fmgente.com.ar\\\/web\\\/\",\"logo\":{\"@type\":\"ImageObject\",\"inLanguage\":\"es\",\"@id\":\"https:\\\/\\\/fmgente.com.ar\\\/web\\\/#\\\/schema\\\/logo\\\/image\\\/\",\"url\":\"https:\\\/\\\/fmgente.com.ar\\\/web\\\/wp-content\\\/uploads\\\/2023\\\/07\\\/cropped-cropped-logo-sombra2.png\",\"contentUrl\":\"https:\\\/\\\/fmgente.com.ar\\\/web\\\/wp-content\\\/uploads\\\/2023\\\/07\\\/cropped-cropped-logo-sombra2.png\",\"width\":1782,\"height\":1782,\"caption\":\"Fm Gente\"},\"image\":{\"@id\":\"https:\\\/\\\/fmgente.com.ar\\\/web\\\/#\\\/schema\\\/logo\\\/image\\\/\"}}]}<\/script>\n<!-- \/ Yoast SEO plugin. -->","yoast_head_json":{"title":"El Planetario le da la bienvenida a Franco Colapinto y la Ciudad palpita la fiesta de la F1 - Fm Gente","robots":{"index":"index","follow":"follow","max-snippet":"max-snippet:-1","max-image-preview":"max-image-preview:large","max-video-preview":"max-video-preview:-1"},"canonical":"https:\/\/fmgente.com.ar\/web\/el-planetario-le-da-la-bienvenida-a-franco-colapinto-y-la-ciudad-palpita-la-fiesta-de-la-f1\/","og_locale":"es_ES","og_type":"article","og_title":"El Planetario le da la bienvenida a Franco Colapinto y la Ciudad palpita la fiesta de la F1 - Fm Gente","og_description":"Buenos Aires, 24 Abril (NA) \u2013 La Ciudad ya palpita la gran fiesta de la","og_url":"https:\/\/fmgente.com.ar\/web\/el-planetario-le-da-la-bienvenida-a-franco-colapinto-y-la-ciudad-palpita-la-fiesta-de-la-f1\/","og_site_name":"Fm Gente","article_published_time":"2026-04-25T01:05:10+00:00","twitter_card":"summary_large_image","twitter_misc":{"Tiempo de lectura":"1 minuto"},"schema":{"@context":"https:\/\/schema.org","@graph":[{"@type":"Article","@id":"https:\/\/fmgente.com.ar\/web\/el-planetario-le-da-la-bienvenida-a-franco-colapinto-y-la-ciudad-palpita-la-fiesta-de-la-f1\/#article","isPartOf":{"@id":"https:\/\/fmgente.com.ar\/web\/el-planetario-le-da-la-bienvenida-a-franco-colapinto-y-la-ciudad-palpita-la-fiesta-de-la-f1\/"},"author":{"name":"","@id":""},"headline":"El Planetario le da la bienvenida a Franco Colapinto y la Ciudad palpita la fiesta de la F1","datePublished":"2026-04-25T01:05:10+00:00","mainEntityOfPage":{"@id":"https:\/\/fmgente.com.ar\/web\/el-planetario-le-da-la-bienvenida-a-franco-colapinto-y-la-ciudad-palpita-la-fiesta-de-la-f1\/"},"wordCount":241,"publisher":{"@id":"https:\/\/fmgente.com.ar\/web\/#organization"},"image":{"@id":"https:\/\/fmgente.com.ar\/web\/el-planetario-le-da-la-bienvenida-a-franco-colapinto-y-la-ciudad-palpita-la-fiesta-de-la-f1\/#primaryimage"},"thumbnailUrl":"https:\/\/fmgente.com.ar\/web\/wp-content\/uploads\/2026\/04\/720-1252.jpeg","articleSection":["REGIONALES"],"inLanguage":"es"},{"@type":"WebPage","@id":"https:\/\/fmgente.com.ar\/web\/el-planetario-le-da-la-bienvenida-a-franco-colapinto-y-la-ciudad-palpita-la-fiesta-de-la-f1\/","url":"https:\/\/fmgente.com.ar\/web\/el-planetario-le-da-la-bienvenida-a-franco-colapinto-y-la-ciudad-palpita-la-fiesta-de-la-f1\/","name":"El Planetario le da la bienvenida a Franco Colapinto y la Ciudad palpita la fiesta de la F1 - Fm Gente","isPartOf":{"@id":"https:\/\/fmgente.com.ar\/web\/#website"},"primaryImageOfPage":{"@id":"https:\/\/fmgente.com.ar\/web\/el-planetario-le-da-la-bienvenida-a-franco-colapinto-y-la-ciudad-palpita-la-fiesta-de-la-f1\/#primaryimage"},"image":{"@id":"https:\/\/fmgente.com.ar\/web\/el-planetario-le-da-la-bienvenida-a-franco-colapinto-y-la-ciudad-palpita-la-fiesta-de-la-f1\/#primaryimage"},"thumbnailUrl":"https:\/\/fmgente.com.ar\/web\/wp-content\/uploads\/2026\/04\/720-1252.jpeg","datePublished":"2026-04-25T01:05:10+00:00","inLanguage":"es","potentialAction":[{"@type":"ReadAction","target":["https:\/\/fmgente.com.ar\/web\/el-planetario-le-da-la-bienvenida-a-franco-colapinto-y-la-ciudad-palpita-la-fiesta-de-la-f1\/"]}]},{"@type":"ImageObject","inLanguage":"es","@id":"https:\/\/fmgente.com.ar\/web\/el-planetario-le-da-la-bienvenida-a-franco-colapinto-y-la-ciudad-palpita-la-fiesta-de-la-f1\/#primaryimage","url":"https:\/\/fmgente.com.ar\/web\/wp-content\/uploads\/2026\/04\/720-1252.jpeg","contentUrl":"https:\/\/fmgente.com.ar\/web\/wp-content\/uploads\/2026\/04\/720-1252.jpeg","width":540,"height":720},{"@type":"WebSite","@id":"https:\/\/fmgente.com.ar\/web\/#website","url":"https:\/\/fmgente.com.ar\/web\/","name":"Fm Gente","description":"- Jes\u00fas Mar\u00eda","publisher":{"@id":"https:\/\/fmgente.com.ar\/web\/#organization"},"potentialAction":[{"@type":"SearchAction","target":{"@type":"EntryPoint","urlTemplate":"https:\/\/fmgente.com.ar\/web\/?s={search_term_string}"},"query-input":{"@type":"PropertyValueSpecification","valueRequired":true,"valueName":"search_term_string"}}],"inLanguage":"es"},{"@type":"Organization","@id":"https:\/\/fmgente.com.ar\/web\/#organization","name":"Fm Gente","url":"https:\/\/fmgente.com.ar\/web\/","logo":{"@type":"ImageObject","inLanguage":"es","@id":"https:\/\/fmgente.com.ar\/web\/#\/schema\/logo\/image\/","url":"https:\/\/fmgente.com.ar\/web\/wp-content\/uploads\/2023\/07\/cropped-cropped-logo-sombra2.png","contentUrl":"https:\/\/fmgente.com.ar\/web\/wp-content\/uploads\/2023\/07\/cropped-cropped-logo-sombra2.png","width":1782,"height":1782,"caption":"Fm Gente"},"image":{"@id":"https:\/\/fmgente.com.ar\/web\/#\/schema\/logo\/image\/"}}]}},"_links":{"self":[{"href":"https:\/\/fmgente.com.ar\/web\/wp-json\/wp\/v2\/posts\/20628","targetHints":{"allow":["GET"]}}],"collection":[{"href":"https:\/\/fmgente.com.ar\/web\/wp-json\/wp\/v2\/posts"}],"about":[{"href":"https:\/\/fmgente.com.ar\/web\/wp-json\/wp\/v2\/types\/post"}],"replies":[{"embeddable":true,"href":"https:\/\/fmgente.com.ar\/web\/wp-json\/wp\/v2\/comments?post=20628"}],"version-history":[{"count":0,"href":"https:\/\/fmgente.com.ar\/web\/wp-json\/wp\/v2\/posts\/20628\/revisions"}],"wp:featuredmedia":[{"embeddable":true,"href":"https:\/\/fmgente.com.ar\/web\/wp-json\/wp\/v2\/media\/20629"}],"wp:attachment":[{"href":"https:\/\/fmgente.com.ar\/web\/wp-json\/wp\/v2\/media?parent=20628"}],"wp:term":[{"taxonomy":"category","embeddable":true,"href":"https:\/\/fmgente.com.ar\/web\/wp-json\/wp\/v2\/categories?post=20628"},{"taxonomy":"post_tag","embeddable":true,"href":"https:\/\/fmgente.com.ar\/web\/wp-json\/wp\/v2\/tags?post=20628"}],"curies":[{"name":"wp","href":"https:\/\/api.w.org\/{rel}","templated":true}]}}