{"id":20606,"date":"2026-04-24T20:04:51","date_gmt":"2026-04-24T23:04:51","guid":{"rendered":"https:\/\/fmgente.com.ar\/web\/visite-al-cirujano-teto-medina-cuenta-como-es-enfrentar-el-diagnostico-de-cancer\/"},"modified":"2026-04-24T20:04:51","modified_gmt":"2026-04-24T23:04:51","slug":"visite-al-cirujano-teto-medina-cuenta-como-es-enfrentar-el-diagnostico-de-cancer","status":"publish","type":"post","link":"https:\/\/fmgente.com.ar\/web\/visite-al-cirujano-teto-medina-cuenta-como-es-enfrentar-el-diagnostico-de-cancer\/","title":{"rendered":"\u201cVisit\u00e9 al cirujano\u201d: \u201cTeto\u201d Medina cuenta c\u00f3mo es enfrentar el diagn\u00f3stico de c\u00e1ncer"},"content":{"rendered":"<p>Buenos Aires, 24 abril (NA) &#8212; El cantante \u201cTeto\u201d Medina revel\u00f3 que no necesitar\u00e1, al menos por este momento, realizarse una cirug\u00eda de h\u00edgado y detall\u00f3 c\u00f3mo se siente al atravesar un c\u00e1ncer de colon con met\u00e1stasis hep\u00e1tica.<\/p>\n<p>Seg\u00fan supo la Agencia Noticias Argentinas y tal como explic\u00f3 el artista en sus redes sociales, debi\u00f3 asistir al especialista: \u201cAyer visit\u00e9 al cirujano para ver si me operaba, porque una de las posibilidades era la cirug\u00eda de h\u00edgado, y realmente, con mucha alegr\u00eda recib\u00ed la noticia de que no es necesario\u201d.<\/p>\n<p>\u201cLa quimioterapia result\u00f3 muy bien en mi cuerpo porque hice caso. Cuando uno tiene muchos periodos de quimio, llega un momento en que ten\u00e9s ganas de comer o hacer cosas que ten\u00e9s prohibidas\u201d, destac\u00f3.<\/p>\n<p>Sin embargo, explic\u00f3: \u201cEstuve firme, hice caso, hice lo que hab\u00eda que hacer y realmente funcion\u00f3 bien. Ahora quedan 21 d\u00edas de inmunoterapia y ver c\u00f3mo sigue todo. Me tengo que cuidar, hacer caso y despu\u00e9s controlarme\u201d.<\/p>\n<p>\u201cEstoy contento y bien. Les quiero decir, a todos los que pasan por esto, que nos conectemos con los que se est\u00e1n curando, que salgamos de esa tan triste de cuando te dicen la palabra \u2018c\u00e1ncer\u2019 y nos conectemos con la actitud\u201d, a\u00f1adi\u00f3.<\/p>\n<p>\u201cSi acompa\u00f1\u00e1s a alguien que pase por esto, acompa\u00f1alo con buena onda porque es suficiente con lo que uno pasa porque la mala prensa que tiene todo esto. Salgamos de ah\u00ed, para m\u00ed es muy importante la reacci\u00f3n del otro\u201d, cerr\u00f3 el m\u00fasico.<\/p>\n<p> #AgenciaNA<\/p>\n","protected":false},"excerpt":{"rendered":"<p>Buenos Aires, 24 abril (NA) &#8212; El cantante \u201cTeto\u201d Medina revel\u00f3 que no necesitar\u00e1, al<\/p>\n","protected":false},"author":0,"featured_media":20607,"comment_status":"","ping_status":"","sticky":false,"template":"","format":"standard","meta":{"footnotes":""},"categories":[1],"tags":[],"class_list":["post-20606","post","type-post","status-publish","format-standard","has-post-thumbnail","hentry","category-regionales"],"yoast_head":"<!-- This site is optimized with the Yoast SEO plugin v27.4 - https:\/\/yoast.com\/product\/yoast-seo-wordpress\/ -->\n<title>\u201cVisit\u00e9 al cirujano\u201d: \u201cTeto\u201d Medina cuenta c\u00f3mo es enfrentar el diagn\u00f3stico de c\u00e1ncer - Fm Gente<\/title>\n<meta name=\"robots\" content=\"index, follow, max-snippet:-1, max-image-preview:large, max-video-preview:-1\" \/>\n<link rel=\"canonical\" href=\"https:\/\/fmgente.com.ar\/web\/visite-al-cirujano-teto-medina-cuenta-como-es-enfrentar-el-diagnostico-de-cancer\/\" \/>\n<meta property=\"og:locale\" content=\"es_ES\" \/>\n<meta property=\"og:type\" content=\"article\" \/>\n<meta property=\"og:title\" content=\"\u201cVisit\u00e9 al cirujano\u201d: \u201cTeto\u201d Medina cuenta c\u00f3mo es enfrentar el diagn\u00f3stico de c\u00e1ncer - Fm Gente\" \/>\n<meta property=\"og:description\" content=\"Buenos Aires, 24 abril (NA) &#8212; El cantante \u201cTeto\u201d Medina revel\u00f3 que no necesitar\u00e1, al\" \/>\n<meta property=\"og:url\" content=\"https:\/\/fmgente.com.ar\/web\/visite-al-cirujano-teto-medina-cuenta-como-es-enfrentar-el-diagnostico-de-cancer\/\" \/>\n<meta property=\"og:site_name\" content=\"Fm Gente\" \/>\n<meta property=\"article:published_time\" content=\"2026-04-24T23:04:51+00:00\" \/>\n<meta name=\"twitter:card\" content=\"summary_large_image\" \/>\n<meta name=\"twitter:label1\" content=\"Tiempo de lectura\" \/>\n\t<meta name=\"twitter:data1\" content=\"1 minuto\" \/>\n<script type=\"application\/ld+json\" class=\"yoast-schema-graph\">{\"@context\":\"https:\\\/\\\/schema.org\",\"@graph\":[{\"@type\":\"Article\",\"@id\":\"https:\\\/\\\/fmgente.com.ar\\\/web\\\/visite-al-cirujano-teto-medina-cuenta-como-es-enfrentar-el-diagnostico-de-cancer\\\/#article\",\"isPartOf\":{\"@id\":\"https:\\\/\\\/fmgente.com.ar\\\/web\\\/visite-al-cirujano-teto-medina-cuenta-como-es-enfrentar-el-diagnostico-de-cancer\\\/\"},\"author\":{\"name\":\"\",\"@id\":\"\"},\"headline\":\"\u201cVisit\u00e9 al cirujano\u201d: \u201cTeto\u201d Medina cuenta c\u00f3mo es enfrentar el diagn\u00f3stico de c\u00e1ncer\",\"datePublished\":\"2026-04-24T23:04:51+00:00\",\"mainEntityOfPage\":{\"@id\":\"https:\\\/\\\/fmgente.com.ar\\\/web\\\/visite-al-cirujano-teto-medina-cuenta-como-es-enfrentar-el-diagnostico-de-cancer\\\/\"},\"wordCount\":285,\"publisher\":{\"@id\":\"https:\\\/\\\/fmgente.com.ar\\\/web\\\/#organization\"},\"image\":{\"@id\":\"https:\\\/\\\/fmgente.com.ar\\\/web\\\/visite-al-cirujano-teto-medina-cuenta-como-es-enfrentar-el-diagnostico-de-cancer\\\/#primaryimage\"},\"thumbnailUrl\":\"https:\\\/\\\/fmgente.com.ar\\\/web\\\/wp-content\\\/uploads\\\/2026\\\/04\\\/720-1241.jpeg\",\"articleSection\":[\"REGIONALES\"],\"inLanguage\":\"es\"},{\"@type\":\"WebPage\",\"@id\":\"https:\\\/\\\/fmgente.com.ar\\\/web\\\/visite-al-cirujano-teto-medina-cuenta-como-es-enfrentar-el-diagnostico-de-cancer\\\/\",\"url\":\"https:\\\/\\\/fmgente.com.ar\\\/web\\\/visite-al-cirujano-teto-medina-cuenta-como-es-enfrentar-el-diagnostico-de-cancer\\\/\",\"name\":\"\u201cVisit\u00e9 al cirujano\u201d: \u201cTeto\u201d Medina cuenta c\u00f3mo es enfrentar el diagn\u00f3stico de c\u00e1ncer - Fm Gente\",\"isPartOf\":{\"@id\":\"https:\\\/\\\/fmgente.com.ar\\\/web\\\/#website\"},\"primaryImageOfPage\":{\"@id\":\"https:\\\/\\\/fmgente.com.ar\\\/web\\\/visite-al-cirujano-teto-medina-cuenta-como-es-enfrentar-el-diagnostico-de-cancer\\\/#primaryimage\"},\"image\":{\"@id\":\"https:\\\/\\\/fmgente.com.ar\\\/web\\\/visite-al-cirujano-teto-medina-cuenta-como-es-enfrentar-el-diagnostico-de-cancer\\\/#primaryimage\"},\"thumbnailUrl\":\"https:\\\/\\\/fmgente.com.ar\\\/web\\\/wp-content\\\/uploads\\\/2026\\\/04\\\/720-1241.jpeg\",\"datePublished\":\"2026-04-24T23:04:51+00:00\",\"inLanguage\":\"es\",\"potentialAction\":[{\"@type\":\"ReadAction\",\"target\":[\"https:\\\/\\\/fmgente.com.ar\\\/web\\\/visite-al-cirujano-teto-medina-cuenta-como-es-enfrentar-el-diagnostico-de-cancer\\\/\"]}]},{\"@type\":\"ImageObject\",\"inLanguage\":\"es\",\"@id\":\"https:\\\/\\\/fmgente.com.ar\\\/web\\\/visite-al-cirujano-teto-medina-cuenta-como-es-enfrentar-el-diagnostico-de-cancer\\\/#primaryimage\",\"url\":\"https:\\\/\\\/fmgente.com.ar\\\/web\\\/wp-content\\\/uploads\\\/2026\\\/04\\\/720-1241.jpeg\",\"contentUrl\":\"https:\\\/\\\/fmgente.com.ar\\\/web\\\/wp-content\\\/uploads\\\/2026\\\/04\\\/720-1241.jpeg\",\"width\":1054,\"height\":720},{\"@type\":\"WebSite\",\"@id\":\"https:\\\/\\\/fmgente.com.ar\\\/web\\\/#website\",\"url\":\"https:\\\/\\\/fmgente.com.ar\\\/web\\\/\",\"name\":\"Fm Gente\",\"description\":\"- Jes\u00fas Mar\u00eda\",\"publisher\":{\"@id\":\"https:\\\/\\\/fmgente.com.ar\\\/web\\\/#organization\"},\"potentialAction\":[{\"@type\":\"SearchAction\",\"target\":{\"@type\":\"EntryPoint\",\"urlTemplate\":\"https:\\\/\\\/fmgente.com.ar\\\/web\\\/?s={search_term_string}\"},\"query-input\":{\"@type\":\"PropertyValueSpecification\",\"valueRequired\":true,\"valueName\":\"search_term_string\"}}],\"inLanguage\":\"es\"},{\"@type\":\"Organization\",\"@id\":\"https:\\\/\\\/fmgente.com.ar\\\/web\\\/#organization\",\"name\":\"Fm Gente\",\"url\":\"https:\\\/\\\/fmgente.com.ar\\\/web\\\/\",\"logo\":{\"@type\":\"ImageObject\",\"inLanguage\":\"es\",\"@id\":\"https:\\\/\\\/fmgente.com.ar\\\/web\\\/#\\\/schema\\\/logo\\\/image\\\/\",\"url\":\"https:\\\/\\\/fmgente.com.ar\\\/web\\\/wp-content\\\/uploads\\\/2023\\\/07\\\/cropped-cropped-logo-sombra2.png\",\"contentUrl\":\"https:\\\/\\\/fmgente.com.ar\\\/web\\\/wp-content\\\/uploads\\\/2023\\\/07\\\/cropped-cropped-logo-sombra2.png\",\"width\":1782,\"height\":1782,\"caption\":\"Fm Gente\"},\"image\":{\"@id\":\"https:\\\/\\\/fmgente.com.ar\\\/web\\\/#\\\/schema\\\/logo\\\/image\\\/\"}}]}<\/script>\n<!-- \/ Yoast SEO plugin. -->","yoast_head_json":{"title":"\u201cVisit\u00e9 al cirujano\u201d: \u201cTeto\u201d Medina cuenta c\u00f3mo es enfrentar el diagn\u00f3stico de c\u00e1ncer - Fm Gente","robots":{"index":"index","follow":"follow","max-snippet":"max-snippet:-1","max-image-preview":"max-image-preview:large","max-video-preview":"max-video-preview:-1"},"canonical":"https:\/\/fmgente.com.ar\/web\/visite-al-cirujano-teto-medina-cuenta-como-es-enfrentar-el-diagnostico-de-cancer\/","og_locale":"es_ES","og_type":"article","og_title":"\u201cVisit\u00e9 al cirujano\u201d: \u201cTeto\u201d Medina cuenta c\u00f3mo es enfrentar el diagn\u00f3stico de c\u00e1ncer - Fm Gente","og_description":"Buenos Aires, 24 abril (NA) &#8212; El cantante \u201cTeto\u201d Medina revel\u00f3 que no necesitar\u00e1, al","og_url":"https:\/\/fmgente.com.ar\/web\/visite-al-cirujano-teto-medina-cuenta-como-es-enfrentar-el-diagnostico-de-cancer\/","og_site_name":"Fm Gente","article_published_time":"2026-04-24T23:04:51+00:00","twitter_card":"summary_large_image","twitter_misc":{"Tiempo de lectura":"1 minuto"},"schema":{"@context":"https:\/\/schema.org","@graph":[{"@type":"Article","@id":"https:\/\/fmgente.com.ar\/web\/visite-al-cirujano-teto-medina-cuenta-como-es-enfrentar-el-diagnostico-de-cancer\/#article","isPartOf":{"@id":"https:\/\/fmgente.com.ar\/web\/visite-al-cirujano-teto-medina-cuenta-como-es-enfrentar-el-diagnostico-de-cancer\/"},"author":{"name":"","@id":""},"headline":"\u201cVisit\u00e9 al cirujano\u201d: \u201cTeto\u201d Medina cuenta c\u00f3mo es enfrentar el diagn\u00f3stico de c\u00e1ncer","datePublished":"2026-04-24T23:04:51+00:00","mainEntityOfPage":{"@id":"https:\/\/fmgente.com.ar\/web\/visite-al-cirujano-teto-medina-cuenta-como-es-enfrentar-el-diagnostico-de-cancer\/"},"wordCount":285,"publisher":{"@id":"https:\/\/fmgente.com.ar\/web\/#organization"},"image":{"@id":"https:\/\/fmgente.com.ar\/web\/visite-al-cirujano-teto-medina-cuenta-como-es-enfrentar-el-diagnostico-de-cancer\/#primaryimage"},"thumbnailUrl":"https:\/\/fmgente.com.ar\/web\/wp-content\/uploads\/2026\/04\/720-1241.jpeg","articleSection":["REGIONALES"],"inLanguage":"es"},{"@type":"WebPage","@id":"https:\/\/fmgente.com.ar\/web\/visite-al-cirujano-teto-medina-cuenta-como-es-enfrentar-el-diagnostico-de-cancer\/","url":"https:\/\/fmgente.com.ar\/web\/visite-al-cirujano-teto-medina-cuenta-como-es-enfrentar-el-diagnostico-de-cancer\/","name":"\u201cVisit\u00e9 al cirujano\u201d: \u201cTeto\u201d Medina cuenta c\u00f3mo es enfrentar el diagn\u00f3stico de c\u00e1ncer - Fm Gente","isPartOf":{"@id":"https:\/\/fmgente.com.ar\/web\/#website"},"primaryImageOfPage":{"@id":"https:\/\/fmgente.com.ar\/web\/visite-al-cirujano-teto-medina-cuenta-como-es-enfrentar-el-diagnostico-de-cancer\/#primaryimage"},"image":{"@id":"https:\/\/fmgente.com.ar\/web\/visite-al-cirujano-teto-medina-cuenta-como-es-enfrentar-el-diagnostico-de-cancer\/#primaryimage"},"thumbnailUrl":"https:\/\/fmgente.com.ar\/web\/wp-content\/uploads\/2026\/04\/720-1241.jpeg","datePublished":"2026-04-24T23:04:51+00:00","inLanguage":"es","potentialAction":[{"@type":"ReadAction","target":["https:\/\/fmgente.com.ar\/web\/visite-al-cirujano-teto-medina-cuenta-como-es-enfrentar-el-diagnostico-de-cancer\/"]}]},{"@type":"ImageObject","inLanguage":"es","@id":"https:\/\/fmgente.com.ar\/web\/visite-al-cirujano-teto-medina-cuenta-como-es-enfrentar-el-diagnostico-de-cancer\/#primaryimage","url":"https:\/\/fmgente.com.ar\/web\/wp-content\/uploads\/2026\/04\/720-1241.jpeg","contentUrl":"https:\/\/fmgente.com.ar\/web\/wp-content\/uploads\/2026\/04\/720-1241.jpeg","width":1054,"height":720},{"@type":"WebSite","@id":"https:\/\/fmgente.com.ar\/web\/#website","url":"https:\/\/fmgente.com.ar\/web\/","name":"Fm Gente","description":"- Jes\u00fas Mar\u00eda","publisher":{"@id":"https:\/\/fmgente.com.ar\/web\/#organization"},"potentialAction":[{"@type":"SearchAction","target":{"@type":"EntryPoint","urlTemplate":"https:\/\/fmgente.com.ar\/web\/?s={search_term_string}"},"query-input":{"@type":"PropertyValueSpecification","valueRequired":true,"valueName":"search_term_string"}}],"inLanguage":"es"},{"@type":"Organization","@id":"https:\/\/fmgente.com.ar\/web\/#organization","name":"Fm Gente","url":"https:\/\/fmgente.com.ar\/web\/","logo":{"@type":"ImageObject","inLanguage":"es","@id":"https:\/\/fmgente.com.ar\/web\/#\/schema\/logo\/image\/","url":"https:\/\/fmgente.com.ar\/web\/wp-content\/uploads\/2023\/07\/cropped-cropped-logo-sombra2.png","contentUrl":"https:\/\/fmgente.com.ar\/web\/wp-content\/uploads\/2023\/07\/cropped-cropped-logo-sombra2.png","width":1782,"height":1782,"caption":"Fm Gente"},"image":{"@id":"https:\/\/fmgente.com.ar\/web\/#\/schema\/logo\/image\/"}}]}},"_links":{"self":[{"href":"https:\/\/fmgente.com.ar\/web\/wp-json\/wp\/v2\/posts\/20606","targetHints":{"allow":["GET"]}}],"collection":[{"href":"https:\/\/fmgente.com.ar\/web\/wp-json\/wp\/v2\/posts"}],"about":[{"href":"https:\/\/fmgente.com.ar\/web\/wp-json\/wp\/v2\/types\/post"}],"replies":[{"embeddable":true,"href":"https:\/\/fmgente.com.ar\/web\/wp-json\/wp\/v2\/comments?post=20606"}],"version-history":[{"count":0,"href":"https:\/\/fmgente.com.ar\/web\/wp-json\/wp\/v2\/posts\/20606\/revisions"}],"wp:featuredmedia":[{"embeddable":true,"href":"https:\/\/fmgente.com.ar\/web\/wp-json\/wp\/v2\/media\/20607"}],"wp:attachment":[{"href":"https:\/\/fmgente.com.ar\/web\/wp-json\/wp\/v2\/media?parent=20606"}],"wp:term":[{"taxonomy":"category","embeddable":true,"href":"https:\/\/fmgente.com.ar\/web\/wp-json\/wp\/v2\/categories?post=20606"},{"taxonomy":"post_tag","embeddable":true,"href":"https:\/\/fmgente.com.ar\/web\/wp-json\/wp\/v2\/tags?post=20606"}],"curies":[{"name":"wp","href":"https:\/\/api.w.org\/{rel}","templated":true}]}}